{"id":255416,"date":"2021-03-22T20:07:45","date_gmt":"2021-03-22T19:07:45","guid":{"rendered":"https:\/\/acefootball.com\/da\/?p=255416"},"modified":"2021-03-22T20:07:45","modified_gmt":"2021-03-22T19:07:45","slug":"broendby-profil-foer-em-slutrunde-vigtigt-at-vise-mig-frem","status":"publish","type":"post","link":"https:\/\/acefootball.com\/da\/fodboldnyheder\/broendby-profil-foer-em-slutrunde-vigtigt-at-vise-mig-frem\/","title":{"rendered":"Br\u00f8ndby-profil f\u00f8r EM-slutrunde: Vigtigt at vise mig frem"},"content":{"rendered":"\n<h2 id=\"h-br-ndbys-jesper-lindstr-m-har-planer-om-at-vise-sig-godt-frem-til-det-kommende-u21-em-i-ungarn\">Br\u00f8ndbys Jesper Lindstr\u00f8m har planer om at vise sig godt frem til det kommende U21-EM i Ungarn<\/h2>\n\n\n\n<p>P\u00e5 onsdag starter gruppespillet ved U21-EM, som sidste sommer blev udsat, og allerede torsdag spiller Danmark f\u00f8rste kamp mod Frankrig.<\/p>\n\n\n\n<p>I truppen finder vi blandt andre Br\u00f8ndby-stjernen Jesper Lindstr\u00f8m, som der naturligvis er store forventninger til efter et brag af en s\u00e6son i Superligaen.<\/p>\n\n\n\n<p>Derfor kan slutrunden blive et godt udstillingsvindue, og offensivspilleren er da ogs\u00e5 med for at vise sig frem.<\/p>\n\n\n\n<p>&#8220;For mig er det vigtigt at vise mig frem, og s\u00e5 l\u00e6nge jeg kan g\u00f8re det enten i Br\u00f8ndby eller her p\u00e5 U21-landsholdet, s\u00e5 g\u00f8r jeg det gerne. Om jeg skal af sted til sommer, kan jeg ikke sige noget om endnu. Det ved jeg ikke engang selv,&#8221; udtaler Lindstr\u00f8m til <a href=\"https:\/\/www.bold.dk\/fodbold\/nyheder\/bif-profil-om-sommersalg-ved-det-ikke-selv\/\" target=\"_blank\" rel=\"noreferrer noopener\">bold.dk<\/a>.<\/p>\n\n\n\n<p>Jesper Lindstr\u00f8m og Danmark er, foruden Frankrig, havnet i gruppe med Island og Rusland.<\/p>\n","protected":false},"excerpt":{"rendered":"<p>Br\u00f8ndbys Jesper Lindstr\u00f8m har planer om at vise sig godt frem til det kommende U21-EM i Ungarn<\/p>\n","protected":false},"author":705,"featured_media":244092,"comment_status":"open","ping_status":"closed","sticky":false,"template":"","format":"standard","meta":{"om_disable_all_campaigns":false,"push_articles_ronaldo":{"active":false,"canonical":0,"publish":false},"force_updates":null},"categories":[8204],"tags":[53,7164,588],"enet_tags":{"team":["8595"],"player":["958335"],"league":["46"],"sport_events":[]},"yoast_head":"<!-- This site is optimized with the Yoast SEO plugin v18.3 - https:\/\/yoast.com\/wordpress\/plugins\/seo\/ -->\n<title>Br\u00f8ndby-profil f\u00f8r EM-slutrunde: Vigtigt at vise mig frem<\/title>\n<meta name=\"description\" content=\"Br\u00f8ndbys Jesper Lindstr\u00f8m har planer om at vise sig godt frem til det kommende U21-EM i Ungarn\" \/>\n<meta name=\"robots\" content=\"index, follow, max-snippet:-1, max-image-preview:large, max-video-preview:-1\" \/>\n<link rel=\"canonical\" href=\"https:\/\/acefootball.com\/da\/fodboldnyheder\/broendby-profil-foer-em-slutrunde-vigtigt-at-vise-mig-frem\/\" \/>\n<meta property=\"og:locale\" content=\"en_US\" \/>\n<meta property=\"og:type\" content=\"article\" \/>\n<meta property=\"og:title\" content=\"Br\u00f8ndby-profil f\u00f8r EM-slutrunde: Vigtigt at vise mig frem\" \/>\n<meta property=\"og:description\" content=\"Br\u00f8ndbys Jesper Lindstr\u00f8m har planer om at vise sig godt frem til det kommende U21-EM i Ungarn\" \/>\n<meta property=\"og:url\" content=\"https:\/\/acefootball.com\/da\/fodboldnyheder\/broendby-profil-foer-em-slutrunde-vigtigt-at-vise-mig-frem\/\" \/>\n<meta property=\"og:site_name\" content=\"Ace Football Danmark\" \/>\n<meta property=\"article:publisher\" content=\"https:\/\/www.facebook.com\/acefootballdk\" \/>\n<meta property=\"article:published_time\" content=\"2021-03-22T19:07:45+00:00\" \/>\n<meta property=\"og:image\" content=\"https:\/\/acefootball.com\/da\/wp-content\/uploads\/sites\/2\/2021\/03\/Brondby-13-2.jpg\" \/>\n\t<meta property=\"og:image:width\" content=\"1920\" \/>\n\t<meta property=\"og:image:height\" content=\"1008\" \/>\n\t<meta property=\"og:image:type\" content=\"image\/jpeg\" \/>\n<meta name=\"twitter:card\" content=\"summary_large_image\" \/>\n<meta name=\"twitter:label1\" content=\"Written by\" \/>\n\t<meta name=\"twitter:data1\" content=\"Mads Dreyer\" \/>\n\t<meta name=\"twitter:label2\" content=\"Est. reading time\" \/>\n\t<meta name=\"twitter:data2\" content=\"1 minute\" \/>\n<script type=\"application\/ld+json\" class=\"yoast-schema-graph\">{\"@context\":\"https:\/\/schema.org\",\"@graph\":[{\"@type\":\"Organization\",\"@id\":\"https:\/\/acefootball.com\/da\/#organization\",\"name\":\"Ace Football\",\"url\":\"https:\/\/acefootball.com\/da\/\",\"sameAs\":[\"https:\/\/www.facebook.com\/acefootballdk\"],\"logo\":{\"@type\":\"ImageObject\",\"@id\":\"https:\/\/acefootball.com\/da\/#logo\",\"inLanguage\":\"en-US\",\"url\":\"https:\/\/acefootball.com\/da\/wp-content\/uploads\/sites\/2\/2020\/07\/Ace-Football-30-07-2020-2.png\",\"contentUrl\":\"https:\/\/acefootball.com\/da\/wp-content\/uploads\/sites\/2\/2020\/07\/Ace-Football-30-07-2020-2.png\",\"width\":1200,\"height\":600,\"caption\":\"Ace Football\"},\"image\":{\"@id\":\"https:\/\/acefootball.com\/da\/#logo\"}},{\"@type\":\"WebSite\",\"@id\":\"https:\/\/acefootball.com\/da\/#website\",\"url\":\"https:\/\/acefootball.com\/da\/\",\"name\":\"Ace Football Danmark\",\"description\":\"Nyheder, Spiltips &amp; Livescore\",\"publisher\":{\"@id\":\"https:\/\/acefootball.com\/da\/#organization\"},\"potentialAction\":[{\"@type\":\"SearchAction\",\"target\":{\"@type\":\"EntryPoint\",\"urlTemplate\":\"https:\/\/acefootball.com\/da\/?s={search_term_string}\"},\"query-input\":\"required name=search_term_string\"}],\"inLanguage\":\"en-US\"},{\"@type\":\"ImageObject\",\"@id\":\"https:\/\/acefootball.com\/da\/fodboldnyheder\/broendby-profil-foer-em-slutrunde-vigtigt-at-vise-mig-frem\/#primaryimage\",\"inLanguage\":\"en-US\",\"url\":\"https:\/\/acefootball.com\/da\/wp-content\/uploads\/sites\/2\/2021\/03\/Brondby-13-2.jpg\",\"contentUrl\":\"https:\/\/acefootball.com\/da\/wp-content\/uploads\/sites\/2\/2021\/03\/Brondby-13-2.jpg\",\"width\":1920,\"height\":1008,\"caption\":\"lindstr\u00f8m\"},{\"@type\":\"WebPage\",\"@id\":\"https:\/\/acefootball.com\/da\/fodboldnyheder\/broendby-profil-foer-em-slutrunde-vigtigt-at-vise-mig-frem\/#webpage\",\"url\":\"https:\/\/acefootball.com\/da\/fodboldnyheder\/broendby-profil-foer-em-slutrunde-vigtigt-at-vise-mig-frem\/\",\"name\":\"Br\u00f8ndby-profil f\u00f8r EM-slutrunde: Vigtigt at vise mig frem\",\"isPartOf\":{\"@id\":\"https:\/\/acefootball.com\/da\/#website\"},\"primaryImageOfPage\":{\"@id\":\"https:\/\/acefootball.com\/da\/fodboldnyheder\/broendby-profil-foer-em-slutrunde-vigtigt-at-vise-mig-frem\/#primaryimage\"},\"datePublished\":\"2021-03-22T19:07:45+00:00\",\"dateModified\":\"2021-03-22T19:07:45+00:00\",\"description\":\"Br\u00f8ndbys Jesper Lindstr\u00f8m har planer om at vise sig godt frem til det kommende U21-EM i Ungarn\",\"breadcrumb\":{\"@id\":\"https:\/\/acefootball.com\/da\/fodboldnyheder\/broendby-profil-foer-em-slutrunde-vigtigt-at-vise-mig-frem\/#breadcrumb\"},\"inLanguage\":\"en-US\",\"potentialAction\":[{\"@type\":\"ReadAction\",\"target\":[\"https:\/\/acefootball.com\/da\/fodboldnyheder\/broendby-profil-foer-em-slutrunde-vigtigt-at-vise-mig-frem\/\"]}]},{\"@type\":\"BreadcrumbList\",\"@id\":\"https:\/\/acefootball.com\/da\/fodboldnyheder\/broendby-profil-foer-em-slutrunde-vigtigt-at-vise-mig-frem\/#breadcrumb\",\"itemListElement\":[{\"@type\":\"ListItem\",\"position\":1,\"name\":\"Home\",\"item\":\"https:\/\/acefootball.com\/da\/\"},{\"@type\":\"ListItem\",\"position\":2,\"name\":\"Br\u00f8ndby-profil f\u00f8r EM-slutrunde: Vigtigt at vise mig frem\"}]},{\"@type\":\"Article\",\"@id\":\"https:\/\/acefootball.com\/da\/fodboldnyheder\/broendby-profil-foer-em-slutrunde-vigtigt-at-vise-mig-frem\/#article\",\"isPartOf\":{\"@id\":\"https:\/\/acefootball.com\/da\/fodboldnyheder\/broendby-profil-foer-em-slutrunde-vigtigt-at-vise-mig-frem\/#webpage\"},\"author\":{\"@id\":\"https:\/\/acefootball.com\/da\/#\/schema\/person\/ee67e9cf04a276f144100ffa722f10cd\"},\"headline\":\"Br\u00f8ndby-profil f\u00f8r EM-slutrunde: Vigtigt at vise mig frem\",\"datePublished\":\"2021-03-22T19:07:45+00:00\",\"dateModified\":\"2021-03-22T19:07:45+00:00\",\"mainEntityOfPage\":{\"@id\":\"https:\/\/acefootball.com\/da\/fodboldnyheder\/broendby-profil-foer-em-slutrunde-vigtigt-at-vise-mig-frem\/#webpage\"},\"wordCount\":171,\"commentCount\":0,\"publisher\":{\"@id\":\"https:\/\/acefootball.com\/da\/#organization\"},\"image\":{\"@id\":\"https:\/\/acefootball.com\/da\/fodboldnyheder\/broendby-profil-foer-em-slutrunde-vigtigt-at-vise-mig-frem\/#primaryimage\"},\"thumbnailUrl\":\"https:\/\/acefootball.com\/da\/wp-content\/uploads\/sites\/2\/2020\/11\/GettyImages-1228616282.jpg\",\"keywords\":[\"Br\u00f8ndby IF\",\"Jesper Lindstr\u00f8m\",\"Superligaen\"],\"articleSection\":[\"Udtalelse\"],\"inLanguage\":\"en-US\",\"potentialAction\":[{\"@type\":\"CommentAction\",\"name\":\"Comment\",\"target\":[\"https:\/\/acefootball.com\/da\/fodboldnyheder\/broendby-profil-foer-em-slutrunde-vigtigt-at-vise-mig-frem\/#respond\"]}]},{\"@type\":\"Person\",\"@id\":\"https:\/\/acefootball.com\/da\/#\/schema\/person\/ee67e9cf04a276f144100ffa722f10cd\",\"name\":\"Mads Dreyer\",\"image\":{\"@type\":\"ImageObject\",\"@id\":\"https:\/\/acefootball.com\/da\/#personlogo\",\"inLanguage\":\"en-US\",\"url\":\"https:\/\/secure.gravatar.com\/avatar\/7c7abf72cfde9902b6a60efe60c88d4c?s=96&d=mm&r=g\",\"contentUrl\":\"https:\/\/secure.gravatar.com\/avatar\/7c7abf72cfde9902b6a60efe60c88d4c?s=96&d=mm&r=g\",\"caption\":\"Mads Dreyer\"},\"description\":\"Skribent og fodboldn\u00f8rd, der lige nu fort\u00e6ller om alt og intet i fodboldverdenen p\u00e5 acefootball.com. Uddannet i kommunikation fra Aalborg Universitet.\",\"sameAs\":[\"https:\/\/www.linkedin.com\/in\/mads-dreyer-b9b08266\/\"],\"url\":\"https:\/\/acefootball.com\/da\/fodboldnyheder\/author\/mdnronaldo\/\"}]}<\/script>\n<!-- \/ Yoast SEO plugin. -->","yoast_head_json":{"title":"Br\u00f8ndby-profil f\u00f8r EM-slutrunde: Vigtigt at vise mig frem","description":"Br\u00f8ndbys Jesper Lindstr\u00f8m har planer om at vise sig godt frem til det kommende U21-EM i Ungarn","robots":{"index":"index","follow":"follow","max-snippet":"max-snippet:-1","max-image-preview":"max-image-preview:large","max-video-preview":"max-video-preview:-1"},"canonical":"https:\/\/acefootball.com\/da\/fodboldnyheder\/broendby-profil-foer-em-slutrunde-vigtigt-at-vise-mig-frem\/","og_locale":"en_US","og_type":"article","og_title":"Br\u00f8ndby-profil f\u00f8r EM-slutrunde: Vigtigt at vise mig frem","og_description":"Br\u00f8ndbys Jesper Lindstr\u00f8m har planer om at vise sig godt frem til det kommende U21-EM i Ungarn","og_url":"https:\/\/acefootball.com\/da\/fodboldnyheder\/broendby-profil-foer-em-slutrunde-vigtigt-at-vise-mig-frem\/","og_site_name":"Ace Football Danmark","article_publisher":"https:\/\/www.facebook.com\/acefootballdk","article_published_time":"2021-03-22T19:07:45+00:00","og_image":[{"width":1920,"height":1008,"url":"https:\/\/acefootball.com\/da\/wp-content\/uploads\/sites\/2\/2021\/03\/Brondby-13-2.jpg","type":"image\/jpeg"}],"twitter_card":"summary_large_image","twitter_misc":{"Written by":"Mads Dreyer","Est. reading time":"1 minute"},"schema":{"@context":"https:\/\/schema.org","@graph":[{"@type":"Organization","@id":"https:\/\/acefootball.com\/da\/#organization","name":"Ace Football","url":"https:\/\/acefootball.com\/da\/","sameAs":["https:\/\/www.facebook.com\/acefootballdk"],"logo":{"@type":"ImageObject","@id":"https:\/\/acefootball.com\/da\/#logo","inLanguage":"en-US","url":"https:\/\/acefootball.com\/da\/wp-content\/uploads\/sites\/2\/2020\/07\/Ace-Football-30-07-2020-2.png","contentUrl":"https:\/\/acefootball.com\/da\/wp-content\/uploads\/sites\/2\/2020\/07\/Ace-Football-30-07-2020-2.png","width":1200,"height":600,"caption":"Ace Football"},"image":{"@id":"https:\/\/acefootball.com\/da\/#logo"}},{"@type":"WebSite","@id":"https:\/\/acefootball.com\/da\/#website","url":"https:\/\/acefootball.com\/da\/","name":"Ace Football Danmark","description":"Nyheder, Spiltips &amp; Livescore","publisher":{"@id":"https:\/\/acefootball.com\/da\/#organization"},"potentialAction":[{"@type":"SearchAction","target":{"@type":"EntryPoint","urlTemplate":"https:\/\/acefootball.com\/da\/?s={search_term_string}"},"query-input":"required name=search_term_string"}],"inLanguage":"en-US"},{"@type":"ImageObject","@id":"https:\/\/acefootball.com\/da\/fodboldnyheder\/broendby-profil-foer-em-slutrunde-vigtigt-at-vise-mig-frem\/#primaryimage","inLanguage":"en-US","url":"https:\/\/acefootball.com\/da\/wp-content\/uploads\/sites\/2\/2021\/03\/Brondby-13-2.jpg","contentUrl":"https:\/\/acefootball.com\/da\/wp-content\/uploads\/sites\/2\/2021\/03\/Brondby-13-2.jpg","width":1920,"height":1008,"caption":"lindstr\u00f8m"},{"@type":"WebPage","@id":"https:\/\/acefootball.com\/da\/fodboldnyheder\/broendby-profil-foer-em-slutrunde-vigtigt-at-vise-mig-frem\/#webpage","url":"https:\/\/acefootball.com\/da\/fodboldnyheder\/broendby-profil-foer-em-slutrunde-vigtigt-at-vise-mig-frem\/","name":"Br\u00f8ndby-profil f\u00f8r EM-slutrunde: Vigtigt at vise mig frem","isPartOf":{"@id":"https:\/\/acefootball.com\/da\/#website"},"primaryImageOfPage":{"@id":"https:\/\/acefootball.com\/da\/fodboldnyheder\/broendby-profil-foer-em-slutrunde-vigtigt-at-vise-mig-frem\/#primaryimage"},"datePublished":"2021-03-22T19:07:45+00:00","dateModified":"2021-03-22T19:07:45+00:00","description":"Br\u00f8ndbys Jesper Lindstr\u00f8m har planer om at vise sig godt frem til det kommende U21-EM i Ungarn","breadcrumb":{"@id":"https:\/\/acefootball.com\/da\/fodboldnyheder\/broendby-profil-foer-em-slutrunde-vigtigt-at-vise-mig-frem\/#breadcrumb"},"inLanguage":"en-US","potentialAction":[{"@type":"ReadAction","target":["https:\/\/acefootball.com\/da\/fodboldnyheder\/broendby-profil-foer-em-slutrunde-vigtigt-at-vise-mig-frem\/"]}]},{"@type":"BreadcrumbList","@id":"https:\/\/acefootball.com\/da\/fodboldnyheder\/broendby-profil-foer-em-slutrunde-vigtigt-at-vise-mig-frem\/#breadcrumb","itemListElement":[{"@type":"ListItem","position":1,"name":"Home","item":"https:\/\/acefootball.com\/da\/"},{"@type":"ListItem","position":2,"name":"Br\u00f8ndby-profil f\u00f8r EM-slutrunde: Vigtigt at vise mig frem"}]},{"@type":"Article","@id":"https:\/\/acefootball.com\/da\/fodboldnyheder\/broendby-profil-foer-em-slutrunde-vigtigt-at-vise-mig-frem\/#article","isPartOf":{"@id":"https:\/\/acefootball.com\/da\/fodboldnyheder\/broendby-profil-foer-em-slutrunde-vigtigt-at-vise-mig-frem\/#webpage"},"author":{"@id":"https:\/\/acefootball.com\/da\/#\/schema\/person\/ee67e9cf04a276f144100ffa722f10cd"},"headline":"Br\u00f8ndby-profil f\u00f8r EM-slutrunde: Vigtigt at vise mig frem","datePublished":"2021-03-22T19:07:45+00:00","dateModified":"2021-03-22T19:07:45+00:00","mainEntityOfPage":{"@id":"https:\/\/acefootball.com\/da\/fodboldnyheder\/broendby-profil-foer-em-slutrunde-vigtigt-at-vise-mig-frem\/#webpage"},"wordCount":171,"commentCount":0,"publisher":{"@id":"https:\/\/acefootball.com\/da\/#organization"},"image":{"@id":"https:\/\/acefootball.com\/da\/fodboldnyheder\/broendby-profil-foer-em-slutrunde-vigtigt-at-vise-mig-frem\/#primaryimage"},"thumbnailUrl":"https:\/\/acefootball.com\/da\/wp-content\/uploads\/sites\/2\/2020\/11\/GettyImages-1228616282.jpg","keywords":["Br\u00f8ndby IF","Jesper Lindstr\u00f8m","Superligaen"],"articleSection":["Udtalelse"],"inLanguage":"en-US","potentialAction":[{"@type":"CommentAction","name":"Comment","target":["https:\/\/acefootball.com\/da\/fodboldnyheder\/broendby-profil-foer-em-slutrunde-vigtigt-at-vise-mig-frem\/#respond"]}]},{"@type":"Person","@id":"https:\/\/acefootball.com\/da\/#\/schema\/person\/ee67e9cf04a276f144100ffa722f10cd","name":"Mads Dreyer","image":{"@type":"ImageObject","@id":"https:\/\/acefootball.com\/da\/#personlogo","inLanguage":"en-US","url":"https:\/\/secure.gravatar.com\/avatar\/7c7abf72cfde9902b6a60efe60c88d4c?s=96&d=mm&r=g","contentUrl":"https:\/\/secure.gravatar.com\/avatar\/7c7abf72cfde9902b6a60efe60c88d4c?s=96&d=mm&r=g","caption":"Mads Dreyer"},"description":"Skribent og fodboldn\u00f8rd, der lige nu fort\u00e6ller om alt og intet i fodboldverdenen p\u00e5 acefootball.com. Uddannet i kommunikation fra Aalborg Universitet.","sameAs":["https:\/\/www.linkedin.com\/in\/mads-dreyer-b9b08266\/"],"url":"https:\/\/acefootball.com\/da\/fodboldnyheder\/author\/mdnronaldo\/"}]}},"fimg_url":"https:\/\/acefootball.com\/da\/wp-content\/uploads\/sites\/2\/2020\/11\/GettyImages-1228616282.jpg","_links":{"self":[{"href":"https:\/\/acefootball.com\/da\/wp-json\/wp\/v2\/posts\/255416"}],"collection":[{"href":"https:\/\/acefootball.com\/da\/wp-json\/wp\/v2\/posts"}],"about":[{"href":"https:\/\/acefootball.com\/da\/wp-json\/wp\/v2\/types\/post"}],"author":[{"embeddable":true,"href":"https:\/\/acefootball.com\/da\/wp-json\/wp\/v2\/users\/705"}],"replies":[{"embeddable":true,"href":"https:\/\/acefootball.com\/da\/wp-json\/wp\/v2\/comments?post=255416"}],"version-history":[{"count":0,"href":"https:\/\/acefootball.com\/da\/wp-json\/wp\/v2\/posts\/255416\/revisions"}],"wp:featuredmedia":[{"embeddable":true,"href":"https:\/\/acefootball.com\/da\/wp-json\/wp\/v2\/media\/244092"}],"wp:attachment":[{"href":"https:\/\/acefootball.com\/da\/wp-json\/wp\/v2\/media?parent=255416"}],"wp:term":[{"taxonomy":"category","embeddable":true,"href":"https:\/\/acefootball.com\/da\/wp-json\/wp\/v2\/categories?post=255416"},{"taxonomy":"post_tag","embeddable":true,"href":"https:\/\/acefootball.com\/da\/wp-json\/wp\/v2\/tags?post=255416"}],"curies":[{"name":"wp","href":"https:\/\/api.w.org\/{rel}","templated":true}]}}