{"id":255414,"date":"2021-03-22T19:23:39","date_gmt":"2021-03-22T18:23:39","guid":{"rendered":"https:\/\/acefootball.com\/da\/?p=255414"},"modified":"2021-03-22T19:23:40","modified_gmt":"2021-03-22T18:23:40","slug":"medie-inter-giver-alligevel-slip-paa-eriksen","status":"publish","type":"post","link":"https:\/\/acefootball.com\/da\/fodboldnyheder\/medie-inter-giver-alligevel-slip-paa-eriksen\/","title":{"rendered":"Medie: Inter giver alligevel slip p\u00e5 Eriksen"},"content":{"rendered":"\n<h2 id=\"h-if-lge-italiensk-sky-sports-giver-inter-alligevel-christian-eriksen-lov-til-at-tage-med-til-danmarks-landskampe\">If\u00f8lge italiensk Sky Sports giver Inter alligevel Christian Eriksen lov til at tage med til Danmarks landskampe<\/h2>\n\n\n\n<p>Der var d\u00e5rlige nyheder for Christian Eriksen og resten af det danske landshold, da Inter i sidste uge n\u00e6gtede deres spillere at rejse afsted til landsholdsopgaver.<\/p>\n\n\n\n<p>Der var nemlig blevet opdaget flere tilf\u00e6lde af coronavirus i klubben, men ved den nyeste testrunde fandt man kun \u00e9t tilf\u00e6lde og ingen i spillertruppen. Det oplyser Sky Sports Italia.<\/p>\n\n\n\n<p>Dermed har Eriksen umiddelbart f\u00e5et gr\u00f8nt lys til at tilslutte sig resten af den danske landsholdstrup, der p\u00e5 onsdag m\u00f8der Israel p\u00e5 udebane, men der skulle fortsat v\u00e6re tvivl om Inter-spillerens deltagelse.<\/p>\n\n\n\n<figure class=\"wp-block-embed is-type-wp-embed is-provider-ace-football-danmark wp-block-embed-ace-football-danmark\"><div class=\"wp-block-embed__wrapper\">\n<blockquote class=\"wp-embedded-content\" data-secret=\"SGckoBYIbN\"><a href=\"https:\/\/acefootball.com\/da\/fodboldnyheder\/throwback-daniel-wass-frisparkshammer-fra-2014\/\">Throwback: Daniel Wass&#8217; frisparkshammer fra 2014<\/a><\/blockquote><iframe class=\"wp-embedded-content\" sandbox=\"allow-scripts\" security=\"restricted\" style=\"position: absolute; clip: rect(1px, 1px, 1px, 1px);\" title=\"&#8220;Throwback: Daniel Wass&#8217; frisparkshammer fra 2014&#8221; &#8212; Ace Football Danmark\" src=\"https:\/\/acefootball.com\/da\/fodboldnyheder\/throwback-daniel-wass-frisparkshammer-fra-2014\/embed\/#?secret=SGckoBYIbN\" data-secret=\"SGckoBYIbN\" width=\"600\" height=\"338\" frameborder=\"0\" marginwidth=\"0\" marginheight=\"0\" scrolling=\"no\"><\/iframe>\n<\/div><\/figure>\n\n\n\n<p>P\u00e5 grund af isolationsregler kan Eriksen i teorien ikke spille en kamp f\u00f8r den 31. marts &#8211; alts\u00e5 onsdag i n\u00e6ste uge &#8211; mens han heller ikke kan rejse til andre lande end Danmark.<\/p>\n\n\n\n<p>DBU har dog indgivet en anmodning om at f\u00e5 playmakeren clearet til at spille.<\/p>\n","protected":false},"excerpt":{"rendered":"<p>If\u00f8lge italiensk Sky Sports giver Inter alligevel Christian Eriksen lov til at tage med til Danmarks landskampe<\/p>\n","protected":false},"author":705,"featured_media":243416,"comment_status":"open","ping_status":"closed","sticky":false,"template":"","format":"standard","meta":{"om_disable_all_campaigns":false,"push_articles_ronaldo":{"active":false,"canonical":0,"publish":false},"force_updates":null},"categories":[1],"tags":[478,692,394,131],"enet_tags":{"player":["157723"],"team":["8238","8636"],"league":["55"],"sport_events":[]},"yoast_head":"<!-- This site is optimized with the Yoast SEO plugin v18.3 - https:\/\/yoast.com\/wordpress\/plugins\/seo\/ -->\n<title>Medie: Inter giver alligevel slip p\u00e5 Eriksen<\/title>\n<meta name=\"description\" content=\"If\u00f8lge italiensk Sky Sports giver Inter alligevel Christian Eriksen lov til at tage med til Danmarks landskampe\" \/>\n<meta name=\"robots\" content=\"index, follow, max-snippet:-1, max-image-preview:large, max-video-preview:-1\" \/>\n<link rel=\"canonical\" href=\"https:\/\/acefootball.com\/da\/fodboldnyheder\/medie-inter-giver-alligevel-slip-paa-eriksen\/\" \/>\n<meta property=\"og:locale\" content=\"en_US\" \/>\n<meta property=\"og:type\" content=\"article\" \/>\n<meta property=\"og:title\" content=\"Medie: Inter giver alligevel slip p\u00e5 Eriksen\" \/>\n<meta property=\"og:description\" content=\"If\u00f8lge italiensk Sky Sports giver Inter alligevel Christian Eriksen lov til at tage med til Danmarks landskampe\" \/>\n<meta property=\"og:url\" content=\"https:\/\/acefootball.com\/da\/fodboldnyheder\/medie-inter-giver-alligevel-slip-paa-eriksen\/\" \/>\n<meta property=\"og:site_name\" content=\"Ace Football Danmark\" \/>\n<meta property=\"article:publisher\" content=\"https:\/\/www.facebook.com\/acefootballdk\" \/>\n<meta property=\"article:published_time\" content=\"2021-03-22T18:23:39+00:00\" \/>\n<meta property=\"article:modified_time\" content=\"2021-03-22T18:23:40+00:00\" \/>\n<meta property=\"og:image\" content=\"https:\/\/acefootball.com\/da\/wp-content\/uploads\/sites\/2\/2021\/03\/Laes-mere-generel-84-1.jpg\" \/>\n\t<meta property=\"og:image:width\" content=\"1920\" \/>\n\t<meta property=\"og:image:height\" content=\"1008\" \/>\n\t<meta property=\"og:image:type\" content=\"image\/jpeg\" \/>\n<meta name=\"twitter:card\" content=\"summary_large_image\" \/>\n<meta name=\"twitter:label1\" content=\"Written by\" \/>\n\t<meta name=\"twitter:data1\" content=\"Mads Dreyer\" \/>\n\t<meta name=\"twitter:label2\" content=\"Est. reading time\" \/>\n\t<meta name=\"twitter:data2\" content=\"1 minute\" \/>\n<script type=\"application\/ld+json\" class=\"yoast-schema-graph\">{\"@context\":\"https:\/\/schema.org\",\"@graph\":[{\"@type\":\"Organization\",\"@id\":\"https:\/\/acefootball.com\/da\/#organization\",\"name\":\"Ace Football\",\"url\":\"https:\/\/acefootball.com\/da\/\",\"sameAs\":[\"https:\/\/www.facebook.com\/acefootballdk\"],\"logo\":{\"@type\":\"ImageObject\",\"@id\":\"https:\/\/acefootball.com\/da\/#logo\",\"inLanguage\":\"en-US\",\"url\":\"https:\/\/acefootball.com\/da\/wp-content\/uploads\/sites\/2\/2020\/07\/Ace-Football-30-07-2020-2.png\",\"contentUrl\":\"https:\/\/acefootball.com\/da\/wp-content\/uploads\/sites\/2\/2020\/07\/Ace-Football-30-07-2020-2.png\",\"width\":1200,\"height\":600,\"caption\":\"Ace Football\"},\"image\":{\"@id\":\"https:\/\/acefootball.com\/da\/#logo\"}},{\"@type\":\"WebSite\",\"@id\":\"https:\/\/acefootball.com\/da\/#website\",\"url\":\"https:\/\/acefootball.com\/da\/\",\"name\":\"Ace Football Danmark\",\"description\":\"Nyheder, Spiltips &amp; Livescore\",\"publisher\":{\"@id\":\"https:\/\/acefootball.com\/da\/#organization\"},\"potentialAction\":[{\"@type\":\"SearchAction\",\"target\":{\"@type\":\"EntryPoint\",\"urlTemplate\":\"https:\/\/acefootball.com\/da\/?s={search_term_string}\"},\"query-input\":\"required name=search_term_string\"}],\"inLanguage\":\"en-US\"},{\"@type\":\"ImageObject\",\"@id\":\"https:\/\/acefootball.com\/da\/fodboldnyheder\/medie-inter-giver-alligevel-slip-paa-eriksen\/#primaryimage\",\"inLanguage\":\"en-US\",\"url\":\"https:\/\/acefootball.com\/da\/wp-content\/uploads\/sites\/2\/2021\/03\/Laes-mere-generel-84-1.jpg\",\"contentUrl\":\"https:\/\/acefootball.com\/da\/wp-content\/uploads\/sites\/2\/2021\/03\/Laes-mere-generel-84-1.jpg\",\"width\":1920,\"height\":1008,\"caption\":\"eriksen\"},{\"@type\":\"WebPage\",\"@id\":\"https:\/\/acefootball.com\/da\/fodboldnyheder\/medie-inter-giver-alligevel-slip-paa-eriksen\/#webpage\",\"url\":\"https:\/\/acefootball.com\/da\/fodboldnyheder\/medie-inter-giver-alligevel-slip-paa-eriksen\/\",\"name\":\"Medie: Inter giver alligevel slip p\u00e5 Eriksen\",\"isPartOf\":{\"@id\":\"https:\/\/acefootball.com\/da\/#website\"},\"primaryImageOfPage\":{\"@id\":\"https:\/\/acefootball.com\/da\/fodboldnyheder\/medie-inter-giver-alligevel-slip-paa-eriksen\/#primaryimage\"},\"datePublished\":\"2021-03-22T18:23:39+00:00\",\"dateModified\":\"2021-03-22T18:23:40+00:00\",\"description\":\"If\u00f8lge italiensk Sky Sports giver Inter alligevel Christian Eriksen lov til at tage med til Danmarks landskampe\",\"breadcrumb\":{\"@id\":\"https:\/\/acefootball.com\/da\/fodboldnyheder\/medie-inter-giver-alligevel-slip-paa-eriksen\/#breadcrumb\"},\"inLanguage\":\"en-US\",\"potentialAction\":[{\"@type\":\"ReadAction\",\"target\":[\"https:\/\/acefootball.com\/da\/fodboldnyheder\/medie-inter-giver-alligevel-slip-paa-eriksen\/\"]}]},{\"@type\":\"BreadcrumbList\",\"@id\":\"https:\/\/acefootball.com\/da\/fodboldnyheder\/medie-inter-giver-alligevel-slip-paa-eriksen\/#breadcrumb\",\"itemListElement\":[{\"@type\":\"ListItem\",\"position\":1,\"name\":\"Home\",\"item\":\"https:\/\/acefootball.com\/da\/\"},{\"@type\":\"ListItem\",\"position\":2,\"name\":\"Medie: Inter giver alligevel slip p\u00e5 Eriksen\"}]},{\"@type\":\"Article\",\"@id\":\"https:\/\/acefootball.com\/da\/fodboldnyheder\/medie-inter-giver-alligevel-slip-paa-eriksen\/#article\",\"isPartOf\":{\"@id\":\"https:\/\/acefootball.com\/da\/fodboldnyheder\/medie-inter-giver-alligevel-slip-paa-eriksen\/#webpage\"},\"author\":{\"@id\":\"https:\/\/acefootball.com\/da\/#\/schema\/person\/ee67e9cf04a276f144100ffa722f10cd\"},\"headline\":\"Medie: Inter giver alligevel slip p\u00e5 Eriksen\",\"datePublished\":\"2021-03-22T18:23:39+00:00\",\"dateModified\":\"2021-03-22T18:23:40+00:00\",\"mainEntityOfPage\":{\"@id\":\"https:\/\/acefootball.com\/da\/fodboldnyheder\/medie-inter-giver-alligevel-slip-paa-eriksen\/#webpage\"},\"wordCount\":176,\"commentCount\":0,\"publisher\":{\"@id\":\"https:\/\/acefootball.com\/da\/#organization\"},\"image\":{\"@id\":\"https:\/\/acefootball.com\/da\/fodboldnyheder\/medie-inter-giver-alligevel-slip-paa-eriksen\/#primaryimage\"},\"thumbnailUrl\":\"https:\/\/acefootball.com\/da\/wp-content\/uploads\/sites\/2\/2020\/11\/GettyImages-1228362812.jpg\",\"keywords\":[\"Christian Eriksen\",\"Danmark\",\"Inter Milan\",\"Serie A\"],\"articleSection\":[\"Nyhed\"],\"inLanguage\":\"en-US\",\"potentialAction\":[{\"@type\":\"CommentAction\",\"name\":\"Comment\",\"target\":[\"https:\/\/acefootball.com\/da\/fodboldnyheder\/medie-inter-giver-alligevel-slip-paa-eriksen\/#respond\"]}]},{\"@type\":\"Person\",\"@id\":\"https:\/\/acefootball.com\/da\/#\/schema\/person\/ee67e9cf04a276f144100ffa722f10cd\",\"name\":\"Mads Dreyer\",\"image\":{\"@type\":\"ImageObject\",\"@id\":\"https:\/\/acefootball.com\/da\/#personlogo\",\"inLanguage\":\"en-US\",\"url\":\"https:\/\/secure.gravatar.com\/avatar\/7c7abf72cfde9902b6a60efe60c88d4c?s=96&d=mm&r=g\",\"contentUrl\":\"https:\/\/secure.gravatar.com\/avatar\/7c7abf72cfde9902b6a60efe60c88d4c?s=96&d=mm&r=g\",\"caption\":\"Mads Dreyer\"},\"description\":\"Skribent og fodboldn\u00f8rd, der lige nu fort\u00e6ller om alt og intet i fodboldverdenen p\u00e5 acefootball.com. Uddannet i kommunikation fra Aalborg Universitet.\",\"sameAs\":[\"https:\/\/www.linkedin.com\/in\/mads-dreyer-b9b08266\/\"],\"url\":\"https:\/\/acefootball.com\/da\/fodboldnyheder\/author\/mdnronaldo\/\"}]}<\/script>\n<!-- \/ Yoast SEO plugin. -->","yoast_head_json":{"title":"Medie: Inter giver alligevel slip p\u00e5 Eriksen","description":"If\u00f8lge italiensk Sky Sports giver Inter alligevel Christian Eriksen lov til at tage med til Danmarks landskampe","robots":{"index":"index","follow":"follow","max-snippet":"max-snippet:-1","max-image-preview":"max-image-preview:large","max-video-preview":"max-video-preview:-1"},"canonical":"https:\/\/acefootball.com\/da\/fodboldnyheder\/medie-inter-giver-alligevel-slip-paa-eriksen\/","og_locale":"en_US","og_type":"article","og_title":"Medie: Inter giver alligevel slip p\u00e5 Eriksen","og_description":"If\u00f8lge italiensk Sky Sports giver Inter alligevel Christian Eriksen lov til at tage med til Danmarks landskampe","og_url":"https:\/\/acefootball.com\/da\/fodboldnyheder\/medie-inter-giver-alligevel-slip-paa-eriksen\/","og_site_name":"Ace Football Danmark","article_publisher":"https:\/\/www.facebook.com\/acefootballdk","article_published_time":"2021-03-22T18:23:39+00:00","article_modified_time":"2021-03-22T18:23:40+00:00","og_image":[{"width":1920,"height":1008,"url":"https:\/\/acefootball.com\/da\/wp-content\/uploads\/sites\/2\/2021\/03\/Laes-mere-generel-84-1.jpg","type":"image\/jpeg"}],"twitter_card":"summary_large_image","twitter_misc":{"Written by":"Mads Dreyer","Est. reading time":"1 minute"},"schema":{"@context":"https:\/\/schema.org","@graph":[{"@type":"Organization","@id":"https:\/\/acefootball.com\/da\/#organization","name":"Ace Football","url":"https:\/\/acefootball.com\/da\/","sameAs":["https:\/\/www.facebook.com\/acefootballdk"],"logo":{"@type":"ImageObject","@id":"https:\/\/acefootball.com\/da\/#logo","inLanguage":"en-US","url":"https:\/\/acefootball.com\/da\/wp-content\/uploads\/sites\/2\/2020\/07\/Ace-Football-30-07-2020-2.png","contentUrl":"https:\/\/acefootball.com\/da\/wp-content\/uploads\/sites\/2\/2020\/07\/Ace-Football-30-07-2020-2.png","width":1200,"height":600,"caption":"Ace Football"},"image":{"@id":"https:\/\/acefootball.com\/da\/#logo"}},{"@type":"WebSite","@id":"https:\/\/acefootball.com\/da\/#website","url":"https:\/\/acefootball.com\/da\/","name":"Ace Football Danmark","description":"Nyheder, Spiltips &amp; Livescore","publisher":{"@id":"https:\/\/acefootball.com\/da\/#organization"},"potentialAction":[{"@type":"SearchAction","target":{"@type":"EntryPoint","urlTemplate":"https:\/\/acefootball.com\/da\/?s={search_term_string}"},"query-input":"required name=search_term_string"}],"inLanguage":"en-US"},{"@type":"ImageObject","@id":"https:\/\/acefootball.com\/da\/fodboldnyheder\/medie-inter-giver-alligevel-slip-paa-eriksen\/#primaryimage","inLanguage":"en-US","url":"https:\/\/acefootball.com\/da\/wp-content\/uploads\/sites\/2\/2021\/03\/Laes-mere-generel-84-1.jpg","contentUrl":"https:\/\/acefootball.com\/da\/wp-content\/uploads\/sites\/2\/2021\/03\/Laes-mere-generel-84-1.jpg","width":1920,"height":1008,"caption":"eriksen"},{"@type":"WebPage","@id":"https:\/\/acefootball.com\/da\/fodboldnyheder\/medie-inter-giver-alligevel-slip-paa-eriksen\/#webpage","url":"https:\/\/acefootball.com\/da\/fodboldnyheder\/medie-inter-giver-alligevel-slip-paa-eriksen\/","name":"Medie: Inter giver alligevel slip p\u00e5 Eriksen","isPartOf":{"@id":"https:\/\/acefootball.com\/da\/#website"},"primaryImageOfPage":{"@id":"https:\/\/acefootball.com\/da\/fodboldnyheder\/medie-inter-giver-alligevel-slip-paa-eriksen\/#primaryimage"},"datePublished":"2021-03-22T18:23:39+00:00","dateModified":"2021-03-22T18:23:40+00:00","description":"If\u00f8lge italiensk Sky Sports giver Inter alligevel Christian Eriksen lov til at tage med til Danmarks landskampe","breadcrumb":{"@id":"https:\/\/acefootball.com\/da\/fodboldnyheder\/medie-inter-giver-alligevel-slip-paa-eriksen\/#breadcrumb"},"inLanguage":"en-US","potentialAction":[{"@type":"ReadAction","target":["https:\/\/acefootball.com\/da\/fodboldnyheder\/medie-inter-giver-alligevel-slip-paa-eriksen\/"]}]},{"@type":"BreadcrumbList","@id":"https:\/\/acefootball.com\/da\/fodboldnyheder\/medie-inter-giver-alligevel-slip-paa-eriksen\/#breadcrumb","itemListElement":[{"@type":"ListItem","position":1,"name":"Home","item":"https:\/\/acefootball.com\/da\/"},{"@type":"ListItem","position":2,"name":"Medie: Inter giver alligevel slip p\u00e5 Eriksen"}]},{"@type":"Article","@id":"https:\/\/acefootball.com\/da\/fodboldnyheder\/medie-inter-giver-alligevel-slip-paa-eriksen\/#article","isPartOf":{"@id":"https:\/\/acefootball.com\/da\/fodboldnyheder\/medie-inter-giver-alligevel-slip-paa-eriksen\/#webpage"},"author":{"@id":"https:\/\/acefootball.com\/da\/#\/schema\/person\/ee67e9cf04a276f144100ffa722f10cd"},"headline":"Medie: Inter giver alligevel slip p\u00e5 Eriksen","datePublished":"2021-03-22T18:23:39+00:00","dateModified":"2021-03-22T18:23:40+00:00","mainEntityOfPage":{"@id":"https:\/\/acefootball.com\/da\/fodboldnyheder\/medie-inter-giver-alligevel-slip-paa-eriksen\/#webpage"},"wordCount":176,"commentCount":0,"publisher":{"@id":"https:\/\/acefootball.com\/da\/#organization"},"image":{"@id":"https:\/\/acefootball.com\/da\/fodboldnyheder\/medie-inter-giver-alligevel-slip-paa-eriksen\/#primaryimage"},"thumbnailUrl":"https:\/\/acefootball.com\/da\/wp-content\/uploads\/sites\/2\/2020\/11\/GettyImages-1228362812.jpg","keywords":["Christian Eriksen","Danmark","Inter Milan","Serie A"],"articleSection":["Nyhed"],"inLanguage":"en-US","potentialAction":[{"@type":"CommentAction","name":"Comment","target":["https:\/\/acefootball.com\/da\/fodboldnyheder\/medie-inter-giver-alligevel-slip-paa-eriksen\/#respond"]}]},{"@type":"Person","@id":"https:\/\/acefootball.com\/da\/#\/schema\/person\/ee67e9cf04a276f144100ffa722f10cd","name":"Mads Dreyer","image":{"@type":"ImageObject","@id":"https:\/\/acefootball.com\/da\/#personlogo","inLanguage":"en-US","url":"https:\/\/secure.gravatar.com\/avatar\/7c7abf72cfde9902b6a60efe60c88d4c?s=96&d=mm&r=g","contentUrl":"https:\/\/secure.gravatar.com\/avatar\/7c7abf72cfde9902b6a60efe60c88d4c?s=96&d=mm&r=g","caption":"Mads Dreyer"},"description":"Skribent og fodboldn\u00f8rd, der lige nu fort\u00e6ller om alt og intet i fodboldverdenen p\u00e5 acefootball.com. Uddannet i kommunikation fra Aalborg Universitet.","sameAs":["https:\/\/www.linkedin.com\/in\/mads-dreyer-b9b08266\/"],"url":"https:\/\/acefootball.com\/da\/fodboldnyheder\/author\/mdnronaldo\/"}]}},"fimg_url":"https:\/\/acefootball.com\/da\/wp-content\/uploads\/sites\/2\/2020\/11\/GettyImages-1228362812.jpg","_links":{"self":[{"href":"https:\/\/acefootball.com\/da\/wp-json\/wp\/v2\/posts\/255414"}],"collection":[{"href":"https:\/\/acefootball.com\/da\/wp-json\/wp\/v2\/posts"}],"about":[{"href":"https:\/\/acefootball.com\/da\/wp-json\/wp\/v2\/types\/post"}],"author":[{"embeddable":true,"href":"https:\/\/acefootball.com\/da\/wp-json\/wp\/v2\/users\/705"}],"replies":[{"embeddable":true,"href":"https:\/\/acefootball.com\/da\/wp-json\/wp\/v2\/comments?post=255414"}],"version-history":[{"count":0,"href":"https:\/\/acefootball.com\/da\/wp-json\/wp\/v2\/posts\/255414\/revisions"}],"wp:featuredmedia":[{"embeddable":true,"href":"https:\/\/acefootball.com\/da\/wp-json\/wp\/v2\/media\/243416"}],"wp:attachment":[{"href":"https:\/\/acefootball.com\/da\/wp-json\/wp\/v2\/media?parent=255414"}],"wp:term":[{"taxonomy":"category","embeddable":true,"href":"https:\/\/acefootball.com\/da\/wp-json\/wp\/v2\/categories?post=255414"},{"taxonomy":"post_tag","embeddable":true,"href":"https:\/\/acefootball.com\/da\/wp-json\/wp\/v2\/tags?post=255414"}],"curies":[{"name":"wp","href":"https:\/\/api.w.org\/{rel}","templated":true}]}}