{"id":255410,"date":"2021-03-22T18:17:50","date_gmt":"2021-03-22T17:17:50","guid":{"rendered":"https:\/\/acefootball.com\/da\/?p=255410"},"modified":"2021-03-22T18:17:51","modified_gmt":"2021-03-22T17:17:51","slug":"et-sjaeldent-syn-zlatan-roert-til-taarer-under-pressemoede","status":"publish","type":"post","link":"https:\/\/acefootball.com\/da\/fodboldnyheder\/et-sjaeldent-syn-zlatan-roert-til-taarer-under-pressemoede\/","title":{"rendered":"Et sj\u00e6ldent syn: Zlatan r\u00f8rt til t\u00e5rer under pressem\u00f8de"},"content":{"rendered":"\n<h2 id=\"h-zlatan-ibrahimovic-kunne-ikke-holde-t-rerne-inde-da-snakken-faldt-p-familien-og-comebacket-til-det-svenske-landshold\">Zlatan Ibrahimovic kunne ikke holde t\u00e5rerne inde, da snakken faldt p\u00e5 familien og comebacket til det svenske landshold<\/h2>\n\n\n\n<p>Vi er vante til at se Zlatan Ibrahimovic som den h\u00e5rdf\u00f8re machofyr, der aldrig vakler foran kameraet, men p\u00e5 dagens pressem\u00f8de fik man en helt ny side af svenskeren at se.<\/p>\n\n\n\n<p>AC Milan-stjernen er for f\u00f8rste gang siden 2016 tilbage p\u00e5 det svenske landshold, der i denne uge tager hul p\u00e5 VM-kvalifikationen, og det blev et f\u00f8lelsesladet \u00f8jeblik.<\/p>\n\n\n\n<figure class=\"wp-block-embed is-type-wp-embed is-provider-ace-football-danmark wp-block-embed-ace-football-danmark\"><div class=\"wp-block-embed__wrapper\">\n<blockquote class=\"wp-embedded-content\" data-secret=\"n8t9pUBPVK\"><a href=\"https:\/\/acefootball.com\/da\/fodboldnyheder\/gattuso-var-et-baest-eneste-mand-der-har-slaaet-zlatan-i-hovedet-og-stadig-er-i-live\/\">Gattuso var et b\u00e6st: &#8216;Eneste mand der har sl\u00e5et Zlatan i hovedet og stadig er i live&#8217;<\/a><\/blockquote><iframe class=\"wp-embedded-content\" sandbox=\"allow-scripts\" security=\"restricted\" style=\"position: absolute; clip: rect(1px, 1px, 1px, 1px);\" title=\"&#8220;Gattuso var et b\u00e6st: &#8216;Eneste mand der har sl\u00e5et Zlatan i hovedet og stadig er i live&#8217;&#8221; &#8212; Ace Football Danmark\" src=\"https:\/\/acefootball.com\/da\/fodboldnyheder\/gattuso-var-et-baest-eneste-mand-der-har-slaaet-zlatan-i-hovedet-og-stadig-er-i-live\/embed\/#?secret=n8t9pUBPVK\" data-secret=\"n8t9pUBPVK\" width=\"600\" height=\"338\" frameborder=\"0\" marginwidth=\"0\" marginheight=\"0\" scrolling=\"no\"><\/iframe>\n<\/div><\/figure>\n\n\n\n<p>Ibrahimovic blev nemlig spurgt ind til, hvad comebacket har betydet for familien, og her m\u00e5tte den 39-\u00e5rige angriber bede om en pause, da t\u00e5rerne tr\u00e6ngte sig p\u00e5.<\/p>\n\n\n\n<p>Du kan se sekvensen i videoen her:<\/p>\n\n\n\n<figure class=\"wp-block-embed is-type-rich is-provider-twitter wp-block-embed-twitter\"><div class=\"wp-block-embed__wrapper\">\n<blockquote class=\"twitter-tweet\" data-width=\"550\" data-dnt=\"true\"><p lang=\"en\" dir=\"ltr\">I love this man <a href=\"https:\/\/t.co\/MxwZ4QnYfB\">https:\/\/t.co\/MxwZ4QnYfB<\/a> <a href=\"https:\/\/t.co\/AKhFvugX1v\">pic.twitter.com\/AKhFvugX1v<\/a><\/p>&mdash; Kilpin. (@KilpinChronicle) <a href=\"https:\/\/twitter.com\/KilpinChronicle\/status\/1374019661403152388?ref_src=twsrc%5Etfw\">March 22, 2021<\/a><\/blockquote><script async src=\"https:\/\/platform.twitter.com\/widgets.js\" charset=\"utf-8\"><\/script>\n<\/div><\/figure>\n\n\n\n<p>Zlatan Ibrahimovic og Sverige m\u00f8der p\u00e5 torsdag Georgien p\u00e5 hjemmebane, hvorefter der venter opg\u00f8r mod Kosovo og Estland.<\/p>\n","protected":false},"excerpt":{"rendered":"<p>Zlatan Ibrahimovic kunne ikke holde t\u00e5rerne inde, da snakken faldt p\u00e5 familien og comebacket til det svenske landshold<\/p>\n","protected":false},"author":705,"featured_media":238338,"comment_status":"open","ping_status":"closed","sticky":false,"template":"","format":"video","meta":{"om_disable_all_campaigns":false,"push_articles_ronaldo":{"active":false,"canonical":0,"publish":false},"force_updates":null},"categories":[8098],"tags":[66,131,1015,283],"enet_tags":{"team":["8564","8520"],"league":["55"],"player":["35724"],"sport_events":[]},"yoast_head":"<!-- This site is optimized with the Yoast SEO plugin v18.3 - https:\/\/yoast.com\/wordpress\/plugins\/seo\/ -->\n<title>Et sj\u00e6ldent syn: Zlatan r\u00f8rt til t\u00e5rer under pressem\u00f8de<\/title>\n<meta name=\"description\" content=\"Zlatan Ibrahimovic kunne ikke holde t\u00e5rerne inde, da snakken faldt p\u00e5 familien og comebacket til det svenske landshold\" \/>\n<meta name=\"robots\" content=\"index, follow, max-snippet:-1, max-image-preview:large, max-video-preview:-1\" \/>\n<link rel=\"canonical\" href=\"https:\/\/acefootball.com\/da\/fodboldnyheder\/et-sjaeldent-syn-zlatan-roert-til-taarer-under-pressemoede\/\" \/>\n<meta property=\"og:locale\" content=\"en_US\" \/>\n<meta property=\"og:type\" content=\"article\" \/>\n<meta property=\"og:title\" content=\"Et sj\u00e6ldent syn: Zlatan r\u00f8rt til t\u00e5rer under pressem\u00f8de\" \/>\n<meta property=\"og:description\" content=\"Zlatan Ibrahimovic kunne ikke holde t\u00e5rerne inde, da snakken faldt p\u00e5 familien og comebacket til det svenske landshold\" \/>\n<meta property=\"og:url\" content=\"https:\/\/acefootball.com\/da\/fodboldnyheder\/et-sjaeldent-syn-zlatan-roert-til-taarer-under-pressemoede\/\" \/>\n<meta property=\"og:site_name\" content=\"Ace Football Danmark\" \/>\n<meta property=\"article:publisher\" content=\"https:\/\/www.facebook.com\/acefootballdk\" \/>\n<meta property=\"article:published_time\" content=\"2021-03-22T17:17:50+00:00\" \/>\n<meta property=\"article:modified_time\" content=\"2021-03-22T17:17:51+00:00\" \/>\n<meta property=\"og:image\" content=\"https:\/\/acefootball.com\/da\/wp-content\/uploads\/sites\/2\/2021\/03\/Video-generel-57-1.jpg\" \/>\n\t<meta property=\"og:image:width\" content=\"1920\" \/>\n\t<meta property=\"og:image:height\" content=\"1008\" \/>\n\t<meta property=\"og:image:type\" content=\"image\/jpeg\" \/>\n<meta name=\"twitter:card\" content=\"summary_large_image\" \/>\n<meta name=\"twitter:label1\" content=\"Written by\" \/>\n\t<meta name=\"twitter:data1\" content=\"Mads Dreyer\" \/>\n\t<meta name=\"twitter:label2\" content=\"Est. reading time\" \/>\n\t<meta name=\"twitter:data2\" content=\"1 minute\" \/>\n<script type=\"application\/ld+json\" class=\"yoast-schema-graph\">{\"@context\":\"https:\/\/schema.org\",\"@graph\":[{\"@type\":\"Organization\",\"@id\":\"https:\/\/acefootball.com\/da\/#organization\",\"name\":\"Ace Football\",\"url\":\"https:\/\/acefootball.com\/da\/\",\"sameAs\":[\"https:\/\/www.facebook.com\/acefootballdk\"],\"logo\":{\"@type\":\"ImageObject\",\"@id\":\"https:\/\/acefootball.com\/da\/#logo\",\"inLanguage\":\"en-US\",\"url\":\"https:\/\/acefootball.com\/da\/wp-content\/uploads\/sites\/2\/2020\/07\/Ace-Football-30-07-2020-2.png\",\"contentUrl\":\"https:\/\/acefootball.com\/da\/wp-content\/uploads\/sites\/2\/2020\/07\/Ace-Football-30-07-2020-2.png\",\"width\":1200,\"height\":600,\"caption\":\"Ace Football\"},\"image\":{\"@id\":\"https:\/\/acefootball.com\/da\/#logo\"}},{\"@type\":\"WebSite\",\"@id\":\"https:\/\/acefootball.com\/da\/#website\",\"url\":\"https:\/\/acefootball.com\/da\/\",\"name\":\"Ace Football Danmark\",\"description\":\"Nyheder, Spiltips &amp; Livescore\",\"publisher\":{\"@id\":\"https:\/\/acefootball.com\/da\/#organization\"},\"potentialAction\":[{\"@type\":\"SearchAction\",\"target\":{\"@type\":\"EntryPoint\",\"urlTemplate\":\"https:\/\/acefootball.com\/da\/?s={search_term_string}\"},\"query-input\":\"required name=search_term_string\"}],\"inLanguage\":\"en-US\"},{\"@type\":\"ImageObject\",\"@id\":\"https:\/\/acefootball.com\/da\/fodboldnyheder\/et-sjaeldent-syn-zlatan-roert-til-taarer-under-pressemoede\/#primaryimage\",\"inLanguage\":\"en-US\",\"url\":\"https:\/\/acefootball.com\/da\/wp-content\/uploads\/sites\/2\/2021\/03\/Video-generel-57-1.jpg\",\"contentUrl\":\"https:\/\/acefootball.com\/da\/wp-content\/uploads\/sites\/2\/2021\/03\/Video-generel-57-1.jpg\",\"width\":1920,\"height\":1008},{\"@type\":\"WebPage\",\"@id\":\"https:\/\/acefootball.com\/da\/fodboldnyheder\/et-sjaeldent-syn-zlatan-roert-til-taarer-under-pressemoede\/#webpage\",\"url\":\"https:\/\/acefootball.com\/da\/fodboldnyheder\/et-sjaeldent-syn-zlatan-roert-til-taarer-under-pressemoede\/\",\"name\":\"Et sj\u00e6ldent syn: Zlatan r\u00f8rt til t\u00e5rer under pressem\u00f8de\",\"isPartOf\":{\"@id\":\"https:\/\/acefootball.com\/da\/#website\"},\"primaryImageOfPage\":{\"@id\":\"https:\/\/acefootball.com\/da\/fodboldnyheder\/et-sjaeldent-syn-zlatan-roert-til-taarer-under-pressemoede\/#primaryimage\"},\"datePublished\":\"2021-03-22T17:17:50+00:00\",\"dateModified\":\"2021-03-22T17:17:51+00:00\",\"description\":\"Zlatan Ibrahimovic kunne ikke holde t\u00e5rerne inde, da snakken faldt p\u00e5 familien og comebacket til det svenske landshold\",\"breadcrumb\":{\"@id\":\"https:\/\/acefootball.com\/da\/fodboldnyheder\/et-sjaeldent-syn-zlatan-roert-til-taarer-under-pressemoede\/#breadcrumb\"},\"inLanguage\":\"en-US\",\"potentialAction\":[{\"@type\":\"ReadAction\",\"target\":[\"https:\/\/acefootball.com\/da\/fodboldnyheder\/et-sjaeldent-syn-zlatan-roert-til-taarer-under-pressemoede\/\"]}]},{\"@type\":\"BreadcrumbList\",\"@id\":\"https:\/\/acefootball.com\/da\/fodboldnyheder\/et-sjaeldent-syn-zlatan-roert-til-taarer-under-pressemoede\/#breadcrumb\",\"itemListElement\":[{\"@type\":\"ListItem\",\"position\":1,\"name\":\"Home\",\"item\":\"https:\/\/acefootball.com\/da\/\"},{\"@type\":\"ListItem\",\"position\":2,\"name\":\"Et sj\u00e6ldent syn: Zlatan r\u00f8rt til t\u00e5rer under pressem\u00f8de\"}]},{\"@type\":\"Article\",\"@id\":\"https:\/\/acefootball.com\/da\/fodboldnyheder\/et-sjaeldent-syn-zlatan-roert-til-taarer-under-pressemoede\/#article\",\"isPartOf\":{\"@id\":\"https:\/\/acefootball.com\/da\/fodboldnyheder\/et-sjaeldent-syn-zlatan-roert-til-taarer-under-pressemoede\/#webpage\"},\"author\":{\"@id\":\"https:\/\/acefootball.com\/da\/#\/schema\/person\/ee67e9cf04a276f144100ffa722f10cd\"},\"headline\":\"Et sj\u00e6ldent syn: Zlatan r\u00f8rt til t\u00e5rer under pressem\u00f8de\",\"datePublished\":\"2021-03-22T17:17:50+00:00\",\"dateModified\":\"2021-03-22T17:17:51+00:00\",\"mainEntityOfPage\":{\"@id\":\"https:\/\/acefootball.com\/da\/fodboldnyheder\/et-sjaeldent-syn-zlatan-roert-til-taarer-under-pressemoede\/#webpage\"},\"wordCount\":163,\"commentCount\":0,\"publisher\":{\"@id\":\"https:\/\/acefootball.com\/da\/#organization\"},\"image\":{\"@id\":\"https:\/\/acefootball.com\/da\/fodboldnyheder\/et-sjaeldent-syn-zlatan-roert-til-taarer-under-pressemoede\/#primaryimage\"},\"thumbnailUrl\":\"https:\/\/acefootball.com\/da\/wp-content\/uploads\/sites\/2\/2020\/09\/GettyImages-1228643567.jpg\",\"keywords\":[\"AC Milan\",\"Serie A\",\"Sverige\",\"Zlatan Ibrahimovic\"],\"articleSection\":[\"Video\"],\"inLanguage\":\"en-US\",\"potentialAction\":[{\"@type\":\"CommentAction\",\"name\":\"Comment\",\"target\":[\"https:\/\/acefootball.com\/da\/fodboldnyheder\/et-sjaeldent-syn-zlatan-roert-til-taarer-under-pressemoede\/#respond\"]}]},{\"@type\":\"Person\",\"@id\":\"https:\/\/acefootball.com\/da\/#\/schema\/person\/ee67e9cf04a276f144100ffa722f10cd\",\"name\":\"Mads Dreyer\",\"image\":{\"@type\":\"ImageObject\",\"@id\":\"https:\/\/acefootball.com\/da\/#personlogo\",\"inLanguage\":\"en-US\",\"url\":\"https:\/\/secure.gravatar.com\/avatar\/7c7abf72cfde9902b6a60efe60c88d4c?s=96&d=mm&r=g\",\"contentUrl\":\"https:\/\/secure.gravatar.com\/avatar\/7c7abf72cfde9902b6a60efe60c88d4c?s=96&d=mm&r=g\",\"caption\":\"Mads Dreyer\"},\"description\":\"Skribent og fodboldn\u00f8rd, der lige nu fort\u00e6ller om alt og intet i fodboldverdenen p\u00e5 acefootball.com. Uddannet i kommunikation fra Aalborg Universitet.\",\"sameAs\":[\"https:\/\/www.linkedin.com\/in\/mads-dreyer-b9b08266\/\"],\"url\":\"https:\/\/acefootball.com\/da\/fodboldnyheder\/author\/mdnronaldo\/\"}]}<\/script>\n<!-- \/ Yoast SEO plugin. -->","yoast_head_json":{"title":"Et sj\u00e6ldent syn: Zlatan r\u00f8rt til t\u00e5rer under pressem\u00f8de","description":"Zlatan Ibrahimovic kunne ikke holde t\u00e5rerne inde, da snakken faldt p\u00e5 familien og comebacket til det svenske landshold","robots":{"index":"index","follow":"follow","max-snippet":"max-snippet:-1","max-image-preview":"max-image-preview:large","max-video-preview":"max-video-preview:-1"},"canonical":"https:\/\/acefootball.com\/da\/fodboldnyheder\/et-sjaeldent-syn-zlatan-roert-til-taarer-under-pressemoede\/","og_locale":"en_US","og_type":"article","og_title":"Et sj\u00e6ldent syn: Zlatan r\u00f8rt til t\u00e5rer under pressem\u00f8de","og_description":"Zlatan Ibrahimovic kunne ikke holde t\u00e5rerne inde, da snakken faldt p\u00e5 familien og comebacket til det svenske landshold","og_url":"https:\/\/acefootball.com\/da\/fodboldnyheder\/et-sjaeldent-syn-zlatan-roert-til-taarer-under-pressemoede\/","og_site_name":"Ace Football Danmark","article_publisher":"https:\/\/www.facebook.com\/acefootballdk","article_published_time":"2021-03-22T17:17:50+00:00","article_modified_time":"2021-03-22T17:17:51+00:00","og_image":[{"width":1920,"height":1008,"url":"https:\/\/acefootball.com\/da\/wp-content\/uploads\/sites\/2\/2021\/03\/Video-generel-57-1.jpg","type":"image\/jpeg"}],"twitter_card":"summary_large_image","twitter_misc":{"Written by":"Mads Dreyer","Est. reading time":"1 minute"},"schema":{"@context":"https:\/\/schema.org","@graph":[{"@type":"Organization","@id":"https:\/\/acefootball.com\/da\/#organization","name":"Ace Football","url":"https:\/\/acefootball.com\/da\/","sameAs":["https:\/\/www.facebook.com\/acefootballdk"],"logo":{"@type":"ImageObject","@id":"https:\/\/acefootball.com\/da\/#logo","inLanguage":"en-US","url":"https:\/\/acefootball.com\/da\/wp-content\/uploads\/sites\/2\/2020\/07\/Ace-Football-30-07-2020-2.png","contentUrl":"https:\/\/acefootball.com\/da\/wp-content\/uploads\/sites\/2\/2020\/07\/Ace-Football-30-07-2020-2.png","width":1200,"height":600,"caption":"Ace Football"},"image":{"@id":"https:\/\/acefootball.com\/da\/#logo"}},{"@type":"WebSite","@id":"https:\/\/acefootball.com\/da\/#website","url":"https:\/\/acefootball.com\/da\/","name":"Ace Football Danmark","description":"Nyheder, Spiltips &amp; Livescore","publisher":{"@id":"https:\/\/acefootball.com\/da\/#organization"},"potentialAction":[{"@type":"SearchAction","target":{"@type":"EntryPoint","urlTemplate":"https:\/\/acefootball.com\/da\/?s={search_term_string}"},"query-input":"required name=search_term_string"}],"inLanguage":"en-US"},{"@type":"ImageObject","@id":"https:\/\/acefootball.com\/da\/fodboldnyheder\/et-sjaeldent-syn-zlatan-roert-til-taarer-under-pressemoede\/#primaryimage","inLanguage":"en-US","url":"https:\/\/acefootball.com\/da\/wp-content\/uploads\/sites\/2\/2021\/03\/Video-generel-57-1.jpg","contentUrl":"https:\/\/acefootball.com\/da\/wp-content\/uploads\/sites\/2\/2021\/03\/Video-generel-57-1.jpg","width":1920,"height":1008},{"@type":"WebPage","@id":"https:\/\/acefootball.com\/da\/fodboldnyheder\/et-sjaeldent-syn-zlatan-roert-til-taarer-under-pressemoede\/#webpage","url":"https:\/\/acefootball.com\/da\/fodboldnyheder\/et-sjaeldent-syn-zlatan-roert-til-taarer-under-pressemoede\/","name":"Et sj\u00e6ldent syn: Zlatan r\u00f8rt til t\u00e5rer under pressem\u00f8de","isPartOf":{"@id":"https:\/\/acefootball.com\/da\/#website"},"primaryImageOfPage":{"@id":"https:\/\/acefootball.com\/da\/fodboldnyheder\/et-sjaeldent-syn-zlatan-roert-til-taarer-under-pressemoede\/#primaryimage"},"datePublished":"2021-03-22T17:17:50+00:00","dateModified":"2021-03-22T17:17:51+00:00","description":"Zlatan Ibrahimovic kunne ikke holde t\u00e5rerne inde, da snakken faldt p\u00e5 familien og comebacket til det svenske landshold","breadcrumb":{"@id":"https:\/\/acefootball.com\/da\/fodboldnyheder\/et-sjaeldent-syn-zlatan-roert-til-taarer-under-pressemoede\/#breadcrumb"},"inLanguage":"en-US","potentialAction":[{"@type":"ReadAction","target":["https:\/\/acefootball.com\/da\/fodboldnyheder\/et-sjaeldent-syn-zlatan-roert-til-taarer-under-pressemoede\/"]}]},{"@type":"BreadcrumbList","@id":"https:\/\/acefootball.com\/da\/fodboldnyheder\/et-sjaeldent-syn-zlatan-roert-til-taarer-under-pressemoede\/#breadcrumb","itemListElement":[{"@type":"ListItem","position":1,"name":"Home","item":"https:\/\/acefootball.com\/da\/"},{"@type":"ListItem","position":2,"name":"Et sj\u00e6ldent syn: Zlatan r\u00f8rt til t\u00e5rer under pressem\u00f8de"}]},{"@type":"Article","@id":"https:\/\/acefootball.com\/da\/fodboldnyheder\/et-sjaeldent-syn-zlatan-roert-til-taarer-under-pressemoede\/#article","isPartOf":{"@id":"https:\/\/acefootball.com\/da\/fodboldnyheder\/et-sjaeldent-syn-zlatan-roert-til-taarer-under-pressemoede\/#webpage"},"author":{"@id":"https:\/\/acefootball.com\/da\/#\/schema\/person\/ee67e9cf04a276f144100ffa722f10cd"},"headline":"Et sj\u00e6ldent syn: Zlatan r\u00f8rt til t\u00e5rer under pressem\u00f8de","datePublished":"2021-03-22T17:17:50+00:00","dateModified":"2021-03-22T17:17:51+00:00","mainEntityOfPage":{"@id":"https:\/\/acefootball.com\/da\/fodboldnyheder\/et-sjaeldent-syn-zlatan-roert-til-taarer-under-pressemoede\/#webpage"},"wordCount":163,"commentCount":0,"publisher":{"@id":"https:\/\/acefootball.com\/da\/#organization"},"image":{"@id":"https:\/\/acefootball.com\/da\/fodboldnyheder\/et-sjaeldent-syn-zlatan-roert-til-taarer-under-pressemoede\/#primaryimage"},"thumbnailUrl":"https:\/\/acefootball.com\/da\/wp-content\/uploads\/sites\/2\/2020\/09\/GettyImages-1228643567.jpg","keywords":["AC Milan","Serie A","Sverige","Zlatan Ibrahimovic"],"articleSection":["Video"],"inLanguage":"en-US","potentialAction":[{"@type":"CommentAction","name":"Comment","target":["https:\/\/acefootball.com\/da\/fodboldnyheder\/et-sjaeldent-syn-zlatan-roert-til-taarer-under-pressemoede\/#respond"]}]},{"@type":"Person","@id":"https:\/\/acefootball.com\/da\/#\/schema\/person\/ee67e9cf04a276f144100ffa722f10cd","name":"Mads Dreyer","image":{"@type":"ImageObject","@id":"https:\/\/acefootball.com\/da\/#personlogo","inLanguage":"en-US","url":"https:\/\/secure.gravatar.com\/avatar\/7c7abf72cfde9902b6a60efe60c88d4c?s=96&d=mm&r=g","contentUrl":"https:\/\/secure.gravatar.com\/avatar\/7c7abf72cfde9902b6a60efe60c88d4c?s=96&d=mm&r=g","caption":"Mads Dreyer"},"description":"Skribent og fodboldn\u00f8rd, der lige nu fort\u00e6ller om alt og intet i fodboldverdenen p\u00e5 acefootball.com. Uddannet i kommunikation fra Aalborg Universitet.","sameAs":["https:\/\/www.linkedin.com\/in\/mads-dreyer-b9b08266\/"],"url":"https:\/\/acefootball.com\/da\/fodboldnyheder\/author\/mdnronaldo\/"}]}},"fimg_url":"https:\/\/acefootball.com\/da\/wp-content\/uploads\/sites\/2\/2020\/09\/GettyImages-1228643567.jpg","_links":{"self":[{"href":"https:\/\/acefootball.com\/da\/wp-json\/wp\/v2\/posts\/255410"}],"collection":[{"href":"https:\/\/acefootball.com\/da\/wp-json\/wp\/v2\/posts"}],"about":[{"href":"https:\/\/acefootball.com\/da\/wp-json\/wp\/v2\/types\/post"}],"author":[{"embeddable":true,"href":"https:\/\/acefootball.com\/da\/wp-json\/wp\/v2\/users\/705"}],"replies":[{"embeddable":true,"href":"https:\/\/acefootball.com\/da\/wp-json\/wp\/v2\/comments?post=255410"}],"version-history":[{"count":0,"href":"https:\/\/acefootball.com\/da\/wp-json\/wp\/v2\/posts\/255410\/revisions"}],"wp:featuredmedia":[{"embeddable":true,"href":"https:\/\/acefootball.com\/da\/wp-json\/wp\/v2\/media\/238338"}],"wp:attachment":[{"href":"https:\/\/acefootball.com\/da\/wp-json\/wp\/v2\/media?parent=255410"}],"wp:term":[{"taxonomy":"category","embeddable":true,"href":"https:\/\/acefootball.com\/da\/wp-json\/wp\/v2\/categories?post=255410"},{"taxonomy":"post_tag","embeddable":true,"href":"https:\/\/acefootball.com\/da\/wp-json\/wp\/v2\/tags?post=255410"}],"curies":[{"name":"wp","href":"https:\/\/api.w.org\/{rel}","templated":true}]}}