{"id":255342,"date":"2021-03-22T11:57:27","date_gmt":"2021-03-22T10:57:27","guid":{"rendered":"https:\/\/acefootball.com\/da\/?p=255342"},"modified":"2021-03-22T11:57:28","modified_gmt":"2021-03-22T10:57:28","slug":"forandret-fck-situation-aendrer-ikke-paa-thomas-delaneys-comeback-planer","status":"publish","type":"post","link":"https:\/\/acefootball.com\/da\/fodboldnyheder\/forandret-fck-situation-aendrer-ikke-paa-thomas-delaneys-comeback-planer\/","title":{"rendered":"Forandret FCK-situation \u00e6ndrer ikke p\u00e5 Thomas Delaneys comeback-planer"},"content":{"rendered":"\n<h2 id=\"h-thomas-delaney-har-aldrig-lagt-skjul-p-at-han-gerne-vil-tilbage-til-fc-k-benhavn-en-dag-og-det-har-ikke-ndret-sig-efter-st-le-solbakkens-exit\">Thomas Delaney har aldrig lagt skjul p\u00e5, at han gerne vil tilbage til FC K\u00f8benhavn en dag, og det har ikke \u00e6ndret sig efter St\u00e5le Solbakkens exit<\/h2>\n\n\n\n<p>Thomas Delaney var igennem en \u00e5rr\u00e6kke en k\u00e6mpe profil for FC K\u00f8benhavn, hvor han tog turen fra klubbens ungdomsr\u00e6kker og op f\u00f8rsteholdet, hvor han spillede frem til januar 2017, hvor han blev solgt til Werder Bremen i Tyskland.<\/p>\n\n\n\n<p>\u00c5ret efter tog han s\u00e5 endnu et skridt opad stigen, da han blev solgt for et stort bel\u00f8b til Borussia Dortmund, som han repr\u00e6senterer i dag i en alder af 29 \u00e5r.<\/p>\n\n\n\n<p>Det er dog ikke en hemmelighed, at FCK stadig har en stor plads i den danske landsholdsspillers hjerte, og da han blev spurgt ind til, om fyringen af St\u00e5le Solbakken har p\u00e5virket hans planer om en dag at vende tilbage, var svaret da ogs\u00e5 klart.<\/p>\n\n\n\n<p>&#8220;Det har ikke \u00e6ndret noget i forhold til, hvad jeg forestiller mig, der en dag skal ske. Men jeg t\u00e6nker ikke l\u00e6ngere end min kontrakt i Dortmund,&#8221; siger Thomas Delaney if\u00f8lge <a href=\"https:\/\/www.tipsbladet.dk\/nyhed\/superliga\/thomas-delaney-om-sin-fck-plan-intet-er-aendret\" target=\"_blank\" rel=\"noreferrer noopener\">Tipsbladet<\/a>.<\/p>\n\n\n\n<p>Han fort\u00e6ller dog ogs\u00e5, at han stadig er i kontakt med St\u00e5le Solbakken, der i dag er norsk landstr\u00e6ner, hvorfor han ofte sp\u00f8rger ind til holdkammeraten Erling H\u00e5land, n\u00e5r de er i kontakt.<\/p>\n\n\n\n<figure class=\"wp-block-embed is-type-wp-embed is-provider-ace-football-danmark wp-block-embed-ace-football-danmark\"><div class=\"wp-block-embed__wrapper\">\n<blockquote class=\"wp-embedded-content\" data-secret=\"ROCaR0yh23\"><a href=\"https:\/\/acefootball.com\/da\/fodboldnyheder\/tidligere-fck-spiller-om-haaland-proevetraening-taenkte-ikke-wow\/\">Tidligere FCK-spiller om H\u00e5land-pr\u00f8vetr\u00e6ning: T\u00e6nkte ikke &#8216;wow&#8217;<\/a><\/blockquote><iframe class=\"wp-embedded-content\" sandbox=\"allow-scripts\" security=\"restricted\" style=\"position: absolute; clip: rect(1px, 1px, 1px, 1px);\" title=\"&#8220;Tidligere FCK-spiller om H\u00e5land-pr\u00f8vetr\u00e6ning: T\u00e6nkte ikke &#8216;wow&#8217;&#8221; &#8212; Ace Football Danmark\" src=\"https:\/\/acefootball.com\/da\/fodboldnyheder\/tidligere-fck-spiller-om-haaland-proevetraening-taenkte-ikke-wow\/embed\/#?secret=ROCaR0yh23\" data-secret=\"ROCaR0yh23\" width=\"600\" height=\"338\" frameborder=\"0\" marginwidth=\"0\" marginheight=\"0\" scrolling=\"no\"><\/iframe>\n<\/div><\/figure>\n","protected":false},"excerpt":{"rendered":"<p>Thomas Delaney har aldrig lagt skjul p\u00e5, at han gerne vil tilbage til FC K\u00f8benhavn en dag, og det har ikke \u00e6ndret sig efter St\u00e5le Solbakkens exit<\/p>\n","protected":false},"author":74,"featured_media":255343,"comment_status":"open","ping_status":"closed","sticky":false,"template":"","format":"standard","meta":{"om_disable_all_campaigns":false,"push_articles_ronaldo":{"active":false,"canonical":0,"publish":false},"force_updates":null},"categories":[8204],"tags":[16,588,585],"enet_tags":{"team":["8391"],"league":["46"],"player":["170218"],"sport_events":[]},"yoast_head":"<!-- This site is optimized with the Yoast SEO plugin v18.3 - https:\/\/yoast.com\/wordpress\/plugins\/seo\/ -->\n<title>Forandret FCK-situation \u00e6ndrer ikke p\u00e5 Thomas Delaneys comeback-planer<\/title>\n<meta name=\"description\" content=\"Thomas Delaney har aldrig lagt skjul p\u00e5, at han gerne vil tilbage til FC K\u00f8benhavn en dag, og det har ikke \u00e6ndret sig efter St\u00e5le Solbakkens exit\" \/>\n<meta name=\"robots\" content=\"index, follow, max-snippet:-1, max-image-preview:large, max-video-preview:-1\" \/>\n<link rel=\"canonical\" href=\"https:\/\/acefootball.com\/da\/fodboldnyheder\/forandret-fck-situation-aendrer-ikke-paa-thomas-delaneys-comeback-planer\/\" \/>\n<meta property=\"og:locale\" content=\"en_US\" \/>\n<meta property=\"og:type\" content=\"article\" \/>\n<meta property=\"og:title\" content=\"Forandret FCK-situation \u00e6ndrer ikke p\u00e5 Thomas Delaneys comeback-planer\" \/>\n<meta property=\"og:description\" content=\"Thomas Delaney har aldrig lagt skjul p\u00e5, at han gerne vil tilbage til FC K\u00f8benhavn en dag, og det har ikke \u00e6ndret sig efter St\u00e5le Solbakkens exit\" \/>\n<meta property=\"og:url\" content=\"https:\/\/acefootball.com\/da\/fodboldnyheder\/forandret-fck-situation-aendrer-ikke-paa-thomas-delaneys-comeback-planer\/\" \/>\n<meta property=\"og:site_name\" content=\"Ace Football Danmark\" \/>\n<meta property=\"article:publisher\" content=\"https:\/\/www.facebook.com\/acefootballdk\" \/>\n<meta property=\"article:published_time\" content=\"2021-03-22T10:57:27+00:00\" \/>\n<meta property=\"article:modified_time\" content=\"2021-03-22T10:57:28+00:00\" \/>\n<meta property=\"og:image\" content=\"https:\/\/acefootball.com\/da\/wp-content\/uploads\/sites\/2\/2021\/03\/FCK-33.jpg\" \/>\n\t<meta property=\"og:image:width\" content=\"1920\" \/>\n\t<meta property=\"og:image:height\" content=\"1008\" \/>\n\t<meta property=\"og:image:type\" content=\"image\/jpeg\" \/>\n<meta name=\"twitter:card\" content=\"summary_large_image\" \/>\n<meta name=\"twitter:label1\" content=\"Written by\" \/>\n\t<meta name=\"twitter:data1\" content=\"Patrick Hesselb\u00e6k\" \/>\n\t<meta name=\"twitter:label2\" content=\"Est. reading time\" \/>\n\t<meta name=\"twitter:data2\" content=\"1 minute\" \/>\n<script type=\"application\/ld+json\" class=\"yoast-schema-graph\">{\"@context\":\"https:\/\/schema.org\",\"@graph\":[{\"@type\":\"Organization\",\"@id\":\"https:\/\/acefootball.com\/da\/#organization\",\"name\":\"Ace Football\",\"url\":\"https:\/\/acefootball.com\/da\/\",\"sameAs\":[\"https:\/\/www.facebook.com\/acefootballdk\"],\"logo\":{\"@type\":\"ImageObject\",\"@id\":\"https:\/\/acefootball.com\/da\/#logo\",\"inLanguage\":\"en-US\",\"url\":\"https:\/\/acefootball.com\/da\/wp-content\/uploads\/sites\/2\/2020\/07\/Ace-Football-30-07-2020-2.png\",\"contentUrl\":\"https:\/\/acefootball.com\/da\/wp-content\/uploads\/sites\/2\/2020\/07\/Ace-Football-30-07-2020-2.png\",\"width\":1200,\"height\":600,\"caption\":\"Ace Football\"},\"image\":{\"@id\":\"https:\/\/acefootball.com\/da\/#logo\"}},{\"@type\":\"WebSite\",\"@id\":\"https:\/\/acefootball.com\/da\/#website\",\"url\":\"https:\/\/acefootball.com\/da\/\",\"name\":\"Ace Football Danmark\",\"description\":\"Nyheder, Spiltips &amp; Livescore\",\"publisher\":{\"@id\":\"https:\/\/acefootball.com\/da\/#organization\"},\"potentialAction\":[{\"@type\":\"SearchAction\",\"target\":{\"@type\":\"EntryPoint\",\"urlTemplate\":\"https:\/\/acefootball.com\/da\/?s={search_term_string}\"},\"query-input\":\"required name=search_term_string\"}],\"inLanguage\":\"en-US\"},{\"@type\":\"ImageObject\",\"@id\":\"https:\/\/acefootball.com\/da\/fodboldnyheder\/forandret-fck-situation-aendrer-ikke-paa-thomas-delaneys-comeback-planer\/#primaryimage\",\"inLanguage\":\"en-US\",\"url\":\"https:\/\/acefootball.com\/da\/wp-content\/uploads\/sites\/2\/2021\/03\/FCK-33.jpg\",\"contentUrl\":\"https:\/\/acefootball.com\/da\/wp-content\/uploads\/sites\/2\/2021\/03\/FCK-33.jpg\",\"width\":1920,\"height\":1008,\"caption\":\"AARHUS, DENMARK - DECEMBER 11: Thomas Delaney of FC Copenhagen and the Fans of FC Copenhagen celebrates their victory after the Danish Alka Superliga match between AGF Aarhus and FC Copenhagen at Ceres Park on December 11, 2016 in Aarhus, Denmark. (Photo by Allan Hogholm \/ FrontZoneSport via Getty Images)\"},{\"@type\":\"WebPage\",\"@id\":\"https:\/\/acefootball.com\/da\/fodboldnyheder\/forandret-fck-situation-aendrer-ikke-paa-thomas-delaneys-comeback-planer\/#webpage\",\"url\":\"https:\/\/acefootball.com\/da\/fodboldnyheder\/forandret-fck-situation-aendrer-ikke-paa-thomas-delaneys-comeback-planer\/\",\"name\":\"Forandret FCK-situation \u00e6ndrer ikke p\u00e5 Thomas Delaneys comeback-planer\",\"isPartOf\":{\"@id\":\"https:\/\/acefootball.com\/da\/#website\"},\"primaryImageOfPage\":{\"@id\":\"https:\/\/acefootball.com\/da\/fodboldnyheder\/forandret-fck-situation-aendrer-ikke-paa-thomas-delaneys-comeback-planer\/#primaryimage\"},\"datePublished\":\"2021-03-22T10:57:27+00:00\",\"dateModified\":\"2021-03-22T10:57:28+00:00\",\"description\":\"Thomas Delaney har aldrig lagt skjul p\u00e5, at han gerne vil tilbage til FC K\u00f8benhavn en dag, og det har ikke \u00e6ndret sig efter St\u00e5le Solbakkens exit\",\"breadcrumb\":{\"@id\":\"https:\/\/acefootball.com\/da\/fodboldnyheder\/forandret-fck-situation-aendrer-ikke-paa-thomas-delaneys-comeback-planer\/#breadcrumb\"},\"inLanguage\":\"en-US\",\"potentialAction\":[{\"@type\":\"ReadAction\",\"target\":[\"https:\/\/acefootball.com\/da\/fodboldnyheder\/forandret-fck-situation-aendrer-ikke-paa-thomas-delaneys-comeback-planer\/\"]}]},{\"@type\":\"BreadcrumbList\",\"@id\":\"https:\/\/acefootball.com\/da\/fodboldnyheder\/forandret-fck-situation-aendrer-ikke-paa-thomas-delaneys-comeback-planer\/#breadcrumb\",\"itemListElement\":[{\"@type\":\"ListItem\",\"position\":1,\"name\":\"Home\",\"item\":\"https:\/\/acefootball.com\/da\/\"},{\"@type\":\"ListItem\",\"position\":2,\"name\":\"Forandret FCK-situation \u00e6ndrer ikke p\u00e5 Thomas Delaneys comeback-planer\"}]},{\"@type\":\"Article\",\"@id\":\"https:\/\/acefootball.com\/da\/fodboldnyheder\/forandret-fck-situation-aendrer-ikke-paa-thomas-delaneys-comeback-planer\/#article\",\"isPartOf\":{\"@id\":\"https:\/\/acefootball.com\/da\/fodboldnyheder\/forandret-fck-situation-aendrer-ikke-paa-thomas-delaneys-comeback-planer\/#webpage\"},\"author\":{\"@id\":\"https:\/\/acefootball.com\/da\/#\/schema\/person\/fd6223a1c033400b41da7853ddf88c84\"},\"headline\":\"Forandret FCK-situation \u00e6ndrer ikke p\u00e5 Thomas Delaneys comeback-planer\",\"datePublished\":\"2021-03-22T10:57:27+00:00\",\"dateModified\":\"2021-03-22T10:57:28+00:00\",\"mainEntityOfPage\":{\"@id\":\"https:\/\/acefootball.com\/da\/fodboldnyheder\/forandret-fck-situation-aendrer-ikke-paa-thomas-delaneys-comeback-planer\/#webpage\"},\"wordCount\":239,\"commentCount\":0,\"publisher\":{\"@id\":\"https:\/\/acefootball.com\/da\/#organization\"},\"image\":{\"@id\":\"https:\/\/acefootball.com\/da\/fodboldnyheder\/forandret-fck-situation-aendrer-ikke-paa-thomas-delaneys-comeback-planer\/#primaryimage\"},\"thumbnailUrl\":\"https:\/\/acefootball.com\/da\/wp-content\/uploads\/sites\/2\/2021\/03\/GettyImages-629148102.jpg\",\"keywords\":[\"FC K\u00f8benhavn\",\"Superligaen\",\"Thomas Delaney\"],\"articleSection\":[\"Udtalelse\"],\"inLanguage\":\"en-US\",\"potentialAction\":[{\"@type\":\"CommentAction\",\"name\":\"Comment\",\"target\":[\"https:\/\/acefootball.com\/da\/fodboldnyheder\/forandret-fck-situation-aendrer-ikke-paa-thomas-delaneys-comeback-planer\/#respond\"]}]},{\"@type\":\"Person\",\"@id\":\"https:\/\/acefootball.com\/da\/#\/schema\/person\/fd6223a1c033400b41da7853ddf88c84\",\"name\":\"Patrick Hesselb\u00e6k\",\"image\":{\"@type\":\"ImageObject\",\"@id\":\"https:\/\/acefootball.com\/da\/#personlogo\",\"inLanguage\":\"en-US\",\"url\":\"https:\/\/secure.gravatar.com\/avatar\/7919060992759bffbffb199d6cbdce6f?s=96&d=mm&r=g\",\"contentUrl\":\"https:\/\/secure.gravatar.com\/avatar\/7919060992759bffbffb199d6cbdce6f?s=96&d=mm&r=g\",\"caption\":\"Patrick Hesselb\u00e6k\"},\"description\":\"Redakt\u00f8r p\u00e5 den danske Ace Football-redaktion. Uddannet i kommunikation fra Aalborg Universitet. Prim\u00e6rt fokus p\u00e5 den danske 3F Superliga og de st\u00f8rste europ\u00e6iske turneringer.\",\"sameAs\":[\"https:\/\/www.linkedin.com\/in\/patrick-hesselbk-2a4b1711a\/\"],\"url\":\"https:\/\/acefootball.com\/da\/fodboldnyheder\/author\/patrickhesselbaek\/\"}]}<\/script>\n<!-- \/ Yoast SEO plugin. -->","yoast_head_json":{"title":"Forandret FCK-situation \u00e6ndrer ikke p\u00e5 Thomas Delaneys comeback-planer","description":"Thomas Delaney har aldrig lagt skjul p\u00e5, at han gerne vil tilbage til FC K\u00f8benhavn en dag, og det har ikke \u00e6ndret sig efter St\u00e5le Solbakkens exit","robots":{"index":"index","follow":"follow","max-snippet":"max-snippet:-1","max-image-preview":"max-image-preview:large","max-video-preview":"max-video-preview:-1"},"canonical":"https:\/\/acefootball.com\/da\/fodboldnyheder\/forandret-fck-situation-aendrer-ikke-paa-thomas-delaneys-comeback-planer\/","og_locale":"en_US","og_type":"article","og_title":"Forandret FCK-situation \u00e6ndrer ikke p\u00e5 Thomas Delaneys comeback-planer","og_description":"Thomas Delaney har aldrig lagt skjul p\u00e5, at han gerne vil tilbage til FC K\u00f8benhavn en dag, og det har ikke \u00e6ndret sig efter St\u00e5le Solbakkens exit","og_url":"https:\/\/acefootball.com\/da\/fodboldnyheder\/forandret-fck-situation-aendrer-ikke-paa-thomas-delaneys-comeback-planer\/","og_site_name":"Ace Football Danmark","article_publisher":"https:\/\/www.facebook.com\/acefootballdk","article_published_time":"2021-03-22T10:57:27+00:00","article_modified_time":"2021-03-22T10:57:28+00:00","og_image":[{"width":1920,"height":1008,"url":"https:\/\/acefootball.com\/da\/wp-content\/uploads\/sites\/2\/2021\/03\/FCK-33.jpg","type":"image\/jpeg"}],"twitter_card":"summary_large_image","twitter_misc":{"Written by":"Patrick Hesselb\u00e6k","Est. reading time":"1 minute"},"schema":{"@context":"https:\/\/schema.org","@graph":[{"@type":"Organization","@id":"https:\/\/acefootball.com\/da\/#organization","name":"Ace Football","url":"https:\/\/acefootball.com\/da\/","sameAs":["https:\/\/www.facebook.com\/acefootballdk"],"logo":{"@type":"ImageObject","@id":"https:\/\/acefootball.com\/da\/#logo","inLanguage":"en-US","url":"https:\/\/acefootball.com\/da\/wp-content\/uploads\/sites\/2\/2020\/07\/Ace-Football-30-07-2020-2.png","contentUrl":"https:\/\/acefootball.com\/da\/wp-content\/uploads\/sites\/2\/2020\/07\/Ace-Football-30-07-2020-2.png","width":1200,"height":600,"caption":"Ace Football"},"image":{"@id":"https:\/\/acefootball.com\/da\/#logo"}},{"@type":"WebSite","@id":"https:\/\/acefootball.com\/da\/#website","url":"https:\/\/acefootball.com\/da\/","name":"Ace Football Danmark","description":"Nyheder, Spiltips &amp; Livescore","publisher":{"@id":"https:\/\/acefootball.com\/da\/#organization"},"potentialAction":[{"@type":"SearchAction","target":{"@type":"EntryPoint","urlTemplate":"https:\/\/acefootball.com\/da\/?s={search_term_string}"},"query-input":"required name=search_term_string"}],"inLanguage":"en-US"},{"@type":"ImageObject","@id":"https:\/\/acefootball.com\/da\/fodboldnyheder\/forandret-fck-situation-aendrer-ikke-paa-thomas-delaneys-comeback-planer\/#primaryimage","inLanguage":"en-US","url":"https:\/\/acefootball.com\/da\/wp-content\/uploads\/sites\/2\/2021\/03\/FCK-33.jpg","contentUrl":"https:\/\/acefootball.com\/da\/wp-content\/uploads\/sites\/2\/2021\/03\/FCK-33.jpg","width":1920,"height":1008,"caption":"AARHUS, DENMARK - DECEMBER 11: Thomas Delaney of FC Copenhagen and the Fans of FC Copenhagen celebrates their victory after the Danish Alka Superliga match between AGF Aarhus and FC Copenhagen at Ceres Park on December 11, 2016 in Aarhus, Denmark. (Photo by Allan Hogholm \/ FrontZoneSport via Getty Images)"},{"@type":"WebPage","@id":"https:\/\/acefootball.com\/da\/fodboldnyheder\/forandret-fck-situation-aendrer-ikke-paa-thomas-delaneys-comeback-planer\/#webpage","url":"https:\/\/acefootball.com\/da\/fodboldnyheder\/forandret-fck-situation-aendrer-ikke-paa-thomas-delaneys-comeback-planer\/","name":"Forandret FCK-situation \u00e6ndrer ikke p\u00e5 Thomas Delaneys comeback-planer","isPartOf":{"@id":"https:\/\/acefootball.com\/da\/#website"},"primaryImageOfPage":{"@id":"https:\/\/acefootball.com\/da\/fodboldnyheder\/forandret-fck-situation-aendrer-ikke-paa-thomas-delaneys-comeback-planer\/#primaryimage"},"datePublished":"2021-03-22T10:57:27+00:00","dateModified":"2021-03-22T10:57:28+00:00","description":"Thomas Delaney har aldrig lagt skjul p\u00e5, at han gerne vil tilbage til FC K\u00f8benhavn en dag, og det har ikke \u00e6ndret sig efter St\u00e5le Solbakkens exit","breadcrumb":{"@id":"https:\/\/acefootball.com\/da\/fodboldnyheder\/forandret-fck-situation-aendrer-ikke-paa-thomas-delaneys-comeback-planer\/#breadcrumb"},"inLanguage":"en-US","potentialAction":[{"@type":"ReadAction","target":["https:\/\/acefootball.com\/da\/fodboldnyheder\/forandret-fck-situation-aendrer-ikke-paa-thomas-delaneys-comeback-planer\/"]}]},{"@type":"BreadcrumbList","@id":"https:\/\/acefootball.com\/da\/fodboldnyheder\/forandret-fck-situation-aendrer-ikke-paa-thomas-delaneys-comeback-planer\/#breadcrumb","itemListElement":[{"@type":"ListItem","position":1,"name":"Home","item":"https:\/\/acefootball.com\/da\/"},{"@type":"ListItem","position":2,"name":"Forandret FCK-situation \u00e6ndrer ikke p\u00e5 Thomas Delaneys comeback-planer"}]},{"@type":"Article","@id":"https:\/\/acefootball.com\/da\/fodboldnyheder\/forandret-fck-situation-aendrer-ikke-paa-thomas-delaneys-comeback-planer\/#article","isPartOf":{"@id":"https:\/\/acefootball.com\/da\/fodboldnyheder\/forandret-fck-situation-aendrer-ikke-paa-thomas-delaneys-comeback-planer\/#webpage"},"author":{"@id":"https:\/\/acefootball.com\/da\/#\/schema\/person\/fd6223a1c033400b41da7853ddf88c84"},"headline":"Forandret FCK-situation \u00e6ndrer ikke p\u00e5 Thomas Delaneys comeback-planer","datePublished":"2021-03-22T10:57:27+00:00","dateModified":"2021-03-22T10:57:28+00:00","mainEntityOfPage":{"@id":"https:\/\/acefootball.com\/da\/fodboldnyheder\/forandret-fck-situation-aendrer-ikke-paa-thomas-delaneys-comeback-planer\/#webpage"},"wordCount":239,"commentCount":0,"publisher":{"@id":"https:\/\/acefootball.com\/da\/#organization"},"image":{"@id":"https:\/\/acefootball.com\/da\/fodboldnyheder\/forandret-fck-situation-aendrer-ikke-paa-thomas-delaneys-comeback-planer\/#primaryimage"},"thumbnailUrl":"https:\/\/acefootball.com\/da\/wp-content\/uploads\/sites\/2\/2021\/03\/GettyImages-629148102.jpg","keywords":["FC K\u00f8benhavn","Superligaen","Thomas Delaney"],"articleSection":["Udtalelse"],"inLanguage":"en-US","potentialAction":[{"@type":"CommentAction","name":"Comment","target":["https:\/\/acefootball.com\/da\/fodboldnyheder\/forandret-fck-situation-aendrer-ikke-paa-thomas-delaneys-comeback-planer\/#respond"]}]},{"@type":"Person","@id":"https:\/\/acefootball.com\/da\/#\/schema\/person\/fd6223a1c033400b41da7853ddf88c84","name":"Patrick Hesselb\u00e6k","image":{"@type":"ImageObject","@id":"https:\/\/acefootball.com\/da\/#personlogo","inLanguage":"en-US","url":"https:\/\/secure.gravatar.com\/avatar\/7919060992759bffbffb199d6cbdce6f?s=96&d=mm&r=g","contentUrl":"https:\/\/secure.gravatar.com\/avatar\/7919060992759bffbffb199d6cbdce6f?s=96&d=mm&r=g","caption":"Patrick Hesselb\u00e6k"},"description":"Redakt\u00f8r p\u00e5 den danske Ace Football-redaktion. Uddannet i kommunikation fra Aalborg Universitet. Prim\u00e6rt fokus p\u00e5 den danske 3F Superliga og de st\u00f8rste europ\u00e6iske turneringer.","sameAs":["https:\/\/www.linkedin.com\/in\/patrick-hesselbk-2a4b1711a\/"],"url":"https:\/\/acefootball.com\/da\/fodboldnyheder\/author\/patrickhesselbaek\/"}]}},"fimg_url":"https:\/\/acefootball.com\/da\/wp-content\/uploads\/sites\/2\/2021\/03\/GettyImages-629148102.jpg","_links":{"self":[{"href":"https:\/\/acefootball.com\/da\/wp-json\/wp\/v2\/posts\/255342"}],"collection":[{"href":"https:\/\/acefootball.com\/da\/wp-json\/wp\/v2\/posts"}],"about":[{"href":"https:\/\/acefootball.com\/da\/wp-json\/wp\/v2\/types\/post"}],"author":[{"embeddable":true,"href":"https:\/\/acefootball.com\/da\/wp-json\/wp\/v2\/users\/74"}],"replies":[{"embeddable":true,"href":"https:\/\/acefootball.com\/da\/wp-json\/wp\/v2\/comments?post=255342"}],"version-history":[{"count":0,"href":"https:\/\/acefootball.com\/da\/wp-json\/wp\/v2\/posts\/255342\/revisions"}],"wp:featuredmedia":[{"embeddable":true,"href":"https:\/\/acefootball.com\/da\/wp-json\/wp\/v2\/media\/255343"}],"wp:attachment":[{"href":"https:\/\/acefootball.com\/da\/wp-json\/wp\/v2\/media?parent=255342"}],"wp:term":[{"taxonomy":"category","embeddable":true,"href":"https:\/\/acefootball.com\/da\/wp-json\/wp\/v2\/categories?post=255342"},{"taxonomy":"post_tag","embeddable":true,"href":"https:\/\/acefootball.com\/da\/wp-json\/wp\/v2\/tags?post=255342"}],"curies":[{"name":"wp","href":"https:\/\/api.w.org\/{rel}","templated":true}]}}