{"id":255289,"date":"2021-03-21T21:20:54","date_gmt":"2021-03-21T20:20:54","guid":{"rendered":"https:\/\/acefootball.com\/da\/?p=255289"},"modified":"2021-03-21T21:20:54","modified_gmt":"2021-03-21T20:20:54","slug":"psg-troeje-vaekker-opsigt-de-burde-taberdoemmes","status":"publish","type":"post","link":"https:\/\/acefootball.com\/da\/fodboldnyheder\/psg-troeje-vaekker-opsigt-de-burde-taberdoemmes\/","title":{"rendered":"PSG-tr\u00f8je v\u00e6kker opsigt: &#8220;De burde taberd\u00f8mmes&#8221;"},"content":{"rendered":"\n<h2 id=\"h-psg-er-i-aftenens-kamp-mod-lyon-if-rt-klubbens-fjerdetr-je-og-den-falder-ikke-i-alles-smag\">PSG er i aftenens kamp mod Lyon if\u00f8rt klubbens fjerdetr\u00f8je, og den falder ikke i alles smag<\/h2>\n\n\n\n<p>Flere seere til aftenens storkamp i fransk fodbold mellem PSG og Lyon var ved at falde ned af stolen, da de s\u00e5 g\u00e6sternes t\u00f8jvalg.<\/p>\n\n\n\n<p>PSG-spillerne var nemlig if\u00f8rt klubbens fjerde tr\u00f8je, som kun er i brug for anden gang i s\u00e6sonen og alts\u00e5 stadig er forholdsvist ukendt.<\/p>\n\n\n\n<p>Man m\u00e5 da ogs\u00e5 sige, at tr\u00f8jens designer har ladet fantasien f\u00e5 frit l\u00f8b, og det er ikke noget, der er faldet i alles smag.<\/p>\n\n\n\n<p>Du kan b\u00e5de se tr\u00f8jen og flere af reaktionerne her:<\/p>\n\n\n\n<figure class=\"wp-block-embed is-type-rich is-provider-twitter wp-block-embed-twitter\"><div class=\"wp-block-embed__wrapper\">\n<blockquote class=\"twitter-tweet\" data-width=\"550\" data-dnt=\"true\"><p lang=\"fr\" dir=\"ltr\">Oui monsieur ! <br><br>7\u20e3\ud83d\udd25<a href=\"https:\/\/twitter.com\/hashtag\/%F0%9D%97%A2%F0%9D%97%9F%F0%9D%97%A3%F0%9D%97%A6%F0%9D%97%9A?src=hash&amp;ref_src=twsrc%5Etfw\">#\ud835\udde2\ud835\udddf\ud835\udde3\ud835\udde6\ud835\uddda<\/a> <a href=\"https:\/\/t.co\/xE8m11kW7w\">pic.twitter.com\/xE8m11kW7w<\/a><\/p>&mdash; Paris Saint-Germain (@PSG_inside) <a href=\"https:\/\/twitter.com\/PSG_inside\/status\/1373731269905952769?ref_src=twsrc%5Etfw\">March 21, 2021<\/a><\/blockquote><script async src=\"https:\/\/platform.twitter.com\/widgets.js\" charset=\"utf-8\"><\/script>\n<\/div><\/figure>\n\n\n\n<figure class=\"wp-block-embed is-type-rich is-provider-twitter wp-block-embed-twitter\"><div class=\"wp-block-embed__wrapper\">\n<blockquote class=\"twitter-tweet\" data-width=\"550\" data-dnt=\"true\"><p lang=\"en\" dir=\"ltr\">PSG\u2019s 4th kit is more suited to Woodstock then professional football. <a href=\"https:\/\/t.co\/VqN7blZ9gA\">pic.twitter.com\/VqN7blZ9gA<\/a><\/p>&mdash; Matthew John Brown (@MatthewJBrown13) <a href=\"https:\/\/twitter.com\/MatthewJBrown13\/status\/1373727714037874694?ref_src=twsrc%5Etfw\">March 21, 2021<\/a><\/blockquote><script async src=\"https:\/\/platform.twitter.com\/widgets.js\" charset=\"utf-8\"><\/script>\n<\/div><\/figure>\n\n\n\n<figure class=\"wp-block-embed is-type-rich is-provider-twitter wp-block-embed-twitter\"><div class=\"wp-block-embed__wrapper\">\n<blockquote class=\"twitter-tweet\" data-width=\"550\" data-dnt=\"true\"><p lang=\"fr\" dir=\"ltr\">this psg kit is grotesque<\/p>&mdash; bronc0 (@omarbronc0) <a href=\"https:\/\/twitter.com\/omarbronc0\/status\/1373727305697263617?ref_src=twsrc%5Etfw\">March 21, 2021<\/a><\/blockquote><script async src=\"https:\/\/platform.twitter.com\/widgets.js\" charset=\"utf-8\"><\/script>\n<\/div><\/figure>\n\n\n\n<figure class=\"wp-block-embed is-type-rich is-provider-twitter wp-block-embed-twitter\"><div class=\"wp-block-embed__wrapper\">\n<blockquote class=\"twitter-tweet\" data-width=\"550\" data-dnt=\"true\"><p lang=\"en\" dir=\"ltr\">PSG should automatically lose for wearing those kits<\/p>&mdash; Amin \ud83c\uddf2\ud83c\udde8 (@AminMunegu) <a href=\"https:\/\/twitter.com\/AminMunegu\/status\/1373727163648770051?ref_src=twsrc%5Etfw\">March 21, 2021<\/a><\/blockquote><script async src=\"https:\/\/platform.twitter.com\/widgets.js\" charset=\"utf-8\"><\/script>\n<\/div><\/figure>\n\n\n\n<figure class=\"wp-block-embed is-type-rich is-provider-twitter wp-block-embed-twitter\"><div class=\"wp-block-embed__wrapper\">\n<blockquote class=\"twitter-tweet\" data-width=\"550\" data-dnt=\"true\"><p lang=\"en\" dir=\"ltr\">Let\u2019s goooooo<br>P.S. bin the awful kit <a href=\"https:\/\/twitter.com\/PSG_English?ref_src=twsrc%5Etfw\">@PSG_English<\/a> <a href=\"https:\/\/t.co\/pEGc26Sgv5\">pic.twitter.com\/pEGc26Sgv5<\/a><\/p>&mdash; Kyr\u00e9e (@ferranholic) <a href=\"https:\/\/twitter.com\/ferranholic\/status\/1373726872593371141?ref_src=twsrc%5Etfw\">March 21, 2021<\/a><\/blockquote><script async src=\"https:\/\/platform.twitter.com\/widgets.js\" charset=\"utf-8\"><\/script>\n<\/div><\/figure>\n\n\n\n<figure class=\"wp-block-embed is-type-rich is-provider-twitter wp-block-embed-twitter\"><div class=\"wp-block-embed__wrapper\">\n<blockquote class=\"twitter-tweet\" data-width=\"550\" data-dnt=\"true\"><p lang=\"en\" dir=\"ltr\">That PSG away shirt looks like something a 90s goalie would wear<\/p>&mdash; Niall Deacon (@nialldeacon) <a href=\"https:\/\/twitter.com\/nialldeacon\/status\/1373727757675413509?ref_src=twsrc%5Etfw\">March 21, 2021<\/a><\/blockquote><script async src=\"https:\/\/platform.twitter.com\/widgets.js\" charset=\"utf-8\"><\/script>\n<\/div><\/figure>\n","protected":false},"excerpt":{"rendered":"<p>PSG er i aftenens kamp mod Lyon if\u00f8rt klubbens fjerdetr\u00f8je, og den falder ikke i alles smag<\/p>\n","protected":false},"author":705,"featured_media":244242,"comment_status":"open","ping_status":"closed","sticky":false,"template":"","format":"standard","meta":{"om_disable_all_campaigns":false,"push_articles_ronaldo":{"active":false,"canonical":0,"publish":false},"force_updates":null},"categories":[2470],"tags":[397,461],"enet_tags":{"league":["53"],"team":["9847"],"sport_events":[]},"yoast_head":"<!-- This site is optimized with the Yoast SEO plugin v18.3 - https:\/\/yoast.com\/wordpress\/plugins\/seo\/ -->\n<title>PSG-tr\u00f8je v\u00e6kker opsigt: &quot;De burde taberd\u00f8mmes&quot;<\/title>\n<meta name=\"description\" content=\"PSG er i aftenens kamp mod Lyon if\u00f8rt klubbens fjerdetr\u00f8je, og den falder ikke i alles smag\" \/>\n<meta name=\"robots\" content=\"index, follow, max-snippet:-1, max-image-preview:large, max-video-preview:-1\" \/>\n<link rel=\"canonical\" href=\"https:\/\/acefootball.com\/da\/fodboldnyheder\/psg-troeje-vaekker-opsigt-de-burde-taberdoemmes\/\" \/>\n<meta property=\"og:locale\" content=\"en_US\" \/>\n<meta property=\"og:type\" content=\"article\" \/>\n<meta property=\"og:title\" content=\"PSG-tr\u00f8je v\u00e6kker opsigt: &quot;De burde taberd\u00f8mmes&quot;\" \/>\n<meta property=\"og:description\" content=\"PSG er i aftenens kamp mod Lyon if\u00f8rt klubbens fjerdetr\u00f8je, og den falder ikke i alles smag\" \/>\n<meta property=\"og:url\" content=\"https:\/\/acefootball.com\/da\/fodboldnyheder\/psg-troeje-vaekker-opsigt-de-burde-taberdoemmes\/\" \/>\n<meta property=\"og:site_name\" content=\"Ace Football Danmark\" \/>\n<meta property=\"article:publisher\" content=\"https:\/\/www.facebook.com\/acefootballdk\" \/>\n<meta property=\"article:published_time\" content=\"2021-03-21T20:20:54+00:00\" \/>\n<meta property=\"og:image\" content=\"https:\/\/acefootball.com\/da\/wp-content\/uploads\/sites\/2\/2021\/03\/Laes-mere-generel-8-2.jpg\" \/>\n\t<meta property=\"og:image:width\" content=\"1920\" \/>\n\t<meta property=\"og:image:height\" content=\"1008\" \/>\n\t<meta property=\"og:image:type\" content=\"image\/jpeg\" \/>\n<meta name=\"twitter:card\" content=\"summary_large_image\" \/>\n<meta name=\"twitter:label1\" content=\"Written by\" \/>\n\t<meta name=\"twitter:data1\" content=\"Mads Dreyer\" \/>\n\t<meta name=\"twitter:label2\" content=\"Est. reading time\" \/>\n\t<meta name=\"twitter:data2\" content=\"1 minute\" \/>\n<script type=\"application\/ld+json\" class=\"yoast-schema-graph\">{\"@context\":\"https:\/\/schema.org\",\"@graph\":[{\"@type\":\"Organization\",\"@id\":\"https:\/\/acefootball.com\/da\/#organization\",\"name\":\"Ace Football\",\"url\":\"https:\/\/acefootball.com\/da\/\",\"sameAs\":[\"https:\/\/www.facebook.com\/acefootballdk\"],\"logo\":{\"@type\":\"ImageObject\",\"@id\":\"https:\/\/acefootball.com\/da\/#logo\",\"inLanguage\":\"en-US\",\"url\":\"https:\/\/acefootball.com\/da\/wp-content\/uploads\/sites\/2\/2020\/07\/Ace-Football-30-07-2020-2.png\",\"contentUrl\":\"https:\/\/acefootball.com\/da\/wp-content\/uploads\/sites\/2\/2020\/07\/Ace-Football-30-07-2020-2.png\",\"width\":1200,\"height\":600,\"caption\":\"Ace Football\"},\"image\":{\"@id\":\"https:\/\/acefootball.com\/da\/#logo\"}},{\"@type\":\"WebSite\",\"@id\":\"https:\/\/acefootball.com\/da\/#website\",\"url\":\"https:\/\/acefootball.com\/da\/\",\"name\":\"Ace Football Danmark\",\"description\":\"Nyheder, Spiltips &amp; Livescore\",\"publisher\":{\"@id\":\"https:\/\/acefootball.com\/da\/#organization\"},\"potentialAction\":[{\"@type\":\"SearchAction\",\"target\":{\"@type\":\"EntryPoint\",\"urlTemplate\":\"https:\/\/acefootball.com\/da\/?s={search_term_string}\"},\"query-input\":\"required name=search_term_string\"}],\"inLanguage\":\"en-US\"},{\"@type\":\"ImageObject\",\"@id\":\"https:\/\/acefootball.com\/da\/fodboldnyheder\/psg-troeje-vaekker-opsigt-de-burde-taberdoemmes\/#primaryimage\",\"inLanguage\":\"en-US\",\"url\":\"https:\/\/acefootball.com\/da\/wp-content\/uploads\/sites\/2\/2021\/03\/Laes-mere-generel-8-2.jpg\",\"contentUrl\":\"https:\/\/acefootball.com\/da\/wp-content\/uploads\/sites\/2\/2021\/03\/Laes-mere-generel-8-2.jpg\",\"width\":1920,\"height\":1008,\"caption\":\"psg\"},{\"@type\":\"WebPage\",\"@id\":\"https:\/\/acefootball.com\/da\/fodboldnyheder\/psg-troeje-vaekker-opsigt-de-burde-taberdoemmes\/#webpage\",\"url\":\"https:\/\/acefootball.com\/da\/fodboldnyheder\/psg-troeje-vaekker-opsigt-de-burde-taberdoemmes\/\",\"name\":\"PSG-tr\u00f8je v\u00e6kker opsigt: \\\"De burde taberd\u00f8mmes\\\"\",\"isPartOf\":{\"@id\":\"https:\/\/acefootball.com\/da\/#website\"},\"primaryImageOfPage\":{\"@id\":\"https:\/\/acefootball.com\/da\/fodboldnyheder\/psg-troeje-vaekker-opsigt-de-burde-taberdoemmes\/#primaryimage\"},\"datePublished\":\"2021-03-21T20:20:54+00:00\",\"dateModified\":\"2021-03-21T20:20:54+00:00\",\"description\":\"PSG er i aftenens kamp mod Lyon if\u00f8rt klubbens fjerdetr\u00f8je, og den falder ikke i alles smag\",\"breadcrumb\":{\"@id\":\"https:\/\/acefootball.com\/da\/fodboldnyheder\/psg-troeje-vaekker-opsigt-de-burde-taberdoemmes\/#breadcrumb\"},\"inLanguage\":\"en-US\",\"potentialAction\":[{\"@type\":\"ReadAction\",\"target\":[\"https:\/\/acefootball.com\/da\/fodboldnyheder\/psg-troeje-vaekker-opsigt-de-burde-taberdoemmes\/\"]}]},{\"@type\":\"BreadcrumbList\",\"@id\":\"https:\/\/acefootball.com\/da\/fodboldnyheder\/psg-troeje-vaekker-opsigt-de-burde-taberdoemmes\/#breadcrumb\",\"itemListElement\":[{\"@type\":\"ListItem\",\"position\":1,\"name\":\"Home\",\"item\":\"https:\/\/acefootball.com\/da\/\"},{\"@type\":\"ListItem\",\"position\":2,\"name\":\"PSG-tr\u00f8je v\u00e6kker opsigt: &#8220;De burde taberd\u00f8mmes&#8221;\"}]},{\"@type\":\"Article\",\"@id\":\"https:\/\/acefootball.com\/da\/fodboldnyheder\/psg-troeje-vaekker-opsigt-de-burde-taberdoemmes\/#article\",\"isPartOf\":{\"@id\":\"https:\/\/acefootball.com\/da\/fodboldnyheder\/psg-troeje-vaekker-opsigt-de-burde-taberdoemmes\/#webpage\"},\"author\":{\"@id\":\"https:\/\/acefootball.com\/da\/#\/schema\/person\/ee67e9cf04a276f144100ffa722f10cd\"},\"headline\":\"PSG-tr\u00f8je v\u00e6kker opsigt: &#8220;De burde taberd\u00f8mmes&#8221;\",\"datePublished\":\"2021-03-21T20:20:54+00:00\",\"dateModified\":\"2021-03-21T20:20:54+00:00\",\"mainEntityOfPage\":{\"@id\":\"https:\/\/acefootball.com\/da\/fodboldnyheder\/psg-troeje-vaekker-opsigt-de-burde-taberdoemmes\/#webpage\"},\"wordCount\":150,\"commentCount\":0,\"publisher\":{\"@id\":\"https:\/\/acefootball.com\/da\/#organization\"},\"image\":{\"@id\":\"https:\/\/acefootball.com\/da\/fodboldnyheder\/psg-troeje-vaekker-opsigt-de-burde-taberdoemmes\/#primaryimage\"},\"thumbnailUrl\":\"https:\/\/acefootball.com\/da\/wp-content\/uploads\/sites\/2\/2020\/11\/GettyImages-1267717504.jpg\",\"keywords\":[\"Ligue 1\",\"Paris Saint-Germain\"],\"articleSection\":[\"Offsite\"],\"inLanguage\":\"en-US\",\"potentialAction\":[{\"@type\":\"CommentAction\",\"name\":\"Comment\",\"target\":[\"https:\/\/acefootball.com\/da\/fodboldnyheder\/psg-troeje-vaekker-opsigt-de-burde-taberdoemmes\/#respond\"]}]},{\"@type\":\"Person\",\"@id\":\"https:\/\/acefootball.com\/da\/#\/schema\/person\/ee67e9cf04a276f144100ffa722f10cd\",\"name\":\"Mads Dreyer\",\"image\":{\"@type\":\"ImageObject\",\"@id\":\"https:\/\/acefootball.com\/da\/#personlogo\",\"inLanguage\":\"en-US\",\"url\":\"https:\/\/secure.gravatar.com\/avatar\/7c7abf72cfde9902b6a60efe60c88d4c?s=96&d=mm&r=g\",\"contentUrl\":\"https:\/\/secure.gravatar.com\/avatar\/7c7abf72cfde9902b6a60efe60c88d4c?s=96&d=mm&r=g\",\"caption\":\"Mads Dreyer\"},\"description\":\"Skribent og fodboldn\u00f8rd, der lige nu fort\u00e6ller om alt og intet i fodboldverdenen p\u00e5 acefootball.com. Uddannet i kommunikation fra Aalborg Universitet.\",\"sameAs\":[\"https:\/\/www.linkedin.com\/in\/mads-dreyer-b9b08266\/\"],\"url\":\"https:\/\/acefootball.com\/da\/fodboldnyheder\/author\/mdnronaldo\/\"}]}<\/script>\n<!-- \/ Yoast SEO plugin. -->","yoast_head_json":{"title":"PSG-tr\u00f8je v\u00e6kker opsigt: \"De burde taberd\u00f8mmes\"","description":"PSG er i aftenens kamp mod Lyon if\u00f8rt klubbens fjerdetr\u00f8je, og den falder ikke i alles smag","robots":{"index":"index","follow":"follow","max-snippet":"max-snippet:-1","max-image-preview":"max-image-preview:large","max-video-preview":"max-video-preview:-1"},"canonical":"https:\/\/acefootball.com\/da\/fodboldnyheder\/psg-troeje-vaekker-opsigt-de-burde-taberdoemmes\/","og_locale":"en_US","og_type":"article","og_title":"PSG-tr\u00f8je v\u00e6kker opsigt: \"De burde taberd\u00f8mmes\"","og_description":"PSG er i aftenens kamp mod Lyon if\u00f8rt klubbens fjerdetr\u00f8je, og den falder ikke i alles smag","og_url":"https:\/\/acefootball.com\/da\/fodboldnyheder\/psg-troeje-vaekker-opsigt-de-burde-taberdoemmes\/","og_site_name":"Ace Football Danmark","article_publisher":"https:\/\/www.facebook.com\/acefootballdk","article_published_time":"2021-03-21T20:20:54+00:00","og_image":[{"width":1920,"height":1008,"url":"https:\/\/acefootball.com\/da\/wp-content\/uploads\/sites\/2\/2021\/03\/Laes-mere-generel-8-2.jpg","type":"image\/jpeg"}],"twitter_card":"summary_large_image","twitter_misc":{"Written by":"Mads Dreyer","Est. reading time":"1 minute"},"schema":{"@context":"https:\/\/schema.org","@graph":[{"@type":"Organization","@id":"https:\/\/acefootball.com\/da\/#organization","name":"Ace Football","url":"https:\/\/acefootball.com\/da\/","sameAs":["https:\/\/www.facebook.com\/acefootballdk"],"logo":{"@type":"ImageObject","@id":"https:\/\/acefootball.com\/da\/#logo","inLanguage":"en-US","url":"https:\/\/acefootball.com\/da\/wp-content\/uploads\/sites\/2\/2020\/07\/Ace-Football-30-07-2020-2.png","contentUrl":"https:\/\/acefootball.com\/da\/wp-content\/uploads\/sites\/2\/2020\/07\/Ace-Football-30-07-2020-2.png","width":1200,"height":600,"caption":"Ace Football"},"image":{"@id":"https:\/\/acefootball.com\/da\/#logo"}},{"@type":"WebSite","@id":"https:\/\/acefootball.com\/da\/#website","url":"https:\/\/acefootball.com\/da\/","name":"Ace Football Danmark","description":"Nyheder, Spiltips &amp; Livescore","publisher":{"@id":"https:\/\/acefootball.com\/da\/#organization"},"potentialAction":[{"@type":"SearchAction","target":{"@type":"EntryPoint","urlTemplate":"https:\/\/acefootball.com\/da\/?s={search_term_string}"},"query-input":"required name=search_term_string"}],"inLanguage":"en-US"},{"@type":"ImageObject","@id":"https:\/\/acefootball.com\/da\/fodboldnyheder\/psg-troeje-vaekker-opsigt-de-burde-taberdoemmes\/#primaryimage","inLanguage":"en-US","url":"https:\/\/acefootball.com\/da\/wp-content\/uploads\/sites\/2\/2021\/03\/Laes-mere-generel-8-2.jpg","contentUrl":"https:\/\/acefootball.com\/da\/wp-content\/uploads\/sites\/2\/2021\/03\/Laes-mere-generel-8-2.jpg","width":1920,"height":1008,"caption":"psg"},{"@type":"WebPage","@id":"https:\/\/acefootball.com\/da\/fodboldnyheder\/psg-troeje-vaekker-opsigt-de-burde-taberdoemmes\/#webpage","url":"https:\/\/acefootball.com\/da\/fodboldnyheder\/psg-troeje-vaekker-opsigt-de-burde-taberdoemmes\/","name":"PSG-tr\u00f8je v\u00e6kker opsigt: \"De burde taberd\u00f8mmes\"","isPartOf":{"@id":"https:\/\/acefootball.com\/da\/#website"},"primaryImageOfPage":{"@id":"https:\/\/acefootball.com\/da\/fodboldnyheder\/psg-troeje-vaekker-opsigt-de-burde-taberdoemmes\/#primaryimage"},"datePublished":"2021-03-21T20:20:54+00:00","dateModified":"2021-03-21T20:20:54+00:00","description":"PSG er i aftenens kamp mod Lyon if\u00f8rt klubbens fjerdetr\u00f8je, og den falder ikke i alles smag","breadcrumb":{"@id":"https:\/\/acefootball.com\/da\/fodboldnyheder\/psg-troeje-vaekker-opsigt-de-burde-taberdoemmes\/#breadcrumb"},"inLanguage":"en-US","potentialAction":[{"@type":"ReadAction","target":["https:\/\/acefootball.com\/da\/fodboldnyheder\/psg-troeje-vaekker-opsigt-de-burde-taberdoemmes\/"]}]},{"@type":"BreadcrumbList","@id":"https:\/\/acefootball.com\/da\/fodboldnyheder\/psg-troeje-vaekker-opsigt-de-burde-taberdoemmes\/#breadcrumb","itemListElement":[{"@type":"ListItem","position":1,"name":"Home","item":"https:\/\/acefootball.com\/da\/"},{"@type":"ListItem","position":2,"name":"PSG-tr\u00f8je v\u00e6kker opsigt: &#8220;De burde taberd\u00f8mmes&#8221;"}]},{"@type":"Article","@id":"https:\/\/acefootball.com\/da\/fodboldnyheder\/psg-troeje-vaekker-opsigt-de-burde-taberdoemmes\/#article","isPartOf":{"@id":"https:\/\/acefootball.com\/da\/fodboldnyheder\/psg-troeje-vaekker-opsigt-de-burde-taberdoemmes\/#webpage"},"author":{"@id":"https:\/\/acefootball.com\/da\/#\/schema\/person\/ee67e9cf04a276f144100ffa722f10cd"},"headline":"PSG-tr\u00f8je v\u00e6kker opsigt: &#8220;De burde taberd\u00f8mmes&#8221;","datePublished":"2021-03-21T20:20:54+00:00","dateModified":"2021-03-21T20:20:54+00:00","mainEntityOfPage":{"@id":"https:\/\/acefootball.com\/da\/fodboldnyheder\/psg-troeje-vaekker-opsigt-de-burde-taberdoemmes\/#webpage"},"wordCount":150,"commentCount":0,"publisher":{"@id":"https:\/\/acefootball.com\/da\/#organization"},"image":{"@id":"https:\/\/acefootball.com\/da\/fodboldnyheder\/psg-troeje-vaekker-opsigt-de-burde-taberdoemmes\/#primaryimage"},"thumbnailUrl":"https:\/\/acefootball.com\/da\/wp-content\/uploads\/sites\/2\/2020\/11\/GettyImages-1267717504.jpg","keywords":["Ligue 1","Paris Saint-Germain"],"articleSection":["Offsite"],"inLanguage":"en-US","potentialAction":[{"@type":"CommentAction","name":"Comment","target":["https:\/\/acefootball.com\/da\/fodboldnyheder\/psg-troeje-vaekker-opsigt-de-burde-taberdoemmes\/#respond"]}]},{"@type":"Person","@id":"https:\/\/acefootball.com\/da\/#\/schema\/person\/ee67e9cf04a276f144100ffa722f10cd","name":"Mads Dreyer","image":{"@type":"ImageObject","@id":"https:\/\/acefootball.com\/da\/#personlogo","inLanguage":"en-US","url":"https:\/\/secure.gravatar.com\/avatar\/7c7abf72cfde9902b6a60efe60c88d4c?s=96&d=mm&r=g","contentUrl":"https:\/\/secure.gravatar.com\/avatar\/7c7abf72cfde9902b6a60efe60c88d4c?s=96&d=mm&r=g","caption":"Mads Dreyer"},"description":"Skribent og fodboldn\u00f8rd, der lige nu fort\u00e6ller om alt og intet i fodboldverdenen p\u00e5 acefootball.com. Uddannet i kommunikation fra Aalborg Universitet.","sameAs":["https:\/\/www.linkedin.com\/in\/mads-dreyer-b9b08266\/"],"url":"https:\/\/acefootball.com\/da\/fodboldnyheder\/author\/mdnronaldo\/"}]}},"fimg_url":"https:\/\/acefootball.com\/da\/wp-content\/uploads\/sites\/2\/2020\/11\/GettyImages-1267717504.jpg","_links":{"self":[{"href":"https:\/\/acefootball.com\/da\/wp-json\/wp\/v2\/posts\/255289"}],"collection":[{"href":"https:\/\/acefootball.com\/da\/wp-json\/wp\/v2\/posts"}],"about":[{"href":"https:\/\/acefootball.com\/da\/wp-json\/wp\/v2\/types\/post"}],"author":[{"embeddable":true,"href":"https:\/\/acefootball.com\/da\/wp-json\/wp\/v2\/users\/705"}],"replies":[{"embeddable":true,"href":"https:\/\/acefootball.com\/da\/wp-json\/wp\/v2\/comments?post=255289"}],"version-history":[{"count":0,"href":"https:\/\/acefootball.com\/da\/wp-json\/wp\/v2\/posts\/255289\/revisions"}],"wp:featuredmedia":[{"embeddable":true,"href":"https:\/\/acefootball.com\/da\/wp-json\/wp\/v2\/media\/244242"}],"wp:attachment":[{"href":"https:\/\/acefootball.com\/da\/wp-json\/wp\/v2\/media?parent=255289"}],"wp:term":[{"taxonomy":"category","embeddable":true,"href":"https:\/\/acefootball.com\/da\/wp-json\/wp\/v2\/categories?post=255289"},{"taxonomy":"post_tag","embeddable":true,"href":"https:\/\/acefootball.com\/da\/wp-json\/wp\/v2\/tags?post=255289"}],"curies":[{"name":"wp","href":"https:\/\/api.w.org\/{rel}","templated":true}]}}