{"id":255111,"date":"2021-03-20T10:27:54","date_gmt":"2021-03-20T09:27:54","guid":{"rendered":"https:\/\/acefootball.com\/da\/?p=255111"},"modified":"2021-03-20T10:27:55","modified_gmt":"2021-03-20T09:27:55","slug":"dansk-em-modstander-kan-vaere-uden-kaempestjerne","status":"publish","type":"post","link":"https:\/\/acefootball.com\/da\/fodboldnyheder\/dansk-em-modstander-kan-vaere-uden-kaempestjerne\/","title":{"rendered":"Dansk EM-modstander kan v\u00e6re uden k\u00e6mpestjerne"},"content":{"rendered":"\n<h2 id=\"h-de-danske-em-modstandere-fra-belgien-kan-til-slutrunden-v-re-uden-en-af-holdets-helt-store-stjerner-eden-hazard\">De danske EM-modstandere fra Belgien kan til slutrunden v\u00e6re uden en af holdets helt store stjerner, Eden Hazard<\/h2>\n\n\n\n<p>Danmark led nederlag to gange mod Belgien i efter\u00e5rets Nations League, og vi f\u00e5r igen forn\u00f8jelsen af belgierne, da vi er havnet i samme pulje ved sommerens EM-slutrunde.<\/p>\n\n\n\n<p>Her kan verdensetterne dog v\u00e6re uden en af holdets helt store stjerner, Eden Hazard, som muligvis ikke kommer i form til turneringen. Det antyder landstr\u00e6ner Roberto Mart\u00ednez.<\/p>\n\n\n\n<p>&#8220;Det ville v\u00e6re forkert eller ren g\u00e6tv\u00e6rk for nogen at sp\u00e5 om, hvorvidt Eden bliver helt klar eller ej. Jeg mener, hans problem kan l\u00f8ses langt inden EM, men vi finder f\u00f8rst svaret, n\u00e5r Eden tager det en dag af gangen,&#8221; udtaler Mart\u00ednez if\u00f8lge <a href=\"https:\/\/www.dailymail.co.uk\/sport\/football\/article-9383377\/Eden-Hazard-facing-race-against-time-fit-Euros-Belgium-boss-Martinez-says.html?ns_mchannel=rss&amp;ns_campaign=1490&amp;ito=1490\" target=\"_blank\" rel=\"noreferrer noopener\">Daily Mail<\/a>.<\/p>\n\n\n\n<p>Eden Hazard l\u00f8b for nyligt ind i endnu en skade, efter han ellers lige var kommet tilbage fra en l\u00e6ngerevarende muskelskade.<\/p>\n\n\n\n<p>Real Madrid har meddelt, at offensivspilleren ikke skal p\u00e5 operationsbordet, hvilket definitivt ville have udelukket ham fra resten af s\u00e6sonen, inklusiv EM.<\/p>\n","protected":false},"excerpt":{"rendered":"<p>De danske EM-modstandere fra Belgien kan til slutrunden v\u00e6re uden en af holdets helt store stjerner, Eden Hazard<\/p>\n","protected":false},"author":705,"featured_media":235948,"comment_status":"open","ping_status":"closed","sticky":false,"template":"","format":"standard","meta":{"om_disable_all_campaigns":false,"push_articles_ronaldo":{"active":false,"canonical":0,"publish":false},"force_updates":null},"categories":[8204],"tags":[1018,692,636,85],"enet_tags":{"team":["8263","8238","8633"],"player":["107417"],"sport_events":[]},"yoast_head":"<!-- This site is optimized with the Yoast SEO plugin v18.3 - https:\/\/yoast.com\/wordpress\/plugins\/seo\/ -->\n<title>Dansk EM-modstander kan v\u00e6re uden k\u00e6mpestjerne<\/title>\n<meta name=\"description\" content=\"De danske EM-modstandere fra Belgien kan til slutrunden v\u00e6re uden en af holdets helt store stjerner, Eden Hazard\" \/>\n<meta name=\"robots\" content=\"index, follow, max-snippet:-1, max-image-preview:large, max-video-preview:-1\" \/>\n<link rel=\"canonical\" href=\"https:\/\/acefootball.com\/da\/fodboldnyheder\/dansk-em-modstander-kan-vaere-uden-kaempestjerne\/\" \/>\n<meta property=\"og:locale\" content=\"en_US\" \/>\n<meta property=\"og:type\" content=\"article\" \/>\n<meta property=\"og:title\" content=\"Dansk EM-modstander kan v\u00e6re uden k\u00e6mpestjerne\" \/>\n<meta property=\"og:description\" content=\"De danske EM-modstandere fra Belgien kan til slutrunden v\u00e6re uden en af holdets helt store stjerner, Eden Hazard\" \/>\n<meta property=\"og:url\" content=\"https:\/\/acefootball.com\/da\/fodboldnyheder\/dansk-em-modstander-kan-vaere-uden-kaempestjerne\/\" \/>\n<meta property=\"og:site_name\" content=\"Ace Football Danmark\" \/>\n<meta property=\"article:publisher\" content=\"https:\/\/www.facebook.com\/acefootballdk\" \/>\n<meta property=\"article:published_time\" content=\"2021-03-20T09:27:54+00:00\" \/>\n<meta property=\"article:modified_time\" content=\"2021-03-20T09:27:55+00:00\" \/>\n<meta property=\"og:image\" content=\"https:\/\/acefootball.com\/da\/wp-content\/uploads\/sites\/2\/2021\/03\/Laes-mere-generel-68-1.jpg\" \/>\n\t<meta property=\"og:image:width\" content=\"1920\" \/>\n\t<meta property=\"og:image:height\" content=\"1008\" \/>\n\t<meta property=\"og:image:type\" content=\"image\/jpeg\" \/>\n<meta name=\"twitter:card\" content=\"summary_large_image\" \/>\n<meta name=\"twitter:label1\" content=\"Written by\" \/>\n\t<meta name=\"twitter:data1\" content=\"Mads Dreyer\" \/>\n\t<meta name=\"twitter:label2\" content=\"Est. reading time\" \/>\n\t<meta name=\"twitter:data2\" content=\"1 minute\" \/>\n<script type=\"application\/ld+json\" class=\"yoast-schema-graph\">{\"@context\":\"https:\/\/schema.org\",\"@graph\":[{\"@type\":\"Organization\",\"@id\":\"https:\/\/acefootball.com\/da\/#organization\",\"name\":\"Ace Football\",\"url\":\"https:\/\/acefootball.com\/da\/\",\"sameAs\":[\"https:\/\/www.facebook.com\/acefootballdk\"],\"logo\":{\"@type\":\"ImageObject\",\"@id\":\"https:\/\/acefootball.com\/da\/#logo\",\"inLanguage\":\"en-US\",\"url\":\"https:\/\/acefootball.com\/da\/wp-content\/uploads\/sites\/2\/2020\/07\/Ace-Football-30-07-2020-2.png\",\"contentUrl\":\"https:\/\/acefootball.com\/da\/wp-content\/uploads\/sites\/2\/2020\/07\/Ace-Football-30-07-2020-2.png\",\"width\":1200,\"height\":600,\"caption\":\"Ace Football\"},\"image\":{\"@id\":\"https:\/\/acefootball.com\/da\/#logo\"}},{\"@type\":\"WebSite\",\"@id\":\"https:\/\/acefootball.com\/da\/#website\",\"url\":\"https:\/\/acefootball.com\/da\/\",\"name\":\"Ace Football Danmark\",\"description\":\"Nyheder, Spiltips &amp; Livescore\",\"publisher\":{\"@id\":\"https:\/\/acefootball.com\/da\/#organization\"},\"potentialAction\":[{\"@type\":\"SearchAction\",\"target\":{\"@type\":\"EntryPoint\",\"urlTemplate\":\"https:\/\/acefootball.com\/da\/?s={search_term_string}\"},\"query-input\":\"required name=search_term_string\"}],\"inLanguage\":\"en-US\"},{\"@type\":\"ImageObject\",\"@id\":\"https:\/\/acefootball.com\/da\/fodboldnyheder\/dansk-em-modstander-kan-vaere-uden-kaempestjerne\/#primaryimage\",\"inLanguage\":\"en-US\",\"url\":\"https:\/\/acefootball.com\/da\/wp-content\/uploads\/sites\/2\/2021\/03\/Laes-mere-generel-68-1.jpg\",\"contentUrl\":\"https:\/\/acefootball.com\/da\/wp-content\/uploads\/sites\/2\/2021\/03\/Laes-mere-generel-68-1.jpg\",\"width\":1920,\"height\":1008,\"caption\":\"hazard og de bruyne, belgien\"},{\"@type\":\"WebPage\",\"@id\":\"https:\/\/acefootball.com\/da\/fodboldnyheder\/dansk-em-modstander-kan-vaere-uden-kaempestjerne\/#webpage\",\"url\":\"https:\/\/acefootball.com\/da\/fodboldnyheder\/dansk-em-modstander-kan-vaere-uden-kaempestjerne\/\",\"name\":\"Dansk EM-modstander kan v\u00e6re uden k\u00e6mpestjerne\",\"isPartOf\":{\"@id\":\"https:\/\/acefootball.com\/da\/#website\"},\"primaryImageOfPage\":{\"@id\":\"https:\/\/acefootball.com\/da\/fodboldnyheder\/dansk-em-modstander-kan-vaere-uden-kaempestjerne\/#primaryimage\"},\"datePublished\":\"2021-03-20T09:27:54+00:00\",\"dateModified\":\"2021-03-20T09:27:55+00:00\",\"description\":\"De danske EM-modstandere fra Belgien kan til slutrunden v\u00e6re uden en af holdets helt store stjerner, Eden Hazard\",\"breadcrumb\":{\"@id\":\"https:\/\/acefootball.com\/da\/fodboldnyheder\/dansk-em-modstander-kan-vaere-uden-kaempestjerne\/#breadcrumb\"},\"inLanguage\":\"en-US\",\"potentialAction\":[{\"@type\":\"ReadAction\",\"target\":[\"https:\/\/acefootball.com\/da\/fodboldnyheder\/dansk-em-modstander-kan-vaere-uden-kaempestjerne\/\"]}]},{\"@type\":\"BreadcrumbList\",\"@id\":\"https:\/\/acefootball.com\/da\/fodboldnyheder\/dansk-em-modstander-kan-vaere-uden-kaempestjerne\/#breadcrumb\",\"itemListElement\":[{\"@type\":\"ListItem\",\"position\":1,\"name\":\"Home\",\"item\":\"https:\/\/acefootball.com\/da\/\"},{\"@type\":\"ListItem\",\"position\":2,\"name\":\"Dansk EM-modstander kan v\u00e6re uden k\u00e6mpestjerne\"}]},{\"@type\":\"Article\",\"@id\":\"https:\/\/acefootball.com\/da\/fodboldnyheder\/dansk-em-modstander-kan-vaere-uden-kaempestjerne\/#article\",\"isPartOf\":{\"@id\":\"https:\/\/acefootball.com\/da\/fodboldnyheder\/dansk-em-modstander-kan-vaere-uden-kaempestjerne\/#webpage\"},\"author\":{\"@id\":\"https:\/\/acefootball.com\/da\/#\/schema\/person\/ee67e9cf04a276f144100ffa722f10cd\"},\"headline\":\"Dansk EM-modstander kan v\u00e6re uden k\u00e6mpestjerne\",\"datePublished\":\"2021-03-20T09:27:54+00:00\",\"dateModified\":\"2021-03-20T09:27:55+00:00\",\"mainEntityOfPage\":{\"@id\":\"https:\/\/acefootball.com\/da\/fodboldnyheder\/dansk-em-modstander-kan-vaere-uden-kaempestjerne\/#webpage\"},\"wordCount\":188,\"commentCount\":0,\"publisher\":{\"@id\":\"https:\/\/acefootball.com\/da\/#organization\"},\"image\":{\"@id\":\"https:\/\/acefootball.com\/da\/fodboldnyheder\/dansk-em-modstander-kan-vaere-uden-kaempestjerne\/#primaryimage\"},\"thumbnailUrl\":\"https:\/\/acefootball.com\/da\/wp-content\/uploads\/sites\/2\/2020\/09\/GettyImages-977844322.jpg\",\"keywords\":[\"Belgien\",\"Danmark\",\"Eden Hazard\",\"Real Madrid\"],\"articleSection\":[\"Udtalelse\"],\"inLanguage\":\"en-US\",\"potentialAction\":[{\"@type\":\"CommentAction\",\"name\":\"Comment\",\"target\":[\"https:\/\/acefootball.com\/da\/fodboldnyheder\/dansk-em-modstander-kan-vaere-uden-kaempestjerne\/#respond\"]}]},{\"@type\":\"Person\",\"@id\":\"https:\/\/acefootball.com\/da\/#\/schema\/person\/ee67e9cf04a276f144100ffa722f10cd\",\"name\":\"Mads Dreyer\",\"image\":{\"@type\":\"ImageObject\",\"@id\":\"https:\/\/acefootball.com\/da\/#personlogo\",\"inLanguage\":\"en-US\",\"url\":\"https:\/\/secure.gravatar.com\/avatar\/7c7abf72cfde9902b6a60efe60c88d4c?s=96&d=mm&r=g\",\"contentUrl\":\"https:\/\/secure.gravatar.com\/avatar\/7c7abf72cfde9902b6a60efe60c88d4c?s=96&d=mm&r=g\",\"caption\":\"Mads Dreyer\"},\"description\":\"Skribent og fodboldn\u00f8rd, der lige nu fort\u00e6ller om alt og intet i fodboldverdenen p\u00e5 acefootball.com. Uddannet i kommunikation fra Aalborg Universitet.\",\"sameAs\":[\"https:\/\/www.linkedin.com\/in\/mads-dreyer-b9b08266\/\"],\"url\":\"https:\/\/acefootball.com\/da\/fodboldnyheder\/author\/mdnronaldo\/\"}]}<\/script>\n<!-- \/ Yoast SEO plugin. -->","yoast_head_json":{"title":"Dansk EM-modstander kan v\u00e6re uden k\u00e6mpestjerne","description":"De danske EM-modstandere fra Belgien kan til slutrunden v\u00e6re uden en af holdets helt store stjerner, Eden Hazard","robots":{"index":"index","follow":"follow","max-snippet":"max-snippet:-1","max-image-preview":"max-image-preview:large","max-video-preview":"max-video-preview:-1"},"canonical":"https:\/\/acefootball.com\/da\/fodboldnyheder\/dansk-em-modstander-kan-vaere-uden-kaempestjerne\/","og_locale":"en_US","og_type":"article","og_title":"Dansk EM-modstander kan v\u00e6re uden k\u00e6mpestjerne","og_description":"De danske EM-modstandere fra Belgien kan til slutrunden v\u00e6re uden en af holdets helt store stjerner, Eden Hazard","og_url":"https:\/\/acefootball.com\/da\/fodboldnyheder\/dansk-em-modstander-kan-vaere-uden-kaempestjerne\/","og_site_name":"Ace Football Danmark","article_publisher":"https:\/\/www.facebook.com\/acefootballdk","article_published_time":"2021-03-20T09:27:54+00:00","article_modified_time":"2021-03-20T09:27:55+00:00","og_image":[{"width":1920,"height":1008,"url":"https:\/\/acefootball.com\/da\/wp-content\/uploads\/sites\/2\/2021\/03\/Laes-mere-generel-68-1.jpg","type":"image\/jpeg"}],"twitter_card":"summary_large_image","twitter_misc":{"Written by":"Mads Dreyer","Est. reading time":"1 minute"},"schema":{"@context":"https:\/\/schema.org","@graph":[{"@type":"Organization","@id":"https:\/\/acefootball.com\/da\/#organization","name":"Ace Football","url":"https:\/\/acefootball.com\/da\/","sameAs":["https:\/\/www.facebook.com\/acefootballdk"],"logo":{"@type":"ImageObject","@id":"https:\/\/acefootball.com\/da\/#logo","inLanguage":"en-US","url":"https:\/\/acefootball.com\/da\/wp-content\/uploads\/sites\/2\/2020\/07\/Ace-Football-30-07-2020-2.png","contentUrl":"https:\/\/acefootball.com\/da\/wp-content\/uploads\/sites\/2\/2020\/07\/Ace-Football-30-07-2020-2.png","width":1200,"height":600,"caption":"Ace Football"},"image":{"@id":"https:\/\/acefootball.com\/da\/#logo"}},{"@type":"WebSite","@id":"https:\/\/acefootball.com\/da\/#website","url":"https:\/\/acefootball.com\/da\/","name":"Ace Football Danmark","description":"Nyheder, Spiltips &amp; Livescore","publisher":{"@id":"https:\/\/acefootball.com\/da\/#organization"},"potentialAction":[{"@type":"SearchAction","target":{"@type":"EntryPoint","urlTemplate":"https:\/\/acefootball.com\/da\/?s={search_term_string}"},"query-input":"required name=search_term_string"}],"inLanguage":"en-US"},{"@type":"ImageObject","@id":"https:\/\/acefootball.com\/da\/fodboldnyheder\/dansk-em-modstander-kan-vaere-uden-kaempestjerne\/#primaryimage","inLanguage":"en-US","url":"https:\/\/acefootball.com\/da\/wp-content\/uploads\/sites\/2\/2021\/03\/Laes-mere-generel-68-1.jpg","contentUrl":"https:\/\/acefootball.com\/da\/wp-content\/uploads\/sites\/2\/2021\/03\/Laes-mere-generel-68-1.jpg","width":1920,"height":1008,"caption":"hazard og de bruyne, belgien"},{"@type":"WebPage","@id":"https:\/\/acefootball.com\/da\/fodboldnyheder\/dansk-em-modstander-kan-vaere-uden-kaempestjerne\/#webpage","url":"https:\/\/acefootball.com\/da\/fodboldnyheder\/dansk-em-modstander-kan-vaere-uden-kaempestjerne\/","name":"Dansk EM-modstander kan v\u00e6re uden k\u00e6mpestjerne","isPartOf":{"@id":"https:\/\/acefootball.com\/da\/#website"},"primaryImageOfPage":{"@id":"https:\/\/acefootball.com\/da\/fodboldnyheder\/dansk-em-modstander-kan-vaere-uden-kaempestjerne\/#primaryimage"},"datePublished":"2021-03-20T09:27:54+00:00","dateModified":"2021-03-20T09:27:55+00:00","description":"De danske EM-modstandere fra Belgien kan til slutrunden v\u00e6re uden en af holdets helt store stjerner, Eden Hazard","breadcrumb":{"@id":"https:\/\/acefootball.com\/da\/fodboldnyheder\/dansk-em-modstander-kan-vaere-uden-kaempestjerne\/#breadcrumb"},"inLanguage":"en-US","potentialAction":[{"@type":"ReadAction","target":["https:\/\/acefootball.com\/da\/fodboldnyheder\/dansk-em-modstander-kan-vaere-uden-kaempestjerne\/"]}]},{"@type":"BreadcrumbList","@id":"https:\/\/acefootball.com\/da\/fodboldnyheder\/dansk-em-modstander-kan-vaere-uden-kaempestjerne\/#breadcrumb","itemListElement":[{"@type":"ListItem","position":1,"name":"Home","item":"https:\/\/acefootball.com\/da\/"},{"@type":"ListItem","position":2,"name":"Dansk EM-modstander kan v\u00e6re uden k\u00e6mpestjerne"}]},{"@type":"Article","@id":"https:\/\/acefootball.com\/da\/fodboldnyheder\/dansk-em-modstander-kan-vaere-uden-kaempestjerne\/#article","isPartOf":{"@id":"https:\/\/acefootball.com\/da\/fodboldnyheder\/dansk-em-modstander-kan-vaere-uden-kaempestjerne\/#webpage"},"author":{"@id":"https:\/\/acefootball.com\/da\/#\/schema\/person\/ee67e9cf04a276f144100ffa722f10cd"},"headline":"Dansk EM-modstander kan v\u00e6re uden k\u00e6mpestjerne","datePublished":"2021-03-20T09:27:54+00:00","dateModified":"2021-03-20T09:27:55+00:00","mainEntityOfPage":{"@id":"https:\/\/acefootball.com\/da\/fodboldnyheder\/dansk-em-modstander-kan-vaere-uden-kaempestjerne\/#webpage"},"wordCount":188,"commentCount":0,"publisher":{"@id":"https:\/\/acefootball.com\/da\/#organization"},"image":{"@id":"https:\/\/acefootball.com\/da\/fodboldnyheder\/dansk-em-modstander-kan-vaere-uden-kaempestjerne\/#primaryimage"},"thumbnailUrl":"https:\/\/acefootball.com\/da\/wp-content\/uploads\/sites\/2\/2020\/09\/GettyImages-977844322.jpg","keywords":["Belgien","Danmark","Eden Hazard","Real Madrid"],"articleSection":["Udtalelse"],"inLanguage":"en-US","potentialAction":[{"@type":"CommentAction","name":"Comment","target":["https:\/\/acefootball.com\/da\/fodboldnyheder\/dansk-em-modstander-kan-vaere-uden-kaempestjerne\/#respond"]}]},{"@type":"Person","@id":"https:\/\/acefootball.com\/da\/#\/schema\/person\/ee67e9cf04a276f144100ffa722f10cd","name":"Mads Dreyer","image":{"@type":"ImageObject","@id":"https:\/\/acefootball.com\/da\/#personlogo","inLanguage":"en-US","url":"https:\/\/secure.gravatar.com\/avatar\/7c7abf72cfde9902b6a60efe60c88d4c?s=96&d=mm&r=g","contentUrl":"https:\/\/secure.gravatar.com\/avatar\/7c7abf72cfde9902b6a60efe60c88d4c?s=96&d=mm&r=g","caption":"Mads Dreyer"},"description":"Skribent og fodboldn\u00f8rd, der lige nu fort\u00e6ller om alt og intet i fodboldverdenen p\u00e5 acefootball.com. Uddannet i kommunikation fra Aalborg Universitet.","sameAs":["https:\/\/www.linkedin.com\/in\/mads-dreyer-b9b08266\/"],"url":"https:\/\/acefootball.com\/da\/fodboldnyheder\/author\/mdnronaldo\/"}]}},"fimg_url":"https:\/\/acefootball.com\/da\/wp-content\/uploads\/sites\/2\/2020\/09\/GettyImages-977844322.jpg","_links":{"self":[{"href":"https:\/\/acefootball.com\/da\/wp-json\/wp\/v2\/posts\/255111"}],"collection":[{"href":"https:\/\/acefootball.com\/da\/wp-json\/wp\/v2\/posts"}],"about":[{"href":"https:\/\/acefootball.com\/da\/wp-json\/wp\/v2\/types\/post"}],"author":[{"embeddable":true,"href":"https:\/\/acefootball.com\/da\/wp-json\/wp\/v2\/users\/705"}],"replies":[{"embeddable":true,"href":"https:\/\/acefootball.com\/da\/wp-json\/wp\/v2\/comments?post=255111"}],"version-history":[{"count":0,"href":"https:\/\/acefootball.com\/da\/wp-json\/wp\/v2\/posts\/255111\/revisions"}],"wp:featuredmedia":[{"embeddable":true,"href":"https:\/\/acefootball.com\/da\/wp-json\/wp\/v2\/media\/235948"}],"wp:attachment":[{"href":"https:\/\/acefootball.com\/da\/wp-json\/wp\/v2\/media?parent=255111"}],"wp:term":[{"taxonomy":"category","embeddable":true,"href":"https:\/\/acefootball.com\/da\/wp-json\/wp\/v2\/categories?post=255111"},{"taxonomy":"post_tag","embeddable":true,"href":"https:\/\/acefootball.com\/da\/wp-json\/wp\/v2\/tags?post=255111"}],"curies":[{"name":"wp","href":"https:\/\/api.w.org\/{rel}","templated":true}]}}