{"id":254874,"date":"2021-03-17T21:58:50","date_gmt":"2021-03-17T20:58:50","guid":{"rendered":"https:\/\/acefootball.com\/da\/?p=254874"},"modified":"2021-03-17T21:58:50","modified_gmt":"2021-03-17T20:58:50","slug":"tidligere-superliga-spiller-haaber-paa-obligatorisk-hovedbeskyttelse","status":"publish","type":"post","link":"https:\/\/acefootball.com\/da\/fodboldnyheder\/tidligere-superliga-spiller-haaber-paa-obligatorisk-hovedbeskyttelse\/","title":{"rendered":"Tidligere Superliga-spiller h\u00e5ber p\u00e5 obligatorisk hovedbeskyttelse"},"content":{"rendered":"\n<h2 id=\"h-den-tidligere-helsing-r-og-hobro-spiller-rasmus-minor-petersen-h-ber-at-fremtidens-fodboldspillere-vil-passe-mere-p-sig-selv\">Den tidligere Helsing\u00f8r- og Hobro-spiller, Rasmus Minor Petersen, h\u00e5ber at fremtidens fodboldspillere vil passe mere p\u00e5 sig selv<\/h2>\n\n\n\n<p>Rasmus Minor Petersen har i gennem karrieren haft sin andel af hovedskader, og en voldsom hjernerystelse i Hobro-tiden fik endda den nu pensionerede midterforsvarer til at if\u00f8re sig en beskyttende hjelm.<\/p>\n\n\n\n<p>Skaden var dog til dels sket for den tidligere Superliga-spiller, som m\u00e6rker konsekvenserne i hverdagen, hvor han fortsat har problemer med koncentrationen og migr\u00e6ne.<\/p>\n\n\n\n<p>Nu h\u00e5ber han, at hovedbeskyttelse kan blive en obligatorisk del af p\u00e5kl\u00e6dningen for fodboldspillere i fremtiden.<\/p>\n\n\n\n<p>&#8220;Jeg synes, det ville v\u00e6re en god id\u00e9. Ligesom at man skal spille med benskinner. Men jeg er ogs\u00e5 godt klar over, at det ikke sker fra den ene dag til den anden. Men man kunne starte med at inddrage det i tr\u00e6ningerne,&#8221; siger Minor til <a href=\"https:\/\/www.bt.dk\/fodbold\/tidligere-superliga-profil-har-metal-i-halvdelen-af-hovedet-nu-foreslaar-han?referrer=RSS\" target=\"_blank\" rel=\"noreferrer noopener\">B.T.<\/a><\/p>\n\n\n\n<p>Der var senest et tilf\u00e6lde med en hovedskade i Superligaen, da FC K\u00f8benhavns Mohamed Daramy blev ramt af et kn\u00e6 i kampen mod FC Midtjylland.<\/p>\n","protected":false},"excerpt":{"rendered":"<p>Den tidligere Helsing\u00f8r- og Hobro-spiller, Rasmus Minor Petersen, h\u00e5ber at fremtidens fodboldspillere vil passe mere p\u00e5 sig selv<\/p>\n","protected":false},"author":705,"featured_media":254875,"comment_status":"open","ping_status":"closed","sticky":false,"template":"","format":"standard","meta":{"om_disable_all_campaigns":false,"push_articles_ronaldo":{"active":false,"canonical":0,"publish":false},"force_updates":null},"categories":[8204],"tags":[26,149,588],"enet_tags":{"team":["9843","9950"],"league":["46"],"sport_events":[]},"yoast_head":"<!-- This site is optimized with the Yoast SEO plugin v18.3 - https:\/\/yoast.com\/wordpress\/plugins\/seo\/ -->\n<title>Tidligere Superliga-spiller h\u00e5ber p\u00e5 obligatorisk hovedbeskyttelse<\/title>\n<meta name=\"description\" content=\"Den tidligere Helsing\u00f8r- og Hobro-spiller, Rasmus Minor Petersen, h\u00e5ber at fremtidens fodboldspillere vil passe mere p\u00e5 sig selv\" \/>\n<meta name=\"robots\" content=\"index, follow, max-snippet:-1, max-image-preview:large, max-video-preview:-1\" \/>\n<link rel=\"canonical\" href=\"https:\/\/acefootball.com\/da\/fodboldnyheder\/tidligere-superliga-spiller-haaber-paa-obligatorisk-hovedbeskyttelse\/\" \/>\n<meta property=\"og:locale\" content=\"en_US\" \/>\n<meta property=\"og:type\" content=\"article\" \/>\n<meta property=\"og:title\" content=\"Tidligere Superliga-spiller h\u00e5ber p\u00e5 obligatorisk hovedbeskyttelse\" \/>\n<meta property=\"og:description\" content=\"Den tidligere Helsing\u00f8r- og Hobro-spiller, Rasmus Minor Petersen, h\u00e5ber at fremtidens fodboldspillere vil passe mere p\u00e5 sig selv\" \/>\n<meta property=\"og:url\" content=\"https:\/\/acefootball.com\/da\/fodboldnyheder\/tidligere-superliga-spiller-haaber-paa-obligatorisk-hovedbeskyttelse\/\" \/>\n<meta property=\"og:site_name\" content=\"Ace Football Danmark\" \/>\n<meta property=\"article:publisher\" content=\"https:\/\/www.facebook.com\/acefootballdk\" \/>\n<meta property=\"article:published_time\" content=\"2021-03-17T20:58:50+00:00\" \/>\n<meta property=\"og:image\" content=\"https:\/\/acefootball.com\/da\/wp-content\/uploads\/sites\/2\/2021\/03\/Laes-mere-generel-65-2.jpg\" \/>\n\t<meta property=\"og:image:width\" content=\"1920\" \/>\n\t<meta property=\"og:image:height\" content=\"1008\" \/>\n\t<meta property=\"og:image:type\" content=\"image\/jpeg\" \/>\n<meta name=\"twitter:card\" content=\"summary_large_image\" \/>\n<meta name=\"twitter:label1\" content=\"Written by\" \/>\n\t<meta name=\"twitter:data1\" content=\"Mads Dreyer\" \/>\n\t<meta name=\"twitter:label2\" content=\"Est. reading time\" \/>\n\t<meta name=\"twitter:data2\" content=\"1 minute\" \/>\n<script type=\"application\/ld+json\" class=\"yoast-schema-graph\">{\"@context\":\"https:\/\/schema.org\",\"@graph\":[{\"@type\":\"Organization\",\"@id\":\"https:\/\/acefootball.com\/da\/#organization\",\"name\":\"Ace Football\",\"url\":\"https:\/\/acefootball.com\/da\/\",\"sameAs\":[\"https:\/\/www.facebook.com\/acefootballdk\"],\"logo\":{\"@type\":\"ImageObject\",\"@id\":\"https:\/\/acefootball.com\/da\/#logo\",\"inLanguage\":\"en-US\",\"url\":\"https:\/\/acefootball.com\/da\/wp-content\/uploads\/sites\/2\/2020\/07\/Ace-Football-30-07-2020-2.png\",\"contentUrl\":\"https:\/\/acefootball.com\/da\/wp-content\/uploads\/sites\/2\/2020\/07\/Ace-Football-30-07-2020-2.png\",\"width\":1200,\"height\":600,\"caption\":\"Ace Football\"},\"image\":{\"@id\":\"https:\/\/acefootball.com\/da\/#logo\"}},{\"@type\":\"WebSite\",\"@id\":\"https:\/\/acefootball.com\/da\/#website\",\"url\":\"https:\/\/acefootball.com\/da\/\",\"name\":\"Ace Football Danmark\",\"description\":\"Nyheder, Spiltips &amp; Livescore\",\"publisher\":{\"@id\":\"https:\/\/acefootball.com\/da\/#organization\"},\"potentialAction\":[{\"@type\":\"SearchAction\",\"target\":{\"@type\":\"EntryPoint\",\"urlTemplate\":\"https:\/\/acefootball.com\/da\/?s={search_term_string}\"},\"query-input\":\"required name=search_term_string\"}],\"inLanguage\":\"en-US\"},{\"@type\":\"ImageObject\",\"@id\":\"https:\/\/acefootball.com\/da\/fodboldnyheder\/tidligere-superliga-spiller-haaber-paa-obligatorisk-hovedbeskyttelse\/#primaryimage\",\"inLanguage\":\"en-US\",\"url\":\"https:\/\/acefootball.com\/da\/wp-content\/uploads\/sites\/2\/2021\/03\/Laes-mere-generel-65-2.jpg\",\"contentUrl\":\"https:\/\/acefootball.com\/da\/wp-content\/uploads\/sites\/2\/2021\/03\/Laes-mere-generel-65-2.jpg\",\"width\":1920,\"height\":1008,\"caption\":\"minor\"},{\"@type\":\"WebPage\",\"@id\":\"https:\/\/acefootball.com\/da\/fodboldnyheder\/tidligere-superliga-spiller-haaber-paa-obligatorisk-hovedbeskyttelse\/#webpage\",\"url\":\"https:\/\/acefootball.com\/da\/fodboldnyheder\/tidligere-superliga-spiller-haaber-paa-obligatorisk-hovedbeskyttelse\/\",\"name\":\"Tidligere Superliga-spiller h\u00e5ber p\u00e5 obligatorisk hovedbeskyttelse\",\"isPartOf\":{\"@id\":\"https:\/\/acefootball.com\/da\/#website\"},\"primaryImageOfPage\":{\"@id\":\"https:\/\/acefootball.com\/da\/fodboldnyheder\/tidligere-superliga-spiller-haaber-paa-obligatorisk-hovedbeskyttelse\/#primaryimage\"},\"datePublished\":\"2021-03-17T20:58:50+00:00\",\"dateModified\":\"2021-03-17T20:58:50+00:00\",\"description\":\"Den tidligere Helsing\u00f8r- og Hobro-spiller, Rasmus Minor Petersen, h\u00e5ber at fremtidens fodboldspillere vil passe mere p\u00e5 sig selv\",\"breadcrumb\":{\"@id\":\"https:\/\/acefootball.com\/da\/fodboldnyheder\/tidligere-superliga-spiller-haaber-paa-obligatorisk-hovedbeskyttelse\/#breadcrumb\"},\"inLanguage\":\"en-US\",\"potentialAction\":[{\"@type\":\"ReadAction\",\"target\":[\"https:\/\/acefootball.com\/da\/fodboldnyheder\/tidligere-superliga-spiller-haaber-paa-obligatorisk-hovedbeskyttelse\/\"]}]},{\"@type\":\"BreadcrumbList\",\"@id\":\"https:\/\/acefootball.com\/da\/fodboldnyheder\/tidligere-superliga-spiller-haaber-paa-obligatorisk-hovedbeskyttelse\/#breadcrumb\",\"itemListElement\":[{\"@type\":\"ListItem\",\"position\":1,\"name\":\"Home\",\"item\":\"https:\/\/acefootball.com\/da\/\"},{\"@type\":\"ListItem\",\"position\":2,\"name\":\"Tidligere Superliga-spiller h\u00e5ber p\u00e5 obligatorisk hovedbeskyttelse\"}]},{\"@type\":\"Article\",\"@id\":\"https:\/\/acefootball.com\/da\/fodboldnyheder\/tidligere-superliga-spiller-haaber-paa-obligatorisk-hovedbeskyttelse\/#article\",\"isPartOf\":{\"@id\":\"https:\/\/acefootball.com\/da\/fodboldnyheder\/tidligere-superliga-spiller-haaber-paa-obligatorisk-hovedbeskyttelse\/#webpage\"},\"author\":{\"@id\":\"https:\/\/acefootball.com\/da\/#\/schema\/person\/ee67e9cf04a276f144100ffa722f10cd\"},\"headline\":\"Tidligere Superliga-spiller h\u00e5ber p\u00e5 obligatorisk hovedbeskyttelse\",\"datePublished\":\"2021-03-17T20:58:50+00:00\",\"dateModified\":\"2021-03-17T20:58:50+00:00\",\"mainEntityOfPage\":{\"@id\":\"https:\/\/acefootball.com\/da\/fodboldnyheder\/tidligere-superliga-spiller-haaber-paa-obligatorisk-hovedbeskyttelse\/#webpage\"},\"wordCount\":181,\"commentCount\":0,\"publisher\":{\"@id\":\"https:\/\/acefootball.com\/da\/#organization\"},\"image\":{\"@id\":\"https:\/\/acefootball.com\/da\/fodboldnyheder\/tidligere-superliga-spiller-haaber-paa-obligatorisk-hovedbeskyttelse\/#primaryimage\"},\"thumbnailUrl\":\"https:\/\/acefootball.com\/da\/wp-content\/uploads\/sites\/2\/2021\/03\/GettyImages-1168458513.jpg\",\"keywords\":[\"FC Helsing\u00f8r\",\"Hobro IK\",\"Superligaen\"],\"articleSection\":[\"Udtalelse\"],\"inLanguage\":\"en-US\",\"potentialAction\":[{\"@type\":\"CommentAction\",\"name\":\"Comment\",\"target\":[\"https:\/\/acefootball.com\/da\/fodboldnyheder\/tidligere-superliga-spiller-haaber-paa-obligatorisk-hovedbeskyttelse\/#respond\"]}]},{\"@type\":\"Person\",\"@id\":\"https:\/\/acefootball.com\/da\/#\/schema\/person\/ee67e9cf04a276f144100ffa722f10cd\",\"name\":\"Mads Dreyer\",\"image\":{\"@type\":\"ImageObject\",\"@id\":\"https:\/\/acefootball.com\/da\/#personlogo\",\"inLanguage\":\"en-US\",\"url\":\"https:\/\/secure.gravatar.com\/avatar\/7c7abf72cfde9902b6a60efe60c88d4c?s=96&d=mm&r=g\",\"contentUrl\":\"https:\/\/secure.gravatar.com\/avatar\/7c7abf72cfde9902b6a60efe60c88d4c?s=96&d=mm&r=g\",\"caption\":\"Mads Dreyer\"},\"description\":\"Skribent og fodboldn\u00f8rd, der lige nu fort\u00e6ller om alt og intet i fodboldverdenen p\u00e5 acefootball.com. Uddannet i kommunikation fra Aalborg Universitet.\",\"sameAs\":[\"https:\/\/www.linkedin.com\/in\/mads-dreyer-b9b08266\/\"],\"url\":\"https:\/\/acefootball.com\/da\/fodboldnyheder\/author\/mdnronaldo\/\"}]}<\/script>\n<!-- \/ Yoast SEO plugin. -->","yoast_head_json":{"title":"Tidligere Superliga-spiller h\u00e5ber p\u00e5 obligatorisk hovedbeskyttelse","description":"Den tidligere Helsing\u00f8r- og Hobro-spiller, Rasmus Minor Petersen, h\u00e5ber at fremtidens fodboldspillere vil passe mere p\u00e5 sig selv","robots":{"index":"index","follow":"follow","max-snippet":"max-snippet:-1","max-image-preview":"max-image-preview:large","max-video-preview":"max-video-preview:-1"},"canonical":"https:\/\/acefootball.com\/da\/fodboldnyheder\/tidligere-superliga-spiller-haaber-paa-obligatorisk-hovedbeskyttelse\/","og_locale":"en_US","og_type":"article","og_title":"Tidligere Superliga-spiller h\u00e5ber p\u00e5 obligatorisk hovedbeskyttelse","og_description":"Den tidligere Helsing\u00f8r- og Hobro-spiller, Rasmus Minor Petersen, h\u00e5ber at fremtidens fodboldspillere vil passe mere p\u00e5 sig selv","og_url":"https:\/\/acefootball.com\/da\/fodboldnyheder\/tidligere-superliga-spiller-haaber-paa-obligatorisk-hovedbeskyttelse\/","og_site_name":"Ace Football Danmark","article_publisher":"https:\/\/www.facebook.com\/acefootballdk","article_published_time":"2021-03-17T20:58:50+00:00","og_image":[{"width":1920,"height":1008,"url":"https:\/\/acefootball.com\/da\/wp-content\/uploads\/sites\/2\/2021\/03\/Laes-mere-generel-65-2.jpg","type":"image\/jpeg"}],"twitter_card":"summary_large_image","twitter_misc":{"Written by":"Mads Dreyer","Est. reading time":"1 minute"},"schema":{"@context":"https:\/\/schema.org","@graph":[{"@type":"Organization","@id":"https:\/\/acefootball.com\/da\/#organization","name":"Ace Football","url":"https:\/\/acefootball.com\/da\/","sameAs":["https:\/\/www.facebook.com\/acefootballdk"],"logo":{"@type":"ImageObject","@id":"https:\/\/acefootball.com\/da\/#logo","inLanguage":"en-US","url":"https:\/\/acefootball.com\/da\/wp-content\/uploads\/sites\/2\/2020\/07\/Ace-Football-30-07-2020-2.png","contentUrl":"https:\/\/acefootball.com\/da\/wp-content\/uploads\/sites\/2\/2020\/07\/Ace-Football-30-07-2020-2.png","width":1200,"height":600,"caption":"Ace Football"},"image":{"@id":"https:\/\/acefootball.com\/da\/#logo"}},{"@type":"WebSite","@id":"https:\/\/acefootball.com\/da\/#website","url":"https:\/\/acefootball.com\/da\/","name":"Ace Football Danmark","description":"Nyheder, Spiltips &amp; Livescore","publisher":{"@id":"https:\/\/acefootball.com\/da\/#organization"},"potentialAction":[{"@type":"SearchAction","target":{"@type":"EntryPoint","urlTemplate":"https:\/\/acefootball.com\/da\/?s={search_term_string}"},"query-input":"required name=search_term_string"}],"inLanguage":"en-US"},{"@type":"ImageObject","@id":"https:\/\/acefootball.com\/da\/fodboldnyheder\/tidligere-superliga-spiller-haaber-paa-obligatorisk-hovedbeskyttelse\/#primaryimage","inLanguage":"en-US","url":"https:\/\/acefootball.com\/da\/wp-content\/uploads\/sites\/2\/2021\/03\/Laes-mere-generel-65-2.jpg","contentUrl":"https:\/\/acefootball.com\/da\/wp-content\/uploads\/sites\/2\/2021\/03\/Laes-mere-generel-65-2.jpg","width":1920,"height":1008,"caption":"minor"},{"@type":"WebPage","@id":"https:\/\/acefootball.com\/da\/fodboldnyheder\/tidligere-superliga-spiller-haaber-paa-obligatorisk-hovedbeskyttelse\/#webpage","url":"https:\/\/acefootball.com\/da\/fodboldnyheder\/tidligere-superliga-spiller-haaber-paa-obligatorisk-hovedbeskyttelse\/","name":"Tidligere Superliga-spiller h\u00e5ber p\u00e5 obligatorisk hovedbeskyttelse","isPartOf":{"@id":"https:\/\/acefootball.com\/da\/#website"},"primaryImageOfPage":{"@id":"https:\/\/acefootball.com\/da\/fodboldnyheder\/tidligere-superliga-spiller-haaber-paa-obligatorisk-hovedbeskyttelse\/#primaryimage"},"datePublished":"2021-03-17T20:58:50+00:00","dateModified":"2021-03-17T20:58:50+00:00","description":"Den tidligere Helsing\u00f8r- og Hobro-spiller, Rasmus Minor Petersen, h\u00e5ber at fremtidens fodboldspillere vil passe mere p\u00e5 sig selv","breadcrumb":{"@id":"https:\/\/acefootball.com\/da\/fodboldnyheder\/tidligere-superliga-spiller-haaber-paa-obligatorisk-hovedbeskyttelse\/#breadcrumb"},"inLanguage":"en-US","potentialAction":[{"@type":"ReadAction","target":["https:\/\/acefootball.com\/da\/fodboldnyheder\/tidligere-superliga-spiller-haaber-paa-obligatorisk-hovedbeskyttelse\/"]}]},{"@type":"BreadcrumbList","@id":"https:\/\/acefootball.com\/da\/fodboldnyheder\/tidligere-superliga-spiller-haaber-paa-obligatorisk-hovedbeskyttelse\/#breadcrumb","itemListElement":[{"@type":"ListItem","position":1,"name":"Home","item":"https:\/\/acefootball.com\/da\/"},{"@type":"ListItem","position":2,"name":"Tidligere Superliga-spiller h\u00e5ber p\u00e5 obligatorisk hovedbeskyttelse"}]},{"@type":"Article","@id":"https:\/\/acefootball.com\/da\/fodboldnyheder\/tidligere-superliga-spiller-haaber-paa-obligatorisk-hovedbeskyttelse\/#article","isPartOf":{"@id":"https:\/\/acefootball.com\/da\/fodboldnyheder\/tidligere-superliga-spiller-haaber-paa-obligatorisk-hovedbeskyttelse\/#webpage"},"author":{"@id":"https:\/\/acefootball.com\/da\/#\/schema\/person\/ee67e9cf04a276f144100ffa722f10cd"},"headline":"Tidligere Superliga-spiller h\u00e5ber p\u00e5 obligatorisk hovedbeskyttelse","datePublished":"2021-03-17T20:58:50+00:00","dateModified":"2021-03-17T20:58:50+00:00","mainEntityOfPage":{"@id":"https:\/\/acefootball.com\/da\/fodboldnyheder\/tidligere-superliga-spiller-haaber-paa-obligatorisk-hovedbeskyttelse\/#webpage"},"wordCount":181,"commentCount":0,"publisher":{"@id":"https:\/\/acefootball.com\/da\/#organization"},"image":{"@id":"https:\/\/acefootball.com\/da\/fodboldnyheder\/tidligere-superliga-spiller-haaber-paa-obligatorisk-hovedbeskyttelse\/#primaryimage"},"thumbnailUrl":"https:\/\/acefootball.com\/da\/wp-content\/uploads\/sites\/2\/2021\/03\/GettyImages-1168458513.jpg","keywords":["FC Helsing\u00f8r","Hobro IK","Superligaen"],"articleSection":["Udtalelse"],"inLanguage":"en-US","potentialAction":[{"@type":"CommentAction","name":"Comment","target":["https:\/\/acefootball.com\/da\/fodboldnyheder\/tidligere-superliga-spiller-haaber-paa-obligatorisk-hovedbeskyttelse\/#respond"]}]},{"@type":"Person","@id":"https:\/\/acefootball.com\/da\/#\/schema\/person\/ee67e9cf04a276f144100ffa722f10cd","name":"Mads Dreyer","image":{"@type":"ImageObject","@id":"https:\/\/acefootball.com\/da\/#personlogo","inLanguage":"en-US","url":"https:\/\/secure.gravatar.com\/avatar\/7c7abf72cfde9902b6a60efe60c88d4c?s=96&d=mm&r=g","contentUrl":"https:\/\/secure.gravatar.com\/avatar\/7c7abf72cfde9902b6a60efe60c88d4c?s=96&d=mm&r=g","caption":"Mads Dreyer"},"description":"Skribent og fodboldn\u00f8rd, der lige nu fort\u00e6ller om alt og intet i fodboldverdenen p\u00e5 acefootball.com. Uddannet i kommunikation fra Aalborg Universitet.","sameAs":["https:\/\/www.linkedin.com\/in\/mads-dreyer-b9b08266\/"],"url":"https:\/\/acefootball.com\/da\/fodboldnyheder\/author\/mdnronaldo\/"}]}},"fimg_url":"https:\/\/acefootball.com\/da\/wp-content\/uploads\/sites\/2\/2021\/03\/GettyImages-1168458513.jpg","_links":{"self":[{"href":"https:\/\/acefootball.com\/da\/wp-json\/wp\/v2\/posts\/254874"}],"collection":[{"href":"https:\/\/acefootball.com\/da\/wp-json\/wp\/v2\/posts"}],"about":[{"href":"https:\/\/acefootball.com\/da\/wp-json\/wp\/v2\/types\/post"}],"author":[{"embeddable":true,"href":"https:\/\/acefootball.com\/da\/wp-json\/wp\/v2\/users\/705"}],"replies":[{"embeddable":true,"href":"https:\/\/acefootball.com\/da\/wp-json\/wp\/v2\/comments?post=254874"}],"version-history":[{"count":0,"href":"https:\/\/acefootball.com\/da\/wp-json\/wp\/v2\/posts\/254874\/revisions"}],"wp:featuredmedia":[{"embeddable":true,"href":"https:\/\/acefootball.com\/da\/wp-json\/wp\/v2\/media\/254875"}],"wp:attachment":[{"href":"https:\/\/acefootball.com\/da\/wp-json\/wp\/v2\/media?parent=254874"}],"wp:term":[{"taxonomy":"category","embeddable":true,"href":"https:\/\/acefootball.com\/da\/wp-json\/wp\/v2\/categories?post=254874"},{"taxonomy":"post_tag","embeddable":true,"href":"https:\/\/acefootball.com\/da\/wp-json\/wp\/v2\/tags?post=254874"}],"curies":[{"name":"wp","href":"https:\/\/api.w.org\/{rel}","templated":true}]}}