{"id":254852,"date":"2021-03-17T17:10:02","date_gmt":"2021-03-17T16:10:02","guid":{"rendered":"https:\/\/acefootball.com\/da\/?p=254852"},"modified":"2021-03-17T17:10:02","modified_gmt":"2021-03-17T16:10:02","slug":"porto-vil-forlaenge-med-pepe-naar-han-bliver-40-aar","status":"publish","type":"post","link":"https:\/\/acefootball.com\/da\/fodboldnyheder\/porto-vil-forlaenge-med-pepe-naar-han-bliver-40-aar\/","title":{"rendered":"Porto vil forl\u00e6nge med Pepe, n\u00e5r han bliver 40 \u00e5r"},"content":{"rendered":"\n<h2 id=\"h-pr-sident-i-fc-porto-pinto-da-costa-ser-ingen-grund-til-ikke-at-forl-nge-med-en-ellers-aldrende-pepe\">Pr\u00e6sident i FC Porto, Pinto da Costa, ser ingen grund til ikke at forl\u00e6nge med en ellers aldrende Pepe<\/h2>\n\n\n\n<p>Da Pepe forlod Real Madrid tilbage i 2017 og dragede til Besiktas, forventede de fleste, at portugiseren ville v\u00e6re f\u00e6rdig med topfodbold.<\/p>\n\n\n\n<p>Men halvandet \u00e5r senere gik turen hjem til FC Porto, og siden er det g\u00e5et over stok og sten for nu 38-\u00e5rige Pepe. Blandt andet spillede han en stor rolle, da man sendte Juventus ud af Champions League i sidste uge.<\/p>\n\n\n\n<p>Derfor fik Pepe i november, trods sin fremskredne alder, en kontrakt helt frem til 2023, men if\u00f8lge Porto-pr\u00e6sident Pinto da Costa, bliver det ikke den sidste.<\/p>\n\n\n\n<p>&#8220;Som han spiller lige nu, kommer vi helt sikkert til at forl\u00e6nge med ham om to \u00e5r,&#8221; udtaler han til Porto Canal if\u00f8lge <a href=\"https:\/\/www.mundodeportivo.com\/futbol\/internacional\/20210317\/492757846647\/el-porto-renovara-a-pepe-cuando-tenga-40-anos.html\" target=\"_blank\" rel=\"noreferrer noopener\">Mundo Deportivo<\/a>.<\/p>\n\n\n\n<p>Pepe har i alt spillet 170 kampe for Porto.<\/p>\n","protected":false},"excerpt":{"rendered":"<p>Pr\u00e6sident i FC Porto, Pinto da Costa, ser ingen grund til ikke at forl\u00e6nge med en ellers aldrende Pepe<\/p>\n","protected":false},"author":705,"featured_media":254853,"comment_status":"open","ping_status":"closed","sticky":false,"template":"","format":"standard","meta":{"om_disable_all_campaigns":false,"push_articles_ronaldo":{"active":false,"canonical":0,"publish":false},"force_updates":null},"categories":[8204],"tags":[1125],"enet_tags":{"team":["9773"],"sport_events":[]},"yoast_head":"<!-- This site is optimized with the Yoast SEO plugin v18.3 - https:\/\/yoast.com\/wordpress\/plugins\/seo\/ -->\n<title>Porto vil forl\u00e6nge med Pepe, n\u00e5r han bliver 40 \u00e5r<\/title>\n<meta name=\"description\" content=\"Pr\u00e6sident i FC Porto, Pinto da Costa, ser ingen grund til ikke at forl\u00e6nge med en ellers aldrende Pepe\" \/>\n<meta name=\"robots\" content=\"index, follow, max-snippet:-1, max-image-preview:large, max-video-preview:-1\" \/>\n<link rel=\"canonical\" href=\"https:\/\/acefootball.com\/da\/fodboldnyheder\/porto-vil-forlaenge-med-pepe-naar-han-bliver-40-aar\/\" \/>\n<meta property=\"og:locale\" content=\"en_US\" \/>\n<meta property=\"og:type\" content=\"article\" \/>\n<meta property=\"og:title\" content=\"Porto vil forl\u00e6nge med Pepe, n\u00e5r han bliver 40 \u00e5r\" \/>\n<meta property=\"og:description\" content=\"Pr\u00e6sident i FC Porto, Pinto da Costa, ser ingen grund til ikke at forl\u00e6nge med en ellers aldrende Pepe\" \/>\n<meta property=\"og:url\" content=\"https:\/\/acefootball.com\/da\/fodboldnyheder\/porto-vil-forlaenge-med-pepe-naar-han-bliver-40-aar\/\" \/>\n<meta property=\"og:site_name\" content=\"Ace Football Danmark\" \/>\n<meta property=\"article:publisher\" content=\"https:\/\/www.facebook.com\/acefootballdk\" \/>\n<meta property=\"article:published_time\" content=\"2021-03-17T16:10:02+00:00\" \/>\n<meta property=\"og:image\" content=\"https:\/\/acefootball.com\/da\/wp-content\/uploads\/sites\/2\/2021\/03\/GettyImages-1281521845.jpg\" \/>\n\t<meta property=\"og:image:width\" content=\"1024\" \/>\n\t<meta property=\"og:image:height\" content=\"741\" \/>\n\t<meta property=\"og:image:type\" content=\"image\/jpeg\" \/>\n<meta name=\"twitter:card\" content=\"summary_large_image\" \/>\n<meta name=\"twitter:label1\" content=\"Written by\" \/>\n\t<meta name=\"twitter:data1\" content=\"Mads Dreyer\" \/>\n\t<meta name=\"twitter:label2\" content=\"Est. reading time\" \/>\n\t<meta name=\"twitter:data2\" content=\"1 minute\" \/>\n<script type=\"application\/ld+json\" class=\"yoast-schema-graph\">{\"@context\":\"https:\/\/schema.org\",\"@graph\":[{\"@type\":\"Organization\",\"@id\":\"https:\/\/acefootball.com\/da\/#organization\",\"name\":\"Ace Football\",\"url\":\"https:\/\/acefootball.com\/da\/\",\"sameAs\":[\"https:\/\/www.facebook.com\/acefootballdk\"],\"logo\":{\"@type\":\"ImageObject\",\"@id\":\"https:\/\/acefootball.com\/da\/#logo\",\"inLanguage\":\"en-US\",\"url\":\"https:\/\/acefootball.com\/da\/wp-content\/uploads\/sites\/2\/2020\/07\/Ace-Football-30-07-2020-2.png\",\"contentUrl\":\"https:\/\/acefootball.com\/da\/wp-content\/uploads\/sites\/2\/2020\/07\/Ace-Football-30-07-2020-2.png\",\"width\":1200,\"height\":600,\"caption\":\"Ace Football\"},\"image\":{\"@id\":\"https:\/\/acefootball.com\/da\/#logo\"}},{\"@type\":\"WebSite\",\"@id\":\"https:\/\/acefootball.com\/da\/#website\",\"url\":\"https:\/\/acefootball.com\/da\/\",\"name\":\"Ace Football Danmark\",\"description\":\"Nyheder, Spiltips &amp; Livescore\",\"publisher\":{\"@id\":\"https:\/\/acefootball.com\/da\/#organization\"},\"potentialAction\":[{\"@type\":\"SearchAction\",\"target\":{\"@type\":\"EntryPoint\",\"urlTemplate\":\"https:\/\/acefootball.com\/da\/?s={search_term_string}\"},\"query-input\":\"required name=search_term_string\"}],\"inLanguage\":\"en-US\"},{\"@type\":\"ImageObject\",\"@id\":\"https:\/\/acefootball.com\/da\/fodboldnyheder\/porto-vil-forlaenge-med-pepe-naar-han-bliver-40-aar\/#primaryimage\",\"inLanguage\":\"en-US\",\"url\":\"https:\/\/acefootball.com\/da\/wp-content\/uploads\/sites\/2\/2021\/03\/GettyImages-1281521845.jpg\",\"contentUrl\":\"https:\/\/acefootball.com\/da\/wp-content\/uploads\/sites\/2\/2021\/03\/GettyImages-1281521845.jpg\",\"width\":1024,\"height\":741,\"caption\":\"MANCHESTER, ENGLAND - OCTOBER 21: Pepe of Porto during the UEFA Champions League Group C stage match between Manchester City and FC Porto at Etihad Stadium on October 21, 2020 in Manchester, England. Sporting stadiums around the UK remain under strict restrictions due to the Coronavirus Pandemic as Government social distancing laws prohibit fans inside venues resulting in games being played behind closed doors. (Photo by Martin Rickett - Pool\/Getty Images)\"},{\"@type\":\"WebPage\",\"@id\":\"https:\/\/acefootball.com\/da\/fodboldnyheder\/porto-vil-forlaenge-med-pepe-naar-han-bliver-40-aar\/#webpage\",\"url\":\"https:\/\/acefootball.com\/da\/fodboldnyheder\/porto-vil-forlaenge-med-pepe-naar-han-bliver-40-aar\/\",\"name\":\"Porto vil forl\u00e6nge med Pepe, n\u00e5r han bliver 40 \u00e5r\",\"isPartOf\":{\"@id\":\"https:\/\/acefootball.com\/da\/#website\"},\"primaryImageOfPage\":{\"@id\":\"https:\/\/acefootball.com\/da\/fodboldnyheder\/porto-vil-forlaenge-med-pepe-naar-han-bliver-40-aar\/#primaryimage\"},\"datePublished\":\"2021-03-17T16:10:02+00:00\",\"dateModified\":\"2021-03-17T16:10:02+00:00\",\"description\":\"Pr\u00e6sident i FC Porto, Pinto da Costa, ser ingen grund til ikke at forl\u00e6nge med en ellers aldrende Pepe\",\"breadcrumb\":{\"@id\":\"https:\/\/acefootball.com\/da\/fodboldnyheder\/porto-vil-forlaenge-med-pepe-naar-han-bliver-40-aar\/#breadcrumb\"},\"inLanguage\":\"en-US\",\"potentialAction\":[{\"@type\":\"ReadAction\",\"target\":[\"https:\/\/acefootball.com\/da\/fodboldnyheder\/porto-vil-forlaenge-med-pepe-naar-han-bliver-40-aar\/\"]}]},{\"@type\":\"BreadcrumbList\",\"@id\":\"https:\/\/acefootball.com\/da\/fodboldnyheder\/porto-vil-forlaenge-med-pepe-naar-han-bliver-40-aar\/#breadcrumb\",\"itemListElement\":[{\"@type\":\"ListItem\",\"position\":1,\"name\":\"Home\",\"item\":\"https:\/\/acefootball.com\/da\/\"},{\"@type\":\"ListItem\",\"position\":2,\"name\":\"Porto vil forl\u00e6nge med Pepe, n\u00e5r han bliver 40 \u00e5r\"}]},{\"@type\":\"Article\",\"@id\":\"https:\/\/acefootball.com\/da\/fodboldnyheder\/porto-vil-forlaenge-med-pepe-naar-han-bliver-40-aar\/#article\",\"isPartOf\":{\"@id\":\"https:\/\/acefootball.com\/da\/fodboldnyheder\/porto-vil-forlaenge-med-pepe-naar-han-bliver-40-aar\/#webpage\"},\"author\":{\"@id\":\"https:\/\/acefootball.com\/da\/#\/schema\/person\/ee67e9cf04a276f144100ffa722f10cd\"},\"headline\":\"Porto vil forl\u00e6nge med Pepe, n\u00e5r han bliver 40 \u00e5r\",\"datePublished\":\"2021-03-17T16:10:02+00:00\",\"dateModified\":\"2021-03-17T16:10:02+00:00\",\"mainEntityOfPage\":{\"@id\":\"https:\/\/acefootball.com\/da\/fodboldnyheder\/porto-vil-forlaenge-med-pepe-naar-han-bliver-40-aar\/#webpage\"},\"wordCount\":160,\"commentCount\":0,\"publisher\":{\"@id\":\"https:\/\/acefootball.com\/da\/#organization\"},\"image\":{\"@id\":\"https:\/\/acefootball.com\/da\/fodboldnyheder\/porto-vil-forlaenge-med-pepe-naar-han-bliver-40-aar\/#primaryimage\"},\"thumbnailUrl\":\"https:\/\/acefootball.com\/da\/wp-content\/uploads\/sites\/2\/2021\/03\/GettyImages-1281521845.jpg\",\"keywords\":[\"FC Porto\"],\"articleSection\":[\"Udtalelse\"],\"inLanguage\":\"en-US\",\"potentialAction\":[{\"@type\":\"CommentAction\",\"name\":\"Comment\",\"target\":[\"https:\/\/acefootball.com\/da\/fodboldnyheder\/porto-vil-forlaenge-med-pepe-naar-han-bliver-40-aar\/#respond\"]}]},{\"@type\":\"Person\",\"@id\":\"https:\/\/acefootball.com\/da\/#\/schema\/person\/ee67e9cf04a276f144100ffa722f10cd\",\"name\":\"Mads Dreyer\",\"image\":{\"@type\":\"ImageObject\",\"@id\":\"https:\/\/acefootball.com\/da\/#personlogo\",\"inLanguage\":\"en-US\",\"url\":\"https:\/\/secure.gravatar.com\/avatar\/7c7abf72cfde9902b6a60efe60c88d4c?s=96&d=mm&r=g\",\"contentUrl\":\"https:\/\/secure.gravatar.com\/avatar\/7c7abf72cfde9902b6a60efe60c88d4c?s=96&d=mm&r=g\",\"caption\":\"Mads Dreyer\"},\"description\":\"Skribent og fodboldn\u00f8rd, der lige nu fort\u00e6ller om alt og intet i fodboldverdenen p\u00e5 acefootball.com. Uddannet i kommunikation fra Aalborg Universitet.\",\"sameAs\":[\"https:\/\/www.linkedin.com\/in\/mads-dreyer-b9b08266\/\"],\"url\":\"https:\/\/acefootball.com\/da\/fodboldnyheder\/author\/mdnronaldo\/\"}]}<\/script>\n<!-- \/ Yoast SEO plugin. -->","yoast_head_json":{"title":"Porto vil forl\u00e6nge med Pepe, n\u00e5r han bliver 40 \u00e5r","description":"Pr\u00e6sident i FC Porto, Pinto da Costa, ser ingen grund til ikke at forl\u00e6nge med en ellers aldrende Pepe","robots":{"index":"index","follow":"follow","max-snippet":"max-snippet:-1","max-image-preview":"max-image-preview:large","max-video-preview":"max-video-preview:-1"},"canonical":"https:\/\/acefootball.com\/da\/fodboldnyheder\/porto-vil-forlaenge-med-pepe-naar-han-bliver-40-aar\/","og_locale":"en_US","og_type":"article","og_title":"Porto vil forl\u00e6nge med Pepe, n\u00e5r han bliver 40 \u00e5r","og_description":"Pr\u00e6sident i FC Porto, Pinto da Costa, ser ingen grund til ikke at forl\u00e6nge med en ellers aldrende Pepe","og_url":"https:\/\/acefootball.com\/da\/fodboldnyheder\/porto-vil-forlaenge-med-pepe-naar-han-bliver-40-aar\/","og_site_name":"Ace Football Danmark","article_publisher":"https:\/\/www.facebook.com\/acefootballdk","article_published_time":"2021-03-17T16:10:02+00:00","og_image":[{"width":1024,"height":741,"url":"https:\/\/acefootball.com\/da\/wp-content\/uploads\/sites\/2\/2021\/03\/GettyImages-1281521845.jpg","type":"image\/jpeg"}],"twitter_card":"summary_large_image","twitter_misc":{"Written by":"Mads Dreyer","Est. reading time":"1 minute"},"schema":{"@context":"https:\/\/schema.org","@graph":[{"@type":"Organization","@id":"https:\/\/acefootball.com\/da\/#organization","name":"Ace Football","url":"https:\/\/acefootball.com\/da\/","sameAs":["https:\/\/www.facebook.com\/acefootballdk"],"logo":{"@type":"ImageObject","@id":"https:\/\/acefootball.com\/da\/#logo","inLanguage":"en-US","url":"https:\/\/acefootball.com\/da\/wp-content\/uploads\/sites\/2\/2020\/07\/Ace-Football-30-07-2020-2.png","contentUrl":"https:\/\/acefootball.com\/da\/wp-content\/uploads\/sites\/2\/2020\/07\/Ace-Football-30-07-2020-2.png","width":1200,"height":600,"caption":"Ace Football"},"image":{"@id":"https:\/\/acefootball.com\/da\/#logo"}},{"@type":"WebSite","@id":"https:\/\/acefootball.com\/da\/#website","url":"https:\/\/acefootball.com\/da\/","name":"Ace Football Danmark","description":"Nyheder, Spiltips &amp; Livescore","publisher":{"@id":"https:\/\/acefootball.com\/da\/#organization"},"potentialAction":[{"@type":"SearchAction","target":{"@type":"EntryPoint","urlTemplate":"https:\/\/acefootball.com\/da\/?s={search_term_string}"},"query-input":"required name=search_term_string"}],"inLanguage":"en-US"},{"@type":"ImageObject","@id":"https:\/\/acefootball.com\/da\/fodboldnyheder\/porto-vil-forlaenge-med-pepe-naar-han-bliver-40-aar\/#primaryimage","inLanguage":"en-US","url":"https:\/\/acefootball.com\/da\/wp-content\/uploads\/sites\/2\/2021\/03\/GettyImages-1281521845.jpg","contentUrl":"https:\/\/acefootball.com\/da\/wp-content\/uploads\/sites\/2\/2021\/03\/GettyImages-1281521845.jpg","width":1024,"height":741,"caption":"MANCHESTER, ENGLAND - OCTOBER 21: Pepe of Porto during the UEFA Champions League Group C stage match between Manchester City and FC Porto at Etihad Stadium on October 21, 2020 in Manchester, England. Sporting stadiums around the UK remain under strict restrictions due to the Coronavirus Pandemic as Government social distancing laws prohibit fans inside venues resulting in games being played behind closed doors. (Photo by Martin Rickett - Pool\/Getty Images)"},{"@type":"WebPage","@id":"https:\/\/acefootball.com\/da\/fodboldnyheder\/porto-vil-forlaenge-med-pepe-naar-han-bliver-40-aar\/#webpage","url":"https:\/\/acefootball.com\/da\/fodboldnyheder\/porto-vil-forlaenge-med-pepe-naar-han-bliver-40-aar\/","name":"Porto vil forl\u00e6nge med Pepe, n\u00e5r han bliver 40 \u00e5r","isPartOf":{"@id":"https:\/\/acefootball.com\/da\/#website"},"primaryImageOfPage":{"@id":"https:\/\/acefootball.com\/da\/fodboldnyheder\/porto-vil-forlaenge-med-pepe-naar-han-bliver-40-aar\/#primaryimage"},"datePublished":"2021-03-17T16:10:02+00:00","dateModified":"2021-03-17T16:10:02+00:00","description":"Pr\u00e6sident i FC Porto, Pinto da Costa, ser ingen grund til ikke at forl\u00e6nge med en ellers aldrende Pepe","breadcrumb":{"@id":"https:\/\/acefootball.com\/da\/fodboldnyheder\/porto-vil-forlaenge-med-pepe-naar-han-bliver-40-aar\/#breadcrumb"},"inLanguage":"en-US","potentialAction":[{"@type":"ReadAction","target":["https:\/\/acefootball.com\/da\/fodboldnyheder\/porto-vil-forlaenge-med-pepe-naar-han-bliver-40-aar\/"]}]},{"@type":"BreadcrumbList","@id":"https:\/\/acefootball.com\/da\/fodboldnyheder\/porto-vil-forlaenge-med-pepe-naar-han-bliver-40-aar\/#breadcrumb","itemListElement":[{"@type":"ListItem","position":1,"name":"Home","item":"https:\/\/acefootball.com\/da\/"},{"@type":"ListItem","position":2,"name":"Porto vil forl\u00e6nge med Pepe, n\u00e5r han bliver 40 \u00e5r"}]},{"@type":"Article","@id":"https:\/\/acefootball.com\/da\/fodboldnyheder\/porto-vil-forlaenge-med-pepe-naar-han-bliver-40-aar\/#article","isPartOf":{"@id":"https:\/\/acefootball.com\/da\/fodboldnyheder\/porto-vil-forlaenge-med-pepe-naar-han-bliver-40-aar\/#webpage"},"author":{"@id":"https:\/\/acefootball.com\/da\/#\/schema\/person\/ee67e9cf04a276f144100ffa722f10cd"},"headline":"Porto vil forl\u00e6nge med Pepe, n\u00e5r han bliver 40 \u00e5r","datePublished":"2021-03-17T16:10:02+00:00","dateModified":"2021-03-17T16:10:02+00:00","mainEntityOfPage":{"@id":"https:\/\/acefootball.com\/da\/fodboldnyheder\/porto-vil-forlaenge-med-pepe-naar-han-bliver-40-aar\/#webpage"},"wordCount":160,"commentCount":0,"publisher":{"@id":"https:\/\/acefootball.com\/da\/#organization"},"image":{"@id":"https:\/\/acefootball.com\/da\/fodboldnyheder\/porto-vil-forlaenge-med-pepe-naar-han-bliver-40-aar\/#primaryimage"},"thumbnailUrl":"https:\/\/acefootball.com\/da\/wp-content\/uploads\/sites\/2\/2021\/03\/GettyImages-1281521845.jpg","keywords":["FC Porto"],"articleSection":["Udtalelse"],"inLanguage":"en-US","potentialAction":[{"@type":"CommentAction","name":"Comment","target":["https:\/\/acefootball.com\/da\/fodboldnyheder\/porto-vil-forlaenge-med-pepe-naar-han-bliver-40-aar\/#respond"]}]},{"@type":"Person","@id":"https:\/\/acefootball.com\/da\/#\/schema\/person\/ee67e9cf04a276f144100ffa722f10cd","name":"Mads Dreyer","image":{"@type":"ImageObject","@id":"https:\/\/acefootball.com\/da\/#personlogo","inLanguage":"en-US","url":"https:\/\/secure.gravatar.com\/avatar\/7c7abf72cfde9902b6a60efe60c88d4c?s=96&d=mm&r=g","contentUrl":"https:\/\/secure.gravatar.com\/avatar\/7c7abf72cfde9902b6a60efe60c88d4c?s=96&d=mm&r=g","caption":"Mads Dreyer"},"description":"Skribent og fodboldn\u00f8rd, der lige nu fort\u00e6ller om alt og intet i fodboldverdenen p\u00e5 acefootball.com. Uddannet i kommunikation fra Aalborg Universitet.","sameAs":["https:\/\/www.linkedin.com\/in\/mads-dreyer-b9b08266\/"],"url":"https:\/\/acefootball.com\/da\/fodboldnyheder\/author\/mdnronaldo\/"}]}},"fimg_url":"https:\/\/acefootball.com\/da\/wp-content\/uploads\/sites\/2\/2021\/03\/GettyImages-1281521845.jpg","_links":{"self":[{"href":"https:\/\/acefootball.com\/da\/wp-json\/wp\/v2\/posts\/254852"}],"collection":[{"href":"https:\/\/acefootball.com\/da\/wp-json\/wp\/v2\/posts"}],"about":[{"href":"https:\/\/acefootball.com\/da\/wp-json\/wp\/v2\/types\/post"}],"author":[{"embeddable":true,"href":"https:\/\/acefootball.com\/da\/wp-json\/wp\/v2\/users\/705"}],"replies":[{"embeddable":true,"href":"https:\/\/acefootball.com\/da\/wp-json\/wp\/v2\/comments?post=254852"}],"version-history":[{"count":0,"href":"https:\/\/acefootball.com\/da\/wp-json\/wp\/v2\/posts\/254852\/revisions"}],"wp:featuredmedia":[{"embeddable":true,"href":"https:\/\/acefootball.com\/da\/wp-json\/wp\/v2\/media\/254853"}],"wp:attachment":[{"href":"https:\/\/acefootball.com\/da\/wp-json\/wp\/v2\/media?parent=254852"}],"wp:term":[{"taxonomy":"category","embeddable":true,"href":"https:\/\/acefootball.com\/da\/wp-json\/wp\/v2\/categories?post=254852"},{"taxonomy":"post_tag","embeddable":true,"href":"https:\/\/acefootball.com\/da\/wp-json\/wp\/v2\/tags?post=254852"}],"curies":[{"name":"wp","href":"https:\/\/api.w.org\/{rel}","templated":true}]}}