{"id":254822,"date":"2021-03-17T13:50:26","date_gmt":"2021-03-17T12:50:26","guid":{"rendered":"https:\/\/acefootball.com\/da\/?p=254822"},"modified":"2021-03-17T13:50:27","modified_gmt":"2021-03-17T12:50:27","slug":"i-fornemt-selskab-uefa-hylder-fcker-for-flot-hovedstoedsmaal","status":"publish","type":"post","link":"https:\/\/acefootball.com\/da\/fodboldnyheder\/i-fornemt-selskab-uefa-hylder-fcker-for-flot-hovedstoedsmaal\/","title":{"rendered":"I fornemt selskab: UEFA hylder FCK&#8217;er for flot hovedst\u00f8dsm\u00e5l"},"content":{"rendered":"\n<h2 id=\"h-uefa-har-p-europa-leagues-twitter-profil-fremh-vet-jonas-winds-hovedst-dsm-l-mod-istanbul-basaksehir-sammen-med-scoringer-fra-godin-shevchenko-og-dzeko\">UEFA har p\u00e5 Europa Leagues Twitter-profil fremh\u00e6vet Jonas Winds hovedst\u00f8dsm\u00e5l mod Istanbul Basaksehir sammen med scoringer fra Godin, Shevchenko og Dzeko<\/h2>\n\n\n\n<p>Tilbage i starten af august slog FC K\u00f8benhavn p\u00e5 hjemmebane det tyrkiske mesterhold fra Istanbul Basaksehir med 3-0, hvor to af scoringerne blev sat ind af Jonas Wind.<\/p>\n\n\n\n<p>Nu har Europa League valgt at fremh\u00e6ve Winds hovedst\u00f8dsscoring fra kampen sammen med hovedst\u00f8dsm\u00e5l fra Edin Dzeko, Diego Godin og Andriy Shevchenko, hvor de beder deres f\u00f8lgere v\u00e6lge den mest imponerende scoring:<\/p>\n\n\n\n<figure class=\"wp-block-embed is-type-rich is-provider-twitter wp-block-embed-twitter\"><div class=\"wp-block-embed__wrapper\">\n<blockquote class=\"twitter-tweet\" data-width=\"550\" data-dnt=\"true\"><p lang=\"sl\" dir=\"ltr\">Great headers \ud83d\udc4f Most impressive? <br><br>\ud83c\udde9\ud83c\uddf0 Jonas Wind<br>\ud83c\uddfa\ud83c\udde6 Andriy Shevchenko<br>\ud83c\uddfa\ud83c\uddfe Diego God\u00edn<br>\ud83c\udde7\ud83c\udde6 Edin D\u017eeko<a href=\"https:\/\/twitter.com\/hankookreifen?ref_src=twsrc%5Etfw\">@hankookreifen<\/a> | <a href=\"https:\/\/twitter.com\/hashtag\/UELPlay?src=hash&amp;ref_src=twsrc%5Etfw\">#UELPlay<\/a> | <a href=\"https:\/\/twitter.com\/hashtag\/UEL?src=hash&amp;ref_src=twsrc%5Etfw\">#UEL<\/a> <a href=\"https:\/\/t.co\/krr576Vimy\">pic.twitter.com\/krr576Vimy<\/a><\/p>&mdash; UEFA Europa League (@EuropaLeague) <a href=\"https:\/\/twitter.com\/EuropaLeague\/status\/1372140908246884354?ref_src=twsrc%5Etfw\">March 17, 2021<\/a><\/blockquote><script async src=\"https:\/\/platform.twitter.com\/widgets.js\" charset=\"utf-8\"><\/script>\n<\/div><\/figure>\n\n\n\n<p>Jonas Wind blev tirsdag k\u00e5ret til \u00c5rets Mandlige Talent foran blandt andre Sampdorias Mikkel Damsgaard. Det kan du l\u00e6se mere om herunder:<\/p>\n\n\n\n<figure class=\"wp-block-embed is-type-wp-embed is-provider-ace-football-danmark wp-block-embed-ace-football-danmark\"><div class=\"wp-block-embed__wrapper\">\n<blockquote class=\"wp-embedded-content\" data-secret=\"OWvLlXuzhi\"><a href=\"https:\/\/acefootball.com\/da\/fodboldnyheder\/officielt-jonas-wind-snupper-aarets-mandlige-talent\/\">Officielt: Jonas Wind snupper \u00c5rets Mandlige Talent<\/a><\/blockquote><iframe class=\"wp-embedded-content\" sandbox=\"allow-scripts\" security=\"restricted\" style=\"position: absolute; clip: rect(1px, 1px, 1px, 1px);\" title=\"&#8220;Officielt: Jonas Wind snupper \u00c5rets Mandlige Talent&#8221; &#8212; Ace Football Danmark\" src=\"https:\/\/acefootball.com\/da\/fodboldnyheder\/officielt-jonas-wind-snupper-aarets-mandlige-talent\/embed\/#?secret=OWvLlXuzhi\" data-secret=\"OWvLlXuzhi\" width=\"600\" height=\"338\" frameborder=\"0\" marginwidth=\"0\" marginheight=\"0\" scrolling=\"no\"><\/iframe>\n<\/div><\/figure>\n","protected":false},"excerpt":{"rendered":"<p>UEFA har p\u00e5 Europa Leagues Twitter-profil fremh\u00e6vet Jonas Winds hovedst\u00f8dsm\u00e5l mod Istanbul Basaksehir sammen med scoringer fra Godin, Shevchenko og Dzeko<\/p>\n","protected":false},"author":43,"featured_media":240966,"comment_status":"open","ping_status":"closed","sticky":false,"template":"","format":"video","meta":{"om_disable_all_campaigns":false,"push_articles_ronaldo":{"active":false,"canonical":0,"publish":false},"force_updates":null},"categories":[8098],"tags":[16,2167],"enet_tags":{"team":["8391"],"player":["889785"],"sport_events":[]},"yoast_head":"<!-- This site is optimized with the Yoast SEO plugin v18.3 - https:\/\/yoast.com\/wordpress\/plugins\/seo\/ -->\n<title>I fornemt selskab: UEFA hylder FCK&#039;er for flot hovedst\u00f8dsm\u00e5l<\/title>\n<meta name=\"description\" content=\"UEFA har p\u00e5 Europa Leagues Twitter-profil fremh\u00e6vet Jonas Winds hovedst\u00f8dsm\u00e5l mod Istanbul Basaksehir sammen med scoringer fra Godin, Shevchenko og Dzeko\" \/>\n<meta name=\"robots\" content=\"index, follow, max-snippet:-1, max-image-preview:large, max-video-preview:-1\" \/>\n<link rel=\"canonical\" href=\"https:\/\/acefootball.com\/da\/fodboldnyheder\/i-fornemt-selskab-uefa-hylder-fcker-for-flot-hovedstoedsmaal\/\" \/>\n<meta property=\"og:locale\" content=\"en_US\" \/>\n<meta property=\"og:type\" content=\"article\" \/>\n<meta property=\"og:title\" content=\"I fornemt selskab: UEFA hylder FCK&#039;er for flot hovedst\u00f8dsm\u00e5l\" \/>\n<meta property=\"og:description\" content=\"UEFA har p\u00e5 Europa Leagues Twitter-profil fremh\u00e6vet Jonas Winds hovedst\u00f8dsm\u00e5l mod Istanbul Basaksehir sammen med scoringer fra Godin, Shevchenko og Dzeko\" \/>\n<meta property=\"og:url\" content=\"https:\/\/acefootball.com\/da\/fodboldnyheder\/i-fornemt-selskab-uefa-hylder-fcker-for-flot-hovedstoedsmaal\/\" \/>\n<meta property=\"og:site_name\" content=\"Ace Football Danmark\" \/>\n<meta property=\"article:publisher\" content=\"https:\/\/www.facebook.com\/acefootballdk\" \/>\n<meta property=\"article:published_time\" content=\"2021-03-17T12:50:26+00:00\" \/>\n<meta property=\"article:modified_time\" content=\"2021-03-17T12:50:27+00:00\" \/>\n<meta property=\"og:image\" content=\"https:\/\/acefootball.com\/da\/wp-content\/uploads\/sites\/2\/2021\/03\/Video-generel-68.jpg\" \/>\n\t<meta property=\"og:image:width\" content=\"1920\" \/>\n\t<meta property=\"og:image:height\" content=\"1008\" \/>\n\t<meta property=\"og:image:type\" content=\"image\/jpeg\" \/>\n<meta name=\"twitter:card\" content=\"summary_large_image\" \/>\n<meta name=\"twitter:label1\" content=\"Written by\" \/>\n\t<meta name=\"twitter:data1\" content=\"Mikki M\u00f8ller-Iversen\" \/>\n\t<meta name=\"twitter:label2\" content=\"Est. reading time\" \/>\n\t<meta name=\"twitter:data2\" content=\"1 minute\" \/>\n<script type=\"application\/ld+json\" class=\"yoast-schema-graph\">{\"@context\":\"https:\/\/schema.org\",\"@graph\":[{\"@type\":\"Organization\",\"@id\":\"https:\/\/acefootball.com\/da\/#organization\",\"name\":\"Ace Football\",\"url\":\"https:\/\/acefootball.com\/da\/\",\"sameAs\":[\"https:\/\/www.facebook.com\/acefootballdk\"],\"logo\":{\"@type\":\"ImageObject\",\"@id\":\"https:\/\/acefootball.com\/da\/#logo\",\"inLanguage\":\"en-US\",\"url\":\"https:\/\/acefootball.com\/da\/wp-content\/uploads\/sites\/2\/2020\/07\/Ace-Football-30-07-2020-2.png\",\"contentUrl\":\"https:\/\/acefootball.com\/da\/wp-content\/uploads\/sites\/2\/2020\/07\/Ace-Football-30-07-2020-2.png\",\"width\":1200,\"height\":600,\"caption\":\"Ace Football\"},\"image\":{\"@id\":\"https:\/\/acefootball.com\/da\/#logo\"}},{\"@type\":\"WebSite\",\"@id\":\"https:\/\/acefootball.com\/da\/#website\",\"url\":\"https:\/\/acefootball.com\/da\/\",\"name\":\"Ace Football Danmark\",\"description\":\"Nyheder, Spiltips &amp; Livescore\",\"publisher\":{\"@id\":\"https:\/\/acefootball.com\/da\/#organization\"},\"potentialAction\":[{\"@type\":\"SearchAction\",\"target\":{\"@type\":\"EntryPoint\",\"urlTemplate\":\"https:\/\/acefootball.com\/da\/?s={search_term_string}\"},\"query-input\":\"required name=search_term_string\"}],\"inLanguage\":\"en-US\"},{\"@type\":\"ImageObject\",\"@id\":\"https:\/\/acefootball.com\/da\/fodboldnyheder\/i-fornemt-selskab-uefa-hylder-fcker-for-flot-hovedstoedsmaal\/#primaryimage\",\"inLanguage\":\"en-US\",\"url\":\"https:\/\/acefootball.com\/da\/wp-content\/uploads\/sites\/2\/2021\/03\/Video-generel-68.jpg\",\"contentUrl\":\"https:\/\/acefootball.com\/da\/wp-content\/uploads\/sites\/2\/2021\/03\/Video-generel-68.jpg\",\"width\":1920,\"height\":1008},{\"@type\":\"WebPage\",\"@id\":\"https:\/\/acefootball.com\/da\/fodboldnyheder\/i-fornemt-selskab-uefa-hylder-fcker-for-flot-hovedstoedsmaal\/#webpage\",\"url\":\"https:\/\/acefootball.com\/da\/fodboldnyheder\/i-fornemt-selskab-uefa-hylder-fcker-for-flot-hovedstoedsmaal\/\",\"name\":\"I fornemt selskab: UEFA hylder FCK'er for flot hovedst\u00f8dsm\u00e5l\",\"isPartOf\":{\"@id\":\"https:\/\/acefootball.com\/da\/#website\"},\"primaryImageOfPage\":{\"@id\":\"https:\/\/acefootball.com\/da\/fodboldnyheder\/i-fornemt-selskab-uefa-hylder-fcker-for-flot-hovedstoedsmaal\/#primaryimage\"},\"datePublished\":\"2021-03-17T12:50:26+00:00\",\"dateModified\":\"2021-03-17T12:50:27+00:00\",\"description\":\"UEFA har p\u00e5 Europa Leagues Twitter-profil fremh\u00e6vet Jonas Winds hovedst\u00f8dsm\u00e5l mod Istanbul Basaksehir sammen med scoringer fra Godin, Shevchenko og Dzeko\",\"breadcrumb\":{\"@id\":\"https:\/\/acefootball.com\/da\/fodboldnyheder\/i-fornemt-selskab-uefa-hylder-fcker-for-flot-hovedstoedsmaal\/#breadcrumb\"},\"inLanguage\":\"en-US\",\"potentialAction\":[{\"@type\":\"ReadAction\",\"target\":[\"https:\/\/acefootball.com\/da\/fodboldnyheder\/i-fornemt-selskab-uefa-hylder-fcker-for-flot-hovedstoedsmaal\/\"]}]},{\"@type\":\"BreadcrumbList\",\"@id\":\"https:\/\/acefootball.com\/da\/fodboldnyheder\/i-fornemt-selskab-uefa-hylder-fcker-for-flot-hovedstoedsmaal\/#breadcrumb\",\"itemListElement\":[{\"@type\":\"ListItem\",\"position\":1,\"name\":\"Home\",\"item\":\"https:\/\/acefootball.com\/da\/\"},{\"@type\":\"ListItem\",\"position\":2,\"name\":\"I fornemt selskab: UEFA hylder FCK&#8217;er for flot hovedst\u00f8dsm\u00e5l\"}]},{\"@type\":\"Article\",\"@id\":\"https:\/\/acefootball.com\/da\/fodboldnyheder\/i-fornemt-selskab-uefa-hylder-fcker-for-flot-hovedstoedsmaal\/#article\",\"isPartOf\":{\"@id\":\"https:\/\/acefootball.com\/da\/fodboldnyheder\/i-fornemt-selskab-uefa-hylder-fcker-for-flot-hovedstoedsmaal\/#webpage\"},\"author\":{\"@id\":\"https:\/\/acefootball.com\/da\/#\/schema\/person\/017c0abe4a8e92938220bf6c097dda93\"},\"headline\":\"I fornemt selskab: UEFA hylder FCK&#8217;er for flot hovedst\u00f8dsm\u00e5l\",\"datePublished\":\"2021-03-17T12:50:26+00:00\",\"dateModified\":\"2021-03-17T12:50:27+00:00\",\"mainEntityOfPage\":{\"@id\":\"https:\/\/acefootball.com\/da\/fodboldnyheder\/i-fornemt-selskab-uefa-hylder-fcker-for-flot-hovedstoedsmaal\/#webpage\"},\"wordCount\":137,\"commentCount\":0,\"publisher\":{\"@id\":\"https:\/\/acefootball.com\/da\/#organization\"},\"image\":{\"@id\":\"https:\/\/acefootball.com\/da\/fodboldnyheder\/i-fornemt-selskab-uefa-hylder-fcker-for-flot-hovedstoedsmaal\/#primaryimage\"},\"thumbnailUrl\":\"https:\/\/acefootball.com\/da\/wp-content\/uploads\/sites\/2\/2020\/10\/GettyImages-1228896055-1.jpg\",\"keywords\":[\"FC K\u00f8benhavn\",\"Jonas Wind\"],\"articleSection\":[\"Video\"],\"inLanguage\":\"en-US\",\"potentialAction\":[{\"@type\":\"CommentAction\",\"name\":\"Comment\",\"target\":[\"https:\/\/acefootball.com\/da\/fodboldnyheder\/i-fornemt-selskab-uefa-hylder-fcker-for-flot-hovedstoedsmaal\/#respond\"]}]},{\"@type\":\"Person\",\"@id\":\"https:\/\/acefootball.com\/da\/#\/schema\/person\/017c0abe4a8e92938220bf6c097dda93\",\"name\":\"Mikki M\u00f8ller-Iversen\",\"image\":{\"@type\":\"ImageObject\",\"@id\":\"https:\/\/acefootball.com\/da\/#personlogo\",\"inLanguage\":\"en-US\",\"url\":\"https:\/\/secure.gravatar.com\/avatar\/e05b419e8b5ae5fcf516800181b96aa2?s=96&d=mm&r=g\",\"contentUrl\":\"https:\/\/secure.gravatar.com\/avatar\/e05b419e8b5ae5fcf516800181b96aa2?s=96&d=mm&r=g\",\"caption\":\"Mikki M\u00f8ller-Iversen\"},\"description\":\"Social Media Manager and writer at Ace Football. Main focus on Danish football and special stories.\",\"sameAs\":[\"https:\/\/www.linkedin.com\/in\/mikki-mller-iversen-26a3a689\/\"],\"url\":\"https:\/\/acefootball.com\/da\/fodboldnyheder\/author\/mmironaldo\/\"}]}<\/script>\n<!-- \/ Yoast SEO plugin. -->","yoast_head_json":{"title":"I fornemt selskab: UEFA hylder FCK'er for flot hovedst\u00f8dsm\u00e5l","description":"UEFA har p\u00e5 Europa Leagues Twitter-profil fremh\u00e6vet Jonas Winds hovedst\u00f8dsm\u00e5l mod Istanbul Basaksehir sammen med scoringer fra Godin, Shevchenko og Dzeko","robots":{"index":"index","follow":"follow","max-snippet":"max-snippet:-1","max-image-preview":"max-image-preview:large","max-video-preview":"max-video-preview:-1"},"canonical":"https:\/\/acefootball.com\/da\/fodboldnyheder\/i-fornemt-selskab-uefa-hylder-fcker-for-flot-hovedstoedsmaal\/","og_locale":"en_US","og_type":"article","og_title":"I fornemt selskab: UEFA hylder FCK'er for flot hovedst\u00f8dsm\u00e5l","og_description":"UEFA har p\u00e5 Europa Leagues Twitter-profil fremh\u00e6vet Jonas Winds hovedst\u00f8dsm\u00e5l mod Istanbul Basaksehir sammen med scoringer fra Godin, Shevchenko og Dzeko","og_url":"https:\/\/acefootball.com\/da\/fodboldnyheder\/i-fornemt-selskab-uefa-hylder-fcker-for-flot-hovedstoedsmaal\/","og_site_name":"Ace Football Danmark","article_publisher":"https:\/\/www.facebook.com\/acefootballdk","article_published_time":"2021-03-17T12:50:26+00:00","article_modified_time":"2021-03-17T12:50:27+00:00","og_image":[{"width":1920,"height":1008,"url":"https:\/\/acefootball.com\/da\/wp-content\/uploads\/sites\/2\/2021\/03\/Video-generel-68.jpg","type":"image\/jpeg"}],"twitter_card":"summary_large_image","twitter_misc":{"Written by":"Mikki M\u00f8ller-Iversen","Est. reading time":"1 minute"},"schema":{"@context":"https:\/\/schema.org","@graph":[{"@type":"Organization","@id":"https:\/\/acefootball.com\/da\/#organization","name":"Ace Football","url":"https:\/\/acefootball.com\/da\/","sameAs":["https:\/\/www.facebook.com\/acefootballdk"],"logo":{"@type":"ImageObject","@id":"https:\/\/acefootball.com\/da\/#logo","inLanguage":"en-US","url":"https:\/\/acefootball.com\/da\/wp-content\/uploads\/sites\/2\/2020\/07\/Ace-Football-30-07-2020-2.png","contentUrl":"https:\/\/acefootball.com\/da\/wp-content\/uploads\/sites\/2\/2020\/07\/Ace-Football-30-07-2020-2.png","width":1200,"height":600,"caption":"Ace Football"},"image":{"@id":"https:\/\/acefootball.com\/da\/#logo"}},{"@type":"WebSite","@id":"https:\/\/acefootball.com\/da\/#website","url":"https:\/\/acefootball.com\/da\/","name":"Ace Football Danmark","description":"Nyheder, Spiltips &amp; Livescore","publisher":{"@id":"https:\/\/acefootball.com\/da\/#organization"},"potentialAction":[{"@type":"SearchAction","target":{"@type":"EntryPoint","urlTemplate":"https:\/\/acefootball.com\/da\/?s={search_term_string}"},"query-input":"required name=search_term_string"}],"inLanguage":"en-US"},{"@type":"ImageObject","@id":"https:\/\/acefootball.com\/da\/fodboldnyheder\/i-fornemt-selskab-uefa-hylder-fcker-for-flot-hovedstoedsmaal\/#primaryimage","inLanguage":"en-US","url":"https:\/\/acefootball.com\/da\/wp-content\/uploads\/sites\/2\/2021\/03\/Video-generel-68.jpg","contentUrl":"https:\/\/acefootball.com\/da\/wp-content\/uploads\/sites\/2\/2021\/03\/Video-generel-68.jpg","width":1920,"height":1008},{"@type":"WebPage","@id":"https:\/\/acefootball.com\/da\/fodboldnyheder\/i-fornemt-selskab-uefa-hylder-fcker-for-flot-hovedstoedsmaal\/#webpage","url":"https:\/\/acefootball.com\/da\/fodboldnyheder\/i-fornemt-selskab-uefa-hylder-fcker-for-flot-hovedstoedsmaal\/","name":"I fornemt selskab: UEFA hylder FCK'er for flot hovedst\u00f8dsm\u00e5l","isPartOf":{"@id":"https:\/\/acefootball.com\/da\/#website"},"primaryImageOfPage":{"@id":"https:\/\/acefootball.com\/da\/fodboldnyheder\/i-fornemt-selskab-uefa-hylder-fcker-for-flot-hovedstoedsmaal\/#primaryimage"},"datePublished":"2021-03-17T12:50:26+00:00","dateModified":"2021-03-17T12:50:27+00:00","description":"UEFA har p\u00e5 Europa Leagues Twitter-profil fremh\u00e6vet Jonas Winds hovedst\u00f8dsm\u00e5l mod Istanbul Basaksehir sammen med scoringer fra Godin, Shevchenko og Dzeko","breadcrumb":{"@id":"https:\/\/acefootball.com\/da\/fodboldnyheder\/i-fornemt-selskab-uefa-hylder-fcker-for-flot-hovedstoedsmaal\/#breadcrumb"},"inLanguage":"en-US","potentialAction":[{"@type":"ReadAction","target":["https:\/\/acefootball.com\/da\/fodboldnyheder\/i-fornemt-selskab-uefa-hylder-fcker-for-flot-hovedstoedsmaal\/"]}]},{"@type":"BreadcrumbList","@id":"https:\/\/acefootball.com\/da\/fodboldnyheder\/i-fornemt-selskab-uefa-hylder-fcker-for-flot-hovedstoedsmaal\/#breadcrumb","itemListElement":[{"@type":"ListItem","position":1,"name":"Home","item":"https:\/\/acefootball.com\/da\/"},{"@type":"ListItem","position":2,"name":"I fornemt selskab: UEFA hylder FCK&#8217;er for flot hovedst\u00f8dsm\u00e5l"}]},{"@type":"Article","@id":"https:\/\/acefootball.com\/da\/fodboldnyheder\/i-fornemt-selskab-uefa-hylder-fcker-for-flot-hovedstoedsmaal\/#article","isPartOf":{"@id":"https:\/\/acefootball.com\/da\/fodboldnyheder\/i-fornemt-selskab-uefa-hylder-fcker-for-flot-hovedstoedsmaal\/#webpage"},"author":{"@id":"https:\/\/acefootball.com\/da\/#\/schema\/person\/017c0abe4a8e92938220bf6c097dda93"},"headline":"I fornemt selskab: UEFA hylder FCK&#8217;er for flot hovedst\u00f8dsm\u00e5l","datePublished":"2021-03-17T12:50:26+00:00","dateModified":"2021-03-17T12:50:27+00:00","mainEntityOfPage":{"@id":"https:\/\/acefootball.com\/da\/fodboldnyheder\/i-fornemt-selskab-uefa-hylder-fcker-for-flot-hovedstoedsmaal\/#webpage"},"wordCount":137,"commentCount":0,"publisher":{"@id":"https:\/\/acefootball.com\/da\/#organization"},"image":{"@id":"https:\/\/acefootball.com\/da\/fodboldnyheder\/i-fornemt-selskab-uefa-hylder-fcker-for-flot-hovedstoedsmaal\/#primaryimage"},"thumbnailUrl":"https:\/\/acefootball.com\/da\/wp-content\/uploads\/sites\/2\/2020\/10\/GettyImages-1228896055-1.jpg","keywords":["FC K\u00f8benhavn","Jonas Wind"],"articleSection":["Video"],"inLanguage":"en-US","potentialAction":[{"@type":"CommentAction","name":"Comment","target":["https:\/\/acefootball.com\/da\/fodboldnyheder\/i-fornemt-selskab-uefa-hylder-fcker-for-flot-hovedstoedsmaal\/#respond"]}]},{"@type":"Person","@id":"https:\/\/acefootball.com\/da\/#\/schema\/person\/017c0abe4a8e92938220bf6c097dda93","name":"Mikki M\u00f8ller-Iversen","image":{"@type":"ImageObject","@id":"https:\/\/acefootball.com\/da\/#personlogo","inLanguage":"en-US","url":"https:\/\/secure.gravatar.com\/avatar\/e05b419e8b5ae5fcf516800181b96aa2?s=96&d=mm&r=g","contentUrl":"https:\/\/secure.gravatar.com\/avatar\/e05b419e8b5ae5fcf516800181b96aa2?s=96&d=mm&r=g","caption":"Mikki M\u00f8ller-Iversen"},"description":"Social Media Manager and writer at Ace Football. Main focus on Danish football and special stories.","sameAs":["https:\/\/www.linkedin.com\/in\/mikki-mller-iversen-26a3a689\/"],"url":"https:\/\/acefootball.com\/da\/fodboldnyheder\/author\/mmironaldo\/"}]}},"fimg_url":"https:\/\/acefootball.com\/da\/wp-content\/uploads\/sites\/2\/2020\/10\/GettyImages-1228896055-1.jpg","_links":{"self":[{"href":"https:\/\/acefootball.com\/da\/wp-json\/wp\/v2\/posts\/254822"}],"collection":[{"href":"https:\/\/acefootball.com\/da\/wp-json\/wp\/v2\/posts"}],"about":[{"href":"https:\/\/acefootball.com\/da\/wp-json\/wp\/v2\/types\/post"}],"author":[{"embeddable":true,"href":"https:\/\/acefootball.com\/da\/wp-json\/wp\/v2\/users\/43"}],"replies":[{"embeddable":true,"href":"https:\/\/acefootball.com\/da\/wp-json\/wp\/v2\/comments?post=254822"}],"version-history":[{"count":0,"href":"https:\/\/acefootball.com\/da\/wp-json\/wp\/v2\/posts\/254822\/revisions"}],"wp:featuredmedia":[{"embeddable":true,"href":"https:\/\/acefootball.com\/da\/wp-json\/wp\/v2\/media\/240966"}],"wp:attachment":[{"href":"https:\/\/acefootball.com\/da\/wp-json\/wp\/v2\/media?parent=254822"}],"wp:term":[{"taxonomy":"category","embeddable":true,"href":"https:\/\/acefootball.com\/da\/wp-json\/wp\/v2\/categories?post=254822"},{"taxonomy":"post_tag","embeddable":true,"href":"https:\/\/acefootball.com\/da\/wp-json\/wp\/v2\/tags?post=254822"}],"curies":[{"name":"wp","href":"https:\/\/api.w.org\/{rel}","templated":true}]}}