{"id":254799,"date":"2021-03-17T10:26:31","date_gmt":"2021-03-17T09:26:31","guid":{"rendered":"https:\/\/acefootball.com\/da\/?p=254799"},"modified":"2021-03-18T19:53:31","modified_gmt":"2021-03-18T18:53:31","slug":"besked-fra-hoejbjerg-gaar-lige-i-hjertet-paa-tidligere-traener-jeg-graeder-naesten","status":"publish","type":"post","link":"https:\/\/acefootball.com\/da\/fodboldnyheder\/besked-fra-hoejbjerg-gaar-lige-i-hjertet-paa-tidligere-traener-jeg-graeder-naesten\/","title":{"rendered":"Besked fra H\u00f8jbjerg g\u00e5r lige i hjertet p\u00e5 tidligere tr\u00e6ner: Jeg gr\u00e6der n\u00e6sten"},"content":{"rendered":"\n<h2 id=\"h-pierre-emil-h-jbjergs-tidligere-ungdomstr-ner-i-bayern-m-nchen-mehmet-scholl-fik-forleden-en-r-rende-besked-fra-sin-tidligere-danske-spiller-der-tvang-t-rerne-frem-hos-ham\">Pierre Emil-H\u00f8jbjergs tidligere ungdomstr\u00e6ner i Bayern M\u00fcnchen Mehmet Scholl fik forleden en r\u00f8rende besked fra sin tidligere danske spiller, der tvang t\u00e5rerne frem hos ham<\/h2>\n\n\n\n<p>Pierre Emile-H\u00f8jbjerg kom til Bayern M\u00fcnchen som ung teenager, men spillede sig hurtigt op igennem den tyske storklubs ungdomsr\u00e6kker og debuterede senere som den yngste Bayern-spiller nogensinde i Bundesligaen.<\/p>\n\n\n\n<p>Den rekord blev forleden sl\u00e5et af Jamal Musiala, og i den forbindelse havde Bild danskerens tidligere ungdomstr\u00e6ner, Mehmet Scholl, med i podcasten &#8220;Phrasenm\u00e4her&#8221;, hvor v\u00e6rterne afspillede Scholl en talebesked fra H\u00f8jbjerg, der if\u00f8lge tr\u00e6neren var som en s\u00f8n for ham. Beskeden fik da ogs\u00e5 n\u00e6sten Scholl til at gr\u00e6de:<\/p>\n\n\n\n<figure class=\"wp-block-embed is-type-wp-embed is-provider-ace-football-danmark wp-block-embed-ace-football-danmark\"><div class=\"wp-block-embed__wrapper\">\n<blockquote class=\"wp-embedded-content\" data-secret=\"5jV9ryKogm\"><a href=\"https:\/\/acefootball.com\/da\/fodboldnyheder\/genistreg-mourinho-og-hoejbjerg-beskyldes-for-snedigt-trick\/\">Genistreg? Mourinho og H\u00f8jbjerg beskyldes for snedigt trick<\/a><\/blockquote><iframe class=\"wp-embedded-content\" sandbox=\"allow-scripts\" security=\"restricted\" style=\"position: absolute; clip: rect(1px, 1px, 1px, 1px);\" title=\"&#8220;Genistreg? Mourinho og H\u00f8jbjerg beskyldes for snedigt trick&#8221; &#8212; Ace Football Danmark\" src=\"https:\/\/acefootball.com\/da\/fodboldnyheder\/genistreg-mourinho-og-hoejbjerg-beskyldes-for-snedigt-trick\/embed\/#?secret=5jV9ryKogm\" data-secret=\"5jV9ryKogm\" width=\"600\" height=\"338\" frameborder=\"0\" marginwidth=\"0\" marginheight=\"0\" scrolling=\"no\"><\/iframe>\n<\/div><\/figure>\n\n\n\n<p>&#8220;De ting du l\u00e6rte mig har vil jeg altid taget med mig i hjertet. Du rykkede mig op, du forbedrede mig, og du gjorde mig til at bedre menneske. Jeg vil selvf\u00f8lgelig altid v\u00e6re taknemlig for det,&#8221; udtalte H\u00f8jbjerg til podcasten, og huskede is\u00e6r tilbage p\u00e5 \u00e9n tr\u00e6nings\u00f8velse med Scholl:<\/p>\n\n\n\n<p>&#8220;Jeg vidste, at det var min test, og da jeg havde klaret den, vidste jeg, at jeg havde vundet din respekt. Det var h\u00e5rdt i starten, men en start jeg aldrig vil glemme, for det var altid s\u00e5dan med dig, at man arbejdede h\u00e5rdt, og s\u00e5 blev man bel\u00f8nnet bagefter. Jeg l\u00e6rte s\u00e5 meget, det var s\u00e5 sjovt, og det vil jeg altid tage med mig i livet, ikke kun som spiller, men ogs\u00e5 som person, selv n\u00e5r min karriere er ovre,&#8221; rundede H\u00f8jbjerg af i sin besked til sin tidligere tr\u00e6ner.<\/p>\n\n\n\n<p>Pierre Emil-H\u00f8jbjerg har sidenhen etableret sig som en n\u00f8glespiller i Tottenham, hvilket du kan l\u00e6se mere om herunder:<\/p>\n\n\n\n<figure class=\"wp-block-embed is-type-wp-embed is-provider-ace-football-danmark wp-block-embed-ace-football-danmark\"><div class=\"wp-block-embed__wrapper\">\n<blockquote class=\"wp-embedded-content\" data-secret=\"RAD8qfU9PM\"><a href=\"https:\/\/acefootball.com\/da\/fodboldnyheder\/video-hoejbjerg-bliver-kaldt-zidane-efter-vilde-detaljer-i-europa-league2\/\">Video: Da H\u00f8jbjerg blev kaldt &#8216;Zidane&#8217; efter vilde detaljer i Europa League<\/a><\/blockquote><iframe class=\"wp-embedded-content\" sandbox=\"allow-scripts\" security=\"restricted\" style=\"position: absolute; clip: rect(1px, 1px, 1px, 1px);\" title=\"&#8220;Video: Da H\u00f8jbjerg blev kaldt &#8216;Zidane&#8217; efter vilde detaljer i Europa League&#8221; &#8212; Ace Football Danmark\" src=\"https:\/\/acefootball.com\/da\/fodboldnyheder\/video-hoejbjerg-bliver-kaldt-zidane-efter-vilde-detaljer-i-europa-league2\/embed\/#?secret=RAD8qfU9PM\" data-secret=\"RAD8qfU9PM\" width=\"600\" height=\"338\" frameborder=\"0\" marginwidth=\"0\" marginheight=\"0\" scrolling=\"no\"><\/iframe>\n<\/div><\/figure>\n","protected":false},"excerpt":{"rendered":"<p>Pierre Emil-H\u00f8jbjergs tidligere ungdomstr\u00e6ner i Bayern M\u00fcnchen Mehmet Scholl fik forleden en r\u00f8rende besked fra sin tidligere danske spiller, der tvang t\u00e5rerne frem hos ham<\/p>\n","protected":false},"author":43,"featured_media":254800,"comment_status":"open","ping_status":"closed","sticky":false,"template":"","format":"standard","meta":{"om_disable_all_campaigns":false,"push_articles_ronaldo":{"active":false,"canonical":0,"publish":false},"force_updates":null},"categories":[1],"tags":[74,692,383,45],"enet_tags":{"team":["9823","8238","8586"],"player":["266523"],"sport_events":[]},"yoast_head":"<!-- This site is optimized with the Yoast SEO plugin v18.3 - https:\/\/yoast.com\/wordpress\/plugins\/seo\/ -->\n<title>Besked fra H\u00f8jbjerg g\u00e5r lige i hjertet p\u00e5 tidligere tr\u00e6ner: Jeg gr\u00e6der n\u00e6sten<\/title>\n<meta name=\"description\" content=\"Pierre Emil-H\u00f8jbjergs tidligere ungdomstr\u00e6ner i Bayern M\u00fcnchen Mehmet Scholl fik forleden en r\u00f8rende besked fra sin tidligere danske spiller, der tvang t\u00e5rerne frem hos ham\" \/>\n<meta name=\"robots\" content=\"index, follow, max-snippet:-1, max-image-preview:large, max-video-preview:-1\" \/>\n<link rel=\"canonical\" href=\"https:\/\/acefootball.com\/da\/fodboldnyheder\/besked-fra-hoejbjerg-gaar-lige-i-hjertet-paa-tidligere-traener-jeg-graeder-naesten\/\" \/>\n<meta property=\"og:locale\" content=\"en_US\" \/>\n<meta property=\"og:type\" content=\"article\" \/>\n<meta property=\"og:title\" content=\"Besked fra H\u00f8jbjerg g\u00e5r lige i hjertet p\u00e5 tidligere tr\u00e6ner: Jeg gr\u00e6der n\u00e6sten\" \/>\n<meta property=\"og:description\" content=\"Pierre Emil-H\u00f8jbjergs tidligere ungdomstr\u00e6ner i Bayern M\u00fcnchen Mehmet Scholl fik forleden en r\u00f8rende besked fra sin tidligere danske spiller, der tvang t\u00e5rerne frem hos ham\" \/>\n<meta property=\"og:url\" content=\"https:\/\/acefootball.com\/da\/fodboldnyheder\/besked-fra-hoejbjerg-gaar-lige-i-hjertet-paa-tidligere-traener-jeg-graeder-naesten\/\" \/>\n<meta property=\"og:site_name\" content=\"Ace Football Danmark\" \/>\n<meta property=\"article:publisher\" content=\"https:\/\/www.facebook.com\/acefootballdk\" \/>\n<meta property=\"article:published_time\" content=\"2021-03-17T09:26:31+00:00\" \/>\n<meta property=\"article:modified_time\" content=\"2021-03-18T18:53:31+00:00\" \/>\n<meta property=\"og:image\" content=\"https:\/\/acefootball.com\/da\/wp-content\/uploads\/sites\/2\/2021\/03\/Laes-mere-generel-2021-03-17T102535.839.jpg\" \/>\n\t<meta property=\"og:image:width\" content=\"1920\" \/>\n\t<meta property=\"og:image:height\" content=\"1008\" \/>\n\t<meta property=\"og:image:type\" content=\"image\/jpeg\" \/>\n<meta name=\"twitter:card\" content=\"summary_large_image\" \/>\n<meta name=\"twitter:label1\" content=\"Written by\" \/>\n\t<meta name=\"twitter:data1\" content=\"Mikki M\u00f8ller-Iversen\" \/>\n\t<meta name=\"twitter:label2\" content=\"Est. reading time\" \/>\n\t<meta name=\"twitter:data2\" content=\"2 minutes\" \/>\n<script type=\"application\/ld+json\" class=\"yoast-schema-graph\">{\"@context\":\"https:\/\/schema.org\",\"@graph\":[{\"@type\":\"Organization\",\"@id\":\"https:\/\/acefootball.com\/da\/#organization\",\"name\":\"Ace Football\",\"url\":\"https:\/\/acefootball.com\/da\/\",\"sameAs\":[\"https:\/\/www.facebook.com\/acefootballdk\"],\"logo\":{\"@type\":\"ImageObject\",\"@id\":\"https:\/\/acefootball.com\/da\/#logo\",\"inLanguage\":\"en-US\",\"url\":\"https:\/\/acefootball.com\/da\/wp-content\/uploads\/sites\/2\/2020\/07\/Ace-Football-30-07-2020-2.png\",\"contentUrl\":\"https:\/\/acefootball.com\/da\/wp-content\/uploads\/sites\/2\/2020\/07\/Ace-Football-30-07-2020-2.png\",\"width\":1200,\"height\":600,\"caption\":\"Ace Football\"},\"image\":{\"@id\":\"https:\/\/acefootball.com\/da\/#logo\"}},{\"@type\":\"WebSite\",\"@id\":\"https:\/\/acefootball.com\/da\/#website\",\"url\":\"https:\/\/acefootball.com\/da\/\",\"name\":\"Ace Football Danmark\",\"description\":\"Nyheder, Spiltips &amp; Livescore\",\"publisher\":{\"@id\":\"https:\/\/acefootball.com\/da\/#organization\"},\"potentialAction\":[{\"@type\":\"SearchAction\",\"target\":{\"@type\":\"EntryPoint\",\"urlTemplate\":\"https:\/\/acefootball.com\/da\/?s={search_term_string}\"},\"query-input\":\"required name=search_term_string\"}],\"inLanguage\":\"en-US\"},{\"@type\":\"ImageObject\",\"@id\":\"https:\/\/acefootball.com\/da\/fodboldnyheder\/besked-fra-hoejbjerg-gaar-lige-i-hjertet-paa-tidligere-traener-jeg-graeder-naesten\/#primaryimage\",\"inLanguage\":\"en-US\",\"url\":\"https:\/\/acefootball.com\/da\/wp-content\/uploads\/sites\/2\/2021\/03\/Laes-mere-generel-2021-03-17T102535.839.jpg\",\"contentUrl\":\"https:\/\/acefootball.com\/da\/wp-content\/uploads\/sites\/2\/2021\/03\/Laes-mere-generel-2021-03-17T102535.839.jpg\",\"width\":1920,\"height\":1008},{\"@type\":\"WebPage\",\"@id\":\"https:\/\/acefootball.com\/da\/fodboldnyheder\/besked-fra-hoejbjerg-gaar-lige-i-hjertet-paa-tidligere-traener-jeg-graeder-naesten\/#webpage\",\"url\":\"https:\/\/acefootball.com\/da\/fodboldnyheder\/besked-fra-hoejbjerg-gaar-lige-i-hjertet-paa-tidligere-traener-jeg-graeder-naesten\/\",\"name\":\"Besked fra H\u00f8jbjerg g\u00e5r lige i hjertet p\u00e5 tidligere tr\u00e6ner: Jeg gr\u00e6der n\u00e6sten\",\"isPartOf\":{\"@id\":\"https:\/\/acefootball.com\/da\/#website\"},\"primaryImageOfPage\":{\"@id\":\"https:\/\/acefootball.com\/da\/fodboldnyheder\/besked-fra-hoejbjerg-gaar-lige-i-hjertet-paa-tidligere-traener-jeg-graeder-naesten\/#primaryimage\"},\"datePublished\":\"2021-03-17T09:26:31+00:00\",\"dateModified\":\"2021-03-18T18:53:31+00:00\",\"description\":\"Pierre Emil-H\u00f8jbjergs tidligere ungdomstr\u00e6ner i Bayern M\u00fcnchen Mehmet Scholl fik forleden en r\u00f8rende besked fra sin tidligere danske spiller, der tvang t\u00e5rerne frem hos ham\",\"breadcrumb\":{\"@id\":\"https:\/\/acefootball.com\/da\/fodboldnyheder\/besked-fra-hoejbjerg-gaar-lige-i-hjertet-paa-tidligere-traener-jeg-graeder-naesten\/#breadcrumb\"},\"inLanguage\":\"en-US\",\"potentialAction\":[{\"@type\":\"ReadAction\",\"target\":[\"https:\/\/acefootball.com\/da\/fodboldnyheder\/besked-fra-hoejbjerg-gaar-lige-i-hjertet-paa-tidligere-traener-jeg-graeder-naesten\/\"]}]},{\"@type\":\"BreadcrumbList\",\"@id\":\"https:\/\/acefootball.com\/da\/fodboldnyheder\/besked-fra-hoejbjerg-gaar-lige-i-hjertet-paa-tidligere-traener-jeg-graeder-naesten\/#breadcrumb\",\"itemListElement\":[{\"@type\":\"ListItem\",\"position\":1,\"name\":\"Home\",\"item\":\"https:\/\/acefootball.com\/da\/\"},{\"@type\":\"ListItem\",\"position\":2,\"name\":\"Besked fra H\u00f8jbjerg g\u00e5r lige i hjertet p\u00e5 tidligere tr\u00e6ner: Jeg gr\u00e6der n\u00e6sten\"}]},{\"@type\":\"Article\",\"@id\":\"https:\/\/acefootball.com\/da\/fodboldnyheder\/besked-fra-hoejbjerg-gaar-lige-i-hjertet-paa-tidligere-traener-jeg-graeder-naesten\/#article\",\"isPartOf\":{\"@id\":\"https:\/\/acefootball.com\/da\/fodboldnyheder\/besked-fra-hoejbjerg-gaar-lige-i-hjertet-paa-tidligere-traener-jeg-graeder-naesten\/#webpage\"},\"author\":{\"@id\":\"https:\/\/acefootball.com\/da\/#\/schema\/person\/017c0abe4a8e92938220bf6c097dda93\"},\"headline\":\"Besked fra H\u00f8jbjerg g\u00e5r lige i hjertet p\u00e5 tidligere tr\u00e6ner: Jeg gr\u00e6der n\u00e6sten\",\"datePublished\":\"2021-03-17T09:26:31+00:00\",\"dateModified\":\"2021-03-18T18:53:31+00:00\",\"mainEntityOfPage\":{\"@id\":\"https:\/\/acefootball.com\/da\/fodboldnyheder\/besked-fra-hoejbjerg-gaar-lige-i-hjertet-paa-tidligere-traener-jeg-graeder-naesten\/#webpage\"},\"wordCount\":329,\"commentCount\":0,\"publisher\":{\"@id\":\"https:\/\/acefootball.com\/da\/#organization\"},\"image\":{\"@id\":\"https:\/\/acefootball.com\/da\/fodboldnyheder\/besked-fra-hoejbjerg-gaar-lige-i-hjertet-paa-tidligere-traener-jeg-graeder-naesten\/#primaryimage\"},\"thumbnailUrl\":\"https:\/\/acefootball.com\/da\/wp-content\/uploads\/sites\/2\/2021\/03\/GettyImages-167528413.jpg\",\"keywords\":[\"Bayern M\u00fcnchen\",\"Danmark\",\"Pierre-Emile H\u00f8jbjerg\",\"Tottenham\"],\"articleSection\":[\"Nyhed\"],\"inLanguage\":\"en-US\",\"potentialAction\":[{\"@type\":\"CommentAction\",\"name\":\"Comment\",\"target\":[\"https:\/\/acefootball.com\/da\/fodboldnyheder\/besked-fra-hoejbjerg-gaar-lige-i-hjertet-paa-tidligere-traener-jeg-graeder-naesten\/#respond\"]}]},{\"@type\":\"Person\",\"@id\":\"https:\/\/acefootball.com\/da\/#\/schema\/person\/017c0abe4a8e92938220bf6c097dda93\",\"name\":\"Mikki M\u00f8ller-Iversen\",\"image\":{\"@type\":\"ImageObject\",\"@id\":\"https:\/\/acefootball.com\/da\/#personlogo\",\"inLanguage\":\"en-US\",\"url\":\"https:\/\/secure.gravatar.com\/avatar\/e05b419e8b5ae5fcf516800181b96aa2?s=96&d=mm&r=g\",\"contentUrl\":\"https:\/\/secure.gravatar.com\/avatar\/e05b419e8b5ae5fcf516800181b96aa2?s=96&d=mm&r=g\",\"caption\":\"Mikki M\u00f8ller-Iversen\"},\"description\":\"Social Media Manager and writer at Ace Football. Main focus on Danish football and special stories.\",\"sameAs\":[\"https:\/\/www.linkedin.com\/in\/mikki-mller-iversen-26a3a689\/\"],\"url\":\"https:\/\/acefootball.com\/da\/fodboldnyheder\/author\/mmironaldo\/\"}]}<\/script>\n<!-- \/ Yoast SEO plugin. -->","yoast_head_json":{"title":"Besked fra H\u00f8jbjerg g\u00e5r lige i hjertet p\u00e5 tidligere tr\u00e6ner: Jeg gr\u00e6der n\u00e6sten","description":"Pierre Emil-H\u00f8jbjergs tidligere ungdomstr\u00e6ner i Bayern M\u00fcnchen Mehmet Scholl fik forleden en r\u00f8rende besked fra sin tidligere danske spiller, der tvang t\u00e5rerne frem hos ham","robots":{"index":"index","follow":"follow","max-snippet":"max-snippet:-1","max-image-preview":"max-image-preview:large","max-video-preview":"max-video-preview:-1"},"canonical":"https:\/\/acefootball.com\/da\/fodboldnyheder\/besked-fra-hoejbjerg-gaar-lige-i-hjertet-paa-tidligere-traener-jeg-graeder-naesten\/","og_locale":"en_US","og_type":"article","og_title":"Besked fra H\u00f8jbjerg g\u00e5r lige i hjertet p\u00e5 tidligere tr\u00e6ner: Jeg gr\u00e6der n\u00e6sten","og_description":"Pierre Emil-H\u00f8jbjergs tidligere ungdomstr\u00e6ner i Bayern M\u00fcnchen Mehmet Scholl fik forleden en r\u00f8rende besked fra sin tidligere danske spiller, der tvang t\u00e5rerne frem hos ham","og_url":"https:\/\/acefootball.com\/da\/fodboldnyheder\/besked-fra-hoejbjerg-gaar-lige-i-hjertet-paa-tidligere-traener-jeg-graeder-naesten\/","og_site_name":"Ace Football Danmark","article_publisher":"https:\/\/www.facebook.com\/acefootballdk","article_published_time":"2021-03-17T09:26:31+00:00","article_modified_time":"2021-03-18T18:53:31+00:00","og_image":[{"width":1920,"height":1008,"url":"https:\/\/acefootball.com\/da\/wp-content\/uploads\/sites\/2\/2021\/03\/Laes-mere-generel-2021-03-17T102535.839.jpg","type":"image\/jpeg"}],"twitter_card":"summary_large_image","twitter_misc":{"Written by":"Mikki M\u00f8ller-Iversen","Est. reading time":"2 minutes"},"schema":{"@context":"https:\/\/schema.org","@graph":[{"@type":"Organization","@id":"https:\/\/acefootball.com\/da\/#organization","name":"Ace Football","url":"https:\/\/acefootball.com\/da\/","sameAs":["https:\/\/www.facebook.com\/acefootballdk"],"logo":{"@type":"ImageObject","@id":"https:\/\/acefootball.com\/da\/#logo","inLanguage":"en-US","url":"https:\/\/acefootball.com\/da\/wp-content\/uploads\/sites\/2\/2020\/07\/Ace-Football-30-07-2020-2.png","contentUrl":"https:\/\/acefootball.com\/da\/wp-content\/uploads\/sites\/2\/2020\/07\/Ace-Football-30-07-2020-2.png","width":1200,"height":600,"caption":"Ace Football"},"image":{"@id":"https:\/\/acefootball.com\/da\/#logo"}},{"@type":"WebSite","@id":"https:\/\/acefootball.com\/da\/#website","url":"https:\/\/acefootball.com\/da\/","name":"Ace Football Danmark","description":"Nyheder, Spiltips &amp; Livescore","publisher":{"@id":"https:\/\/acefootball.com\/da\/#organization"},"potentialAction":[{"@type":"SearchAction","target":{"@type":"EntryPoint","urlTemplate":"https:\/\/acefootball.com\/da\/?s={search_term_string}"},"query-input":"required name=search_term_string"}],"inLanguage":"en-US"},{"@type":"ImageObject","@id":"https:\/\/acefootball.com\/da\/fodboldnyheder\/besked-fra-hoejbjerg-gaar-lige-i-hjertet-paa-tidligere-traener-jeg-graeder-naesten\/#primaryimage","inLanguage":"en-US","url":"https:\/\/acefootball.com\/da\/wp-content\/uploads\/sites\/2\/2021\/03\/Laes-mere-generel-2021-03-17T102535.839.jpg","contentUrl":"https:\/\/acefootball.com\/da\/wp-content\/uploads\/sites\/2\/2021\/03\/Laes-mere-generel-2021-03-17T102535.839.jpg","width":1920,"height":1008},{"@type":"WebPage","@id":"https:\/\/acefootball.com\/da\/fodboldnyheder\/besked-fra-hoejbjerg-gaar-lige-i-hjertet-paa-tidligere-traener-jeg-graeder-naesten\/#webpage","url":"https:\/\/acefootball.com\/da\/fodboldnyheder\/besked-fra-hoejbjerg-gaar-lige-i-hjertet-paa-tidligere-traener-jeg-graeder-naesten\/","name":"Besked fra H\u00f8jbjerg g\u00e5r lige i hjertet p\u00e5 tidligere tr\u00e6ner: Jeg gr\u00e6der n\u00e6sten","isPartOf":{"@id":"https:\/\/acefootball.com\/da\/#website"},"primaryImageOfPage":{"@id":"https:\/\/acefootball.com\/da\/fodboldnyheder\/besked-fra-hoejbjerg-gaar-lige-i-hjertet-paa-tidligere-traener-jeg-graeder-naesten\/#primaryimage"},"datePublished":"2021-03-17T09:26:31+00:00","dateModified":"2021-03-18T18:53:31+00:00","description":"Pierre Emil-H\u00f8jbjergs tidligere ungdomstr\u00e6ner i Bayern M\u00fcnchen Mehmet Scholl fik forleden en r\u00f8rende besked fra sin tidligere danske spiller, der tvang t\u00e5rerne frem hos ham","breadcrumb":{"@id":"https:\/\/acefootball.com\/da\/fodboldnyheder\/besked-fra-hoejbjerg-gaar-lige-i-hjertet-paa-tidligere-traener-jeg-graeder-naesten\/#breadcrumb"},"inLanguage":"en-US","potentialAction":[{"@type":"ReadAction","target":["https:\/\/acefootball.com\/da\/fodboldnyheder\/besked-fra-hoejbjerg-gaar-lige-i-hjertet-paa-tidligere-traener-jeg-graeder-naesten\/"]}]},{"@type":"BreadcrumbList","@id":"https:\/\/acefootball.com\/da\/fodboldnyheder\/besked-fra-hoejbjerg-gaar-lige-i-hjertet-paa-tidligere-traener-jeg-graeder-naesten\/#breadcrumb","itemListElement":[{"@type":"ListItem","position":1,"name":"Home","item":"https:\/\/acefootball.com\/da\/"},{"@type":"ListItem","position":2,"name":"Besked fra H\u00f8jbjerg g\u00e5r lige i hjertet p\u00e5 tidligere tr\u00e6ner: Jeg gr\u00e6der n\u00e6sten"}]},{"@type":"Article","@id":"https:\/\/acefootball.com\/da\/fodboldnyheder\/besked-fra-hoejbjerg-gaar-lige-i-hjertet-paa-tidligere-traener-jeg-graeder-naesten\/#article","isPartOf":{"@id":"https:\/\/acefootball.com\/da\/fodboldnyheder\/besked-fra-hoejbjerg-gaar-lige-i-hjertet-paa-tidligere-traener-jeg-graeder-naesten\/#webpage"},"author":{"@id":"https:\/\/acefootball.com\/da\/#\/schema\/person\/017c0abe4a8e92938220bf6c097dda93"},"headline":"Besked fra H\u00f8jbjerg g\u00e5r lige i hjertet p\u00e5 tidligere tr\u00e6ner: Jeg gr\u00e6der n\u00e6sten","datePublished":"2021-03-17T09:26:31+00:00","dateModified":"2021-03-18T18:53:31+00:00","mainEntityOfPage":{"@id":"https:\/\/acefootball.com\/da\/fodboldnyheder\/besked-fra-hoejbjerg-gaar-lige-i-hjertet-paa-tidligere-traener-jeg-graeder-naesten\/#webpage"},"wordCount":329,"commentCount":0,"publisher":{"@id":"https:\/\/acefootball.com\/da\/#organization"},"image":{"@id":"https:\/\/acefootball.com\/da\/fodboldnyheder\/besked-fra-hoejbjerg-gaar-lige-i-hjertet-paa-tidligere-traener-jeg-graeder-naesten\/#primaryimage"},"thumbnailUrl":"https:\/\/acefootball.com\/da\/wp-content\/uploads\/sites\/2\/2021\/03\/GettyImages-167528413.jpg","keywords":["Bayern M\u00fcnchen","Danmark","Pierre-Emile H\u00f8jbjerg","Tottenham"],"articleSection":["Nyhed"],"inLanguage":"en-US","potentialAction":[{"@type":"CommentAction","name":"Comment","target":["https:\/\/acefootball.com\/da\/fodboldnyheder\/besked-fra-hoejbjerg-gaar-lige-i-hjertet-paa-tidligere-traener-jeg-graeder-naesten\/#respond"]}]},{"@type":"Person","@id":"https:\/\/acefootball.com\/da\/#\/schema\/person\/017c0abe4a8e92938220bf6c097dda93","name":"Mikki M\u00f8ller-Iversen","image":{"@type":"ImageObject","@id":"https:\/\/acefootball.com\/da\/#personlogo","inLanguage":"en-US","url":"https:\/\/secure.gravatar.com\/avatar\/e05b419e8b5ae5fcf516800181b96aa2?s=96&d=mm&r=g","contentUrl":"https:\/\/secure.gravatar.com\/avatar\/e05b419e8b5ae5fcf516800181b96aa2?s=96&d=mm&r=g","caption":"Mikki M\u00f8ller-Iversen"},"description":"Social Media Manager and writer at Ace Football. Main focus on Danish football and special stories.","sameAs":["https:\/\/www.linkedin.com\/in\/mikki-mller-iversen-26a3a689\/"],"url":"https:\/\/acefootball.com\/da\/fodboldnyheder\/author\/mmironaldo\/"}]}},"fimg_url":"https:\/\/acefootball.com\/da\/wp-content\/uploads\/sites\/2\/2021\/03\/GettyImages-167528413.jpg","_links":{"self":[{"href":"https:\/\/acefootball.com\/da\/wp-json\/wp\/v2\/posts\/254799"}],"collection":[{"href":"https:\/\/acefootball.com\/da\/wp-json\/wp\/v2\/posts"}],"about":[{"href":"https:\/\/acefootball.com\/da\/wp-json\/wp\/v2\/types\/post"}],"author":[{"embeddable":true,"href":"https:\/\/acefootball.com\/da\/wp-json\/wp\/v2\/users\/43"}],"replies":[{"embeddable":true,"href":"https:\/\/acefootball.com\/da\/wp-json\/wp\/v2\/comments?post=254799"}],"version-history":[{"count":0,"href":"https:\/\/acefootball.com\/da\/wp-json\/wp\/v2\/posts\/254799\/revisions"}],"wp:featuredmedia":[{"embeddable":true,"href":"https:\/\/acefootball.com\/da\/wp-json\/wp\/v2\/media\/254800"}],"wp:attachment":[{"href":"https:\/\/acefootball.com\/da\/wp-json\/wp\/v2\/media?parent=254799"}],"wp:term":[{"taxonomy":"category","embeddable":true,"href":"https:\/\/acefootball.com\/da\/wp-json\/wp\/v2\/categories?post=254799"},{"taxonomy":"post_tag","embeddable":true,"href":"https:\/\/acefootball.com\/da\/wp-json\/wp\/v2\/tags?post=254799"}],"curies":[{"name":"wp","href":"https:\/\/api.w.org\/{rel}","templated":true}]}}