{"id":254796,"date":"2021-03-17T10:06:57","date_gmt":"2021-03-17T09:06:57","guid":{"rendered":"https:\/\/acefootball.com\/da\/?p=254796"},"modified":"2021-03-17T10:06:57","modified_gmt":"2021-03-17T09:06:57","slug":"belgiske-klubber-enige-vil-slaa-den-belgiske-og-hollandske-liga-sammen","status":"publish","type":"post","link":"https:\/\/acefootball.com\/da\/fodboldnyheder\/belgiske-klubber-enige-vil-slaa-den-belgiske-og-hollandske-liga-sammen\/","title":{"rendered":"Belgiske klubber enige: Vil sl\u00e5 den belgiske og hollandske liga sammen"},"content":{"rendered":"\n<h2 id=\"h-belgiens-25-professionelle-klubber-har-alle-stemt-for-en-fusion-mellem-dem-belgiske-jupiler-league-og-den-hollandske-resdivision-det-skal-sikre-klubberne-flere-tv-penge\">Belgiens 25 professionelle klubber har alle stemt for en fusion mellem dem belgiske Jupiler League og den hollandske \u00c6resdivision. Det skal sikre klubberne flere TV-penge<\/h2>\n\n\n\n<p>En ny fusion kan m\u00e5ske snart se dagens lys. Belgiens 25 professionelle fodboldklubber har s\u00e5ledes enstemmigt stemt for en sammenl\u00e6gning mellem Jupiler League og \u00c6resdivisionen.<\/p>\n\n\n\n<p>Det skriver <a href=\"https:\/\/www.lequipe.fr\/Football\/Actualites\/La-d1-belge-vote-en-faveur-d-une-fusion-avec-la-d1-neerlandaise\/1233175\" target=\"_blank\" rel=\"noreferrer noopener\">L&#8217;Equipe<\/a>, de samtidig skriver at sammenl\u00e6gning skal \u00f8ge antallet af TV-penge til klubberne.<\/p>\n\n\n\n<figure class=\"wp-block-embed is-type-rich is-provider-twitter wp-block-embed-twitter\"><div class=\"wp-block-embed__wrapper\">\n<blockquote class=\"twitter-tweet\" data-width=\"550\" data-dnt=\"true\"><p lang=\"en\" dir=\"ltr\">Big moment in Belgian football, as 25 professional clubs vote in favour of establishing Beneliga = a merger with Dutch Eredivisie. <a href=\"https:\/\/twitter.com\/ProLeagueBE?ref_src=twsrc%5Etfw\">@ProLeagueBE<\/a> to play &#39;active role&#39; in the project. Domestic TV deals end in 2025 in both \ud83c\udde7\ud83c\uddea and \ud83c\uddf3\ud83c\uddf1<\/p>&mdash; Jon Rest (@jonrest) <a href=\"https:\/\/twitter.com\/jonrest\/status\/1371832729512374273?ref_src=twsrc%5Etfw\">March 16, 2021<\/a><\/blockquote><script async src=\"https:\/\/platform.twitter.com\/widgets.js\" charset=\"utf-8\"><\/script>\n<\/div><\/figure>\n\n\n\n<p>De nuv\u00e6rende TV-aftaler for de to ligaer udl\u00f8ber i 2025, hvorfor det kan forestilles at den nye liga eventuelt kan se dagens lys fra netop det \u00e5r.<\/p>\n\n\n\n<p>Tidligere har vi i norden haft Royal League, der dog ikke erstattede de nationale ligaer. Du kan her se hvordan Br\u00f8ndbys hold s\u00e5 ud dengang:<\/p>\n\n\n\n<figure class=\"wp-block-embed is-type-wp-embed is-provider-ace-football-danmark wp-block-embed-ace-football-danmark\"><div class=\"wp-block-embed__wrapper\">\n<blockquote class=\"wp-embedded-content\" data-secret=\"D55FOFa0xs\"><a href=\"https:\/\/acefootball.com\/da\/fodboldnyheder\/broendby-holdet-der-vandt-royal-league-i-2007-hvor-er-de-i-dag\/\">Br\u00f8ndby-holdet der vandt Royal League i 2007: Hvor er de i dag?<\/a><\/blockquote><iframe class=\"wp-embedded-content\" sandbox=\"allow-scripts\" security=\"restricted\" style=\"position: absolute; clip: rect(1px, 1px, 1px, 1px);\" title=\"&#8220;Br\u00f8ndby-holdet der vandt Royal League i 2007: Hvor er de i dag?&#8221; &#8212; Ace Football Danmark\" src=\"https:\/\/acefootball.com\/da\/fodboldnyheder\/broendby-holdet-der-vandt-royal-league-i-2007-hvor-er-de-i-dag\/embed\/#?secret=D55FOFa0xs\" data-secret=\"D55FOFa0xs\" width=\"600\" height=\"338\" frameborder=\"0\" marginwidth=\"0\" marginheight=\"0\" scrolling=\"no\"><\/iframe>\n<\/div><\/figure>\n","protected":false},"excerpt":{"rendered":"<p>Belgiens 25 professionelle klubber har alle stemt for en fusion mellem dem belgiske Jupiler League og den hollandske \u00c6resdivision. Det skal sikre klubberne flere TV-penge<\/p>\n","protected":false},"author":43,"featured_media":254797,"comment_status":"open","ping_status":"closed","sticky":false,"template":"","format":"standard","meta":{"om_disable_all_campaigns":false,"push_articles_ronaldo":{"active":false,"canonical":0,"publish":false},"force_updates":null},"categories":[1],"tags":[873,1427],"enet_tags":{"league":["57","40"],"sport_events":[]},"yoast_head":"<!-- This site is optimized with the Yoast SEO plugin v18.3 - https:\/\/yoast.com\/wordpress\/plugins\/seo\/ -->\n<title>Belgiske klubber enige: Vil sl\u00e5 den belgiske og hollandske liga sammen<\/title>\n<meta name=\"description\" content=\"Belgiens 25 professionelle klubber har alle stemt for en fusion mellem dem belgiske Jupiler League og den hollandske \u00c6resdivision. Det skal sikre klubberne flere TV-penge\" \/>\n<meta name=\"robots\" content=\"index, follow, max-snippet:-1, max-image-preview:large, max-video-preview:-1\" \/>\n<link rel=\"canonical\" href=\"https:\/\/acefootball.com\/da\/fodboldnyheder\/belgiske-klubber-enige-vil-slaa-den-belgiske-og-hollandske-liga-sammen\/\" \/>\n<meta property=\"og:locale\" content=\"en_US\" \/>\n<meta property=\"og:type\" content=\"article\" \/>\n<meta property=\"og:title\" content=\"Belgiske klubber enige: Vil sl\u00e5 den belgiske og hollandske liga sammen\" \/>\n<meta property=\"og:description\" content=\"Belgiens 25 professionelle klubber har alle stemt for en fusion mellem dem belgiske Jupiler League og den hollandske \u00c6resdivision. Det skal sikre klubberne flere TV-penge\" \/>\n<meta property=\"og:url\" content=\"https:\/\/acefootball.com\/da\/fodboldnyheder\/belgiske-klubber-enige-vil-slaa-den-belgiske-og-hollandske-liga-sammen\/\" \/>\n<meta property=\"og:site_name\" content=\"Ace Football Danmark\" \/>\n<meta property=\"article:publisher\" content=\"https:\/\/www.facebook.com\/acefootballdk\" \/>\n<meta property=\"article:published_time\" content=\"2021-03-17T09:06:57+00:00\" \/>\n<meta property=\"og:image\" content=\"https:\/\/acefootball.com\/da\/wp-content\/uploads\/sites\/2\/2021\/03\/Laes-mere-generel-2021-03-17T100633.729.jpg\" \/>\n\t<meta property=\"og:image:width\" content=\"1920\" \/>\n\t<meta property=\"og:image:height\" content=\"1008\" \/>\n\t<meta property=\"og:image:type\" content=\"image\/jpeg\" \/>\n<meta name=\"twitter:card\" content=\"summary_large_image\" \/>\n<meta name=\"twitter:label1\" content=\"Written by\" \/>\n\t<meta name=\"twitter:data1\" content=\"Mikki M\u00f8ller-Iversen\" \/>\n\t<meta name=\"twitter:label2\" content=\"Est. reading time\" \/>\n\t<meta name=\"twitter:data2\" content=\"1 minute\" \/>\n<script type=\"application\/ld+json\" class=\"yoast-schema-graph\">{\"@context\":\"https:\/\/schema.org\",\"@graph\":[{\"@type\":\"Organization\",\"@id\":\"https:\/\/acefootball.com\/da\/#organization\",\"name\":\"Ace Football\",\"url\":\"https:\/\/acefootball.com\/da\/\",\"sameAs\":[\"https:\/\/www.facebook.com\/acefootballdk\"],\"logo\":{\"@type\":\"ImageObject\",\"@id\":\"https:\/\/acefootball.com\/da\/#logo\",\"inLanguage\":\"en-US\",\"url\":\"https:\/\/acefootball.com\/da\/wp-content\/uploads\/sites\/2\/2020\/07\/Ace-Football-30-07-2020-2.png\",\"contentUrl\":\"https:\/\/acefootball.com\/da\/wp-content\/uploads\/sites\/2\/2020\/07\/Ace-Football-30-07-2020-2.png\",\"width\":1200,\"height\":600,\"caption\":\"Ace Football\"},\"image\":{\"@id\":\"https:\/\/acefootball.com\/da\/#logo\"}},{\"@type\":\"WebSite\",\"@id\":\"https:\/\/acefootball.com\/da\/#website\",\"url\":\"https:\/\/acefootball.com\/da\/\",\"name\":\"Ace Football Danmark\",\"description\":\"Nyheder, Spiltips &amp; Livescore\",\"publisher\":{\"@id\":\"https:\/\/acefootball.com\/da\/#organization\"},\"potentialAction\":[{\"@type\":\"SearchAction\",\"target\":{\"@type\":\"EntryPoint\",\"urlTemplate\":\"https:\/\/acefootball.com\/da\/?s={search_term_string}\"},\"query-input\":\"required name=search_term_string\"}],\"inLanguage\":\"en-US\"},{\"@type\":\"ImageObject\",\"@id\":\"https:\/\/acefootball.com\/da\/fodboldnyheder\/belgiske-klubber-enige-vil-slaa-den-belgiske-og-hollandske-liga-sammen\/#primaryimage\",\"inLanguage\":\"en-US\",\"url\":\"https:\/\/acefootball.com\/da\/wp-content\/uploads\/sites\/2\/2021\/03\/Laes-mere-generel-2021-03-17T100633.729.jpg\",\"contentUrl\":\"https:\/\/acefootball.com\/da\/wp-content\/uploads\/sites\/2\/2021\/03\/Laes-mere-generel-2021-03-17T100633.729.jpg\",\"width\":1920,\"height\":1008},{\"@type\":\"WebPage\",\"@id\":\"https:\/\/acefootball.com\/da\/fodboldnyheder\/belgiske-klubber-enige-vil-slaa-den-belgiske-og-hollandske-liga-sammen\/#webpage\",\"url\":\"https:\/\/acefootball.com\/da\/fodboldnyheder\/belgiske-klubber-enige-vil-slaa-den-belgiske-og-hollandske-liga-sammen\/\",\"name\":\"Belgiske klubber enige: Vil sl\u00e5 den belgiske og hollandske liga sammen\",\"isPartOf\":{\"@id\":\"https:\/\/acefootball.com\/da\/#website\"},\"primaryImageOfPage\":{\"@id\":\"https:\/\/acefootball.com\/da\/fodboldnyheder\/belgiske-klubber-enige-vil-slaa-den-belgiske-og-hollandske-liga-sammen\/#primaryimage\"},\"datePublished\":\"2021-03-17T09:06:57+00:00\",\"dateModified\":\"2021-03-17T09:06:57+00:00\",\"description\":\"Belgiens 25 professionelle klubber har alle stemt for en fusion mellem dem belgiske Jupiler League og den hollandske \u00c6resdivision. Det skal sikre klubberne flere TV-penge\",\"breadcrumb\":{\"@id\":\"https:\/\/acefootball.com\/da\/fodboldnyheder\/belgiske-klubber-enige-vil-slaa-den-belgiske-og-hollandske-liga-sammen\/#breadcrumb\"},\"inLanguage\":\"en-US\",\"potentialAction\":[{\"@type\":\"ReadAction\",\"target\":[\"https:\/\/acefootball.com\/da\/fodboldnyheder\/belgiske-klubber-enige-vil-slaa-den-belgiske-og-hollandske-liga-sammen\/\"]}]},{\"@type\":\"BreadcrumbList\",\"@id\":\"https:\/\/acefootball.com\/da\/fodboldnyheder\/belgiske-klubber-enige-vil-slaa-den-belgiske-og-hollandske-liga-sammen\/#breadcrumb\",\"itemListElement\":[{\"@type\":\"ListItem\",\"position\":1,\"name\":\"Home\",\"item\":\"https:\/\/acefootball.com\/da\/\"},{\"@type\":\"ListItem\",\"position\":2,\"name\":\"Belgiske klubber enige: Vil sl\u00e5 den belgiske og hollandske liga sammen\"}]},{\"@type\":\"Article\",\"@id\":\"https:\/\/acefootball.com\/da\/fodboldnyheder\/belgiske-klubber-enige-vil-slaa-den-belgiske-og-hollandske-liga-sammen\/#article\",\"isPartOf\":{\"@id\":\"https:\/\/acefootball.com\/da\/fodboldnyheder\/belgiske-klubber-enige-vil-slaa-den-belgiske-og-hollandske-liga-sammen\/#webpage\"},\"author\":{\"@id\":\"https:\/\/acefootball.com\/da\/#\/schema\/person\/017c0abe4a8e92938220bf6c097dda93\"},\"headline\":\"Belgiske klubber enige: Vil sl\u00e5 den belgiske og hollandske liga sammen\",\"datePublished\":\"2021-03-17T09:06:57+00:00\",\"dateModified\":\"2021-03-17T09:06:57+00:00\",\"mainEntityOfPage\":{\"@id\":\"https:\/\/acefootball.com\/da\/fodboldnyheder\/belgiske-klubber-enige-vil-slaa-den-belgiske-og-hollandske-liga-sammen\/#webpage\"},\"wordCount\":144,\"commentCount\":0,\"publisher\":{\"@id\":\"https:\/\/acefootball.com\/da\/#organization\"},\"image\":{\"@id\":\"https:\/\/acefootball.com\/da\/fodboldnyheder\/belgiske-klubber-enige-vil-slaa-den-belgiske-og-hollandske-liga-sammen\/#primaryimage\"},\"thumbnailUrl\":\"https:\/\/acefootball.com\/da\/wp-content\/uploads\/sites\/2\/2021\/03\/GettyImages-1124722762.jpg\",\"keywords\":[\"\u00c6resdivisionen\",\"Jupiler League\"],\"articleSection\":[\"Nyhed\"],\"inLanguage\":\"en-US\",\"potentialAction\":[{\"@type\":\"CommentAction\",\"name\":\"Comment\",\"target\":[\"https:\/\/acefootball.com\/da\/fodboldnyheder\/belgiske-klubber-enige-vil-slaa-den-belgiske-og-hollandske-liga-sammen\/#respond\"]}]},{\"@type\":\"Person\",\"@id\":\"https:\/\/acefootball.com\/da\/#\/schema\/person\/017c0abe4a8e92938220bf6c097dda93\",\"name\":\"Mikki M\u00f8ller-Iversen\",\"image\":{\"@type\":\"ImageObject\",\"@id\":\"https:\/\/acefootball.com\/da\/#personlogo\",\"inLanguage\":\"en-US\",\"url\":\"https:\/\/secure.gravatar.com\/avatar\/e05b419e8b5ae5fcf516800181b96aa2?s=96&d=mm&r=g\",\"contentUrl\":\"https:\/\/secure.gravatar.com\/avatar\/e05b419e8b5ae5fcf516800181b96aa2?s=96&d=mm&r=g\",\"caption\":\"Mikki M\u00f8ller-Iversen\"},\"description\":\"Social Media Manager and writer at Ace Football. Main focus on Danish football and special stories.\",\"sameAs\":[\"https:\/\/www.linkedin.com\/in\/mikki-mller-iversen-26a3a689\/\"],\"url\":\"https:\/\/acefootball.com\/da\/fodboldnyheder\/author\/mmironaldo\/\"}]}<\/script>\n<!-- \/ Yoast SEO plugin. -->","yoast_head_json":{"title":"Belgiske klubber enige: Vil sl\u00e5 den belgiske og hollandske liga sammen","description":"Belgiens 25 professionelle klubber har alle stemt for en fusion mellem dem belgiske Jupiler League og den hollandske \u00c6resdivision. Det skal sikre klubberne flere TV-penge","robots":{"index":"index","follow":"follow","max-snippet":"max-snippet:-1","max-image-preview":"max-image-preview:large","max-video-preview":"max-video-preview:-1"},"canonical":"https:\/\/acefootball.com\/da\/fodboldnyheder\/belgiske-klubber-enige-vil-slaa-den-belgiske-og-hollandske-liga-sammen\/","og_locale":"en_US","og_type":"article","og_title":"Belgiske klubber enige: Vil sl\u00e5 den belgiske og hollandske liga sammen","og_description":"Belgiens 25 professionelle klubber har alle stemt for en fusion mellem dem belgiske Jupiler League og den hollandske \u00c6resdivision. Det skal sikre klubberne flere TV-penge","og_url":"https:\/\/acefootball.com\/da\/fodboldnyheder\/belgiske-klubber-enige-vil-slaa-den-belgiske-og-hollandske-liga-sammen\/","og_site_name":"Ace Football Danmark","article_publisher":"https:\/\/www.facebook.com\/acefootballdk","article_published_time":"2021-03-17T09:06:57+00:00","og_image":[{"width":1920,"height":1008,"url":"https:\/\/acefootball.com\/da\/wp-content\/uploads\/sites\/2\/2021\/03\/Laes-mere-generel-2021-03-17T100633.729.jpg","type":"image\/jpeg"}],"twitter_card":"summary_large_image","twitter_misc":{"Written by":"Mikki M\u00f8ller-Iversen","Est. reading time":"1 minute"},"schema":{"@context":"https:\/\/schema.org","@graph":[{"@type":"Organization","@id":"https:\/\/acefootball.com\/da\/#organization","name":"Ace Football","url":"https:\/\/acefootball.com\/da\/","sameAs":["https:\/\/www.facebook.com\/acefootballdk"],"logo":{"@type":"ImageObject","@id":"https:\/\/acefootball.com\/da\/#logo","inLanguage":"en-US","url":"https:\/\/acefootball.com\/da\/wp-content\/uploads\/sites\/2\/2020\/07\/Ace-Football-30-07-2020-2.png","contentUrl":"https:\/\/acefootball.com\/da\/wp-content\/uploads\/sites\/2\/2020\/07\/Ace-Football-30-07-2020-2.png","width":1200,"height":600,"caption":"Ace Football"},"image":{"@id":"https:\/\/acefootball.com\/da\/#logo"}},{"@type":"WebSite","@id":"https:\/\/acefootball.com\/da\/#website","url":"https:\/\/acefootball.com\/da\/","name":"Ace Football Danmark","description":"Nyheder, Spiltips &amp; Livescore","publisher":{"@id":"https:\/\/acefootball.com\/da\/#organization"},"potentialAction":[{"@type":"SearchAction","target":{"@type":"EntryPoint","urlTemplate":"https:\/\/acefootball.com\/da\/?s={search_term_string}"},"query-input":"required name=search_term_string"}],"inLanguage":"en-US"},{"@type":"ImageObject","@id":"https:\/\/acefootball.com\/da\/fodboldnyheder\/belgiske-klubber-enige-vil-slaa-den-belgiske-og-hollandske-liga-sammen\/#primaryimage","inLanguage":"en-US","url":"https:\/\/acefootball.com\/da\/wp-content\/uploads\/sites\/2\/2021\/03\/Laes-mere-generel-2021-03-17T100633.729.jpg","contentUrl":"https:\/\/acefootball.com\/da\/wp-content\/uploads\/sites\/2\/2021\/03\/Laes-mere-generel-2021-03-17T100633.729.jpg","width":1920,"height":1008},{"@type":"WebPage","@id":"https:\/\/acefootball.com\/da\/fodboldnyheder\/belgiske-klubber-enige-vil-slaa-den-belgiske-og-hollandske-liga-sammen\/#webpage","url":"https:\/\/acefootball.com\/da\/fodboldnyheder\/belgiske-klubber-enige-vil-slaa-den-belgiske-og-hollandske-liga-sammen\/","name":"Belgiske klubber enige: Vil sl\u00e5 den belgiske og hollandske liga sammen","isPartOf":{"@id":"https:\/\/acefootball.com\/da\/#website"},"primaryImageOfPage":{"@id":"https:\/\/acefootball.com\/da\/fodboldnyheder\/belgiske-klubber-enige-vil-slaa-den-belgiske-og-hollandske-liga-sammen\/#primaryimage"},"datePublished":"2021-03-17T09:06:57+00:00","dateModified":"2021-03-17T09:06:57+00:00","description":"Belgiens 25 professionelle klubber har alle stemt for en fusion mellem dem belgiske Jupiler League og den hollandske \u00c6resdivision. Det skal sikre klubberne flere TV-penge","breadcrumb":{"@id":"https:\/\/acefootball.com\/da\/fodboldnyheder\/belgiske-klubber-enige-vil-slaa-den-belgiske-og-hollandske-liga-sammen\/#breadcrumb"},"inLanguage":"en-US","potentialAction":[{"@type":"ReadAction","target":["https:\/\/acefootball.com\/da\/fodboldnyheder\/belgiske-klubber-enige-vil-slaa-den-belgiske-og-hollandske-liga-sammen\/"]}]},{"@type":"BreadcrumbList","@id":"https:\/\/acefootball.com\/da\/fodboldnyheder\/belgiske-klubber-enige-vil-slaa-den-belgiske-og-hollandske-liga-sammen\/#breadcrumb","itemListElement":[{"@type":"ListItem","position":1,"name":"Home","item":"https:\/\/acefootball.com\/da\/"},{"@type":"ListItem","position":2,"name":"Belgiske klubber enige: Vil sl\u00e5 den belgiske og hollandske liga sammen"}]},{"@type":"Article","@id":"https:\/\/acefootball.com\/da\/fodboldnyheder\/belgiske-klubber-enige-vil-slaa-den-belgiske-og-hollandske-liga-sammen\/#article","isPartOf":{"@id":"https:\/\/acefootball.com\/da\/fodboldnyheder\/belgiske-klubber-enige-vil-slaa-den-belgiske-og-hollandske-liga-sammen\/#webpage"},"author":{"@id":"https:\/\/acefootball.com\/da\/#\/schema\/person\/017c0abe4a8e92938220bf6c097dda93"},"headline":"Belgiske klubber enige: Vil sl\u00e5 den belgiske og hollandske liga sammen","datePublished":"2021-03-17T09:06:57+00:00","dateModified":"2021-03-17T09:06:57+00:00","mainEntityOfPage":{"@id":"https:\/\/acefootball.com\/da\/fodboldnyheder\/belgiske-klubber-enige-vil-slaa-den-belgiske-og-hollandske-liga-sammen\/#webpage"},"wordCount":144,"commentCount":0,"publisher":{"@id":"https:\/\/acefootball.com\/da\/#organization"},"image":{"@id":"https:\/\/acefootball.com\/da\/fodboldnyheder\/belgiske-klubber-enige-vil-slaa-den-belgiske-og-hollandske-liga-sammen\/#primaryimage"},"thumbnailUrl":"https:\/\/acefootball.com\/da\/wp-content\/uploads\/sites\/2\/2021\/03\/GettyImages-1124722762.jpg","keywords":["\u00c6resdivisionen","Jupiler League"],"articleSection":["Nyhed"],"inLanguage":"en-US","potentialAction":[{"@type":"CommentAction","name":"Comment","target":["https:\/\/acefootball.com\/da\/fodboldnyheder\/belgiske-klubber-enige-vil-slaa-den-belgiske-og-hollandske-liga-sammen\/#respond"]}]},{"@type":"Person","@id":"https:\/\/acefootball.com\/da\/#\/schema\/person\/017c0abe4a8e92938220bf6c097dda93","name":"Mikki M\u00f8ller-Iversen","image":{"@type":"ImageObject","@id":"https:\/\/acefootball.com\/da\/#personlogo","inLanguage":"en-US","url":"https:\/\/secure.gravatar.com\/avatar\/e05b419e8b5ae5fcf516800181b96aa2?s=96&d=mm&r=g","contentUrl":"https:\/\/secure.gravatar.com\/avatar\/e05b419e8b5ae5fcf516800181b96aa2?s=96&d=mm&r=g","caption":"Mikki M\u00f8ller-Iversen"},"description":"Social Media Manager and writer at Ace Football. Main focus on Danish football and special stories.","sameAs":["https:\/\/www.linkedin.com\/in\/mikki-mller-iversen-26a3a689\/"],"url":"https:\/\/acefootball.com\/da\/fodboldnyheder\/author\/mmironaldo\/"}]}},"fimg_url":"https:\/\/acefootball.com\/da\/wp-content\/uploads\/sites\/2\/2021\/03\/GettyImages-1124722762.jpg","_links":{"self":[{"href":"https:\/\/acefootball.com\/da\/wp-json\/wp\/v2\/posts\/254796"}],"collection":[{"href":"https:\/\/acefootball.com\/da\/wp-json\/wp\/v2\/posts"}],"about":[{"href":"https:\/\/acefootball.com\/da\/wp-json\/wp\/v2\/types\/post"}],"author":[{"embeddable":true,"href":"https:\/\/acefootball.com\/da\/wp-json\/wp\/v2\/users\/43"}],"replies":[{"embeddable":true,"href":"https:\/\/acefootball.com\/da\/wp-json\/wp\/v2\/comments?post=254796"}],"version-history":[{"count":0,"href":"https:\/\/acefootball.com\/da\/wp-json\/wp\/v2\/posts\/254796\/revisions"}],"wp:featuredmedia":[{"embeddable":true,"href":"https:\/\/acefootball.com\/da\/wp-json\/wp\/v2\/media\/254797"}],"wp:attachment":[{"href":"https:\/\/acefootball.com\/da\/wp-json\/wp\/v2\/media?parent=254796"}],"wp:term":[{"taxonomy":"category","embeddable":true,"href":"https:\/\/acefootball.com\/da\/wp-json\/wp\/v2\/categories?post=254796"},{"taxonomy":"post_tag","embeddable":true,"href":"https:\/\/acefootball.com\/da\/wp-json\/wp\/v2\/tags?post=254796"}],"curies":[{"name":"wp","href":"https:\/\/api.w.org\/{rel}","templated":true}]}}