{"id":254753,"date":"2021-03-16T18:15:49","date_gmt":"2021-03-16T17:15:49","guid":{"rendered":"https:\/\/acefootball.com\/da\/?p=254753"},"modified":"2021-03-16T18:15:50","modified_gmt":"2021-03-16T17:15:50","slug":"presbold-fra-uefa-der-skal-vaere-fans-til-em","status":"publish","type":"post","link":"https:\/\/acefootball.com\/da\/fodboldnyheder\/presbold-fra-uefa-der-skal-vaere-fans-til-em\/","title":{"rendered":"Presbold fra UEFA: Der skal v\u00e6re fans til EM"},"content":{"rendered":"\n<h2 id=\"h-uefa-har-meddelt-at-der-under-alle-omst-ndigheder-skal-v-re-tilskuere-tilstede-ved-sommerens-em-slutrunde\">UEFA har meddelt, at der under alle omst\u00e6ndigheder skal v\u00e6re tilskuere tilstede ved sommerens EM-slutrunde<\/h2>\n\n\n\n<p>Der er fortsat kun de f\u00e6rreste europ\u00e6iske lande, som tillader tilskuere til fodboldkampe, men det skal der \u00e6ndres p\u00e5, hvis man vil afholde EM-kampe.<\/p>\n\n\n\n<p>Det sl\u00e5r UEFA-pr\u00e6sident, Aleksandar Ceferin, fast i et interview til <a href=\"https:\/\/www.skysports.com\/football\/news\/11095\/12247490\/euro-2020-host-cities-must-allow-fans-into-grounds-or-risk-being-dropped-says-uefa-president\" target=\"_blank\" rel=\"noreferrer noopener\">Sky Sports<\/a>, hvor han for alvor l\u00e6gger tryk p\u00e5 de 12 v\u00e6rtsbyer.<\/p>\n\n\n\n<p>&#8220;Alle v\u00e6rterne skal kunne garantere, at der kommer fans til kampene,&#8221; starter Ceferin.<\/p>\n\n\n\n<p>&#8220;Vi har sat en deadline til den 20. april for den endelige beslutning om EM. Det ideelle scenarie er at spille turneringen i de 12 oprindelige byer, men hvis det ikke er muligt, vil det blive i 10 eller 11 lande, hvis et eller flere lande ikke kan leve op til kravene.&#8221;<\/p>\n\n\n\n<p>Der er dermed ogs\u00e5 lagt pres p\u00e5 Danmark, da alle tre gruppekampe er planlagt til at skulle spilles i Parken.<\/p>\n","protected":false},"excerpt":{"rendered":"<p>UEFA har meddelt, at der under alle omst\u00e6ndigheder skal v\u00e6re tilskuere tilstede ved sommerens EM-slutrunde<\/p>\n","protected":false},"author":705,"featured_media":246131,"comment_status":"open","ping_status":"closed","sticky":false,"template":"","format":"standard","meta":{"om_disable_all_campaigns":false,"push_articles_ronaldo":{"active":false,"canonical":0,"publish":false},"force_updates":null},"categories":[1],"tags":[692],"enet_tags":{"team":["8238"],"sport_events":[]},"yoast_head":"<!-- This site is optimized with the Yoast SEO plugin v18.3 - https:\/\/yoast.com\/wordpress\/plugins\/seo\/ -->\n<title>Presbold fra UEFA: Der skal v\u00e6re fans til EM<\/title>\n<meta name=\"description\" content=\"UEFA har meddelt, at der under alle omst\u00e6ndigheder skal v\u00e6re tilskuere tilstede ved sommerens EM-slutrunde\" \/>\n<meta name=\"robots\" content=\"index, follow, max-snippet:-1, max-image-preview:large, max-video-preview:-1\" \/>\n<link rel=\"canonical\" href=\"https:\/\/acefootball.com\/da\/fodboldnyheder\/presbold-fra-uefa-der-skal-vaere-fans-til-em\/\" \/>\n<meta property=\"og:locale\" content=\"en_US\" \/>\n<meta property=\"og:type\" content=\"article\" \/>\n<meta property=\"og:title\" content=\"Presbold fra UEFA: Der skal v\u00e6re fans til EM\" \/>\n<meta property=\"og:description\" content=\"UEFA har meddelt, at der under alle omst\u00e6ndigheder skal v\u00e6re tilskuere tilstede ved sommerens EM-slutrunde\" \/>\n<meta property=\"og:url\" content=\"https:\/\/acefootball.com\/da\/fodboldnyheder\/presbold-fra-uefa-der-skal-vaere-fans-til-em\/\" \/>\n<meta property=\"og:site_name\" content=\"Ace Football Danmark\" \/>\n<meta property=\"article:publisher\" content=\"https:\/\/www.facebook.com\/acefootballdk\" \/>\n<meta property=\"article:published_time\" content=\"2021-03-16T17:15:49+00:00\" \/>\n<meta property=\"article:modified_time\" content=\"2021-03-16T17:15:50+00:00\" \/>\n<meta property=\"og:image\" content=\"https:\/\/acefootball.com\/da\/wp-content\/uploads\/sites\/2\/2021\/03\/Laes-mere-generel-55-2.jpg\" \/>\n\t<meta property=\"og:image:width\" content=\"1920\" \/>\n\t<meta property=\"og:image:height\" content=\"1008\" \/>\n\t<meta property=\"og:image:type\" content=\"image\/jpeg\" \/>\n<meta name=\"twitter:card\" content=\"summary_large_image\" \/>\n<meta name=\"twitter:label1\" content=\"Written by\" \/>\n\t<meta name=\"twitter:data1\" content=\"Mads Dreyer\" \/>\n\t<meta name=\"twitter:label2\" content=\"Est. reading time\" \/>\n\t<meta name=\"twitter:data2\" content=\"1 minute\" \/>\n<script type=\"application\/ld+json\" class=\"yoast-schema-graph\">{\"@context\":\"https:\/\/schema.org\",\"@graph\":[{\"@type\":\"Organization\",\"@id\":\"https:\/\/acefootball.com\/da\/#organization\",\"name\":\"Ace Football\",\"url\":\"https:\/\/acefootball.com\/da\/\",\"sameAs\":[\"https:\/\/www.facebook.com\/acefootballdk\"],\"logo\":{\"@type\":\"ImageObject\",\"@id\":\"https:\/\/acefootball.com\/da\/#logo\",\"inLanguage\":\"en-US\",\"url\":\"https:\/\/acefootball.com\/da\/wp-content\/uploads\/sites\/2\/2020\/07\/Ace-Football-30-07-2020-2.png\",\"contentUrl\":\"https:\/\/acefootball.com\/da\/wp-content\/uploads\/sites\/2\/2020\/07\/Ace-Football-30-07-2020-2.png\",\"width\":1200,\"height\":600,\"caption\":\"Ace Football\"},\"image\":{\"@id\":\"https:\/\/acefootball.com\/da\/#logo\"}},{\"@type\":\"WebSite\",\"@id\":\"https:\/\/acefootball.com\/da\/#website\",\"url\":\"https:\/\/acefootball.com\/da\/\",\"name\":\"Ace Football Danmark\",\"description\":\"Nyheder, Spiltips &amp; Livescore\",\"publisher\":{\"@id\":\"https:\/\/acefootball.com\/da\/#organization\"},\"potentialAction\":[{\"@type\":\"SearchAction\",\"target\":{\"@type\":\"EntryPoint\",\"urlTemplate\":\"https:\/\/acefootball.com\/da\/?s={search_term_string}\"},\"query-input\":\"required name=search_term_string\"}],\"inLanguage\":\"en-US\"},{\"@type\":\"ImageObject\",\"@id\":\"https:\/\/acefootball.com\/da\/fodboldnyheder\/presbold-fra-uefa-der-skal-vaere-fans-til-em\/#primaryimage\",\"inLanguage\":\"en-US\",\"url\":\"https:\/\/acefootball.com\/da\/wp-content\/uploads\/sites\/2\/2021\/03\/Laes-mere-generel-55-2.jpg\",\"contentUrl\":\"https:\/\/acefootball.com\/da\/wp-content\/uploads\/sites\/2\/2021\/03\/Laes-mere-generel-55-2.jpg\",\"width\":1920,\"height\":1008,\"caption\":\"Danmark fans\"},{\"@type\":\"WebPage\",\"@id\":\"https:\/\/acefootball.com\/da\/fodboldnyheder\/presbold-fra-uefa-der-skal-vaere-fans-til-em\/#webpage\",\"url\":\"https:\/\/acefootball.com\/da\/fodboldnyheder\/presbold-fra-uefa-der-skal-vaere-fans-til-em\/\",\"name\":\"Presbold fra UEFA: Der skal v\u00e6re fans til EM\",\"isPartOf\":{\"@id\":\"https:\/\/acefootball.com\/da\/#website\"},\"primaryImageOfPage\":{\"@id\":\"https:\/\/acefootball.com\/da\/fodboldnyheder\/presbold-fra-uefa-der-skal-vaere-fans-til-em\/#primaryimage\"},\"datePublished\":\"2021-03-16T17:15:49+00:00\",\"dateModified\":\"2021-03-16T17:15:50+00:00\",\"description\":\"UEFA har meddelt, at der under alle omst\u00e6ndigheder skal v\u00e6re tilskuere tilstede ved sommerens EM-slutrunde\",\"breadcrumb\":{\"@id\":\"https:\/\/acefootball.com\/da\/fodboldnyheder\/presbold-fra-uefa-der-skal-vaere-fans-til-em\/#breadcrumb\"},\"inLanguage\":\"en-US\",\"potentialAction\":[{\"@type\":\"ReadAction\",\"target\":[\"https:\/\/acefootball.com\/da\/fodboldnyheder\/presbold-fra-uefa-der-skal-vaere-fans-til-em\/\"]}]},{\"@type\":\"BreadcrumbList\",\"@id\":\"https:\/\/acefootball.com\/da\/fodboldnyheder\/presbold-fra-uefa-der-skal-vaere-fans-til-em\/#breadcrumb\",\"itemListElement\":[{\"@type\":\"ListItem\",\"position\":1,\"name\":\"Home\",\"item\":\"https:\/\/acefootball.com\/da\/\"},{\"@type\":\"ListItem\",\"position\":2,\"name\":\"Presbold fra UEFA: Der skal v\u00e6re fans til EM\"}]},{\"@type\":\"Article\",\"@id\":\"https:\/\/acefootball.com\/da\/fodboldnyheder\/presbold-fra-uefa-der-skal-vaere-fans-til-em\/#article\",\"isPartOf\":{\"@id\":\"https:\/\/acefootball.com\/da\/fodboldnyheder\/presbold-fra-uefa-der-skal-vaere-fans-til-em\/#webpage\"},\"author\":{\"@id\":\"https:\/\/acefootball.com\/da\/#\/schema\/person\/ee67e9cf04a276f144100ffa722f10cd\"},\"headline\":\"Presbold fra UEFA: Der skal v\u00e6re fans til EM\",\"datePublished\":\"2021-03-16T17:15:49+00:00\",\"dateModified\":\"2021-03-16T17:15:50+00:00\",\"mainEntityOfPage\":{\"@id\":\"https:\/\/acefootball.com\/da\/fodboldnyheder\/presbold-fra-uefa-der-skal-vaere-fans-til-em\/#webpage\"},\"wordCount\":160,\"commentCount\":0,\"publisher\":{\"@id\":\"https:\/\/acefootball.com\/da\/#organization\"},\"image\":{\"@id\":\"https:\/\/acefootball.com\/da\/fodboldnyheder\/presbold-fra-uefa-der-skal-vaere-fans-til-em\/#primaryimage\"},\"thumbnailUrl\":\"https:\/\/acefootball.com\/da\/wp-content\/uploads\/sites\/2\/2020\/12\/GettyImages-874350742.jpg\",\"keywords\":[\"Danmark\"],\"articleSection\":[\"Nyhed\"],\"inLanguage\":\"en-US\",\"potentialAction\":[{\"@type\":\"CommentAction\",\"name\":\"Comment\",\"target\":[\"https:\/\/acefootball.com\/da\/fodboldnyheder\/presbold-fra-uefa-der-skal-vaere-fans-til-em\/#respond\"]}]},{\"@type\":\"Person\",\"@id\":\"https:\/\/acefootball.com\/da\/#\/schema\/person\/ee67e9cf04a276f144100ffa722f10cd\",\"name\":\"Mads Dreyer\",\"image\":{\"@type\":\"ImageObject\",\"@id\":\"https:\/\/acefootball.com\/da\/#personlogo\",\"inLanguage\":\"en-US\",\"url\":\"https:\/\/secure.gravatar.com\/avatar\/7c7abf72cfde9902b6a60efe60c88d4c?s=96&d=mm&r=g\",\"contentUrl\":\"https:\/\/secure.gravatar.com\/avatar\/7c7abf72cfde9902b6a60efe60c88d4c?s=96&d=mm&r=g\",\"caption\":\"Mads Dreyer\"},\"description\":\"Skribent og fodboldn\u00f8rd, der lige nu fort\u00e6ller om alt og intet i fodboldverdenen p\u00e5 acefootball.com. Uddannet i kommunikation fra Aalborg Universitet.\",\"sameAs\":[\"https:\/\/www.linkedin.com\/in\/mads-dreyer-b9b08266\/\"],\"url\":\"https:\/\/acefootball.com\/da\/fodboldnyheder\/author\/mdnronaldo\/\"}]}<\/script>\n<!-- \/ Yoast SEO plugin. -->","yoast_head_json":{"title":"Presbold fra UEFA: Der skal v\u00e6re fans til EM","description":"UEFA har meddelt, at der under alle omst\u00e6ndigheder skal v\u00e6re tilskuere tilstede ved sommerens EM-slutrunde","robots":{"index":"index","follow":"follow","max-snippet":"max-snippet:-1","max-image-preview":"max-image-preview:large","max-video-preview":"max-video-preview:-1"},"canonical":"https:\/\/acefootball.com\/da\/fodboldnyheder\/presbold-fra-uefa-der-skal-vaere-fans-til-em\/","og_locale":"en_US","og_type":"article","og_title":"Presbold fra UEFA: Der skal v\u00e6re fans til EM","og_description":"UEFA har meddelt, at der under alle omst\u00e6ndigheder skal v\u00e6re tilskuere tilstede ved sommerens EM-slutrunde","og_url":"https:\/\/acefootball.com\/da\/fodboldnyheder\/presbold-fra-uefa-der-skal-vaere-fans-til-em\/","og_site_name":"Ace Football Danmark","article_publisher":"https:\/\/www.facebook.com\/acefootballdk","article_published_time":"2021-03-16T17:15:49+00:00","article_modified_time":"2021-03-16T17:15:50+00:00","og_image":[{"width":1920,"height":1008,"url":"https:\/\/acefootball.com\/da\/wp-content\/uploads\/sites\/2\/2021\/03\/Laes-mere-generel-55-2.jpg","type":"image\/jpeg"}],"twitter_card":"summary_large_image","twitter_misc":{"Written by":"Mads Dreyer","Est. reading time":"1 minute"},"schema":{"@context":"https:\/\/schema.org","@graph":[{"@type":"Organization","@id":"https:\/\/acefootball.com\/da\/#organization","name":"Ace Football","url":"https:\/\/acefootball.com\/da\/","sameAs":["https:\/\/www.facebook.com\/acefootballdk"],"logo":{"@type":"ImageObject","@id":"https:\/\/acefootball.com\/da\/#logo","inLanguage":"en-US","url":"https:\/\/acefootball.com\/da\/wp-content\/uploads\/sites\/2\/2020\/07\/Ace-Football-30-07-2020-2.png","contentUrl":"https:\/\/acefootball.com\/da\/wp-content\/uploads\/sites\/2\/2020\/07\/Ace-Football-30-07-2020-2.png","width":1200,"height":600,"caption":"Ace Football"},"image":{"@id":"https:\/\/acefootball.com\/da\/#logo"}},{"@type":"WebSite","@id":"https:\/\/acefootball.com\/da\/#website","url":"https:\/\/acefootball.com\/da\/","name":"Ace Football Danmark","description":"Nyheder, Spiltips &amp; Livescore","publisher":{"@id":"https:\/\/acefootball.com\/da\/#organization"},"potentialAction":[{"@type":"SearchAction","target":{"@type":"EntryPoint","urlTemplate":"https:\/\/acefootball.com\/da\/?s={search_term_string}"},"query-input":"required name=search_term_string"}],"inLanguage":"en-US"},{"@type":"ImageObject","@id":"https:\/\/acefootball.com\/da\/fodboldnyheder\/presbold-fra-uefa-der-skal-vaere-fans-til-em\/#primaryimage","inLanguage":"en-US","url":"https:\/\/acefootball.com\/da\/wp-content\/uploads\/sites\/2\/2021\/03\/Laes-mere-generel-55-2.jpg","contentUrl":"https:\/\/acefootball.com\/da\/wp-content\/uploads\/sites\/2\/2021\/03\/Laes-mere-generel-55-2.jpg","width":1920,"height":1008,"caption":"Danmark fans"},{"@type":"WebPage","@id":"https:\/\/acefootball.com\/da\/fodboldnyheder\/presbold-fra-uefa-der-skal-vaere-fans-til-em\/#webpage","url":"https:\/\/acefootball.com\/da\/fodboldnyheder\/presbold-fra-uefa-der-skal-vaere-fans-til-em\/","name":"Presbold fra UEFA: Der skal v\u00e6re fans til EM","isPartOf":{"@id":"https:\/\/acefootball.com\/da\/#website"},"primaryImageOfPage":{"@id":"https:\/\/acefootball.com\/da\/fodboldnyheder\/presbold-fra-uefa-der-skal-vaere-fans-til-em\/#primaryimage"},"datePublished":"2021-03-16T17:15:49+00:00","dateModified":"2021-03-16T17:15:50+00:00","description":"UEFA har meddelt, at der under alle omst\u00e6ndigheder skal v\u00e6re tilskuere tilstede ved sommerens EM-slutrunde","breadcrumb":{"@id":"https:\/\/acefootball.com\/da\/fodboldnyheder\/presbold-fra-uefa-der-skal-vaere-fans-til-em\/#breadcrumb"},"inLanguage":"en-US","potentialAction":[{"@type":"ReadAction","target":["https:\/\/acefootball.com\/da\/fodboldnyheder\/presbold-fra-uefa-der-skal-vaere-fans-til-em\/"]}]},{"@type":"BreadcrumbList","@id":"https:\/\/acefootball.com\/da\/fodboldnyheder\/presbold-fra-uefa-der-skal-vaere-fans-til-em\/#breadcrumb","itemListElement":[{"@type":"ListItem","position":1,"name":"Home","item":"https:\/\/acefootball.com\/da\/"},{"@type":"ListItem","position":2,"name":"Presbold fra UEFA: Der skal v\u00e6re fans til EM"}]},{"@type":"Article","@id":"https:\/\/acefootball.com\/da\/fodboldnyheder\/presbold-fra-uefa-der-skal-vaere-fans-til-em\/#article","isPartOf":{"@id":"https:\/\/acefootball.com\/da\/fodboldnyheder\/presbold-fra-uefa-der-skal-vaere-fans-til-em\/#webpage"},"author":{"@id":"https:\/\/acefootball.com\/da\/#\/schema\/person\/ee67e9cf04a276f144100ffa722f10cd"},"headline":"Presbold fra UEFA: Der skal v\u00e6re fans til EM","datePublished":"2021-03-16T17:15:49+00:00","dateModified":"2021-03-16T17:15:50+00:00","mainEntityOfPage":{"@id":"https:\/\/acefootball.com\/da\/fodboldnyheder\/presbold-fra-uefa-der-skal-vaere-fans-til-em\/#webpage"},"wordCount":160,"commentCount":0,"publisher":{"@id":"https:\/\/acefootball.com\/da\/#organization"},"image":{"@id":"https:\/\/acefootball.com\/da\/fodboldnyheder\/presbold-fra-uefa-der-skal-vaere-fans-til-em\/#primaryimage"},"thumbnailUrl":"https:\/\/acefootball.com\/da\/wp-content\/uploads\/sites\/2\/2020\/12\/GettyImages-874350742.jpg","keywords":["Danmark"],"articleSection":["Nyhed"],"inLanguage":"en-US","potentialAction":[{"@type":"CommentAction","name":"Comment","target":["https:\/\/acefootball.com\/da\/fodboldnyheder\/presbold-fra-uefa-der-skal-vaere-fans-til-em\/#respond"]}]},{"@type":"Person","@id":"https:\/\/acefootball.com\/da\/#\/schema\/person\/ee67e9cf04a276f144100ffa722f10cd","name":"Mads Dreyer","image":{"@type":"ImageObject","@id":"https:\/\/acefootball.com\/da\/#personlogo","inLanguage":"en-US","url":"https:\/\/secure.gravatar.com\/avatar\/7c7abf72cfde9902b6a60efe60c88d4c?s=96&d=mm&r=g","contentUrl":"https:\/\/secure.gravatar.com\/avatar\/7c7abf72cfde9902b6a60efe60c88d4c?s=96&d=mm&r=g","caption":"Mads Dreyer"},"description":"Skribent og fodboldn\u00f8rd, der lige nu fort\u00e6ller om alt og intet i fodboldverdenen p\u00e5 acefootball.com. Uddannet i kommunikation fra Aalborg Universitet.","sameAs":["https:\/\/www.linkedin.com\/in\/mads-dreyer-b9b08266\/"],"url":"https:\/\/acefootball.com\/da\/fodboldnyheder\/author\/mdnronaldo\/"}]}},"fimg_url":"https:\/\/acefootball.com\/da\/wp-content\/uploads\/sites\/2\/2020\/12\/GettyImages-874350742.jpg","_links":{"self":[{"href":"https:\/\/acefootball.com\/da\/wp-json\/wp\/v2\/posts\/254753"}],"collection":[{"href":"https:\/\/acefootball.com\/da\/wp-json\/wp\/v2\/posts"}],"about":[{"href":"https:\/\/acefootball.com\/da\/wp-json\/wp\/v2\/types\/post"}],"author":[{"embeddable":true,"href":"https:\/\/acefootball.com\/da\/wp-json\/wp\/v2\/users\/705"}],"replies":[{"embeddable":true,"href":"https:\/\/acefootball.com\/da\/wp-json\/wp\/v2\/comments?post=254753"}],"version-history":[{"count":0,"href":"https:\/\/acefootball.com\/da\/wp-json\/wp\/v2\/posts\/254753\/revisions"}],"wp:featuredmedia":[{"embeddable":true,"href":"https:\/\/acefootball.com\/da\/wp-json\/wp\/v2\/media\/246131"}],"wp:attachment":[{"href":"https:\/\/acefootball.com\/da\/wp-json\/wp\/v2\/media?parent=254753"}],"wp:term":[{"taxonomy":"category","embeddable":true,"href":"https:\/\/acefootball.com\/da\/wp-json\/wp\/v2\/categories?post=254753"},{"taxonomy":"post_tag","embeddable":true,"href":"https:\/\/acefootball.com\/da\/wp-json\/wp\/v2\/tags?post=254753"}],"curies":[{"name":"wp","href":"https:\/\/api.w.org\/{rel}","templated":true}]}}