{"id":254707,"date":"2021-03-16T13:04:36","date_gmt":"2021-03-16T12:04:36","guid":{"rendered":"https:\/\/acefootball.com\/da\/?p=254707"},"modified":"2021-03-16T13:07:47","modified_gmt":"2021-03-16T12:07:47","slug":"officielt-jonas-wind-snupper-aarets-mandlige-talent","status":"publish","type":"post","link":"https:\/\/acefootball.com\/da\/fodboldnyheder\/officielt-jonas-wind-snupper-aarets-mandlige-talent\/","title":{"rendered":"Officielt: Jonas Wind snupper \u00c5rets Mandlige Talent"},"content":{"rendered":"\n<h2 id=\"h-fc-k-benhavn-angriberen-jonas-wind-er-netop-blevet-k-ret-til-rets-mandlige-talent-se-ham-blive-overrasket-med-titlen-her\">FC K\u00f8benhavn-angriberen Jonas Wind er netop blevet k\u00e5ret til \u00c5rets Mandlige Talent. Se ham blive overrasket med titlen her<\/h2>\n\n\n\n<p>Tre Superliga-profiler konkurrerede med Sampdoria-spilleren Mikkel Damsgaard om at blive \u00c5rets Mandlige Talent, og tirsdag er der s\u00e5 blevet fundet en vinder.<\/p>\n\n\n\n<figure class=\"wp-block-embed is-type-wp-embed is-provider-ace-football-danmark wp-block-embed-ace-football-danmark\"><div class=\"wp-block-embed__wrapper\">\n<blockquote class=\"wp-embedded-content\" data-secret=\"o5S1hEpQoe\"><a href=\"https:\/\/acefootball.com\/da\/fodboldnyheder\/superliga-spillere-og-udlandsprof-er-nomineret-til-aarets-talent\/\">Superliga-spillere og udlandsprof er nomineret til \u00c5rets Talent<\/a><\/blockquote><iframe class=\"wp-embedded-content\" sandbox=\"allow-scripts\" security=\"restricted\" style=\"position: absolute; clip: rect(1px, 1px, 1px, 1px);\" title=\"&#8220;Superliga-spillere og udlandsprof er nomineret til \u00c5rets Talent&#8221; &#8212; Ace Football Danmark\" src=\"https:\/\/acefootball.com\/da\/fodboldnyheder\/superliga-spillere-og-udlandsprof-er-nomineret-til-aarets-talent\/embed\/#?secret=o5S1hEpQoe\" data-secret=\"o5S1hEpQoe\" width=\"600\" height=\"338\" frameborder=\"0\" marginwidth=\"0\" marginheight=\"0\" scrolling=\"no\"><\/iframe>\n<\/div><\/figure>\n\n\n\n<p>Valget er faldet p\u00e5 FC K\u00f8benhavns 22-\u00e5rige angriber Jonas Wind, der har haft et str\u00e5lende \u00e5r for b\u00e5de FC K\u00f8benhavn og med debut p\u00e5 det danske landshold.<\/p>\n\n\n\n<p>Du kan se ham blive overrasket med prisen herunder:<\/p>\n\n\n\n<figure class=\"wp-block-embed is-type-rich is-provider-twitter wp-block-embed-twitter\"><div class=\"wp-block-embed__wrapper\">\n<blockquote class=\"twitter-tweet\" data-width=\"550\" data-dnt=\"true\"><p lang=\"da\" dir=\"ltr\">&quot;Jonas, der er kommet en hilsen til dig.&quot;<br><br>Der er tikket en besked ind til Jonas Wind. For han er k\u00e5ret til \u00c5rets Mandlige Talent. \ud83d\udc4f<br><br>Juryen, der har givet Wind prisen, best\u00e5r blandt andet af alle ungdomslandstr\u00e6nere i DBU og samtlige U17- og U19-DM-tr\u00e6nere.<br><br>Tillykke, Wind! <a href=\"https:\/\/t.co\/E4AvTjHHOm\">pic.twitter.com\/E4AvTjHHOm<\/a><\/p>&mdash; Fodboldlandsholdene \ud83c\udde9\ud83c\uddf0 (@dbulandshold) <a href=\"https:\/\/twitter.com\/dbulandshold\/status\/1371793374093570056?ref_src=twsrc%5Etfw\">March 16, 2021<\/a><\/blockquote><script async src=\"https:\/\/platform.twitter.com\/widgets.js\" charset=\"utf-8\"><\/script>\n<\/div><\/figure>\n","protected":false},"excerpt":{"rendered":"<p>FC K\u00f8benhavn-angriberen Jonas Wind er netop blevet k\u00e5ret til \u00c5rets Mandlige Talent. Se ham blive overrasket med titlen her<\/p>\n","protected":false},"author":43,"featured_media":243990,"comment_status":"open","ping_status":"closed","sticky":false,"template":"","format":"video","meta":{"om_disable_all_campaigns":false,"push_articles_ronaldo":{"active":false,"canonical":0,"publish":false},"force_updates":null},"categories":[8098],"tags":[692,16,2167,588],"enet_tags":{"team":["8238","8391"],"player":["889785"],"league":["46"],"sport_events":[]},"yoast_head":"<!-- This site is optimized with the Yoast SEO plugin v18.3 - https:\/\/yoast.com\/wordpress\/plugins\/seo\/ -->\n<title>Officielt: Jonas Wind snupper \u00c5rets Mandlige Talent<\/title>\n<meta name=\"description\" content=\"FC K\u00f8benhavn-angriberen Jonas Wind er netop blevet k\u00e5ret til \u00c5rets Mandlige Talent. Se ham blive overrasket med titlen her\" \/>\n<meta name=\"robots\" content=\"index, follow, max-snippet:-1, max-image-preview:large, max-video-preview:-1\" \/>\n<link rel=\"canonical\" href=\"https:\/\/acefootball.com\/da\/fodboldnyheder\/officielt-jonas-wind-snupper-aarets-mandlige-talent\/\" \/>\n<meta property=\"og:locale\" content=\"en_US\" \/>\n<meta property=\"og:type\" content=\"article\" \/>\n<meta property=\"og:title\" content=\"Officielt: Jonas Wind snupper \u00c5rets Mandlige Talent\" \/>\n<meta property=\"og:description\" content=\"FC K\u00f8benhavn-angriberen Jonas Wind er netop blevet k\u00e5ret til \u00c5rets Mandlige Talent. Se ham blive overrasket med titlen her\" \/>\n<meta property=\"og:url\" content=\"https:\/\/acefootball.com\/da\/fodboldnyheder\/officielt-jonas-wind-snupper-aarets-mandlige-talent\/\" \/>\n<meta property=\"og:site_name\" content=\"Ace Football Danmark\" \/>\n<meta property=\"article:publisher\" content=\"https:\/\/www.facebook.com\/acefootballdk\" \/>\n<meta property=\"article:published_time\" content=\"2021-03-16T12:04:36+00:00\" \/>\n<meta property=\"article:modified_time\" content=\"2021-03-16T12:07:47+00:00\" \/>\n<meta property=\"og:image\" content=\"https:\/\/acefootball.com\/da\/wp-content\/uploads\/sites\/2\/2021\/03\/Video-generel-65.jpg\" \/>\n\t<meta property=\"og:image:width\" content=\"1920\" \/>\n\t<meta property=\"og:image:height\" content=\"1008\" \/>\n\t<meta property=\"og:image:type\" content=\"image\/jpeg\" \/>\n<meta name=\"twitter:card\" content=\"summary_large_image\" \/>\n<meta name=\"twitter:label1\" content=\"Written by\" \/>\n\t<meta name=\"twitter:data1\" content=\"Mikki M\u00f8ller-Iversen\" \/>\n\t<meta name=\"twitter:label2\" content=\"Est. reading time\" \/>\n\t<meta name=\"twitter:data2\" content=\"1 minute\" \/>\n<script type=\"application\/ld+json\" class=\"yoast-schema-graph\">{\"@context\":\"https:\/\/schema.org\",\"@graph\":[{\"@type\":\"Organization\",\"@id\":\"https:\/\/acefootball.com\/da\/#organization\",\"name\":\"Ace Football\",\"url\":\"https:\/\/acefootball.com\/da\/\",\"sameAs\":[\"https:\/\/www.facebook.com\/acefootballdk\"],\"logo\":{\"@type\":\"ImageObject\",\"@id\":\"https:\/\/acefootball.com\/da\/#logo\",\"inLanguage\":\"en-US\",\"url\":\"https:\/\/acefootball.com\/da\/wp-content\/uploads\/sites\/2\/2020\/07\/Ace-Football-30-07-2020-2.png\",\"contentUrl\":\"https:\/\/acefootball.com\/da\/wp-content\/uploads\/sites\/2\/2020\/07\/Ace-Football-30-07-2020-2.png\",\"width\":1200,\"height\":600,\"caption\":\"Ace Football\"},\"image\":{\"@id\":\"https:\/\/acefootball.com\/da\/#logo\"}},{\"@type\":\"WebSite\",\"@id\":\"https:\/\/acefootball.com\/da\/#website\",\"url\":\"https:\/\/acefootball.com\/da\/\",\"name\":\"Ace Football Danmark\",\"description\":\"Nyheder, Spiltips &amp; Livescore\",\"publisher\":{\"@id\":\"https:\/\/acefootball.com\/da\/#organization\"},\"potentialAction\":[{\"@type\":\"SearchAction\",\"target\":{\"@type\":\"EntryPoint\",\"urlTemplate\":\"https:\/\/acefootball.com\/da\/?s={search_term_string}\"},\"query-input\":\"required name=search_term_string\"}],\"inLanguage\":\"en-US\"},{\"@type\":\"ImageObject\",\"@id\":\"https:\/\/acefootball.com\/da\/fodboldnyheder\/officielt-jonas-wind-snupper-aarets-mandlige-talent\/#primaryimage\",\"inLanguage\":\"en-US\",\"url\":\"https:\/\/acefootball.com\/da\/wp-content\/uploads\/sites\/2\/2021\/03\/Video-generel-65.jpg\",\"contentUrl\":\"https:\/\/acefootball.com\/da\/wp-content\/uploads\/sites\/2\/2021\/03\/Video-generel-65.jpg\",\"width\":1920,\"height\":1008},{\"@type\":\"WebPage\",\"@id\":\"https:\/\/acefootball.com\/da\/fodboldnyheder\/officielt-jonas-wind-snupper-aarets-mandlige-talent\/#webpage\",\"url\":\"https:\/\/acefootball.com\/da\/fodboldnyheder\/officielt-jonas-wind-snupper-aarets-mandlige-talent\/\",\"name\":\"Officielt: Jonas Wind snupper \u00c5rets Mandlige Talent\",\"isPartOf\":{\"@id\":\"https:\/\/acefootball.com\/da\/#website\"},\"primaryImageOfPage\":{\"@id\":\"https:\/\/acefootball.com\/da\/fodboldnyheder\/officielt-jonas-wind-snupper-aarets-mandlige-talent\/#primaryimage\"},\"datePublished\":\"2021-03-16T12:04:36+00:00\",\"dateModified\":\"2021-03-16T12:07:47+00:00\",\"description\":\"FC K\u00f8benhavn-angriberen Jonas Wind er netop blevet k\u00e5ret til \u00c5rets Mandlige Talent. Se ham blive overrasket med titlen her\",\"breadcrumb\":{\"@id\":\"https:\/\/acefootball.com\/da\/fodboldnyheder\/officielt-jonas-wind-snupper-aarets-mandlige-talent\/#breadcrumb\"},\"inLanguage\":\"en-US\",\"potentialAction\":[{\"@type\":\"ReadAction\",\"target\":[\"https:\/\/acefootball.com\/da\/fodboldnyheder\/officielt-jonas-wind-snupper-aarets-mandlige-talent\/\"]}]},{\"@type\":\"BreadcrumbList\",\"@id\":\"https:\/\/acefootball.com\/da\/fodboldnyheder\/officielt-jonas-wind-snupper-aarets-mandlige-talent\/#breadcrumb\",\"itemListElement\":[{\"@type\":\"ListItem\",\"position\":1,\"name\":\"Home\",\"item\":\"https:\/\/acefootball.com\/da\/\"},{\"@type\":\"ListItem\",\"position\":2,\"name\":\"Officielt: Jonas Wind snupper \u00c5rets Mandlige Talent\"}]},{\"@type\":\"Article\",\"@id\":\"https:\/\/acefootball.com\/da\/fodboldnyheder\/officielt-jonas-wind-snupper-aarets-mandlige-talent\/#article\",\"isPartOf\":{\"@id\":\"https:\/\/acefootball.com\/da\/fodboldnyheder\/officielt-jonas-wind-snupper-aarets-mandlige-talent\/#webpage\"},\"author\":{\"@id\":\"https:\/\/acefootball.com\/da\/#\/schema\/person\/017c0abe4a8e92938220bf6c097dda93\"},\"headline\":\"Officielt: Jonas Wind snupper \u00c5rets Mandlige Talent\",\"datePublished\":\"2021-03-16T12:04:36+00:00\",\"dateModified\":\"2021-03-16T12:07:47+00:00\",\"mainEntityOfPage\":{\"@id\":\"https:\/\/acefootball.com\/da\/fodboldnyheder\/officielt-jonas-wind-snupper-aarets-mandlige-talent\/#webpage\"},\"wordCount\":102,\"commentCount\":0,\"publisher\":{\"@id\":\"https:\/\/acefootball.com\/da\/#organization\"},\"image\":{\"@id\":\"https:\/\/acefootball.com\/da\/fodboldnyheder\/officielt-jonas-wind-snupper-aarets-mandlige-talent\/#primaryimage\"},\"thumbnailUrl\":\"https:\/\/acefootball.com\/da\/wp-content\/uploads\/sites\/2\/2020\/11\/GettyImages-1286385416-2.jpg\",\"keywords\":[\"Danmark\",\"FC K\u00f8benhavn\",\"Jonas Wind\",\"Superligaen\"],\"articleSection\":[\"Video\"],\"inLanguage\":\"en-US\",\"potentialAction\":[{\"@type\":\"CommentAction\",\"name\":\"Comment\",\"target\":[\"https:\/\/acefootball.com\/da\/fodboldnyheder\/officielt-jonas-wind-snupper-aarets-mandlige-talent\/#respond\"]}]},{\"@type\":\"Person\",\"@id\":\"https:\/\/acefootball.com\/da\/#\/schema\/person\/017c0abe4a8e92938220bf6c097dda93\",\"name\":\"Mikki M\u00f8ller-Iversen\",\"image\":{\"@type\":\"ImageObject\",\"@id\":\"https:\/\/acefootball.com\/da\/#personlogo\",\"inLanguage\":\"en-US\",\"url\":\"https:\/\/secure.gravatar.com\/avatar\/e05b419e8b5ae5fcf516800181b96aa2?s=96&d=mm&r=g\",\"contentUrl\":\"https:\/\/secure.gravatar.com\/avatar\/e05b419e8b5ae5fcf516800181b96aa2?s=96&d=mm&r=g\",\"caption\":\"Mikki M\u00f8ller-Iversen\"},\"description\":\"Social Media Manager and writer at Ace Football. Main focus on Danish football and special stories.\",\"sameAs\":[\"https:\/\/www.linkedin.com\/in\/mikki-mller-iversen-26a3a689\/\"],\"url\":\"https:\/\/acefootball.com\/da\/fodboldnyheder\/author\/mmironaldo\/\"}]}<\/script>\n<!-- \/ Yoast SEO plugin. -->","yoast_head_json":{"title":"Officielt: Jonas Wind snupper \u00c5rets Mandlige Talent","description":"FC K\u00f8benhavn-angriberen Jonas Wind er netop blevet k\u00e5ret til \u00c5rets Mandlige Talent. Se ham blive overrasket med titlen her","robots":{"index":"index","follow":"follow","max-snippet":"max-snippet:-1","max-image-preview":"max-image-preview:large","max-video-preview":"max-video-preview:-1"},"canonical":"https:\/\/acefootball.com\/da\/fodboldnyheder\/officielt-jonas-wind-snupper-aarets-mandlige-talent\/","og_locale":"en_US","og_type":"article","og_title":"Officielt: Jonas Wind snupper \u00c5rets Mandlige Talent","og_description":"FC K\u00f8benhavn-angriberen Jonas Wind er netop blevet k\u00e5ret til \u00c5rets Mandlige Talent. Se ham blive overrasket med titlen her","og_url":"https:\/\/acefootball.com\/da\/fodboldnyheder\/officielt-jonas-wind-snupper-aarets-mandlige-talent\/","og_site_name":"Ace Football Danmark","article_publisher":"https:\/\/www.facebook.com\/acefootballdk","article_published_time":"2021-03-16T12:04:36+00:00","article_modified_time":"2021-03-16T12:07:47+00:00","og_image":[{"width":1920,"height":1008,"url":"https:\/\/acefootball.com\/da\/wp-content\/uploads\/sites\/2\/2021\/03\/Video-generel-65.jpg","type":"image\/jpeg"}],"twitter_card":"summary_large_image","twitter_misc":{"Written by":"Mikki M\u00f8ller-Iversen","Est. reading time":"1 minute"},"schema":{"@context":"https:\/\/schema.org","@graph":[{"@type":"Organization","@id":"https:\/\/acefootball.com\/da\/#organization","name":"Ace Football","url":"https:\/\/acefootball.com\/da\/","sameAs":["https:\/\/www.facebook.com\/acefootballdk"],"logo":{"@type":"ImageObject","@id":"https:\/\/acefootball.com\/da\/#logo","inLanguage":"en-US","url":"https:\/\/acefootball.com\/da\/wp-content\/uploads\/sites\/2\/2020\/07\/Ace-Football-30-07-2020-2.png","contentUrl":"https:\/\/acefootball.com\/da\/wp-content\/uploads\/sites\/2\/2020\/07\/Ace-Football-30-07-2020-2.png","width":1200,"height":600,"caption":"Ace Football"},"image":{"@id":"https:\/\/acefootball.com\/da\/#logo"}},{"@type":"WebSite","@id":"https:\/\/acefootball.com\/da\/#website","url":"https:\/\/acefootball.com\/da\/","name":"Ace Football Danmark","description":"Nyheder, Spiltips &amp; Livescore","publisher":{"@id":"https:\/\/acefootball.com\/da\/#organization"},"potentialAction":[{"@type":"SearchAction","target":{"@type":"EntryPoint","urlTemplate":"https:\/\/acefootball.com\/da\/?s={search_term_string}"},"query-input":"required name=search_term_string"}],"inLanguage":"en-US"},{"@type":"ImageObject","@id":"https:\/\/acefootball.com\/da\/fodboldnyheder\/officielt-jonas-wind-snupper-aarets-mandlige-talent\/#primaryimage","inLanguage":"en-US","url":"https:\/\/acefootball.com\/da\/wp-content\/uploads\/sites\/2\/2021\/03\/Video-generel-65.jpg","contentUrl":"https:\/\/acefootball.com\/da\/wp-content\/uploads\/sites\/2\/2021\/03\/Video-generel-65.jpg","width":1920,"height":1008},{"@type":"WebPage","@id":"https:\/\/acefootball.com\/da\/fodboldnyheder\/officielt-jonas-wind-snupper-aarets-mandlige-talent\/#webpage","url":"https:\/\/acefootball.com\/da\/fodboldnyheder\/officielt-jonas-wind-snupper-aarets-mandlige-talent\/","name":"Officielt: Jonas Wind snupper \u00c5rets Mandlige Talent","isPartOf":{"@id":"https:\/\/acefootball.com\/da\/#website"},"primaryImageOfPage":{"@id":"https:\/\/acefootball.com\/da\/fodboldnyheder\/officielt-jonas-wind-snupper-aarets-mandlige-talent\/#primaryimage"},"datePublished":"2021-03-16T12:04:36+00:00","dateModified":"2021-03-16T12:07:47+00:00","description":"FC K\u00f8benhavn-angriberen Jonas Wind er netop blevet k\u00e5ret til \u00c5rets Mandlige Talent. Se ham blive overrasket med titlen her","breadcrumb":{"@id":"https:\/\/acefootball.com\/da\/fodboldnyheder\/officielt-jonas-wind-snupper-aarets-mandlige-talent\/#breadcrumb"},"inLanguage":"en-US","potentialAction":[{"@type":"ReadAction","target":["https:\/\/acefootball.com\/da\/fodboldnyheder\/officielt-jonas-wind-snupper-aarets-mandlige-talent\/"]}]},{"@type":"BreadcrumbList","@id":"https:\/\/acefootball.com\/da\/fodboldnyheder\/officielt-jonas-wind-snupper-aarets-mandlige-talent\/#breadcrumb","itemListElement":[{"@type":"ListItem","position":1,"name":"Home","item":"https:\/\/acefootball.com\/da\/"},{"@type":"ListItem","position":2,"name":"Officielt: Jonas Wind snupper \u00c5rets Mandlige Talent"}]},{"@type":"Article","@id":"https:\/\/acefootball.com\/da\/fodboldnyheder\/officielt-jonas-wind-snupper-aarets-mandlige-talent\/#article","isPartOf":{"@id":"https:\/\/acefootball.com\/da\/fodboldnyheder\/officielt-jonas-wind-snupper-aarets-mandlige-talent\/#webpage"},"author":{"@id":"https:\/\/acefootball.com\/da\/#\/schema\/person\/017c0abe4a8e92938220bf6c097dda93"},"headline":"Officielt: Jonas Wind snupper \u00c5rets Mandlige Talent","datePublished":"2021-03-16T12:04:36+00:00","dateModified":"2021-03-16T12:07:47+00:00","mainEntityOfPage":{"@id":"https:\/\/acefootball.com\/da\/fodboldnyheder\/officielt-jonas-wind-snupper-aarets-mandlige-talent\/#webpage"},"wordCount":102,"commentCount":0,"publisher":{"@id":"https:\/\/acefootball.com\/da\/#organization"},"image":{"@id":"https:\/\/acefootball.com\/da\/fodboldnyheder\/officielt-jonas-wind-snupper-aarets-mandlige-talent\/#primaryimage"},"thumbnailUrl":"https:\/\/acefootball.com\/da\/wp-content\/uploads\/sites\/2\/2020\/11\/GettyImages-1286385416-2.jpg","keywords":["Danmark","FC K\u00f8benhavn","Jonas Wind","Superligaen"],"articleSection":["Video"],"inLanguage":"en-US","potentialAction":[{"@type":"CommentAction","name":"Comment","target":["https:\/\/acefootball.com\/da\/fodboldnyheder\/officielt-jonas-wind-snupper-aarets-mandlige-talent\/#respond"]}]},{"@type":"Person","@id":"https:\/\/acefootball.com\/da\/#\/schema\/person\/017c0abe4a8e92938220bf6c097dda93","name":"Mikki M\u00f8ller-Iversen","image":{"@type":"ImageObject","@id":"https:\/\/acefootball.com\/da\/#personlogo","inLanguage":"en-US","url":"https:\/\/secure.gravatar.com\/avatar\/e05b419e8b5ae5fcf516800181b96aa2?s=96&d=mm&r=g","contentUrl":"https:\/\/secure.gravatar.com\/avatar\/e05b419e8b5ae5fcf516800181b96aa2?s=96&d=mm&r=g","caption":"Mikki M\u00f8ller-Iversen"},"description":"Social Media Manager and writer at Ace Football. Main focus on Danish football and special stories.","sameAs":["https:\/\/www.linkedin.com\/in\/mikki-mller-iversen-26a3a689\/"],"url":"https:\/\/acefootball.com\/da\/fodboldnyheder\/author\/mmironaldo\/"}]}},"fimg_url":"https:\/\/acefootball.com\/da\/wp-content\/uploads\/sites\/2\/2020\/11\/GettyImages-1286385416-2.jpg","_links":{"self":[{"href":"https:\/\/acefootball.com\/da\/wp-json\/wp\/v2\/posts\/254707"}],"collection":[{"href":"https:\/\/acefootball.com\/da\/wp-json\/wp\/v2\/posts"}],"about":[{"href":"https:\/\/acefootball.com\/da\/wp-json\/wp\/v2\/types\/post"}],"author":[{"embeddable":true,"href":"https:\/\/acefootball.com\/da\/wp-json\/wp\/v2\/users\/43"}],"replies":[{"embeddable":true,"href":"https:\/\/acefootball.com\/da\/wp-json\/wp\/v2\/comments?post=254707"}],"version-history":[{"count":0,"href":"https:\/\/acefootball.com\/da\/wp-json\/wp\/v2\/posts\/254707\/revisions"}],"wp:featuredmedia":[{"embeddable":true,"href":"https:\/\/acefootball.com\/da\/wp-json\/wp\/v2\/media\/243990"}],"wp:attachment":[{"href":"https:\/\/acefootball.com\/da\/wp-json\/wp\/v2\/media?parent=254707"}],"wp:term":[{"taxonomy":"category","embeddable":true,"href":"https:\/\/acefootball.com\/da\/wp-json\/wp\/v2\/categories?post=254707"},{"taxonomy":"post_tag","embeddable":true,"href":"https:\/\/acefootball.com\/da\/wp-json\/wp\/v2\/tags?post=254707"}],"curies":[{"name":"wp","href":"https:\/\/api.w.org\/{rel}","templated":true}]}}