{"id":254639,"date":"2021-03-15T17:33:25","date_gmt":"2021-03-15T16:33:25","guid":{"rendered":"https:\/\/acefootball.com\/da\/?p=254639"},"modified":"2021-03-15T17:33:25","modified_gmt":"2021-03-15T16:33:25","slug":"ob-anfoerer-om-traenerfyring-det-eneste-rigtige","status":"publish","type":"post","link":"https:\/\/acefootball.com\/da\/fodboldnyheder\/ob-anfoerer-om-traenerfyring-det-eneste-rigtige\/","title":{"rendered":"OB-anf\u00f8rer om tr\u00e6nerfyring: Det eneste rigtige"},"content":{"rendered":"\n<h2 id=\"h-janus-drachmann-er-ked-af-ikke-l-ngere-at-skulle-arbejde-sammen-med-jakob-michelsen-men-fyringen-var-den-rigtige-beslutning\">Janus Drachmann er ked af ikke l\u00e6ngere at skulle arbejde sammen med Jakob Michelsen, men fyringen var den rigtige beslutning<\/h2>\n\n\n\n<p>OB l\u00f8b ind i lidt af en \u00f8ret\u00e6ve mod Br\u00f8ndby, da man tabte s\u00f8ndagens hjemmekamp med 0-3 efter tre scoringer i f\u00f8rste halvleg.<\/p>\n\n\n\n<p>Dagen efter valgte klubledelsen s\u00e5 at afskedige Jakob Michelsen som cheftr\u00e6ner, selvom han egentlig f\u00f8rst skulle forlade klubben til sommer.<\/p>\n\n\n\n<p>Det \u00e6rgrer anf\u00f8rer Janus Drachmann, men han kunne samtidig ikke se en anden udvej.<\/p>\n\n\n\n<p>&#8220;Den her morgen var anderledes. Der kom andre, der kender klubben og skal overtage og kan ruske op tingene. Jeg havde et godt forhold til Jakob og er ked af, at han ikke skal v\u00e6re her mere. Omvendt var det klogest at f\u00e5 rusket op i tingene og f\u00e5 andre \u00f8jne til at se p\u00e5 holdet og spillerne. Der er ingen tvivl om, at det er det eneste rigtige,&#8221; siger Drachmann til <a href=\"https:\/\/fyens.dk\/artikel\/det-var-den-eneste-rigtige-beslutning-siger-anf%C3%B8rer-janus-drachmann-om-tr%C3%A6nerfyringen\" target=\"_blank\" rel=\"noreferrer noopener\">Fyens Stiftstidende<\/a>.<\/p>\n\n\n\n<p>Det er nu ikke l\u00e6ngere matematisk muligt for OB at spille sig i Superligaens mesterskabsspil med kun \u00e9n resterende runde af grundspillet.<\/p>\n","protected":false},"excerpt":{"rendered":"<p>Janus Drachmann er ked af ikke l\u00e6ngere at skulle arbejde sammen med Jakob Michelsen, men fyringen var den rigtige beslutning<\/p>\n","protected":false},"author":705,"featured_media":254640,"comment_status":"open","ping_status":"closed","sticky":false,"template":"","format":"standard","meta":{"om_disable_all_campaigns":false,"push_articles_ronaldo":{"active":false,"canonical":0,"publish":false},"force_updates":null},"categories":[8204],"tags":[448,88,588],"enet_tags":{"player":["41036"],"team":["8414"],"league":["46"],"sport_events":[]},"yoast_head":"<!-- This site is optimized with the Yoast SEO plugin v18.3 - https:\/\/yoast.com\/wordpress\/plugins\/seo\/ -->\n<title>OB-anf\u00f8rer om tr\u00e6nerfyring: Det eneste rigtige<\/title>\n<meta name=\"description\" content=\"Janus Drachmann er ked af ikke l\u00e6ngere at skulle arbejde sammen med Jakob Michelsen, men fyringen var den rigtige beslutning\" \/>\n<meta name=\"robots\" content=\"index, follow, max-snippet:-1, max-image-preview:large, max-video-preview:-1\" \/>\n<link rel=\"canonical\" href=\"https:\/\/acefootball.com\/da\/fodboldnyheder\/ob-anfoerer-om-traenerfyring-det-eneste-rigtige\/\" \/>\n<meta property=\"og:locale\" content=\"en_US\" \/>\n<meta property=\"og:type\" content=\"article\" \/>\n<meta property=\"og:title\" content=\"OB-anf\u00f8rer om tr\u00e6nerfyring: Det eneste rigtige\" \/>\n<meta property=\"og:description\" content=\"Janus Drachmann er ked af ikke l\u00e6ngere at skulle arbejde sammen med Jakob Michelsen, men fyringen var den rigtige beslutning\" \/>\n<meta property=\"og:url\" content=\"https:\/\/acefootball.com\/da\/fodboldnyheder\/ob-anfoerer-om-traenerfyring-det-eneste-rigtige\/\" \/>\n<meta property=\"og:site_name\" content=\"Ace Football Danmark\" \/>\n<meta property=\"article:publisher\" content=\"https:\/\/www.facebook.com\/acefootballdk\" \/>\n<meta property=\"article:published_time\" content=\"2021-03-15T16:33:25+00:00\" \/>\n<meta property=\"og:image\" content=\"https:\/\/acefootball.com\/da\/wp-content\/uploads\/sites\/2\/2021\/03\/Laes-mere-generel-2-9.jpg\" \/>\n\t<meta property=\"og:image:width\" content=\"1920\" \/>\n\t<meta property=\"og:image:height\" content=\"1008\" \/>\n\t<meta property=\"og:image:type\" content=\"image\/jpeg\" \/>\n<meta name=\"twitter:card\" content=\"summary_large_image\" \/>\n<meta name=\"twitter:label1\" content=\"Written by\" \/>\n\t<meta name=\"twitter:data1\" content=\"Mads Dreyer\" \/>\n\t<meta name=\"twitter:label2\" content=\"Est. reading time\" \/>\n\t<meta name=\"twitter:data2\" content=\"1 minute\" \/>\n<script type=\"application\/ld+json\" class=\"yoast-schema-graph\">{\"@context\":\"https:\/\/schema.org\",\"@graph\":[{\"@type\":\"Organization\",\"@id\":\"https:\/\/acefootball.com\/da\/#organization\",\"name\":\"Ace Football\",\"url\":\"https:\/\/acefootball.com\/da\/\",\"sameAs\":[\"https:\/\/www.facebook.com\/acefootballdk\"],\"logo\":{\"@type\":\"ImageObject\",\"@id\":\"https:\/\/acefootball.com\/da\/#logo\",\"inLanguage\":\"en-US\",\"url\":\"https:\/\/acefootball.com\/da\/wp-content\/uploads\/sites\/2\/2020\/07\/Ace-Football-30-07-2020-2.png\",\"contentUrl\":\"https:\/\/acefootball.com\/da\/wp-content\/uploads\/sites\/2\/2020\/07\/Ace-Football-30-07-2020-2.png\",\"width\":1200,\"height\":600,\"caption\":\"Ace Football\"},\"image\":{\"@id\":\"https:\/\/acefootball.com\/da\/#logo\"}},{\"@type\":\"WebSite\",\"@id\":\"https:\/\/acefootball.com\/da\/#website\",\"url\":\"https:\/\/acefootball.com\/da\/\",\"name\":\"Ace Football Danmark\",\"description\":\"Nyheder, Spiltips &amp; Livescore\",\"publisher\":{\"@id\":\"https:\/\/acefootball.com\/da\/#organization\"},\"potentialAction\":[{\"@type\":\"SearchAction\",\"target\":{\"@type\":\"EntryPoint\",\"urlTemplate\":\"https:\/\/acefootball.com\/da\/?s={search_term_string}\"},\"query-input\":\"required name=search_term_string\"}],\"inLanguage\":\"en-US\"},{\"@type\":\"ImageObject\",\"@id\":\"https:\/\/acefootball.com\/da\/fodboldnyheder\/ob-anfoerer-om-traenerfyring-det-eneste-rigtige\/#primaryimage\",\"inLanguage\":\"en-US\",\"url\":\"https:\/\/acefootball.com\/da\/wp-content\/uploads\/sites\/2\/2021\/03\/Laes-mere-generel-2-9.jpg\",\"contentUrl\":\"https:\/\/acefootball.com\/da\/wp-content\/uploads\/sites\/2\/2021\/03\/Laes-mere-generel-2-9.jpg\",\"width\":1920,\"height\":1008,\"caption\":\"drachmann\"},{\"@type\":\"WebPage\",\"@id\":\"https:\/\/acefootball.com\/da\/fodboldnyheder\/ob-anfoerer-om-traenerfyring-det-eneste-rigtige\/#webpage\",\"url\":\"https:\/\/acefootball.com\/da\/fodboldnyheder\/ob-anfoerer-om-traenerfyring-det-eneste-rigtige\/\",\"name\":\"OB-anf\u00f8rer om tr\u00e6nerfyring: Det eneste rigtige\",\"isPartOf\":{\"@id\":\"https:\/\/acefootball.com\/da\/#website\"},\"primaryImageOfPage\":{\"@id\":\"https:\/\/acefootball.com\/da\/fodboldnyheder\/ob-anfoerer-om-traenerfyring-det-eneste-rigtige\/#primaryimage\"},\"datePublished\":\"2021-03-15T16:33:25+00:00\",\"dateModified\":\"2021-03-15T16:33:25+00:00\",\"description\":\"Janus Drachmann er ked af ikke l\u00e6ngere at skulle arbejde sammen med Jakob Michelsen, men fyringen var den rigtige beslutning\",\"breadcrumb\":{\"@id\":\"https:\/\/acefootball.com\/da\/fodboldnyheder\/ob-anfoerer-om-traenerfyring-det-eneste-rigtige\/#breadcrumb\"},\"inLanguage\":\"en-US\",\"potentialAction\":[{\"@type\":\"ReadAction\",\"target\":[\"https:\/\/acefootball.com\/da\/fodboldnyheder\/ob-anfoerer-om-traenerfyring-det-eneste-rigtige\/\"]}]},{\"@type\":\"BreadcrumbList\",\"@id\":\"https:\/\/acefootball.com\/da\/fodboldnyheder\/ob-anfoerer-om-traenerfyring-det-eneste-rigtige\/#breadcrumb\",\"itemListElement\":[{\"@type\":\"ListItem\",\"position\":1,\"name\":\"Home\",\"item\":\"https:\/\/acefootball.com\/da\/\"},{\"@type\":\"ListItem\",\"position\":2,\"name\":\"OB-anf\u00f8rer om tr\u00e6nerfyring: Det eneste rigtige\"}]},{\"@type\":\"Article\",\"@id\":\"https:\/\/acefootball.com\/da\/fodboldnyheder\/ob-anfoerer-om-traenerfyring-det-eneste-rigtige\/#article\",\"isPartOf\":{\"@id\":\"https:\/\/acefootball.com\/da\/fodboldnyheder\/ob-anfoerer-om-traenerfyring-det-eneste-rigtige\/#webpage\"},\"author\":{\"@id\":\"https:\/\/acefootball.com\/da\/#\/schema\/person\/ee67e9cf04a276f144100ffa722f10cd\"},\"headline\":\"OB-anf\u00f8rer om tr\u00e6nerfyring: Det eneste rigtige\",\"datePublished\":\"2021-03-15T16:33:25+00:00\",\"dateModified\":\"2021-03-15T16:33:25+00:00\",\"mainEntityOfPage\":{\"@id\":\"https:\/\/acefootball.com\/da\/fodboldnyheder\/ob-anfoerer-om-traenerfyring-det-eneste-rigtige\/#webpage\"},\"wordCount\":192,\"commentCount\":0,\"publisher\":{\"@id\":\"https:\/\/acefootball.com\/da\/#organization\"},\"image\":{\"@id\":\"https:\/\/acefootball.com\/da\/fodboldnyheder\/ob-anfoerer-om-traenerfyring-det-eneste-rigtige\/#primaryimage\"},\"thumbnailUrl\":\"https:\/\/acefootball.com\/da\/wp-content\/uploads\/sites\/2\/2021\/03\/GettyImages-1169905365.jpg\",\"keywords\":[\"Janus Drachmann\",\"OB\",\"Superligaen\"],\"articleSection\":[\"Udtalelse\"],\"inLanguage\":\"en-US\",\"potentialAction\":[{\"@type\":\"CommentAction\",\"name\":\"Comment\",\"target\":[\"https:\/\/acefootball.com\/da\/fodboldnyheder\/ob-anfoerer-om-traenerfyring-det-eneste-rigtige\/#respond\"]}]},{\"@type\":\"Person\",\"@id\":\"https:\/\/acefootball.com\/da\/#\/schema\/person\/ee67e9cf04a276f144100ffa722f10cd\",\"name\":\"Mads Dreyer\",\"image\":{\"@type\":\"ImageObject\",\"@id\":\"https:\/\/acefootball.com\/da\/#personlogo\",\"inLanguage\":\"en-US\",\"url\":\"https:\/\/secure.gravatar.com\/avatar\/7c7abf72cfde9902b6a60efe60c88d4c?s=96&d=mm&r=g\",\"contentUrl\":\"https:\/\/secure.gravatar.com\/avatar\/7c7abf72cfde9902b6a60efe60c88d4c?s=96&d=mm&r=g\",\"caption\":\"Mads Dreyer\"},\"description\":\"Skribent og fodboldn\u00f8rd, der lige nu fort\u00e6ller om alt og intet i fodboldverdenen p\u00e5 acefootball.com. Uddannet i kommunikation fra Aalborg Universitet.\",\"sameAs\":[\"https:\/\/www.linkedin.com\/in\/mads-dreyer-b9b08266\/\"],\"url\":\"https:\/\/acefootball.com\/da\/fodboldnyheder\/author\/mdnronaldo\/\"}]}<\/script>\n<!-- \/ Yoast SEO plugin. -->","yoast_head_json":{"title":"OB-anf\u00f8rer om tr\u00e6nerfyring: Det eneste rigtige","description":"Janus Drachmann er ked af ikke l\u00e6ngere at skulle arbejde sammen med Jakob Michelsen, men fyringen var den rigtige beslutning","robots":{"index":"index","follow":"follow","max-snippet":"max-snippet:-1","max-image-preview":"max-image-preview:large","max-video-preview":"max-video-preview:-1"},"canonical":"https:\/\/acefootball.com\/da\/fodboldnyheder\/ob-anfoerer-om-traenerfyring-det-eneste-rigtige\/","og_locale":"en_US","og_type":"article","og_title":"OB-anf\u00f8rer om tr\u00e6nerfyring: Det eneste rigtige","og_description":"Janus Drachmann er ked af ikke l\u00e6ngere at skulle arbejde sammen med Jakob Michelsen, men fyringen var den rigtige beslutning","og_url":"https:\/\/acefootball.com\/da\/fodboldnyheder\/ob-anfoerer-om-traenerfyring-det-eneste-rigtige\/","og_site_name":"Ace Football Danmark","article_publisher":"https:\/\/www.facebook.com\/acefootballdk","article_published_time":"2021-03-15T16:33:25+00:00","og_image":[{"width":1920,"height":1008,"url":"https:\/\/acefootball.com\/da\/wp-content\/uploads\/sites\/2\/2021\/03\/Laes-mere-generel-2-9.jpg","type":"image\/jpeg"}],"twitter_card":"summary_large_image","twitter_misc":{"Written by":"Mads Dreyer","Est. reading time":"1 minute"},"schema":{"@context":"https:\/\/schema.org","@graph":[{"@type":"Organization","@id":"https:\/\/acefootball.com\/da\/#organization","name":"Ace Football","url":"https:\/\/acefootball.com\/da\/","sameAs":["https:\/\/www.facebook.com\/acefootballdk"],"logo":{"@type":"ImageObject","@id":"https:\/\/acefootball.com\/da\/#logo","inLanguage":"en-US","url":"https:\/\/acefootball.com\/da\/wp-content\/uploads\/sites\/2\/2020\/07\/Ace-Football-30-07-2020-2.png","contentUrl":"https:\/\/acefootball.com\/da\/wp-content\/uploads\/sites\/2\/2020\/07\/Ace-Football-30-07-2020-2.png","width":1200,"height":600,"caption":"Ace Football"},"image":{"@id":"https:\/\/acefootball.com\/da\/#logo"}},{"@type":"WebSite","@id":"https:\/\/acefootball.com\/da\/#website","url":"https:\/\/acefootball.com\/da\/","name":"Ace Football Danmark","description":"Nyheder, Spiltips &amp; Livescore","publisher":{"@id":"https:\/\/acefootball.com\/da\/#organization"},"potentialAction":[{"@type":"SearchAction","target":{"@type":"EntryPoint","urlTemplate":"https:\/\/acefootball.com\/da\/?s={search_term_string}"},"query-input":"required name=search_term_string"}],"inLanguage":"en-US"},{"@type":"ImageObject","@id":"https:\/\/acefootball.com\/da\/fodboldnyheder\/ob-anfoerer-om-traenerfyring-det-eneste-rigtige\/#primaryimage","inLanguage":"en-US","url":"https:\/\/acefootball.com\/da\/wp-content\/uploads\/sites\/2\/2021\/03\/Laes-mere-generel-2-9.jpg","contentUrl":"https:\/\/acefootball.com\/da\/wp-content\/uploads\/sites\/2\/2021\/03\/Laes-mere-generel-2-9.jpg","width":1920,"height":1008,"caption":"drachmann"},{"@type":"WebPage","@id":"https:\/\/acefootball.com\/da\/fodboldnyheder\/ob-anfoerer-om-traenerfyring-det-eneste-rigtige\/#webpage","url":"https:\/\/acefootball.com\/da\/fodboldnyheder\/ob-anfoerer-om-traenerfyring-det-eneste-rigtige\/","name":"OB-anf\u00f8rer om tr\u00e6nerfyring: Det eneste rigtige","isPartOf":{"@id":"https:\/\/acefootball.com\/da\/#website"},"primaryImageOfPage":{"@id":"https:\/\/acefootball.com\/da\/fodboldnyheder\/ob-anfoerer-om-traenerfyring-det-eneste-rigtige\/#primaryimage"},"datePublished":"2021-03-15T16:33:25+00:00","dateModified":"2021-03-15T16:33:25+00:00","description":"Janus Drachmann er ked af ikke l\u00e6ngere at skulle arbejde sammen med Jakob Michelsen, men fyringen var den rigtige beslutning","breadcrumb":{"@id":"https:\/\/acefootball.com\/da\/fodboldnyheder\/ob-anfoerer-om-traenerfyring-det-eneste-rigtige\/#breadcrumb"},"inLanguage":"en-US","potentialAction":[{"@type":"ReadAction","target":["https:\/\/acefootball.com\/da\/fodboldnyheder\/ob-anfoerer-om-traenerfyring-det-eneste-rigtige\/"]}]},{"@type":"BreadcrumbList","@id":"https:\/\/acefootball.com\/da\/fodboldnyheder\/ob-anfoerer-om-traenerfyring-det-eneste-rigtige\/#breadcrumb","itemListElement":[{"@type":"ListItem","position":1,"name":"Home","item":"https:\/\/acefootball.com\/da\/"},{"@type":"ListItem","position":2,"name":"OB-anf\u00f8rer om tr\u00e6nerfyring: Det eneste rigtige"}]},{"@type":"Article","@id":"https:\/\/acefootball.com\/da\/fodboldnyheder\/ob-anfoerer-om-traenerfyring-det-eneste-rigtige\/#article","isPartOf":{"@id":"https:\/\/acefootball.com\/da\/fodboldnyheder\/ob-anfoerer-om-traenerfyring-det-eneste-rigtige\/#webpage"},"author":{"@id":"https:\/\/acefootball.com\/da\/#\/schema\/person\/ee67e9cf04a276f144100ffa722f10cd"},"headline":"OB-anf\u00f8rer om tr\u00e6nerfyring: Det eneste rigtige","datePublished":"2021-03-15T16:33:25+00:00","dateModified":"2021-03-15T16:33:25+00:00","mainEntityOfPage":{"@id":"https:\/\/acefootball.com\/da\/fodboldnyheder\/ob-anfoerer-om-traenerfyring-det-eneste-rigtige\/#webpage"},"wordCount":192,"commentCount":0,"publisher":{"@id":"https:\/\/acefootball.com\/da\/#organization"},"image":{"@id":"https:\/\/acefootball.com\/da\/fodboldnyheder\/ob-anfoerer-om-traenerfyring-det-eneste-rigtige\/#primaryimage"},"thumbnailUrl":"https:\/\/acefootball.com\/da\/wp-content\/uploads\/sites\/2\/2021\/03\/GettyImages-1169905365.jpg","keywords":["Janus Drachmann","OB","Superligaen"],"articleSection":["Udtalelse"],"inLanguage":"en-US","potentialAction":[{"@type":"CommentAction","name":"Comment","target":["https:\/\/acefootball.com\/da\/fodboldnyheder\/ob-anfoerer-om-traenerfyring-det-eneste-rigtige\/#respond"]}]},{"@type":"Person","@id":"https:\/\/acefootball.com\/da\/#\/schema\/person\/ee67e9cf04a276f144100ffa722f10cd","name":"Mads Dreyer","image":{"@type":"ImageObject","@id":"https:\/\/acefootball.com\/da\/#personlogo","inLanguage":"en-US","url":"https:\/\/secure.gravatar.com\/avatar\/7c7abf72cfde9902b6a60efe60c88d4c?s=96&d=mm&r=g","contentUrl":"https:\/\/secure.gravatar.com\/avatar\/7c7abf72cfde9902b6a60efe60c88d4c?s=96&d=mm&r=g","caption":"Mads Dreyer"},"description":"Skribent og fodboldn\u00f8rd, der lige nu fort\u00e6ller om alt og intet i fodboldverdenen p\u00e5 acefootball.com. Uddannet i kommunikation fra Aalborg Universitet.","sameAs":["https:\/\/www.linkedin.com\/in\/mads-dreyer-b9b08266\/"],"url":"https:\/\/acefootball.com\/da\/fodboldnyheder\/author\/mdnronaldo\/"}]}},"fimg_url":"https:\/\/acefootball.com\/da\/wp-content\/uploads\/sites\/2\/2021\/03\/GettyImages-1169905365.jpg","_links":{"self":[{"href":"https:\/\/acefootball.com\/da\/wp-json\/wp\/v2\/posts\/254639"}],"collection":[{"href":"https:\/\/acefootball.com\/da\/wp-json\/wp\/v2\/posts"}],"about":[{"href":"https:\/\/acefootball.com\/da\/wp-json\/wp\/v2\/types\/post"}],"author":[{"embeddable":true,"href":"https:\/\/acefootball.com\/da\/wp-json\/wp\/v2\/users\/705"}],"replies":[{"embeddable":true,"href":"https:\/\/acefootball.com\/da\/wp-json\/wp\/v2\/comments?post=254639"}],"version-history":[{"count":0,"href":"https:\/\/acefootball.com\/da\/wp-json\/wp\/v2\/posts\/254639\/revisions"}],"wp:featuredmedia":[{"embeddable":true,"href":"https:\/\/acefootball.com\/da\/wp-json\/wp\/v2\/media\/254640"}],"wp:attachment":[{"href":"https:\/\/acefootball.com\/da\/wp-json\/wp\/v2\/media?parent=254639"}],"wp:term":[{"taxonomy":"category","embeddable":true,"href":"https:\/\/acefootball.com\/da\/wp-json\/wp\/v2\/categories?post=254639"},{"taxonomy":"post_tag","embeddable":true,"href":"https:\/\/acefootball.com\/da\/wp-json\/wp\/v2\/tags?post=254639"}],"curies":[{"name":"wp","href":"https:\/\/api.w.org\/{rel}","templated":true}]}}