{"id":254613,"date":"2021-03-15T15:03:33","date_gmt":"2021-03-15T14:03:33","guid":{"rendered":"https:\/\/acefootball.com\/da\/?p=254613"},"modified":"2021-03-15T15:05:11","modified_gmt":"2021-03-15T14:05:11","slug":"officielt-ob-hyrer-allan-gaarde","status":"publish","type":"post","link":"https:\/\/acefootball.com\/da\/fodboldnyheder\/officielt-ob-hyrer-allan-gaarde\/","title":{"rendered":"Officielt: OB hyrer Allan Gaarde"},"content":{"rendered":"\n<h2 id=\"h-superliga-klubben-ob-har-valgt-at-hyre-allan-gaarde-og-hans-rekrutteringsfirma-onenexus-til-at-hj-lpe-dem-med-at-finde-deres-n-ste-cheftr-ner\">Superliga-klubben OB har valgt at hyre Allan Gaarde og hans rekrutteringsfirma Onenexus til at hj\u00e6lpe dem med at finde deres n\u00e6ste cheftr\u00e6ner<\/h2>\n\n\n\n<p>OB fyrede tidligere i dag Jakob Michelsen efter g\u00e5rsdagens 0-3 nederlag til Br\u00f8ndby.<\/p>\n\n\n\n<figure class=\"wp-block-embed is-type-wp-embed is-provider-ace-football-danmark wp-block-embed-ace-football-danmark\"><div class=\"wp-block-embed__wrapper\">\n<blockquote class=\"wp-embedded-content\" data-secret=\"cBhgyJllr1\"><a href=\"https:\/\/acefootball.com\/da\/fodboldnyheder\/officielt-jakob-michelsen-stopper-i-ob-med-oejeblikkelig-virkning\/\">Officielt: Jakob Michelsen stopper i OB med \u00f8jeblikkelig virkning<\/a><\/blockquote><iframe class=\"wp-embedded-content\" sandbox=\"allow-scripts\" security=\"restricted\" style=\"position: absolute; clip: rect(1px, 1px, 1px, 1px);\" title=\"&#8220;Officielt: Jakob Michelsen stopper i OB med \u00f8jeblikkelig virkning&#8221; &#8212; Ace Football Danmark\" src=\"https:\/\/acefootball.com\/da\/fodboldnyheder\/officielt-jakob-michelsen-stopper-i-ob-med-oejeblikkelig-virkning\/embed\/#?secret=cBhgyJllr1\" data-secret=\"cBhgyJllr1\" width=\"600\" height=\"338\" frameborder=\"0\" marginwidth=\"0\" marginheight=\"0\" scrolling=\"no\"><\/iframe>\n<\/div><\/figure>\n\n\n\n<p>Derfor er de i \u00f8jeblikket p\u00e5 udkig efter en ny cheftr\u00e6ner, og til at hj\u00e6lpe dem med denne opgave, har de alts\u00e5 hyret den tidligere AaB-sportsdirekt\u00f8r Allan Gaarde.<\/p>\n\n\n\n<p>&#8220;Vi har lavet en aftale med rekrutteringsfirmaet onenexus fra Silkeborg, hvor vi har hyret fagspecialister ind. Et st\u00e6rkt team best\u00e5ende af tre mand med Allan Gaarde i spidsen. De skal afd\u00e6kke hele det skandinaviske marked. Vi har investeret det, der skulle til,&#8221; fort\u00e6ller OB-direkt\u00f8r Enrico Augustinus if\u00f8lge <a href=\"https:\/\/www.bt.dk\/fodbold\/ob-hyrer-allan-gaarde-til-at-finde-ny-cheftraener?referrer=RSS\" target=\"_blank\" rel=\"noreferrer noopener\">BT<\/a>.<\/p>\n\n\n\n<p>OB vil dog tage sig god tid med at finde den rette kandidat, og har ikke planer om at offentligg\u00f8re en ny tr\u00e6ner, f\u00f8r de har udarbejdet en ny strategi for klubben.<\/p>\n","protected":false},"excerpt":{"rendered":"<p>Superliga-klubben OB har valgt at hyre Allan Gaarde og hans rekrutteringsfirma Onenexus til at hj\u00e6lpe dem med at finde deres n\u00e6ste cheftr\u00e6ner<\/p>\n","protected":false},"author":74,"featured_media":254614,"comment_status":"open","ping_status":"closed","sticky":false,"template":"","format":"standard","meta":{"om_disable_all_campaigns":false,"push_articles_ronaldo":{"active":false,"canonical":0,"publish":false},"force_updates":null},"categories":[1],"tags":[62,88,588],"enet_tags":{"team":["8414"],"league":["46"],"sport_events":[]},"yoast_head":"<!-- This site is optimized with the Yoast SEO plugin v18.3 - https:\/\/yoast.com\/wordpress\/plugins\/seo\/ -->\n<title>Officielt: OB hyrer Allan Gaarde<\/title>\n<meta name=\"description\" content=\"Superliga-klubben OB har valgt at hyre Allan Gaarde og hans rekrutteringsfirma Onenexus til at hj\u00e6lpe dem med at finde deres n\u00e6ste cheftr\u00e6ner\" \/>\n<meta name=\"robots\" content=\"index, follow, max-snippet:-1, max-image-preview:large, max-video-preview:-1\" \/>\n<link rel=\"canonical\" href=\"https:\/\/acefootball.com\/da\/fodboldnyheder\/officielt-ob-hyrer-allan-gaarde\/\" \/>\n<meta property=\"og:locale\" content=\"en_US\" \/>\n<meta property=\"og:type\" content=\"article\" \/>\n<meta property=\"og:title\" content=\"Officielt: OB hyrer Allan Gaarde\" \/>\n<meta property=\"og:description\" content=\"Superliga-klubben OB har valgt at hyre Allan Gaarde og hans rekrutteringsfirma Onenexus til at hj\u00e6lpe dem med at finde deres n\u00e6ste cheftr\u00e6ner\" \/>\n<meta property=\"og:url\" content=\"https:\/\/acefootball.com\/da\/fodboldnyheder\/officielt-ob-hyrer-allan-gaarde\/\" \/>\n<meta property=\"og:site_name\" content=\"Ace Football Danmark\" \/>\n<meta property=\"article:publisher\" content=\"https:\/\/www.facebook.com\/acefootballdk\" \/>\n<meta property=\"article:published_time\" content=\"2021-03-15T14:03:33+00:00\" \/>\n<meta property=\"article:modified_time\" content=\"2021-03-15T14:05:11+00:00\" \/>\n<meta property=\"og:image\" content=\"https:\/\/acefootball.com\/da\/wp-content\/uploads\/sites\/2\/2021\/03\/Laes-mere-generel-66.jpg\" \/>\n\t<meta property=\"og:image:width\" content=\"1920\" \/>\n\t<meta property=\"og:image:height\" content=\"1008\" \/>\n\t<meta property=\"og:image:type\" content=\"image\/jpeg\" \/>\n<meta name=\"twitter:card\" content=\"summary_large_image\" \/>\n<meta name=\"twitter:label1\" content=\"Written by\" \/>\n\t<meta name=\"twitter:data1\" content=\"Patrick Hesselb\u00e6k\" \/>\n\t<meta name=\"twitter:label2\" content=\"Est. reading time\" \/>\n\t<meta name=\"twitter:data2\" content=\"1 minute\" \/>\n<script type=\"application\/ld+json\" class=\"yoast-schema-graph\">{\"@context\":\"https:\/\/schema.org\",\"@graph\":[{\"@type\":\"Organization\",\"@id\":\"https:\/\/acefootball.com\/da\/#organization\",\"name\":\"Ace Football\",\"url\":\"https:\/\/acefootball.com\/da\/\",\"sameAs\":[\"https:\/\/www.facebook.com\/acefootballdk\"],\"logo\":{\"@type\":\"ImageObject\",\"@id\":\"https:\/\/acefootball.com\/da\/#logo\",\"inLanguage\":\"en-US\",\"url\":\"https:\/\/acefootball.com\/da\/wp-content\/uploads\/sites\/2\/2020\/07\/Ace-Football-30-07-2020-2.png\",\"contentUrl\":\"https:\/\/acefootball.com\/da\/wp-content\/uploads\/sites\/2\/2020\/07\/Ace-Football-30-07-2020-2.png\",\"width\":1200,\"height\":600,\"caption\":\"Ace Football\"},\"image\":{\"@id\":\"https:\/\/acefootball.com\/da\/#logo\"}},{\"@type\":\"WebSite\",\"@id\":\"https:\/\/acefootball.com\/da\/#website\",\"url\":\"https:\/\/acefootball.com\/da\/\",\"name\":\"Ace Football Danmark\",\"description\":\"Nyheder, Spiltips &amp; Livescore\",\"publisher\":{\"@id\":\"https:\/\/acefootball.com\/da\/#organization\"},\"potentialAction\":[{\"@type\":\"SearchAction\",\"target\":{\"@type\":\"EntryPoint\",\"urlTemplate\":\"https:\/\/acefootball.com\/da\/?s={search_term_string}\"},\"query-input\":\"required name=search_term_string\"}],\"inLanguage\":\"en-US\"},{\"@type\":\"ImageObject\",\"@id\":\"https:\/\/acefootball.com\/da\/fodboldnyheder\/officielt-ob-hyrer-allan-gaarde\/#primaryimage\",\"inLanguage\":\"en-US\",\"url\":\"https:\/\/acefootball.com\/da\/wp-content\/uploads\/sites\/2\/2021\/03\/Laes-mere-generel-66.jpg\",\"contentUrl\":\"https:\/\/acefootball.com\/da\/wp-content\/uploads\/sites\/2\/2021\/03\/Laes-mere-generel-66.jpg\",\"width\":1920,\"height\":1008,\"caption\":\"Allan Gaarde\"},{\"@type\":\"WebPage\",\"@id\":\"https:\/\/acefootball.com\/da\/fodboldnyheder\/officielt-ob-hyrer-allan-gaarde\/#webpage\",\"url\":\"https:\/\/acefootball.com\/da\/fodboldnyheder\/officielt-ob-hyrer-allan-gaarde\/\",\"name\":\"Officielt: OB hyrer Allan Gaarde\",\"isPartOf\":{\"@id\":\"https:\/\/acefootball.com\/da\/#website\"},\"primaryImageOfPage\":{\"@id\":\"https:\/\/acefootball.com\/da\/fodboldnyheder\/officielt-ob-hyrer-allan-gaarde\/#primaryimage\"},\"datePublished\":\"2021-03-15T14:03:33+00:00\",\"dateModified\":\"2021-03-15T14:05:11+00:00\",\"description\":\"Superliga-klubben OB har valgt at hyre Allan Gaarde og hans rekrutteringsfirma Onenexus til at hj\u00e6lpe dem med at finde deres n\u00e6ste cheftr\u00e6ner\",\"breadcrumb\":{\"@id\":\"https:\/\/acefootball.com\/da\/fodboldnyheder\/officielt-ob-hyrer-allan-gaarde\/#breadcrumb\"},\"inLanguage\":\"en-US\",\"potentialAction\":[{\"@type\":\"ReadAction\",\"target\":[\"https:\/\/acefootball.com\/da\/fodboldnyheder\/officielt-ob-hyrer-allan-gaarde\/\"]}]},{\"@type\":\"BreadcrumbList\",\"@id\":\"https:\/\/acefootball.com\/da\/fodboldnyheder\/officielt-ob-hyrer-allan-gaarde\/#breadcrumb\",\"itemListElement\":[{\"@type\":\"ListItem\",\"position\":1,\"name\":\"Home\",\"item\":\"https:\/\/acefootball.com\/da\/\"},{\"@type\":\"ListItem\",\"position\":2,\"name\":\"Officielt: OB hyrer Allan Gaarde\"}]},{\"@type\":\"Article\",\"@id\":\"https:\/\/acefootball.com\/da\/fodboldnyheder\/officielt-ob-hyrer-allan-gaarde\/#article\",\"isPartOf\":{\"@id\":\"https:\/\/acefootball.com\/da\/fodboldnyheder\/officielt-ob-hyrer-allan-gaarde\/#webpage\"},\"author\":{\"@id\":\"https:\/\/acefootball.com\/da\/#\/schema\/person\/fd6223a1c033400b41da7853ddf88c84\"},\"headline\":\"Officielt: OB hyrer Allan Gaarde\",\"datePublished\":\"2021-03-15T14:03:33+00:00\",\"dateModified\":\"2021-03-15T14:05:11+00:00\",\"mainEntityOfPage\":{\"@id\":\"https:\/\/acefootball.com\/da\/fodboldnyheder\/officielt-ob-hyrer-allan-gaarde\/#webpage\"},\"wordCount\":171,\"commentCount\":0,\"publisher\":{\"@id\":\"https:\/\/acefootball.com\/da\/#organization\"},\"image\":{\"@id\":\"https:\/\/acefootball.com\/da\/fodboldnyheder\/officielt-ob-hyrer-allan-gaarde\/#primaryimage\"},\"thumbnailUrl\":\"https:\/\/acefootball.com\/da\/wp-content\/uploads\/sites\/2\/2021\/03\/GettyImages-621095880.jpg\",\"keywords\":[\"Allan Gaarde\",\"OB\",\"Superligaen\"],\"articleSection\":[\"Nyhed\"],\"inLanguage\":\"en-US\",\"potentialAction\":[{\"@type\":\"CommentAction\",\"name\":\"Comment\",\"target\":[\"https:\/\/acefootball.com\/da\/fodboldnyheder\/officielt-ob-hyrer-allan-gaarde\/#respond\"]}]},{\"@type\":\"Person\",\"@id\":\"https:\/\/acefootball.com\/da\/#\/schema\/person\/fd6223a1c033400b41da7853ddf88c84\",\"name\":\"Patrick Hesselb\u00e6k\",\"image\":{\"@type\":\"ImageObject\",\"@id\":\"https:\/\/acefootball.com\/da\/#personlogo\",\"inLanguage\":\"en-US\",\"url\":\"https:\/\/secure.gravatar.com\/avatar\/7919060992759bffbffb199d6cbdce6f?s=96&d=mm&r=g\",\"contentUrl\":\"https:\/\/secure.gravatar.com\/avatar\/7919060992759bffbffb199d6cbdce6f?s=96&d=mm&r=g\",\"caption\":\"Patrick Hesselb\u00e6k\"},\"description\":\"Redakt\u00f8r p\u00e5 den danske Ace Football-redaktion. Uddannet i kommunikation fra Aalborg Universitet. Prim\u00e6rt fokus p\u00e5 den danske 3F Superliga og de st\u00f8rste europ\u00e6iske turneringer.\",\"sameAs\":[\"https:\/\/www.linkedin.com\/in\/patrick-hesselbk-2a4b1711a\/\"],\"url\":\"https:\/\/acefootball.com\/da\/fodboldnyheder\/author\/patrickhesselbaek\/\"}]}<\/script>\n<!-- \/ Yoast SEO plugin. -->","yoast_head_json":{"title":"Officielt: OB hyrer Allan Gaarde","description":"Superliga-klubben OB har valgt at hyre Allan Gaarde og hans rekrutteringsfirma Onenexus til at hj\u00e6lpe dem med at finde deres n\u00e6ste cheftr\u00e6ner","robots":{"index":"index","follow":"follow","max-snippet":"max-snippet:-1","max-image-preview":"max-image-preview:large","max-video-preview":"max-video-preview:-1"},"canonical":"https:\/\/acefootball.com\/da\/fodboldnyheder\/officielt-ob-hyrer-allan-gaarde\/","og_locale":"en_US","og_type":"article","og_title":"Officielt: OB hyrer Allan Gaarde","og_description":"Superliga-klubben OB har valgt at hyre Allan Gaarde og hans rekrutteringsfirma Onenexus til at hj\u00e6lpe dem med at finde deres n\u00e6ste cheftr\u00e6ner","og_url":"https:\/\/acefootball.com\/da\/fodboldnyheder\/officielt-ob-hyrer-allan-gaarde\/","og_site_name":"Ace Football Danmark","article_publisher":"https:\/\/www.facebook.com\/acefootballdk","article_published_time":"2021-03-15T14:03:33+00:00","article_modified_time":"2021-03-15T14:05:11+00:00","og_image":[{"width":1920,"height":1008,"url":"https:\/\/acefootball.com\/da\/wp-content\/uploads\/sites\/2\/2021\/03\/Laes-mere-generel-66.jpg","type":"image\/jpeg"}],"twitter_card":"summary_large_image","twitter_misc":{"Written by":"Patrick Hesselb\u00e6k","Est. reading time":"1 minute"},"schema":{"@context":"https:\/\/schema.org","@graph":[{"@type":"Organization","@id":"https:\/\/acefootball.com\/da\/#organization","name":"Ace Football","url":"https:\/\/acefootball.com\/da\/","sameAs":["https:\/\/www.facebook.com\/acefootballdk"],"logo":{"@type":"ImageObject","@id":"https:\/\/acefootball.com\/da\/#logo","inLanguage":"en-US","url":"https:\/\/acefootball.com\/da\/wp-content\/uploads\/sites\/2\/2020\/07\/Ace-Football-30-07-2020-2.png","contentUrl":"https:\/\/acefootball.com\/da\/wp-content\/uploads\/sites\/2\/2020\/07\/Ace-Football-30-07-2020-2.png","width":1200,"height":600,"caption":"Ace Football"},"image":{"@id":"https:\/\/acefootball.com\/da\/#logo"}},{"@type":"WebSite","@id":"https:\/\/acefootball.com\/da\/#website","url":"https:\/\/acefootball.com\/da\/","name":"Ace Football Danmark","description":"Nyheder, Spiltips &amp; Livescore","publisher":{"@id":"https:\/\/acefootball.com\/da\/#organization"},"potentialAction":[{"@type":"SearchAction","target":{"@type":"EntryPoint","urlTemplate":"https:\/\/acefootball.com\/da\/?s={search_term_string}"},"query-input":"required name=search_term_string"}],"inLanguage":"en-US"},{"@type":"ImageObject","@id":"https:\/\/acefootball.com\/da\/fodboldnyheder\/officielt-ob-hyrer-allan-gaarde\/#primaryimage","inLanguage":"en-US","url":"https:\/\/acefootball.com\/da\/wp-content\/uploads\/sites\/2\/2021\/03\/Laes-mere-generel-66.jpg","contentUrl":"https:\/\/acefootball.com\/da\/wp-content\/uploads\/sites\/2\/2021\/03\/Laes-mere-generel-66.jpg","width":1920,"height":1008,"caption":"Allan Gaarde"},{"@type":"WebPage","@id":"https:\/\/acefootball.com\/da\/fodboldnyheder\/officielt-ob-hyrer-allan-gaarde\/#webpage","url":"https:\/\/acefootball.com\/da\/fodboldnyheder\/officielt-ob-hyrer-allan-gaarde\/","name":"Officielt: OB hyrer Allan Gaarde","isPartOf":{"@id":"https:\/\/acefootball.com\/da\/#website"},"primaryImageOfPage":{"@id":"https:\/\/acefootball.com\/da\/fodboldnyheder\/officielt-ob-hyrer-allan-gaarde\/#primaryimage"},"datePublished":"2021-03-15T14:03:33+00:00","dateModified":"2021-03-15T14:05:11+00:00","description":"Superliga-klubben OB har valgt at hyre Allan Gaarde og hans rekrutteringsfirma Onenexus til at hj\u00e6lpe dem med at finde deres n\u00e6ste cheftr\u00e6ner","breadcrumb":{"@id":"https:\/\/acefootball.com\/da\/fodboldnyheder\/officielt-ob-hyrer-allan-gaarde\/#breadcrumb"},"inLanguage":"en-US","potentialAction":[{"@type":"ReadAction","target":["https:\/\/acefootball.com\/da\/fodboldnyheder\/officielt-ob-hyrer-allan-gaarde\/"]}]},{"@type":"BreadcrumbList","@id":"https:\/\/acefootball.com\/da\/fodboldnyheder\/officielt-ob-hyrer-allan-gaarde\/#breadcrumb","itemListElement":[{"@type":"ListItem","position":1,"name":"Home","item":"https:\/\/acefootball.com\/da\/"},{"@type":"ListItem","position":2,"name":"Officielt: OB hyrer Allan Gaarde"}]},{"@type":"Article","@id":"https:\/\/acefootball.com\/da\/fodboldnyheder\/officielt-ob-hyrer-allan-gaarde\/#article","isPartOf":{"@id":"https:\/\/acefootball.com\/da\/fodboldnyheder\/officielt-ob-hyrer-allan-gaarde\/#webpage"},"author":{"@id":"https:\/\/acefootball.com\/da\/#\/schema\/person\/fd6223a1c033400b41da7853ddf88c84"},"headline":"Officielt: OB hyrer Allan Gaarde","datePublished":"2021-03-15T14:03:33+00:00","dateModified":"2021-03-15T14:05:11+00:00","mainEntityOfPage":{"@id":"https:\/\/acefootball.com\/da\/fodboldnyheder\/officielt-ob-hyrer-allan-gaarde\/#webpage"},"wordCount":171,"commentCount":0,"publisher":{"@id":"https:\/\/acefootball.com\/da\/#organization"},"image":{"@id":"https:\/\/acefootball.com\/da\/fodboldnyheder\/officielt-ob-hyrer-allan-gaarde\/#primaryimage"},"thumbnailUrl":"https:\/\/acefootball.com\/da\/wp-content\/uploads\/sites\/2\/2021\/03\/GettyImages-621095880.jpg","keywords":["Allan Gaarde","OB","Superligaen"],"articleSection":["Nyhed"],"inLanguage":"en-US","potentialAction":[{"@type":"CommentAction","name":"Comment","target":["https:\/\/acefootball.com\/da\/fodboldnyheder\/officielt-ob-hyrer-allan-gaarde\/#respond"]}]},{"@type":"Person","@id":"https:\/\/acefootball.com\/da\/#\/schema\/person\/fd6223a1c033400b41da7853ddf88c84","name":"Patrick Hesselb\u00e6k","image":{"@type":"ImageObject","@id":"https:\/\/acefootball.com\/da\/#personlogo","inLanguage":"en-US","url":"https:\/\/secure.gravatar.com\/avatar\/7919060992759bffbffb199d6cbdce6f?s=96&d=mm&r=g","contentUrl":"https:\/\/secure.gravatar.com\/avatar\/7919060992759bffbffb199d6cbdce6f?s=96&d=mm&r=g","caption":"Patrick Hesselb\u00e6k"},"description":"Redakt\u00f8r p\u00e5 den danske Ace Football-redaktion. Uddannet i kommunikation fra Aalborg Universitet. Prim\u00e6rt fokus p\u00e5 den danske 3F Superliga og de st\u00f8rste europ\u00e6iske turneringer.","sameAs":["https:\/\/www.linkedin.com\/in\/patrick-hesselbk-2a4b1711a\/"],"url":"https:\/\/acefootball.com\/da\/fodboldnyheder\/author\/patrickhesselbaek\/"}]}},"fimg_url":"https:\/\/acefootball.com\/da\/wp-content\/uploads\/sites\/2\/2021\/03\/GettyImages-621095880.jpg","_links":{"self":[{"href":"https:\/\/acefootball.com\/da\/wp-json\/wp\/v2\/posts\/254613"}],"collection":[{"href":"https:\/\/acefootball.com\/da\/wp-json\/wp\/v2\/posts"}],"about":[{"href":"https:\/\/acefootball.com\/da\/wp-json\/wp\/v2\/types\/post"}],"author":[{"embeddable":true,"href":"https:\/\/acefootball.com\/da\/wp-json\/wp\/v2\/users\/74"}],"replies":[{"embeddable":true,"href":"https:\/\/acefootball.com\/da\/wp-json\/wp\/v2\/comments?post=254613"}],"version-history":[{"count":0,"href":"https:\/\/acefootball.com\/da\/wp-json\/wp\/v2\/posts\/254613\/revisions"}],"wp:featuredmedia":[{"embeddable":true,"href":"https:\/\/acefootball.com\/da\/wp-json\/wp\/v2\/media\/254614"}],"wp:attachment":[{"href":"https:\/\/acefootball.com\/da\/wp-json\/wp\/v2\/media?parent=254613"}],"wp:term":[{"taxonomy":"category","embeddable":true,"href":"https:\/\/acefootball.com\/da\/wp-json\/wp\/v2\/categories?post=254613"},{"taxonomy":"post_tag","embeddable":true,"href":"https:\/\/acefootball.com\/da\/wp-json\/wp\/v2\/tags?post=254613"}],"curies":[{"name":"wp","href":"https:\/\/api.w.org\/{rel}","templated":true}]}}