{"id":254556,"date":"2021-03-15T09:42:27","date_gmt":"2021-03-15T08:42:27","guid":{"rendered":"https:\/\/acefootball.com\/da\/?p=254556"},"modified":"2021-03-15T09:47:19","modified_gmt":"2021-03-15T08:47:19","slug":"officielt-jakob-michelsen-stopper-i-ob-med-oejeblikkelig-virkning","status":"publish","type":"post","link":"https:\/\/acefootball.com\/da\/fodboldnyheder\/officielt-jakob-michelsen-stopper-i-ob-med-oejeblikkelig-virkning\/","title":{"rendered":"Officielt: Jakob Michelsen stopper i OB med \u00f8jeblikkelig virkning"},"content":{"rendered":"\n<h2 id=\"h-ob-har-netop-offentliggjort-at-cheftr-ner-jakob-michelsen-stopper-med-jeblikkelig-virkning-han-skulle-efter-planen-have-stoppet-efter-s-sonen\">OB har netop offentliggjort at cheftr\u00e6ner Jakob Michelsen stopper med \u00f8jeblikkelig virkning. Han skulle efter planen have stoppet efter s\u00e6sonen<\/h2>\n\n\n\n<p>Jakob Michelsen skulle efter planen st\u00e5 i spidsen for OB i resten af s\u00e6sonen, men den plan er nu \u00e6ndret. OB meddeler mandag p\u00e5 klubbens <a href=\"https:\/\/www.ob.dk\/nyhedsarkiv\/jakob-michelsen-stopper-i-ob\/\" target=\"_blank\" rel=\"noreferrer noopener\">hjemmeside<\/a>, at man stopper samarbejdet med Jakob Michelsen \u00f8jeblikkeligt, og i stedet overtager sportschef Michael Hemmingsen t\u00f8jlerne indtil sommer.<\/p>\n\n\n\n<figure class=\"wp-block-embed is-type-rich is-provider-twitter wp-block-embed-twitter\"><div class=\"wp-block-embed__wrapper\">\n<blockquote class=\"twitter-tweet\" data-width=\"550\" data-dnt=\"true\"><p lang=\"da\" dir=\"ltr\">Tak for indsatsen til Jakob Michelsen, der stopper som cheftr\u00e6ner med \u00f8jeblikkelig virkning \ud83d\udd35\u26aa\ufe0f\u26bd\ufe0f<a href=\"https:\/\/twitter.com\/hashtag\/obdk?src=hash&amp;ref_src=twsrc%5Etfw\">#obdk<\/a> <a href=\"https:\/\/twitter.com\/hashtag\/sldk?src=hash&amp;ref_src=twsrc%5Etfw\">#sldk<\/a><a href=\"https:\/\/t.co\/omPo0LVfXe\">https:\/\/t.co\/omPo0LVfXe<\/a><\/p>&mdash; Odense Boldklub (@Odense_Boldklub) <a href=\"https:\/\/twitter.com\/Odense_Boldklub\/status\/1371380508706373634?ref_src=twsrc%5Etfw\">March 15, 2021<\/a><\/blockquote><script async src=\"https:\/\/platform.twitter.com\/widgets.js\" charset=\"utf-8\"><\/script>\n<\/div><\/figure>\n\n\n\n<p>&#8220;Et enigt sportsligt udvalg har vurderet, at der skal nye tanker til, for at potentialet i truppen kan forl\u00f8ses til flest mulige point i s\u00e6sonens sidste kampe, og vi har derfor opfordret Michael til at s\u00e6tte sig i spidsen for tr\u00e6nerteamet. Derfor s\u00e6tter vi pris p\u00e5, at Michael og Tonny vil hj\u00e6lpe klubben, n\u00e5r vi nu \u00e6ndrer og \u00f8ger bemandingen i tr\u00e6nerstaben for den resterende del af s\u00e6sonen&#8221; siger bestyrelsesformand i Odense Sport &amp; Event, Niels Thorborg, til klubbens hjemmeside.<\/p>\n\n\n\n<p>Hemmingsen har tidligere v\u00e6ret cheftr\u00e6ner i OB, hvor han blandt andet i 2007 var med til at vinde pokalturneringen med de stribede. <\/p>\n","protected":false},"excerpt":{"rendered":"<p>OB har netop offentliggjort at cheftr\u00e6ner Jakob Michelsen stopper med \u00f8jeblikkelig virkning. Han skulle efter planen have stoppet efter s\u00e6sonen<\/p>\n","protected":false},"author":43,"featured_media":254431,"comment_status":"open","ping_status":"closed","sticky":false,"template":"","format":"standard","meta":{"om_disable_all_campaigns":false,"push_articles_ronaldo":{"active":false,"canonical":0,"publish":false},"force_updates":null},"categories":[8327],"tags":[88,588],"enet_tags":{"team":["8414"],"league":["46"],"sport_events":[]},"yoast_head":"<!-- This site is optimized with the Yoast SEO plugin v18.3 - https:\/\/yoast.com\/wordpress\/plugins\/seo\/ -->\n<title>Officielt: Jakob Michelsen stopper i OB med \u00f8jeblikkelig virkning<\/title>\n<meta name=\"description\" content=\"OB har netop offentliggjort at cheftr\u00e6ner Jakob Michelsen stopper med \u00f8jeblikkelig virkning. Han skulle efter planen have stoppet efter s\u00e6sonen\" \/>\n<meta name=\"robots\" content=\"index, follow, max-snippet:-1, max-image-preview:large, max-video-preview:-1\" \/>\n<link rel=\"canonical\" href=\"https:\/\/acefootball.com\/da\/fodboldnyheder\/officielt-jakob-michelsen-stopper-i-ob-med-oejeblikkelig-virkning\/\" \/>\n<meta property=\"og:locale\" content=\"en_US\" \/>\n<meta property=\"og:type\" content=\"article\" \/>\n<meta property=\"og:title\" content=\"Officielt: Jakob Michelsen stopper i OB med \u00f8jeblikkelig virkning\" \/>\n<meta property=\"og:description\" content=\"OB har netop offentliggjort at cheftr\u00e6ner Jakob Michelsen stopper med \u00f8jeblikkelig virkning. Han skulle efter planen have stoppet efter s\u00e6sonen\" \/>\n<meta property=\"og:url\" content=\"https:\/\/acefootball.com\/da\/fodboldnyheder\/officielt-jakob-michelsen-stopper-i-ob-med-oejeblikkelig-virkning\/\" \/>\n<meta property=\"og:site_name\" content=\"Ace Football Danmark\" \/>\n<meta property=\"article:publisher\" content=\"https:\/\/www.facebook.com\/acefootballdk\" \/>\n<meta property=\"article:published_time\" content=\"2021-03-15T08:42:27+00:00\" \/>\n<meta property=\"article:modified_time\" content=\"2021-03-15T08:47:19+00:00\" \/>\n<meta property=\"og:image\" content=\"https:\/\/acefootball.com\/da\/wp-content\/uploads\/sites\/2\/2021\/03\/GettyImages-1227760331.jpg\" \/>\n\t<meta property=\"og:image:width\" content=\"1024\" \/>\n\t<meta property=\"og:image:height\" content=\"683\" \/>\n\t<meta property=\"og:image:type\" content=\"image\/jpeg\" \/>\n<meta name=\"twitter:card\" content=\"summary_large_image\" \/>\n<meta name=\"twitter:label1\" content=\"Written by\" \/>\n\t<meta name=\"twitter:data1\" content=\"Mikki M\u00f8ller-Iversen\" \/>\n\t<meta name=\"twitter:label2\" content=\"Est. reading time\" \/>\n\t<meta name=\"twitter:data2\" content=\"1 minute\" \/>\n<script type=\"application\/ld+json\" class=\"yoast-schema-graph\">{\"@context\":\"https:\/\/schema.org\",\"@graph\":[{\"@type\":\"Organization\",\"@id\":\"https:\/\/acefootball.com\/da\/#organization\",\"name\":\"Ace Football\",\"url\":\"https:\/\/acefootball.com\/da\/\",\"sameAs\":[\"https:\/\/www.facebook.com\/acefootballdk\"],\"logo\":{\"@type\":\"ImageObject\",\"@id\":\"https:\/\/acefootball.com\/da\/#logo\",\"inLanguage\":\"en-US\",\"url\":\"https:\/\/acefootball.com\/da\/wp-content\/uploads\/sites\/2\/2020\/07\/Ace-Football-30-07-2020-2.png\",\"contentUrl\":\"https:\/\/acefootball.com\/da\/wp-content\/uploads\/sites\/2\/2020\/07\/Ace-Football-30-07-2020-2.png\",\"width\":1200,\"height\":600,\"caption\":\"Ace Football\"},\"image\":{\"@id\":\"https:\/\/acefootball.com\/da\/#logo\"}},{\"@type\":\"WebSite\",\"@id\":\"https:\/\/acefootball.com\/da\/#website\",\"url\":\"https:\/\/acefootball.com\/da\/\",\"name\":\"Ace Football Danmark\",\"description\":\"Nyheder, Spiltips &amp; Livescore\",\"publisher\":{\"@id\":\"https:\/\/acefootball.com\/da\/#organization\"},\"potentialAction\":[{\"@type\":\"SearchAction\",\"target\":{\"@type\":\"EntryPoint\",\"urlTemplate\":\"https:\/\/acefootball.com\/da\/?s={search_term_string}\"},\"query-input\":\"required name=search_term_string\"}],\"inLanguage\":\"en-US\"},{\"@type\":\"ImageObject\",\"@id\":\"https:\/\/acefootball.com\/da\/fodboldnyheder\/officielt-jakob-michelsen-stopper-i-ob-med-oejeblikkelig-virkning\/#primaryimage\",\"inLanguage\":\"en-US\",\"url\":\"https:\/\/acefootball.com\/da\/wp-content\/uploads\/sites\/2\/2021\/03\/GettyImages-1227760331.jpg\",\"contentUrl\":\"https:\/\/acefootball.com\/da\/wp-content\/uploads\/sites\/2\/2021\/03\/GettyImages-1227760331.jpg\",\"width\":1024,\"height\":683,\"caption\":\"ODENSE, DENMARK - JULY 23: Jakob Michelsen, head coach of OB Odense looks on during the Danish Europa League Playoff match between OB Odense and AC Horsens at Nature Energy Park on July 23, 2020 in Odense, Denmark. (Photo by Jan Christensen \/ FrontzoneSport via Getty Images)\"},{\"@type\":\"WebPage\",\"@id\":\"https:\/\/acefootball.com\/da\/fodboldnyheder\/officielt-jakob-michelsen-stopper-i-ob-med-oejeblikkelig-virkning\/#webpage\",\"url\":\"https:\/\/acefootball.com\/da\/fodboldnyheder\/officielt-jakob-michelsen-stopper-i-ob-med-oejeblikkelig-virkning\/\",\"name\":\"Officielt: Jakob Michelsen stopper i OB med \u00f8jeblikkelig virkning\",\"isPartOf\":{\"@id\":\"https:\/\/acefootball.com\/da\/#website\"},\"primaryImageOfPage\":{\"@id\":\"https:\/\/acefootball.com\/da\/fodboldnyheder\/officielt-jakob-michelsen-stopper-i-ob-med-oejeblikkelig-virkning\/#primaryimage\"},\"datePublished\":\"2021-03-15T08:42:27+00:00\",\"dateModified\":\"2021-03-15T08:47:19+00:00\",\"description\":\"OB har netop offentliggjort at cheftr\u00e6ner Jakob Michelsen stopper med \u00f8jeblikkelig virkning. Han skulle efter planen have stoppet efter s\u00e6sonen\",\"breadcrumb\":{\"@id\":\"https:\/\/acefootball.com\/da\/fodboldnyheder\/officielt-jakob-michelsen-stopper-i-ob-med-oejeblikkelig-virkning\/#breadcrumb\"},\"inLanguage\":\"en-US\",\"potentialAction\":[{\"@type\":\"ReadAction\",\"target\":[\"https:\/\/acefootball.com\/da\/fodboldnyheder\/officielt-jakob-michelsen-stopper-i-ob-med-oejeblikkelig-virkning\/\"]}]},{\"@type\":\"BreadcrumbList\",\"@id\":\"https:\/\/acefootball.com\/da\/fodboldnyheder\/officielt-jakob-michelsen-stopper-i-ob-med-oejeblikkelig-virkning\/#breadcrumb\",\"itemListElement\":[{\"@type\":\"ListItem\",\"position\":1,\"name\":\"Home\",\"item\":\"https:\/\/acefootball.com\/da\/\"},{\"@type\":\"ListItem\",\"position\":2,\"name\":\"Officielt: Jakob Michelsen stopper i OB med \u00f8jeblikkelig virkning\"}]},{\"@type\":\"Article\",\"@id\":\"https:\/\/acefootball.com\/da\/fodboldnyheder\/officielt-jakob-michelsen-stopper-i-ob-med-oejeblikkelig-virkning\/#article\",\"isPartOf\":{\"@id\":\"https:\/\/acefootball.com\/da\/fodboldnyheder\/officielt-jakob-michelsen-stopper-i-ob-med-oejeblikkelig-virkning\/#webpage\"},\"author\":{\"@id\":\"https:\/\/acefootball.com\/da\/#\/schema\/person\/017c0abe4a8e92938220bf6c097dda93\"},\"headline\":\"Officielt: Jakob Michelsen stopper i OB med \u00f8jeblikkelig virkning\",\"datePublished\":\"2021-03-15T08:42:27+00:00\",\"dateModified\":\"2021-03-15T08:47:19+00:00\",\"mainEntityOfPage\":{\"@id\":\"https:\/\/acefootball.com\/da\/fodboldnyheder\/officielt-jakob-michelsen-stopper-i-ob-med-oejeblikkelig-virkning\/#webpage\"},\"wordCount\":195,\"commentCount\":0,\"publisher\":{\"@id\":\"https:\/\/acefootball.com\/da\/#organization\"},\"image\":{\"@id\":\"https:\/\/acefootball.com\/da\/fodboldnyheder\/officielt-jakob-michelsen-stopper-i-ob-med-oejeblikkelig-virkning\/#primaryimage\"},\"thumbnailUrl\":\"https:\/\/acefootball.com\/da\/wp-content\/uploads\/sites\/2\/2021\/03\/GettyImages-1227760331.jpg\",\"keywords\":[\"OB\",\"Superligaen\"],\"articleSection\":[\"Topnyhed\"],\"inLanguage\":\"en-US\",\"potentialAction\":[{\"@type\":\"CommentAction\",\"name\":\"Comment\",\"target\":[\"https:\/\/acefootball.com\/da\/fodboldnyheder\/officielt-jakob-michelsen-stopper-i-ob-med-oejeblikkelig-virkning\/#respond\"]}]},{\"@type\":\"Person\",\"@id\":\"https:\/\/acefootball.com\/da\/#\/schema\/person\/017c0abe4a8e92938220bf6c097dda93\",\"name\":\"Mikki M\u00f8ller-Iversen\",\"image\":{\"@type\":\"ImageObject\",\"@id\":\"https:\/\/acefootball.com\/da\/#personlogo\",\"inLanguage\":\"en-US\",\"url\":\"https:\/\/secure.gravatar.com\/avatar\/e05b419e8b5ae5fcf516800181b96aa2?s=96&d=mm&r=g\",\"contentUrl\":\"https:\/\/secure.gravatar.com\/avatar\/e05b419e8b5ae5fcf516800181b96aa2?s=96&d=mm&r=g\",\"caption\":\"Mikki M\u00f8ller-Iversen\"},\"description\":\"Social Media Manager and writer at Ace Football. Main focus on Danish football and special stories.\",\"sameAs\":[\"https:\/\/www.linkedin.com\/in\/mikki-mller-iversen-26a3a689\/\"],\"url\":\"https:\/\/acefootball.com\/da\/fodboldnyheder\/author\/mmironaldo\/\"}]}<\/script>\n<!-- \/ Yoast SEO plugin. -->","yoast_head_json":{"title":"Officielt: Jakob Michelsen stopper i OB med \u00f8jeblikkelig virkning","description":"OB har netop offentliggjort at cheftr\u00e6ner Jakob Michelsen stopper med \u00f8jeblikkelig virkning. Han skulle efter planen have stoppet efter s\u00e6sonen","robots":{"index":"index","follow":"follow","max-snippet":"max-snippet:-1","max-image-preview":"max-image-preview:large","max-video-preview":"max-video-preview:-1"},"canonical":"https:\/\/acefootball.com\/da\/fodboldnyheder\/officielt-jakob-michelsen-stopper-i-ob-med-oejeblikkelig-virkning\/","og_locale":"en_US","og_type":"article","og_title":"Officielt: Jakob Michelsen stopper i OB med \u00f8jeblikkelig virkning","og_description":"OB har netop offentliggjort at cheftr\u00e6ner Jakob Michelsen stopper med \u00f8jeblikkelig virkning. Han skulle efter planen have stoppet efter s\u00e6sonen","og_url":"https:\/\/acefootball.com\/da\/fodboldnyheder\/officielt-jakob-michelsen-stopper-i-ob-med-oejeblikkelig-virkning\/","og_site_name":"Ace Football Danmark","article_publisher":"https:\/\/www.facebook.com\/acefootballdk","article_published_time":"2021-03-15T08:42:27+00:00","article_modified_time":"2021-03-15T08:47:19+00:00","og_image":[{"width":1024,"height":683,"url":"https:\/\/acefootball.com\/da\/wp-content\/uploads\/sites\/2\/2021\/03\/GettyImages-1227760331.jpg","type":"image\/jpeg"}],"twitter_card":"summary_large_image","twitter_misc":{"Written by":"Mikki M\u00f8ller-Iversen","Est. reading time":"1 minute"},"schema":{"@context":"https:\/\/schema.org","@graph":[{"@type":"Organization","@id":"https:\/\/acefootball.com\/da\/#organization","name":"Ace Football","url":"https:\/\/acefootball.com\/da\/","sameAs":["https:\/\/www.facebook.com\/acefootballdk"],"logo":{"@type":"ImageObject","@id":"https:\/\/acefootball.com\/da\/#logo","inLanguage":"en-US","url":"https:\/\/acefootball.com\/da\/wp-content\/uploads\/sites\/2\/2020\/07\/Ace-Football-30-07-2020-2.png","contentUrl":"https:\/\/acefootball.com\/da\/wp-content\/uploads\/sites\/2\/2020\/07\/Ace-Football-30-07-2020-2.png","width":1200,"height":600,"caption":"Ace Football"},"image":{"@id":"https:\/\/acefootball.com\/da\/#logo"}},{"@type":"WebSite","@id":"https:\/\/acefootball.com\/da\/#website","url":"https:\/\/acefootball.com\/da\/","name":"Ace Football Danmark","description":"Nyheder, Spiltips &amp; Livescore","publisher":{"@id":"https:\/\/acefootball.com\/da\/#organization"},"potentialAction":[{"@type":"SearchAction","target":{"@type":"EntryPoint","urlTemplate":"https:\/\/acefootball.com\/da\/?s={search_term_string}"},"query-input":"required name=search_term_string"}],"inLanguage":"en-US"},{"@type":"ImageObject","@id":"https:\/\/acefootball.com\/da\/fodboldnyheder\/officielt-jakob-michelsen-stopper-i-ob-med-oejeblikkelig-virkning\/#primaryimage","inLanguage":"en-US","url":"https:\/\/acefootball.com\/da\/wp-content\/uploads\/sites\/2\/2021\/03\/GettyImages-1227760331.jpg","contentUrl":"https:\/\/acefootball.com\/da\/wp-content\/uploads\/sites\/2\/2021\/03\/GettyImages-1227760331.jpg","width":1024,"height":683,"caption":"ODENSE, DENMARK - JULY 23: Jakob Michelsen, head coach of OB Odense looks on during the Danish Europa League Playoff match between OB Odense and AC Horsens at Nature Energy Park on July 23, 2020 in Odense, Denmark. (Photo by Jan Christensen \/ FrontzoneSport via Getty Images)"},{"@type":"WebPage","@id":"https:\/\/acefootball.com\/da\/fodboldnyheder\/officielt-jakob-michelsen-stopper-i-ob-med-oejeblikkelig-virkning\/#webpage","url":"https:\/\/acefootball.com\/da\/fodboldnyheder\/officielt-jakob-michelsen-stopper-i-ob-med-oejeblikkelig-virkning\/","name":"Officielt: Jakob Michelsen stopper i OB med \u00f8jeblikkelig virkning","isPartOf":{"@id":"https:\/\/acefootball.com\/da\/#website"},"primaryImageOfPage":{"@id":"https:\/\/acefootball.com\/da\/fodboldnyheder\/officielt-jakob-michelsen-stopper-i-ob-med-oejeblikkelig-virkning\/#primaryimage"},"datePublished":"2021-03-15T08:42:27+00:00","dateModified":"2021-03-15T08:47:19+00:00","description":"OB har netop offentliggjort at cheftr\u00e6ner Jakob Michelsen stopper med \u00f8jeblikkelig virkning. Han skulle efter planen have stoppet efter s\u00e6sonen","breadcrumb":{"@id":"https:\/\/acefootball.com\/da\/fodboldnyheder\/officielt-jakob-michelsen-stopper-i-ob-med-oejeblikkelig-virkning\/#breadcrumb"},"inLanguage":"en-US","potentialAction":[{"@type":"ReadAction","target":["https:\/\/acefootball.com\/da\/fodboldnyheder\/officielt-jakob-michelsen-stopper-i-ob-med-oejeblikkelig-virkning\/"]}]},{"@type":"BreadcrumbList","@id":"https:\/\/acefootball.com\/da\/fodboldnyheder\/officielt-jakob-michelsen-stopper-i-ob-med-oejeblikkelig-virkning\/#breadcrumb","itemListElement":[{"@type":"ListItem","position":1,"name":"Home","item":"https:\/\/acefootball.com\/da\/"},{"@type":"ListItem","position":2,"name":"Officielt: Jakob Michelsen stopper i OB med \u00f8jeblikkelig virkning"}]},{"@type":"Article","@id":"https:\/\/acefootball.com\/da\/fodboldnyheder\/officielt-jakob-michelsen-stopper-i-ob-med-oejeblikkelig-virkning\/#article","isPartOf":{"@id":"https:\/\/acefootball.com\/da\/fodboldnyheder\/officielt-jakob-michelsen-stopper-i-ob-med-oejeblikkelig-virkning\/#webpage"},"author":{"@id":"https:\/\/acefootball.com\/da\/#\/schema\/person\/017c0abe4a8e92938220bf6c097dda93"},"headline":"Officielt: Jakob Michelsen stopper i OB med \u00f8jeblikkelig virkning","datePublished":"2021-03-15T08:42:27+00:00","dateModified":"2021-03-15T08:47:19+00:00","mainEntityOfPage":{"@id":"https:\/\/acefootball.com\/da\/fodboldnyheder\/officielt-jakob-michelsen-stopper-i-ob-med-oejeblikkelig-virkning\/#webpage"},"wordCount":195,"commentCount":0,"publisher":{"@id":"https:\/\/acefootball.com\/da\/#organization"},"image":{"@id":"https:\/\/acefootball.com\/da\/fodboldnyheder\/officielt-jakob-michelsen-stopper-i-ob-med-oejeblikkelig-virkning\/#primaryimage"},"thumbnailUrl":"https:\/\/acefootball.com\/da\/wp-content\/uploads\/sites\/2\/2021\/03\/GettyImages-1227760331.jpg","keywords":["OB","Superligaen"],"articleSection":["Topnyhed"],"inLanguage":"en-US","potentialAction":[{"@type":"CommentAction","name":"Comment","target":["https:\/\/acefootball.com\/da\/fodboldnyheder\/officielt-jakob-michelsen-stopper-i-ob-med-oejeblikkelig-virkning\/#respond"]}]},{"@type":"Person","@id":"https:\/\/acefootball.com\/da\/#\/schema\/person\/017c0abe4a8e92938220bf6c097dda93","name":"Mikki M\u00f8ller-Iversen","image":{"@type":"ImageObject","@id":"https:\/\/acefootball.com\/da\/#personlogo","inLanguage":"en-US","url":"https:\/\/secure.gravatar.com\/avatar\/e05b419e8b5ae5fcf516800181b96aa2?s=96&d=mm&r=g","contentUrl":"https:\/\/secure.gravatar.com\/avatar\/e05b419e8b5ae5fcf516800181b96aa2?s=96&d=mm&r=g","caption":"Mikki M\u00f8ller-Iversen"},"description":"Social Media Manager and writer at Ace Football. Main focus on Danish football and special stories.","sameAs":["https:\/\/www.linkedin.com\/in\/mikki-mller-iversen-26a3a689\/"],"url":"https:\/\/acefootball.com\/da\/fodboldnyheder\/author\/mmironaldo\/"}]}},"fimg_url":"https:\/\/acefootball.com\/da\/wp-content\/uploads\/sites\/2\/2021\/03\/GettyImages-1227760331.jpg","_links":{"self":[{"href":"https:\/\/acefootball.com\/da\/wp-json\/wp\/v2\/posts\/254556"}],"collection":[{"href":"https:\/\/acefootball.com\/da\/wp-json\/wp\/v2\/posts"}],"about":[{"href":"https:\/\/acefootball.com\/da\/wp-json\/wp\/v2\/types\/post"}],"author":[{"embeddable":true,"href":"https:\/\/acefootball.com\/da\/wp-json\/wp\/v2\/users\/43"}],"replies":[{"embeddable":true,"href":"https:\/\/acefootball.com\/da\/wp-json\/wp\/v2\/comments?post=254556"}],"version-history":[{"count":0,"href":"https:\/\/acefootball.com\/da\/wp-json\/wp\/v2\/posts\/254556\/revisions"}],"wp:featuredmedia":[{"embeddable":true,"href":"https:\/\/acefootball.com\/da\/wp-json\/wp\/v2\/media\/254431"}],"wp:attachment":[{"href":"https:\/\/acefootball.com\/da\/wp-json\/wp\/v2\/media?parent=254556"}],"wp:term":[{"taxonomy":"category","embeddable":true,"href":"https:\/\/acefootball.com\/da\/wp-json\/wp\/v2\/categories?post=254556"},{"taxonomy":"post_tag","embeddable":true,"href":"https:\/\/acefootball.com\/da\/wp-json\/wp\/v2\/tags?post=254556"}],"curies":[{"name":"wp","href":"https:\/\/api.w.org\/{rel}","templated":true}]}}