{"id":254463,"date":"2021-03-14T15:22:02","date_gmt":"2021-03-14T14:22:02","guid":{"rendered":"https:\/\/acefootball.com\/da\/?p=254463"},"modified":"2021-03-14T15:22:02","modified_gmt":"2021-03-14T14:22:02","slug":"video-liverpool-stjerne-bliver-doebt-i-swimmingpool","status":"publish","type":"post","link":"https:\/\/acefootball.com\/da\/fodboldnyheder\/video-liverpool-stjerne-bliver-doebt-i-swimmingpool\/","title":{"rendered":"Video: Liverpool-stjerne bliver d\u00f8bt i swimmingpool"},"content":{"rendered":"\n<h2 id=\"h-roberto-firmino-blev-sidste-r-d-bt-i-sin-egen-swimmingpool-med-hj-lp-fra-den-brasilianske-kollega-alisson-becker\">Roberto Firmino blev sidste \u00e5r d\u00f8bt i sin egen swimmingpool, med hj\u00e6lp fra den brasilianske kollega Alisson becker<\/h2>\n\n\n\n<p>I Danmark har man som regel ikke stor indflydelse p\u00e5 sin d\u00e5b, da de fleste bliver d\u00f8bt relativt kort efter f\u00f8dslen. Derefter bliver folkekirken ikke sk\u00e6nket mange tanker.<\/p>\n\n\n\n<p>Under sydligere himmelstr\u00f8g er det dog v\u00e6sentligt anderledes, hvor religionen flere steder har en markant st\u00f8rre plads i livet. S\u00e5dan er det for Liverpools Roberto Firmino, der s\u00e5 sent som sidste \u00e5r lod sig d\u00f8be.<\/p>\n\n\n\n<p>Seancen foregik tilmed i Premier League-profilens egen swimmingpool, hvor han blev dyppet i vandet og dermed bekr\u00e6ftede sin kristne tro i selskab med holdkammeraten og landsmanden Alisson Becker.<\/p>\n\n\n\n<p>Du kan se det i videoen her:<\/p>\n\n\n\n<figure class=\"wp-block-embed is-type-rich is-provider-twitter wp-block-embed-twitter\"><div class=\"wp-block-embed__wrapper\">\n<blockquote class=\"twitter-tweet\" data-width=\"550\" data-dnt=\"true\"><p lang=\"en\" dir=\"ltr\">Alisson couldn&#39;t hold back the tears whilst helping Roberto Firmino get baptised \ud83d\ude22\ud83d\ude4f <a href=\"https:\/\/t.co\/OxUbW9C4Pp\">pic.twitter.com\/OxUbW9C4Pp<\/a><\/p>&mdash; Sky Sports Premier League (@SkySportsPL) <a href=\"https:\/\/twitter.com\/SkySportsPL\/status\/1217774987081326593?ref_src=twsrc%5Etfw\">January 16, 2020<\/a><\/blockquote><script async src=\"https:\/\/platform.twitter.com\/widgets.js\" charset=\"utf-8\"><\/script>\n<\/div><\/figure>\n","protected":false},"excerpt":{"rendered":"<p>Roberto Firmino blev sidste \u00e5r d\u00f8bt i sin egen swimmingpool, med hj\u00e6lp fra den brasilianske kollega Alisson becker<\/p>\n","protected":false},"author":705,"featured_media":254464,"comment_status":"open","ping_status":"closed","sticky":false,"template":"","format":"video","meta":{"om_disable_all_campaigns":false,"push_articles_ronaldo":{"active":false,"canonical":0,"publish":false},"force_updates":null},"categories":[8098],"tags":[4629,690,132,134,2174],"enet_tags":{"player":["319784","242709"],"team":["8256","8650"],"league":["47"],"sport_events":[]},"yoast_head":"<!-- This site is optimized with the Yoast SEO plugin v18.3 - https:\/\/yoast.com\/wordpress\/plugins\/seo\/ -->\n<title>Video: Liverpool-stjerne bliver d\u00f8bt i swimmingpool<\/title>\n<meta name=\"description\" content=\"Roberto Firmino blev sidste \u00e5r d\u00f8bt i sin egen swimmingpool, med hj\u00e6lp fra den brasilianske kollega Alisson becker\" \/>\n<meta name=\"robots\" content=\"index, follow, max-snippet:-1, max-image-preview:large, max-video-preview:-1\" \/>\n<link rel=\"canonical\" href=\"https:\/\/ronaldo.com\/dk\/fodboldnyheder\/video-liverpool-stjerne-doebt-i-egen-pool\/\" \/>\n<meta property=\"og:locale\" content=\"en_US\" \/>\n<meta property=\"og:type\" content=\"article\" \/>\n<meta property=\"og:title\" content=\"Video: Liverpool-stjerne bliver d\u00f8bt i swimmingpool\" \/>\n<meta property=\"og:description\" content=\"Roberto Firmino blev sidste \u00e5r d\u00f8bt i sin egen swimmingpool, med hj\u00e6lp fra den brasilianske kollega Alisson becker\" \/>\n<meta property=\"og:url\" content=\"https:\/\/acefootball.com\/da\/fodboldnyheder\/video-liverpool-stjerne-bliver-doebt-i-swimmingpool\/\" \/>\n<meta property=\"og:site_name\" content=\"Ace Football Danmark\" \/>\n<meta property=\"article:publisher\" content=\"https:\/\/www.facebook.com\/acefootballdk\" \/>\n<meta property=\"article:published_time\" content=\"2021-03-14T14:22:02+00:00\" \/>\n<meta property=\"og:image\" content=\"https:\/\/acefootball.com\/da\/wp-content\/uploads\/sites\/2\/2021\/03\/GettyImages-1195282087.jpg\" \/>\n\t<meta property=\"og:image:width\" content=\"1024\" \/>\n\t<meta property=\"og:image:height\" content=\"758\" \/>\n\t<meta property=\"og:image:type\" content=\"image\/jpeg\" \/>\n<meta name=\"twitter:card\" content=\"summary_large_image\" \/>\n<meta name=\"twitter:label1\" content=\"Written by\" \/>\n\t<meta name=\"twitter:data1\" content=\"Mads Dreyer\" \/>\n\t<meta name=\"twitter:label2\" content=\"Est. reading time\" \/>\n\t<meta name=\"twitter:data2\" content=\"1 minute\" \/>\n<script type=\"application\/ld+json\" class=\"yoast-schema-graph\">{\"@context\":\"https:\/\/schema.org\",\"@graph\":[{\"@type\":\"Organization\",\"@id\":\"https:\/\/acefootball.com\/da\/#organization\",\"name\":\"Ace Football\",\"url\":\"https:\/\/acefootball.com\/da\/\",\"sameAs\":[\"https:\/\/www.facebook.com\/acefootballdk\"],\"logo\":{\"@type\":\"ImageObject\",\"@id\":\"https:\/\/acefootball.com\/da\/#logo\",\"inLanguage\":\"en-US\",\"url\":\"https:\/\/acefootball.com\/da\/wp-content\/uploads\/sites\/2\/2020\/07\/Ace-Football-30-07-2020-2.png\",\"contentUrl\":\"https:\/\/acefootball.com\/da\/wp-content\/uploads\/sites\/2\/2020\/07\/Ace-Football-30-07-2020-2.png\",\"width\":1200,\"height\":600,\"caption\":\"Ace Football\"},\"image\":{\"@id\":\"https:\/\/acefootball.com\/da\/#logo\"}},{\"@type\":\"WebSite\",\"@id\":\"https:\/\/acefootball.com\/da\/#website\",\"url\":\"https:\/\/acefootball.com\/da\/\",\"name\":\"Ace Football Danmark\",\"description\":\"Nyheder, Spiltips &amp; Livescore\",\"publisher\":{\"@id\":\"https:\/\/acefootball.com\/da\/#organization\"},\"potentialAction\":[{\"@type\":\"SearchAction\",\"target\":{\"@type\":\"EntryPoint\",\"urlTemplate\":\"https:\/\/acefootball.com\/da\/?s={search_term_string}\"},\"query-input\":\"required name=search_term_string\"}],\"inLanguage\":\"en-US\"},{\"@type\":\"ImageObject\",\"@id\":\"https:\/\/acefootball.com\/da\/fodboldnyheder\/video-liverpool-stjerne-bliver-doebt-i-swimmingpool\/#primaryimage\",\"inLanguage\":\"en-US\",\"url\":\"https:\/\/acefootball.com\/da\/wp-content\/uploads\/sites\/2\/2021\/03\/GettyImages-1195282087.jpg\",\"contentUrl\":\"https:\/\/acefootball.com\/da\/wp-content\/uploads\/sites\/2\/2021\/03\/GettyImages-1195282087.jpg\",\"width\":1024,\"height\":758},{\"@type\":\"WebPage\",\"@id\":\"https:\/\/acefootball.com\/da\/fodboldnyheder\/video-liverpool-stjerne-bliver-doebt-i-swimmingpool\/#webpage\",\"url\":\"https:\/\/acefootball.com\/da\/fodboldnyheder\/video-liverpool-stjerne-bliver-doebt-i-swimmingpool\/\",\"name\":\"Video: Liverpool-stjerne bliver d\u00f8bt i swimmingpool\",\"isPartOf\":{\"@id\":\"https:\/\/acefootball.com\/da\/#website\"},\"primaryImageOfPage\":{\"@id\":\"https:\/\/acefootball.com\/da\/fodboldnyheder\/video-liverpool-stjerne-bliver-doebt-i-swimmingpool\/#primaryimage\"},\"datePublished\":\"2021-03-14T14:22:02+00:00\",\"dateModified\":\"2021-03-14T14:22:02+00:00\",\"description\":\"Roberto Firmino blev sidste \u00e5r d\u00f8bt i sin egen swimmingpool, med hj\u00e6lp fra den brasilianske kollega Alisson becker\",\"breadcrumb\":{\"@id\":\"https:\/\/acefootball.com\/da\/fodboldnyheder\/video-liverpool-stjerne-bliver-doebt-i-swimmingpool\/#breadcrumb\"},\"inLanguage\":\"en-US\",\"potentialAction\":[{\"@type\":\"ReadAction\",\"target\":[\"https:\/\/acefootball.com\/da\/fodboldnyheder\/video-liverpool-stjerne-bliver-doebt-i-swimmingpool\/\"]}]},{\"@type\":\"BreadcrumbList\",\"@id\":\"https:\/\/acefootball.com\/da\/fodboldnyheder\/video-liverpool-stjerne-bliver-doebt-i-swimmingpool\/#breadcrumb\",\"itemListElement\":[{\"@type\":\"ListItem\",\"position\":1,\"name\":\"Home\",\"item\":\"https:\/\/acefootball.com\/da\/\"},{\"@type\":\"ListItem\",\"position\":2,\"name\":\"Video: Liverpool-stjerne bliver d\u00f8bt i swimmingpool\"}]},{\"@type\":\"Article\",\"@id\":\"https:\/\/acefootball.com\/da\/fodboldnyheder\/video-liverpool-stjerne-bliver-doebt-i-swimmingpool\/#article\",\"isPartOf\":{\"@id\":\"https:\/\/acefootball.com\/da\/fodboldnyheder\/video-liverpool-stjerne-bliver-doebt-i-swimmingpool\/#webpage\"},\"author\":{\"@id\":\"https:\/\/acefootball.com\/da\/#\/schema\/person\/ee67e9cf04a276f144100ffa722f10cd\"},\"headline\":\"Video: Liverpool-stjerne bliver d\u00f8bt i swimmingpool\",\"datePublished\":\"2021-03-14T14:22:02+00:00\",\"dateModified\":\"2021-03-14T14:22:02+00:00\",\"mainEntityOfPage\":{\"@id\":\"https:\/\/acefootball.com\/da\/fodboldnyheder\/video-liverpool-stjerne-bliver-doebt-i-swimmingpool\/#webpage\"},\"wordCount\":140,\"commentCount\":0,\"publisher\":{\"@id\":\"https:\/\/acefootball.com\/da\/#organization\"},\"image\":{\"@id\":\"https:\/\/acefootball.com\/da\/fodboldnyheder\/video-liverpool-stjerne-bliver-doebt-i-swimmingpool\/#primaryimage\"},\"thumbnailUrl\":\"https:\/\/acefootball.com\/da\/wp-content\/uploads\/sites\/2\/2021\/03\/GettyImages-1195282087.jpg\",\"keywords\":[\"Alisson Becker\",\"Brasilien\",\"Liverpool\",\"Premier League\",\"Roberto Firmino\"],\"articleSection\":[\"Video\"],\"inLanguage\":\"en-US\",\"potentialAction\":[{\"@type\":\"CommentAction\",\"name\":\"Comment\",\"target\":[\"https:\/\/acefootball.com\/da\/fodboldnyheder\/video-liverpool-stjerne-bliver-doebt-i-swimmingpool\/#respond\"]}]},{\"@type\":\"Person\",\"@id\":\"https:\/\/acefootball.com\/da\/#\/schema\/person\/ee67e9cf04a276f144100ffa722f10cd\",\"name\":\"Mads Dreyer\",\"image\":{\"@type\":\"ImageObject\",\"@id\":\"https:\/\/acefootball.com\/da\/#personlogo\",\"inLanguage\":\"en-US\",\"url\":\"https:\/\/secure.gravatar.com\/avatar\/7c7abf72cfde9902b6a60efe60c88d4c?s=96&d=mm&r=g\",\"contentUrl\":\"https:\/\/secure.gravatar.com\/avatar\/7c7abf72cfde9902b6a60efe60c88d4c?s=96&d=mm&r=g\",\"caption\":\"Mads Dreyer\"},\"description\":\"Skribent og fodboldn\u00f8rd, der lige nu fort\u00e6ller om alt og intet i fodboldverdenen p\u00e5 acefootball.com. Uddannet i kommunikation fra Aalborg Universitet.\",\"sameAs\":[\"https:\/\/www.linkedin.com\/in\/mads-dreyer-b9b08266\/\"],\"url\":\"https:\/\/acefootball.com\/da\/fodboldnyheder\/author\/mdnronaldo\/\"}]}<\/script>\n<!-- \/ Yoast SEO plugin. -->","yoast_head_json":{"title":"Video: Liverpool-stjerne bliver d\u00f8bt i swimmingpool","description":"Roberto Firmino blev sidste \u00e5r d\u00f8bt i sin egen swimmingpool, med hj\u00e6lp fra den brasilianske kollega Alisson becker","robots":{"index":"index","follow":"follow","max-snippet":"max-snippet:-1","max-image-preview":"max-image-preview:large","max-video-preview":"max-video-preview:-1"},"canonical":"https:\/\/ronaldo.com\/dk\/fodboldnyheder\/video-liverpool-stjerne-doebt-i-egen-pool\/","og_locale":"en_US","og_type":"article","og_title":"Video: Liverpool-stjerne bliver d\u00f8bt i swimmingpool","og_description":"Roberto Firmino blev sidste \u00e5r d\u00f8bt i sin egen swimmingpool, med hj\u00e6lp fra den brasilianske kollega Alisson becker","og_url":"https:\/\/acefootball.com\/da\/fodboldnyheder\/video-liverpool-stjerne-bliver-doebt-i-swimmingpool\/","og_site_name":"Ace Football Danmark","article_publisher":"https:\/\/www.facebook.com\/acefootballdk","article_published_time":"2021-03-14T14:22:02+00:00","og_image":[{"width":1024,"height":758,"url":"https:\/\/acefootball.com\/da\/wp-content\/uploads\/sites\/2\/2021\/03\/GettyImages-1195282087.jpg","type":"image\/jpeg"}],"twitter_card":"summary_large_image","twitter_misc":{"Written by":"Mads Dreyer","Est. reading time":"1 minute"},"schema":{"@context":"https:\/\/schema.org","@graph":[{"@type":"Organization","@id":"https:\/\/acefootball.com\/da\/#organization","name":"Ace Football","url":"https:\/\/acefootball.com\/da\/","sameAs":["https:\/\/www.facebook.com\/acefootballdk"],"logo":{"@type":"ImageObject","@id":"https:\/\/acefootball.com\/da\/#logo","inLanguage":"en-US","url":"https:\/\/acefootball.com\/da\/wp-content\/uploads\/sites\/2\/2020\/07\/Ace-Football-30-07-2020-2.png","contentUrl":"https:\/\/acefootball.com\/da\/wp-content\/uploads\/sites\/2\/2020\/07\/Ace-Football-30-07-2020-2.png","width":1200,"height":600,"caption":"Ace Football"},"image":{"@id":"https:\/\/acefootball.com\/da\/#logo"}},{"@type":"WebSite","@id":"https:\/\/acefootball.com\/da\/#website","url":"https:\/\/acefootball.com\/da\/","name":"Ace Football Danmark","description":"Nyheder, Spiltips &amp; Livescore","publisher":{"@id":"https:\/\/acefootball.com\/da\/#organization"},"potentialAction":[{"@type":"SearchAction","target":{"@type":"EntryPoint","urlTemplate":"https:\/\/acefootball.com\/da\/?s={search_term_string}"},"query-input":"required name=search_term_string"}],"inLanguage":"en-US"},{"@type":"ImageObject","@id":"https:\/\/acefootball.com\/da\/fodboldnyheder\/video-liverpool-stjerne-bliver-doebt-i-swimmingpool\/#primaryimage","inLanguage":"en-US","url":"https:\/\/acefootball.com\/da\/wp-content\/uploads\/sites\/2\/2021\/03\/GettyImages-1195282087.jpg","contentUrl":"https:\/\/acefootball.com\/da\/wp-content\/uploads\/sites\/2\/2021\/03\/GettyImages-1195282087.jpg","width":1024,"height":758},{"@type":"WebPage","@id":"https:\/\/acefootball.com\/da\/fodboldnyheder\/video-liverpool-stjerne-bliver-doebt-i-swimmingpool\/#webpage","url":"https:\/\/acefootball.com\/da\/fodboldnyheder\/video-liverpool-stjerne-bliver-doebt-i-swimmingpool\/","name":"Video: Liverpool-stjerne bliver d\u00f8bt i swimmingpool","isPartOf":{"@id":"https:\/\/acefootball.com\/da\/#website"},"primaryImageOfPage":{"@id":"https:\/\/acefootball.com\/da\/fodboldnyheder\/video-liverpool-stjerne-bliver-doebt-i-swimmingpool\/#primaryimage"},"datePublished":"2021-03-14T14:22:02+00:00","dateModified":"2021-03-14T14:22:02+00:00","description":"Roberto Firmino blev sidste \u00e5r d\u00f8bt i sin egen swimmingpool, med hj\u00e6lp fra den brasilianske kollega Alisson becker","breadcrumb":{"@id":"https:\/\/acefootball.com\/da\/fodboldnyheder\/video-liverpool-stjerne-bliver-doebt-i-swimmingpool\/#breadcrumb"},"inLanguage":"en-US","potentialAction":[{"@type":"ReadAction","target":["https:\/\/acefootball.com\/da\/fodboldnyheder\/video-liverpool-stjerne-bliver-doebt-i-swimmingpool\/"]}]},{"@type":"BreadcrumbList","@id":"https:\/\/acefootball.com\/da\/fodboldnyheder\/video-liverpool-stjerne-bliver-doebt-i-swimmingpool\/#breadcrumb","itemListElement":[{"@type":"ListItem","position":1,"name":"Home","item":"https:\/\/acefootball.com\/da\/"},{"@type":"ListItem","position":2,"name":"Video: Liverpool-stjerne bliver d\u00f8bt i swimmingpool"}]},{"@type":"Article","@id":"https:\/\/acefootball.com\/da\/fodboldnyheder\/video-liverpool-stjerne-bliver-doebt-i-swimmingpool\/#article","isPartOf":{"@id":"https:\/\/acefootball.com\/da\/fodboldnyheder\/video-liverpool-stjerne-bliver-doebt-i-swimmingpool\/#webpage"},"author":{"@id":"https:\/\/acefootball.com\/da\/#\/schema\/person\/ee67e9cf04a276f144100ffa722f10cd"},"headline":"Video: Liverpool-stjerne bliver d\u00f8bt i swimmingpool","datePublished":"2021-03-14T14:22:02+00:00","dateModified":"2021-03-14T14:22:02+00:00","mainEntityOfPage":{"@id":"https:\/\/acefootball.com\/da\/fodboldnyheder\/video-liverpool-stjerne-bliver-doebt-i-swimmingpool\/#webpage"},"wordCount":140,"commentCount":0,"publisher":{"@id":"https:\/\/acefootball.com\/da\/#organization"},"image":{"@id":"https:\/\/acefootball.com\/da\/fodboldnyheder\/video-liverpool-stjerne-bliver-doebt-i-swimmingpool\/#primaryimage"},"thumbnailUrl":"https:\/\/acefootball.com\/da\/wp-content\/uploads\/sites\/2\/2021\/03\/GettyImages-1195282087.jpg","keywords":["Alisson Becker","Brasilien","Liverpool","Premier League","Roberto Firmino"],"articleSection":["Video"],"inLanguage":"en-US","potentialAction":[{"@type":"CommentAction","name":"Comment","target":["https:\/\/acefootball.com\/da\/fodboldnyheder\/video-liverpool-stjerne-bliver-doebt-i-swimmingpool\/#respond"]}]},{"@type":"Person","@id":"https:\/\/acefootball.com\/da\/#\/schema\/person\/ee67e9cf04a276f144100ffa722f10cd","name":"Mads Dreyer","image":{"@type":"ImageObject","@id":"https:\/\/acefootball.com\/da\/#personlogo","inLanguage":"en-US","url":"https:\/\/secure.gravatar.com\/avatar\/7c7abf72cfde9902b6a60efe60c88d4c?s=96&d=mm&r=g","contentUrl":"https:\/\/secure.gravatar.com\/avatar\/7c7abf72cfde9902b6a60efe60c88d4c?s=96&d=mm&r=g","caption":"Mads Dreyer"},"description":"Skribent og fodboldn\u00f8rd, der lige nu fort\u00e6ller om alt og intet i fodboldverdenen p\u00e5 acefootball.com. Uddannet i kommunikation fra Aalborg Universitet.","sameAs":["https:\/\/www.linkedin.com\/in\/mads-dreyer-b9b08266\/"],"url":"https:\/\/acefootball.com\/da\/fodboldnyheder\/author\/mdnronaldo\/"}]}},"fimg_url":"https:\/\/acefootball.com\/da\/wp-content\/uploads\/sites\/2\/2021\/03\/GettyImages-1195282087.jpg","_links":{"self":[{"href":"https:\/\/acefootball.com\/da\/wp-json\/wp\/v2\/posts\/254463"}],"collection":[{"href":"https:\/\/acefootball.com\/da\/wp-json\/wp\/v2\/posts"}],"about":[{"href":"https:\/\/acefootball.com\/da\/wp-json\/wp\/v2\/types\/post"}],"author":[{"embeddable":true,"href":"https:\/\/acefootball.com\/da\/wp-json\/wp\/v2\/users\/705"}],"replies":[{"embeddable":true,"href":"https:\/\/acefootball.com\/da\/wp-json\/wp\/v2\/comments?post=254463"}],"version-history":[{"count":0,"href":"https:\/\/acefootball.com\/da\/wp-json\/wp\/v2\/posts\/254463\/revisions"}],"wp:featuredmedia":[{"embeddable":true,"href":"https:\/\/acefootball.com\/da\/wp-json\/wp\/v2\/media\/254464"}],"wp:attachment":[{"href":"https:\/\/acefootball.com\/da\/wp-json\/wp\/v2\/media?parent=254463"}],"wp:term":[{"taxonomy":"category","embeddable":true,"href":"https:\/\/acefootball.com\/da\/wp-json\/wp\/v2\/categories?post=254463"},{"taxonomy":"post_tag","embeddable":true,"href":"https:\/\/acefootball.com\/da\/wp-json\/wp\/v2\/tags?post=254463"}],"curies":[{"name":"wp","href":"https:\/\/api.w.org\/{rel}","templated":true}]}}