{"id":254450,"date":"2021-03-14T13:53:13","date_gmt":"2021-03-14T12:53:13","guid":{"rendered":"https:\/\/acefootball.com\/da\/?p=254450"},"modified":"2021-03-14T13:53:14","modified_gmt":"2021-03-14T12:53:14","slug":"fcm-kaptajn-inden-soendagsbrag-noget-stort-over-kampen","status":"publish","type":"post","link":"https:\/\/acefootball.com\/da\/fodboldnyheder\/fcm-kaptajn-inden-soendagsbrag-noget-stort-over-kampen\/","title":{"rendered":"FCM-kaptajn inden s\u00f8ndagsbrag: Noget stort over kampen"},"content":{"rendered":"\n<h2 id=\"h-det-er-altid-en-stor-kamp-n-r-fc-midtjylland-og-fc-k-benhavn-brager-sammen-udtaler-erik-sviatchenko\">Det er altid en stor kamp, n\u00e5r FC Midtjylland og FC K\u00f8benhavn brager sammen, udtaler Erik Sviatchenko<\/h2>\n\n\n\n<p>Det har efterh\u00e5nden udviklet sig til at blive en moderne klassiker i dansk fodbold, n\u00e5r de seneste \u00e5rs to mest succesrige klubber, FC Midtjylland og FC K\u00f8benhavn, t\u00f8rner sammen.<\/p>\n\n\n\n<p>Det sker igen denne s\u00f8ndag, og midtjydernes kaptajn, Erik Sviatchenko, m\u00e6rker ogs\u00e5 en ekstra nerve, n\u00e5r det g\u00e6lder opg\u00f8rene mod hovedstadsklubben.<\/p>\n\n\n\n<p>&#8220;Vi har f\u00f8rst og fremmest stor respekt for FCK, fordi vi er klar over, hvor godt et hold de er, men n\u00e5r vi f\u00f8rst g\u00e5r ind p\u00e5 banen, har alle en utrolig iver for at levere deres bedste. Der er bare noget stort over kampen FC Midtjylland mod FC K\u00f8benhavn \u2013 is\u00e6r i de seneste par \u00e5r,&#8221; fort\u00e6ller Sviatchenko til FC Midtjyllands <a href=\"https:\/\/www.fcm.dk\/nyheder\/optakt-med-kaptajnen-vi-skal-vaere-sindssygt-aggressive\/\" target=\"_blank\" rel=\"noreferrer noopener\">hjemmeside<\/a>.<\/p>\n\n\n\n<p>&#8220;Der er altid en nerve i kampen, og det synes jeg, er fedt at spille i. Mange p\u00e5 holdet trives med den nerve, og det er med til at f\u00e5 os op i h\u00f8jeste gear b\u00e5de individuelt og kollektivt.&#8221;<\/p>\n\n\n\n<p>Der har dog v\u00e6ret klar midtjysk dominans i de seneste mange m\u00f8der mellem holdene. L\u00e6s mere om dette her:<\/p>\n\n\n\n<figure class=\"wp-block-embed is-type-wp-embed is-provider-ace-football-danmark wp-block-embed-ace-football-danmark\"><div class=\"wp-block-embed__wrapper\">\n<blockquote class=\"wp-embedded-content\" data-secret=\"WkcNMYwUEe\"><a href=\"https:\/\/acefootball.com\/da\/fodboldnyheder\/kaempe-dominans-saa-suveraene-har-fc-midtjylland-vaeret-mod-fc-koebenhavn\/\">K\u00e6mpe dominans: S\u00e5 suver\u00e6ne har FC Midtjylland v\u00e6ret mod FC K\u00f8benhavn<\/a><\/blockquote><iframe class=\"wp-embedded-content\" sandbox=\"allow-scripts\" security=\"restricted\" style=\"position: absolute; clip: rect(1px, 1px, 1px, 1px);\" title=\"&#8220;K\u00e6mpe dominans: S\u00e5 suver\u00e6ne har FC Midtjylland v\u00e6ret mod FC K\u00f8benhavn&#8221; &#8212; Ace Football Danmark\" src=\"https:\/\/acefootball.com\/da\/fodboldnyheder\/kaempe-dominans-saa-suveraene-har-fc-midtjylland-vaeret-mod-fc-koebenhavn\/embed\/#?secret=WkcNMYwUEe\" data-secret=\"WkcNMYwUEe\" width=\"600\" height=\"338\" frameborder=\"0\" marginwidth=\"0\" marginheight=\"0\" scrolling=\"no\"><\/iframe>\n<\/div><\/figure>\n","protected":false},"excerpt":{"rendered":"<p>Det er altid en stor kamp, n\u00e5r FC Midtjylland og FC K\u00f8benhavn brager sammen, udtaler Erik Sviatchenko<\/p>\n","protected":false},"author":705,"featured_media":240234,"comment_status":"open","ping_status":"closed","sticky":false,"template":"","format":"standard","meta":{"om_disable_all_campaigns":false,"push_articles_ronaldo":{"active":false,"canonical":0,"publish":false},"force_updates":null},"categories":[8204],"tags":[16,51,588],"enet_tags":{"team":["8391","8113"],"league":["46"],"sport_events":[]},"yoast_head":"<!-- This site is optimized with the Yoast SEO plugin v18.3 - https:\/\/yoast.com\/wordpress\/plugins\/seo\/ -->\n<title>FCM-kaptajn inden s\u00f8ndagsbrag: Noget stort over kampen<\/title>\n<meta name=\"description\" content=\"Det er altid en stor kamp, n\u00e5r FC Midtjylland og FC K\u00f8benhavn brager sammen, udtaler Erik Sviatchenko\" \/>\n<meta name=\"robots\" content=\"index, follow, max-snippet:-1, max-image-preview:large, max-video-preview:-1\" \/>\n<link rel=\"canonical\" href=\"https:\/\/acefootball.com\/da\/fodboldnyheder\/fcm-kaptajn-inden-soendagsbrag-noget-stort-over-kampen\/\" \/>\n<meta property=\"og:locale\" content=\"en_US\" \/>\n<meta property=\"og:type\" content=\"article\" \/>\n<meta property=\"og:title\" content=\"FCM-kaptajn inden s\u00f8ndagsbrag: Noget stort over kampen\" \/>\n<meta property=\"og:description\" content=\"Det er altid en stor kamp, n\u00e5r FC Midtjylland og FC K\u00f8benhavn brager sammen, udtaler Erik Sviatchenko\" \/>\n<meta property=\"og:url\" content=\"https:\/\/acefootball.com\/da\/fodboldnyheder\/fcm-kaptajn-inden-soendagsbrag-noget-stort-over-kampen\/\" \/>\n<meta property=\"og:site_name\" content=\"Ace Football Danmark\" \/>\n<meta property=\"article:publisher\" content=\"https:\/\/www.facebook.com\/acefootballdk\" \/>\n<meta property=\"article:published_time\" content=\"2021-03-14T12:53:13+00:00\" \/>\n<meta property=\"article:modified_time\" content=\"2021-03-14T12:53:14+00:00\" \/>\n<meta property=\"og:image\" content=\"https:\/\/acefootball.com\/da\/wp-content\/uploads\/sites\/2\/2021\/03\/Laes-mere-generel-6-3.jpg\" \/>\n\t<meta property=\"og:image:width\" content=\"1920\" \/>\n\t<meta property=\"og:image:height\" content=\"1008\" \/>\n\t<meta property=\"og:image:type\" content=\"image\/jpeg\" \/>\n<meta name=\"twitter:card\" content=\"summary_large_image\" \/>\n<meta name=\"twitter:label1\" content=\"Written by\" \/>\n\t<meta name=\"twitter:data1\" content=\"Mads Dreyer\" \/>\n\t<meta name=\"twitter:label2\" content=\"Est. reading time\" \/>\n\t<meta name=\"twitter:data2\" content=\"1 minute\" \/>\n<script type=\"application\/ld+json\" class=\"yoast-schema-graph\">{\"@context\":\"https:\/\/schema.org\",\"@graph\":[{\"@type\":\"Organization\",\"@id\":\"https:\/\/acefootball.com\/da\/#organization\",\"name\":\"Ace Football\",\"url\":\"https:\/\/acefootball.com\/da\/\",\"sameAs\":[\"https:\/\/www.facebook.com\/acefootballdk\"],\"logo\":{\"@type\":\"ImageObject\",\"@id\":\"https:\/\/acefootball.com\/da\/#logo\",\"inLanguage\":\"en-US\",\"url\":\"https:\/\/acefootball.com\/da\/wp-content\/uploads\/sites\/2\/2020\/07\/Ace-Football-30-07-2020-2.png\",\"contentUrl\":\"https:\/\/acefootball.com\/da\/wp-content\/uploads\/sites\/2\/2020\/07\/Ace-Football-30-07-2020-2.png\",\"width\":1200,\"height\":600,\"caption\":\"Ace Football\"},\"image\":{\"@id\":\"https:\/\/acefootball.com\/da\/#logo\"}},{\"@type\":\"WebSite\",\"@id\":\"https:\/\/acefootball.com\/da\/#website\",\"url\":\"https:\/\/acefootball.com\/da\/\",\"name\":\"Ace Football Danmark\",\"description\":\"Nyheder, Spiltips &amp; Livescore\",\"publisher\":{\"@id\":\"https:\/\/acefootball.com\/da\/#organization\"},\"potentialAction\":[{\"@type\":\"SearchAction\",\"target\":{\"@type\":\"EntryPoint\",\"urlTemplate\":\"https:\/\/acefootball.com\/da\/?s={search_term_string}\"},\"query-input\":\"required name=search_term_string\"}],\"inLanguage\":\"en-US\"},{\"@type\":\"ImageObject\",\"@id\":\"https:\/\/acefootball.com\/da\/fodboldnyheder\/fcm-kaptajn-inden-soendagsbrag-noget-stort-over-kampen\/#primaryimage\",\"inLanguage\":\"en-US\",\"url\":\"https:\/\/acefootball.com\/da\/wp-content\/uploads\/sites\/2\/2021\/03\/Laes-mere-generel-6-3.jpg\",\"contentUrl\":\"https:\/\/acefootball.com\/da\/wp-content\/uploads\/sites\/2\/2021\/03\/Laes-mere-generel-6-3.jpg\",\"width\":1920,\"height\":1008,\"caption\":\"sviatchenko\"},{\"@type\":\"WebPage\",\"@id\":\"https:\/\/acefootball.com\/da\/fodboldnyheder\/fcm-kaptajn-inden-soendagsbrag-noget-stort-over-kampen\/#webpage\",\"url\":\"https:\/\/acefootball.com\/da\/fodboldnyheder\/fcm-kaptajn-inden-soendagsbrag-noget-stort-over-kampen\/\",\"name\":\"FCM-kaptajn inden s\u00f8ndagsbrag: Noget stort over kampen\",\"isPartOf\":{\"@id\":\"https:\/\/acefootball.com\/da\/#website\"},\"primaryImageOfPage\":{\"@id\":\"https:\/\/acefootball.com\/da\/fodboldnyheder\/fcm-kaptajn-inden-soendagsbrag-noget-stort-over-kampen\/#primaryimage\"},\"datePublished\":\"2021-03-14T12:53:13+00:00\",\"dateModified\":\"2021-03-14T12:53:14+00:00\",\"description\":\"Det er altid en stor kamp, n\u00e5r FC Midtjylland og FC K\u00f8benhavn brager sammen, udtaler Erik Sviatchenko\",\"breadcrumb\":{\"@id\":\"https:\/\/acefootball.com\/da\/fodboldnyheder\/fcm-kaptajn-inden-soendagsbrag-noget-stort-over-kampen\/#breadcrumb\"},\"inLanguage\":\"en-US\",\"potentialAction\":[{\"@type\":\"ReadAction\",\"target\":[\"https:\/\/acefootball.com\/da\/fodboldnyheder\/fcm-kaptajn-inden-soendagsbrag-noget-stort-over-kampen\/\"]}]},{\"@type\":\"BreadcrumbList\",\"@id\":\"https:\/\/acefootball.com\/da\/fodboldnyheder\/fcm-kaptajn-inden-soendagsbrag-noget-stort-over-kampen\/#breadcrumb\",\"itemListElement\":[{\"@type\":\"ListItem\",\"position\":1,\"name\":\"Home\",\"item\":\"https:\/\/acefootball.com\/da\/\"},{\"@type\":\"ListItem\",\"position\":2,\"name\":\"FCM-kaptajn inden s\u00f8ndagsbrag: Noget stort over kampen\"}]},{\"@type\":\"Article\",\"@id\":\"https:\/\/acefootball.com\/da\/fodboldnyheder\/fcm-kaptajn-inden-soendagsbrag-noget-stort-over-kampen\/#article\",\"isPartOf\":{\"@id\":\"https:\/\/acefootball.com\/da\/fodboldnyheder\/fcm-kaptajn-inden-soendagsbrag-noget-stort-over-kampen\/#webpage\"},\"author\":{\"@id\":\"https:\/\/acefootball.com\/da\/#\/schema\/person\/ee67e9cf04a276f144100ffa722f10cd\"},\"headline\":\"FCM-kaptajn inden s\u00f8ndagsbrag: Noget stort over kampen\",\"datePublished\":\"2021-03-14T12:53:13+00:00\",\"dateModified\":\"2021-03-14T12:53:14+00:00\",\"mainEntityOfPage\":{\"@id\":\"https:\/\/acefootball.com\/da\/fodboldnyheder\/fcm-kaptajn-inden-soendagsbrag-noget-stort-over-kampen\/#webpage\"},\"wordCount\":224,\"commentCount\":0,\"publisher\":{\"@id\":\"https:\/\/acefootball.com\/da\/#organization\"},\"image\":{\"@id\":\"https:\/\/acefootball.com\/da\/fodboldnyheder\/fcm-kaptajn-inden-soendagsbrag-noget-stort-over-kampen\/#primaryimage\"},\"thumbnailUrl\":\"https:\/\/acefootball.com\/da\/wp-content\/uploads\/sites\/2\/2020\/10\/GettyImages-1181453080-1.jpg\",\"keywords\":[\"FC K\u00f8benhavn\",\"FC Midtjylland\",\"Superligaen\"],\"articleSection\":[\"Udtalelse\"],\"inLanguage\":\"en-US\",\"potentialAction\":[{\"@type\":\"CommentAction\",\"name\":\"Comment\",\"target\":[\"https:\/\/acefootball.com\/da\/fodboldnyheder\/fcm-kaptajn-inden-soendagsbrag-noget-stort-over-kampen\/#respond\"]}]},{\"@type\":\"Person\",\"@id\":\"https:\/\/acefootball.com\/da\/#\/schema\/person\/ee67e9cf04a276f144100ffa722f10cd\",\"name\":\"Mads Dreyer\",\"image\":{\"@type\":\"ImageObject\",\"@id\":\"https:\/\/acefootball.com\/da\/#personlogo\",\"inLanguage\":\"en-US\",\"url\":\"https:\/\/secure.gravatar.com\/avatar\/7c7abf72cfde9902b6a60efe60c88d4c?s=96&d=mm&r=g\",\"contentUrl\":\"https:\/\/secure.gravatar.com\/avatar\/7c7abf72cfde9902b6a60efe60c88d4c?s=96&d=mm&r=g\",\"caption\":\"Mads Dreyer\"},\"description\":\"Skribent og fodboldn\u00f8rd, der lige nu fort\u00e6ller om alt og intet i fodboldverdenen p\u00e5 acefootball.com. Uddannet i kommunikation fra Aalborg Universitet.\",\"sameAs\":[\"https:\/\/www.linkedin.com\/in\/mads-dreyer-b9b08266\/\"],\"url\":\"https:\/\/acefootball.com\/da\/fodboldnyheder\/author\/mdnronaldo\/\"}]}<\/script>\n<!-- \/ Yoast SEO plugin. -->","yoast_head_json":{"title":"FCM-kaptajn inden s\u00f8ndagsbrag: Noget stort over kampen","description":"Det er altid en stor kamp, n\u00e5r FC Midtjylland og FC K\u00f8benhavn brager sammen, udtaler Erik Sviatchenko","robots":{"index":"index","follow":"follow","max-snippet":"max-snippet:-1","max-image-preview":"max-image-preview:large","max-video-preview":"max-video-preview:-1"},"canonical":"https:\/\/acefootball.com\/da\/fodboldnyheder\/fcm-kaptajn-inden-soendagsbrag-noget-stort-over-kampen\/","og_locale":"en_US","og_type":"article","og_title":"FCM-kaptajn inden s\u00f8ndagsbrag: Noget stort over kampen","og_description":"Det er altid en stor kamp, n\u00e5r FC Midtjylland og FC K\u00f8benhavn brager sammen, udtaler Erik Sviatchenko","og_url":"https:\/\/acefootball.com\/da\/fodboldnyheder\/fcm-kaptajn-inden-soendagsbrag-noget-stort-over-kampen\/","og_site_name":"Ace Football Danmark","article_publisher":"https:\/\/www.facebook.com\/acefootballdk","article_published_time":"2021-03-14T12:53:13+00:00","article_modified_time":"2021-03-14T12:53:14+00:00","og_image":[{"width":1920,"height":1008,"url":"https:\/\/acefootball.com\/da\/wp-content\/uploads\/sites\/2\/2021\/03\/Laes-mere-generel-6-3.jpg","type":"image\/jpeg"}],"twitter_card":"summary_large_image","twitter_misc":{"Written by":"Mads Dreyer","Est. reading time":"1 minute"},"schema":{"@context":"https:\/\/schema.org","@graph":[{"@type":"Organization","@id":"https:\/\/acefootball.com\/da\/#organization","name":"Ace Football","url":"https:\/\/acefootball.com\/da\/","sameAs":["https:\/\/www.facebook.com\/acefootballdk"],"logo":{"@type":"ImageObject","@id":"https:\/\/acefootball.com\/da\/#logo","inLanguage":"en-US","url":"https:\/\/acefootball.com\/da\/wp-content\/uploads\/sites\/2\/2020\/07\/Ace-Football-30-07-2020-2.png","contentUrl":"https:\/\/acefootball.com\/da\/wp-content\/uploads\/sites\/2\/2020\/07\/Ace-Football-30-07-2020-2.png","width":1200,"height":600,"caption":"Ace Football"},"image":{"@id":"https:\/\/acefootball.com\/da\/#logo"}},{"@type":"WebSite","@id":"https:\/\/acefootball.com\/da\/#website","url":"https:\/\/acefootball.com\/da\/","name":"Ace Football Danmark","description":"Nyheder, Spiltips &amp; Livescore","publisher":{"@id":"https:\/\/acefootball.com\/da\/#organization"},"potentialAction":[{"@type":"SearchAction","target":{"@type":"EntryPoint","urlTemplate":"https:\/\/acefootball.com\/da\/?s={search_term_string}"},"query-input":"required name=search_term_string"}],"inLanguage":"en-US"},{"@type":"ImageObject","@id":"https:\/\/acefootball.com\/da\/fodboldnyheder\/fcm-kaptajn-inden-soendagsbrag-noget-stort-over-kampen\/#primaryimage","inLanguage":"en-US","url":"https:\/\/acefootball.com\/da\/wp-content\/uploads\/sites\/2\/2021\/03\/Laes-mere-generel-6-3.jpg","contentUrl":"https:\/\/acefootball.com\/da\/wp-content\/uploads\/sites\/2\/2021\/03\/Laes-mere-generel-6-3.jpg","width":1920,"height":1008,"caption":"sviatchenko"},{"@type":"WebPage","@id":"https:\/\/acefootball.com\/da\/fodboldnyheder\/fcm-kaptajn-inden-soendagsbrag-noget-stort-over-kampen\/#webpage","url":"https:\/\/acefootball.com\/da\/fodboldnyheder\/fcm-kaptajn-inden-soendagsbrag-noget-stort-over-kampen\/","name":"FCM-kaptajn inden s\u00f8ndagsbrag: Noget stort over kampen","isPartOf":{"@id":"https:\/\/acefootball.com\/da\/#website"},"primaryImageOfPage":{"@id":"https:\/\/acefootball.com\/da\/fodboldnyheder\/fcm-kaptajn-inden-soendagsbrag-noget-stort-over-kampen\/#primaryimage"},"datePublished":"2021-03-14T12:53:13+00:00","dateModified":"2021-03-14T12:53:14+00:00","description":"Det er altid en stor kamp, n\u00e5r FC Midtjylland og FC K\u00f8benhavn brager sammen, udtaler Erik Sviatchenko","breadcrumb":{"@id":"https:\/\/acefootball.com\/da\/fodboldnyheder\/fcm-kaptajn-inden-soendagsbrag-noget-stort-over-kampen\/#breadcrumb"},"inLanguage":"en-US","potentialAction":[{"@type":"ReadAction","target":["https:\/\/acefootball.com\/da\/fodboldnyheder\/fcm-kaptajn-inden-soendagsbrag-noget-stort-over-kampen\/"]}]},{"@type":"BreadcrumbList","@id":"https:\/\/acefootball.com\/da\/fodboldnyheder\/fcm-kaptajn-inden-soendagsbrag-noget-stort-over-kampen\/#breadcrumb","itemListElement":[{"@type":"ListItem","position":1,"name":"Home","item":"https:\/\/acefootball.com\/da\/"},{"@type":"ListItem","position":2,"name":"FCM-kaptajn inden s\u00f8ndagsbrag: Noget stort over kampen"}]},{"@type":"Article","@id":"https:\/\/acefootball.com\/da\/fodboldnyheder\/fcm-kaptajn-inden-soendagsbrag-noget-stort-over-kampen\/#article","isPartOf":{"@id":"https:\/\/acefootball.com\/da\/fodboldnyheder\/fcm-kaptajn-inden-soendagsbrag-noget-stort-over-kampen\/#webpage"},"author":{"@id":"https:\/\/acefootball.com\/da\/#\/schema\/person\/ee67e9cf04a276f144100ffa722f10cd"},"headline":"FCM-kaptajn inden s\u00f8ndagsbrag: Noget stort over kampen","datePublished":"2021-03-14T12:53:13+00:00","dateModified":"2021-03-14T12:53:14+00:00","mainEntityOfPage":{"@id":"https:\/\/acefootball.com\/da\/fodboldnyheder\/fcm-kaptajn-inden-soendagsbrag-noget-stort-over-kampen\/#webpage"},"wordCount":224,"commentCount":0,"publisher":{"@id":"https:\/\/acefootball.com\/da\/#organization"},"image":{"@id":"https:\/\/acefootball.com\/da\/fodboldnyheder\/fcm-kaptajn-inden-soendagsbrag-noget-stort-over-kampen\/#primaryimage"},"thumbnailUrl":"https:\/\/acefootball.com\/da\/wp-content\/uploads\/sites\/2\/2020\/10\/GettyImages-1181453080-1.jpg","keywords":["FC K\u00f8benhavn","FC Midtjylland","Superligaen"],"articleSection":["Udtalelse"],"inLanguage":"en-US","potentialAction":[{"@type":"CommentAction","name":"Comment","target":["https:\/\/acefootball.com\/da\/fodboldnyheder\/fcm-kaptajn-inden-soendagsbrag-noget-stort-over-kampen\/#respond"]}]},{"@type":"Person","@id":"https:\/\/acefootball.com\/da\/#\/schema\/person\/ee67e9cf04a276f144100ffa722f10cd","name":"Mads Dreyer","image":{"@type":"ImageObject","@id":"https:\/\/acefootball.com\/da\/#personlogo","inLanguage":"en-US","url":"https:\/\/secure.gravatar.com\/avatar\/7c7abf72cfde9902b6a60efe60c88d4c?s=96&d=mm&r=g","contentUrl":"https:\/\/secure.gravatar.com\/avatar\/7c7abf72cfde9902b6a60efe60c88d4c?s=96&d=mm&r=g","caption":"Mads Dreyer"},"description":"Skribent og fodboldn\u00f8rd, der lige nu fort\u00e6ller om alt og intet i fodboldverdenen p\u00e5 acefootball.com. Uddannet i kommunikation fra Aalborg Universitet.","sameAs":["https:\/\/www.linkedin.com\/in\/mads-dreyer-b9b08266\/"],"url":"https:\/\/acefootball.com\/da\/fodboldnyheder\/author\/mdnronaldo\/"}]}},"fimg_url":"https:\/\/acefootball.com\/da\/wp-content\/uploads\/sites\/2\/2020\/10\/GettyImages-1181453080-1.jpg","_links":{"self":[{"href":"https:\/\/acefootball.com\/da\/wp-json\/wp\/v2\/posts\/254450"}],"collection":[{"href":"https:\/\/acefootball.com\/da\/wp-json\/wp\/v2\/posts"}],"about":[{"href":"https:\/\/acefootball.com\/da\/wp-json\/wp\/v2\/types\/post"}],"author":[{"embeddable":true,"href":"https:\/\/acefootball.com\/da\/wp-json\/wp\/v2\/users\/705"}],"replies":[{"embeddable":true,"href":"https:\/\/acefootball.com\/da\/wp-json\/wp\/v2\/comments?post=254450"}],"version-history":[{"count":0,"href":"https:\/\/acefootball.com\/da\/wp-json\/wp\/v2\/posts\/254450\/revisions"}],"wp:featuredmedia":[{"embeddable":true,"href":"https:\/\/acefootball.com\/da\/wp-json\/wp\/v2\/media\/240234"}],"wp:attachment":[{"href":"https:\/\/acefootball.com\/da\/wp-json\/wp\/v2\/media?parent=254450"}],"wp:term":[{"taxonomy":"category","embeddable":true,"href":"https:\/\/acefootball.com\/da\/wp-json\/wp\/v2\/categories?post=254450"},{"taxonomy":"post_tag","embeddable":true,"href":"https:\/\/acefootball.com\/da\/wp-json\/wp\/v2\/tags?post=254450"}],"curies":[{"name":"wp","href":"https:\/\/api.w.org\/{rel}","templated":true}]}}