{"id":254433,"date":"2021-03-14T10:49:42","date_gmt":"2021-03-14T09:49:42","guid":{"rendered":"https:\/\/acefootball.com\/da\/?p=254433"},"modified":"2021-03-14T10:49:43","modified_gmt":"2021-03-14T09:49:43","slug":"broendby-fans-undrer-sig-over-fravaer-hvornaar-faar-vi-den-rigtige-historie","status":"publish","type":"post","link":"https:\/\/acefootball.com\/da\/fodboldnyheder\/broendby-fans-undrer-sig-over-fravaer-hvornaar-faar-vi-den-rigtige-historie\/","title":{"rendered":"Br\u00f8ndby-fans undrer sig over frav\u00e6r: &#8220;Hvorn\u00e5r f\u00e5r vi den rigtige historie?&#8221;"},"content":{"rendered":"\n<h2 id=\"h-br-ndby-if-er-igen-uden-rezan-corlu-der-er-sorteret-fra-truppen-til-ob-kampen-p-grund-af-fortsatte-skadesproblemer\">Br\u00f8ndby IF er igen uden Rezan Corlu, der er sorteret fra truppen til OB-kampen p\u00e5 grund af fortsatte skadesproblemer<\/h2>\n\n\n\n<p>Der var ingen \u00e6ndringer at finde, da Br\u00f8ndby IF tidligere p\u00e5 dagen oplyste de spillere, der er udtaget til kampen mod OB.<\/p>\n\n\n\n<p>Det betyder, at der heller ikke denne s\u00f8ndag bliver comeback til Andrija Pavlovic og Rezan Corlu, der if\u00f8lge vestegnsklubben endnu ikke er klar til at tr\u00e6ne med.<\/p>\n\n\n\n<figure class=\"wp-block-embed is-type-wp-embed is-provider-ace-football-danmark wp-block-embed-ace-football-danmark\"><div class=\"wp-block-embed__wrapper\">\n<blockquote class=\"wp-embedded-content\" data-secret=\"L5MFOIZI9z\"><a href=\"https:\/\/acefootball.com\/da\/fodboldnyheder\/broendby-fortsat-uden-offensiv-duo-til-ob-kamp\/\">Br\u00f8ndby fortsat uden offensiv duo til OB-kamp<\/a><\/blockquote><iframe class=\"wp-embedded-content\" sandbox=\"allow-scripts\" security=\"restricted\" style=\"position: absolute; clip: rect(1px, 1px, 1px, 1px);\" title=\"&#8220;Br\u00f8ndby fortsat uden offensiv duo til OB-kamp&#8221; &#8212; Ace Football Danmark\" src=\"https:\/\/acefootball.com\/da\/fodboldnyheder\/broendby-fortsat-uden-offensiv-duo-til-ob-kamp\/embed\/#?secret=L5MFOIZI9z\" data-secret=\"L5MFOIZI9z\" width=\"600\" height=\"338\" frameborder=\"0\" marginwidth=\"0\" marginheight=\"0\" scrolling=\"no\"><\/iframe>\n<\/div><\/figure>\n\n\n\n<p>Besynderligt er det is\u00e6r med Rezan Corlu, der fik for\u00e5rets f\u00f8rste spilminutter i udesejren over FC Nordsj\u00e6lland tilbage i starten af februar, efter at v\u00e6re kommet sig over en skade og et forl\u00f8b med coronavirus.<\/p>\n\n\n\n<p>Siden da har offensivspilleren dog end ikke v\u00e6ret at finde i kamptruppen, og nu begynder flere Br\u00f8ndby-fans at spekulere i, om skadeshistorien blot er et d\u00e6kke for et dybereliggende problem:<\/p>\n\n\n\n<figure class=\"wp-block-embed is-type-rich is-provider-twitter wp-block-embed-twitter\"><div class=\"wp-block-embed__wrapper\">\n<blockquote class=\"twitter-tweet\" data-width=\"550\" data-dnt=\"true\"><p lang=\"da\" dir=\"ltr\">Hvorn\u00e5r f\u00e5r vi den rigtige historie om Rezans frav\u00e6r?<\/p>&mdash; Benjamin Werner Christensen (@BenWernerC) <a href=\"https:\/\/twitter.com\/BenWernerC\/status\/1371022116817145860?ref_src=twsrc%5Etfw\">March 14, 2021<\/a><\/blockquote><script async src=\"https:\/\/platform.twitter.com\/widgets.js\" charset=\"utf-8\"><\/script>\n<\/div><\/figure>\n\n\n\n<figure class=\"wp-block-embed is-type-rich is-provider-twitter wp-block-embed-twitter\"><div class=\"wp-block-embed__wrapper\">\n<blockquote class=\"twitter-tweet\" data-width=\"550\" data-dnt=\"true\"><p lang=\"da\" dir=\"ltr\">Jeg synes det kunne v\u00e6re rart at f\u00e5 en melding p\u00e5 Andrija Pavlovic og Rezan Corlu. Det begynder snart at virke yderst bem\u00e6rkelsesv\u00e6rdigt at de gang p\u00e5 gang, end ikke er at finde i truppen. Er det skader? disciplin\u00e6rsager? Eller er de ikke gode nok i et \u00f8jebliksbillede?<a href=\"https:\/\/twitter.com\/hashtag\/BIF?src=hash&amp;ref_src=twsrc%5Etfw\">#BIF<\/a> <a href=\"https:\/\/twitter.com\/hashtag\/sldk?src=hash&amp;ref_src=twsrc%5Etfw\">#sldk<\/a><\/p>&mdash; Danny Kj\u00e6r (@Dannykj87) <a href=\"https:\/\/twitter.com\/Dannykj87\/status\/1371030985391890434?ref_src=twsrc%5Etfw\">March 14, 2021<\/a><\/blockquote><script async src=\"https:\/\/platform.twitter.com\/widgets.js\" charset=\"utf-8\"><\/script>\n<\/div><\/figure>\n\n\n\n<figure class=\"wp-block-embed is-type-rich is-provider-twitter wp-block-embed-twitter\"><div class=\"wp-block-embed__wrapper\">\n<blockquote class=\"twitter-tweet\" data-width=\"550\" data-dnt=\"true\"><p lang=\"da\" dir=\"ltr\">M\u00e6rkeligt med Corlu&#8230; Der m\u00e5 simpelthen stikke noget andet under? Tvivler p\u00e5 st det er Corona-senf\u00f8lger! Der kan man godt \u00f8nske sig en opdatering p\u00e5 hvad der foreg\u00e5r? \ud83e\udd37\u200d\u2642\ufe0f <a href=\"https:\/\/twitter.com\/hashtag\/Br%C3%B8ndby?src=hash&amp;ref_src=twsrc%5Etfw\">#Br\u00f8ndby<\/a><\/p>&mdash; Greenwall (@Kenneth_vold) <a href=\"https:\/\/twitter.com\/Kenneth_vold\/status\/1371023693757956098?ref_src=twsrc%5Etfw\">March 14, 2021<\/a><\/blockquote><script async src=\"https:\/\/platform.twitter.com\/widgets.js\" charset=\"utf-8\"><\/script>\n<\/div><\/figure>\n\n\n\n<figure class=\"wp-block-embed is-type-rich is-provider-twitter wp-block-embed-twitter\"><div class=\"wp-block-embed__wrapper\">\n<blockquote class=\"twitter-tweet\" data-width=\"550\" data-dnt=\"true\"><p lang=\"da\" dir=\"ltr\">Corlu er igen ikke med.. hvad er der galt med ham??? <a href=\"https:\/\/twitter.com\/hashtag\/br%C3%B8ndby?src=hash&amp;ref_src=twsrc%5Etfw\">#br\u00f8ndby<\/a> <a href=\"https:\/\/twitter.com\/hashtag\/bif?src=hash&amp;ref_src=twsrc%5Etfw\">#bif<\/a> <a href=\"https:\/\/twitter.com\/hashtag\/obbif?src=hash&amp;ref_src=twsrc%5Etfw\">#obbif<\/a> <a href=\"https:\/\/t.co\/OjdehFYsWY\">pic.twitter.com\/OjdehFYsWY<\/a><\/p>&mdash; Mr. Petersen (@las_2620) <a href=\"https:\/\/twitter.com\/las_2620\/status\/1371022558213050372?ref_src=twsrc%5Etfw\">March 14, 2021<\/a><\/blockquote><script async src=\"https:\/\/platform.twitter.com\/widgets.js\" charset=\"utf-8\"><\/script>\n<\/div><\/figure>\n","protected":false},"excerpt":{"rendered":"<p>Br\u00f8ndby IF er igen uden Rezan Corlu, der er sorteret fra truppen til OB-kampen p\u00e5 grund af fortsatte skadesproblemer<\/p>\n","protected":false},"author":705,"featured_media":238687,"comment_status":"open","ping_status":"closed","sticky":false,"template":"","format":"standard","meta":{"om_disable_all_campaigns":false,"push_articles_ronaldo":{"active":false,"canonical":0,"publish":false},"force_updates":null},"categories":[8060],"tags":[53,553,588],"enet_tags":{"team":["8595"],"player":["560778"],"league":["46"],"sport_events":[]},"yoast_head":"<!-- This site is optimized with the Yoast SEO plugin v18.3 - https:\/\/yoast.com\/wordpress\/plugins\/seo\/ -->\n<title>Br\u00f8ndby-fans undrer sig over frav\u00e6r: &quot;Hvorn\u00e5r f\u00e5r vi den rigtige historie?&quot;<\/title>\n<meta name=\"description\" content=\"Br\u00f8ndby IF er igen uden Rezan Corlu, der er sorteret fra truppen til OB-kampen p\u00e5 grund af fortsatte skadesproblemer\" \/>\n<meta name=\"robots\" content=\"index, follow, max-snippet:-1, max-image-preview:large, max-video-preview:-1\" \/>\n<link rel=\"canonical\" href=\"https:\/\/acefootball.com\/da\/fodboldnyheder\/broendby-fans-undrer-sig-over-fravaer-hvornaar-faar-vi-den-rigtige-historie\/\" \/>\n<meta property=\"og:locale\" content=\"en_US\" \/>\n<meta property=\"og:type\" content=\"article\" \/>\n<meta property=\"og:title\" content=\"Br\u00f8ndby-fans undrer sig over frav\u00e6r: &quot;Hvorn\u00e5r f\u00e5r vi den rigtige historie?&quot;\" \/>\n<meta property=\"og:description\" content=\"Br\u00f8ndby IF er igen uden Rezan Corlu, der er sorteret fra truppen til OB-kampen p\u00e5 grund af fortsatte skadesproblemer\" \/>\n<meta property=\"og:url\" content=\"https:\/\/acefootball.com\/da\/fodboldnyheder\/broendby-fans-undrer-sig-over-fravaer-hvornaar-faar-vi-den-rigtige-historie\/\" \/>\n<meta property=\"og:site_name\" content=\"Ace Football Danmark\" \/>\n<meta property=\"article:publisher\" content=\"https:\/\/www.facebook.com\/acefootballdk\" \/>\n<meta property=\"article:published_time\" content=\"2021-03-14T09:49:42+00:00\" \/>\n<meta property=\"article:modified_time\" content=\"2021-03-14T09:49:43+00:00\" \/>\n<meta property=\"og:image\" content=\"https:\/\/acefootball.com\/da\/wp-content\/uploads\/sites\/2\/2020\/11\/Brondby-1-1.jpg\" \/>\n\t<meta property=\"og:image:width\" content=\"1920\" \/>\n\t<meta property=\"og:image:height\" content=\"1008\" \/>\n\t<meta property=\"og:image:type\" content=\"image\/jpeg\" \/>\n<meta name=\"twitter:card\" content=\"summary_large_image\" \/>\n<meta name=\"twitter:label1\" content=\"Written by\" \/>\n\t<meta name=\"twitter:data1\" content=\"Mads Dreyer\" \/>\n\t<meta name=\"twitter:label2\" content=\"Est. reading time\" \/>\n\t<meta name=\"twitter:data2\" content=\"1 minute\" \/>\n<script type=\"application\/ld+json\" class=\"yoast-schema-graph\">{\"@context\":\"https:\/\/schema.org\",\"@graph\":[{\"@type\":\"Organization\",\"@id\":\"https:\/\/acefootball.com\/da\/#organization\",\"name\":\"Ace Football\",\"url\":\"https:\/\/acefootball.com\/da\/\",\"sameAs\":[\"https:\/\/www.facebook.com\/acefootballdk\"],\"logo\":{\"@type\":\"ImageObject\",\"@id\":\"https:\/\/acefootball.com\/da\/#logo\",\"inLanguage\":\"en-US\",\"url\":\"https:\/\/acefootball.com\/da\/wp-content\/uploads\/sites\/2\/2020\/07\/Ace-Football-30-07-2020-2.png\",\"contentUrl\":\"https:\/\/acefootball.com\/da\/wp-content\/uploads\/sites\/2\/2020\/07\/Ace-Football-30-07-2020-2.png\",\"width\":1200,\"height\":600,\"caption\":\"Ace Football\"},\"image\":{\"@id\":\"https:\/\/acefootball.com\/da\/#logo\"}},{\"@type\":\"WebSite\",\"@id\":\"https:\/\/acefootball.com\/da\/#website\",\"url\":\"https:\/\/acefootball.com\/da\/\",\"name\":\"Ace Football Danmark\",\"description\":\"Nyheder, Spiltips &amp; Livescore\",\"publisher\":{\"@id\":\"https:\/\/acefootball.com\/da\/#organization\"},\"potentialAction\":[{\"@type\":\"SearchAction\",\"target\":{\"@type\":\"EntryPoint\",\"urlTemplate\":\"https:\/\/acefootball.com\/da\/?s={search_term_string}\"},\"query-input\":\"required name=search_term_string\"}],\"inLanguage\":\"en-US\"},{\"@type\":\"ImageObject\",\"@id\":\"https:\/\/acefootball.com\/da\/fodboldnyheder\/broendby-fans-undrer-sig-over-fravaer-hvornaar-faar-vi-den-rigtige-historie\/#primaryimage\",\"inLanguage\":\"en-US\",\"url\":\"https:\/\/acefootball.com\/da\/wp-content\/uploads\/sites\/2\/2020\/11\/Brondby-1-1.jpg\",\"contentUrl\":\"https:\/\/acefootball.com\/da\/wp-content\/uploads\/sites\/2\/2020\/11\/Brondby-1-1.jpg\",\"width\":1920,\"height\":1008},{\"@type\":\"WebPage\",\"@id\":\"https:\/\/acefootball.com\/da\/fodboldnyheder\/broendby-fans-undrer-sig-over-fravaer-hvornaar-faar-vi-den-rigtige-historie\/#webpage\",\"url\":\"https:\/\/acefootball.com\/da\/fodboldnyheder\/broendby-fans-undrer-sig-over-fravaer-hvornaar-faar-vi-den-rigtige-historie\/\",\"name\":\"Br\u00f8ndby-fans undrer sig over frav\u00e6r: \\\"Hvorn\u00e5r f\u00e5r vi den rigtige historie?\\\"\",\"isPartOf\":{\"@id\":\"https:\/\/acefootball.com\/da\/#website\"},\"primaryImageOfPage\":{\"@id\":\"https:\/\/acefootball.com\/da\/fodboldnyheder\/broendby-fans-undrer-sig-over-fravaer-hvornaar-faar-vi-den-rigtige-historie\/#primaryimage\"},\"datePublished\":\"2021-03-14T09:49:42+00:00\",\"dateModified\":\"2021-03-14T09:49:43+00:00\",\"description\":\"Br\u00f8ndby IF er igen uden Rezan Corlu, der er sorteret fra truppen til OB-kampen p\u00e5 grund af fortsatte skadesproblemer\",\"breadcrumb\":{\"@id\":\"https:\/\/acefootball.com\/da\/fodboldnyheder\/broendby-fans-undrer-sig-over-fravaer-hvornaar-faar-vi-den-rigtige-historie\/#breadcrumb\"},\"inLanguage\":\"en-US\",\"potentialAction\":[{\"@type\":\"ReadAction\",\"target\":[\"https:\/\/acefootball.com\/da\/fodboldnyheder\/broendby-fans-undrer-sig-over-fravaer-hvornaar-faar-vi-den-rigtige-historie\/\"]}]},{\"@type\":\"BreadcrumbList\",\"@id\":\"https:\/\/acefootball.com\/da\/fodboldnyheder\/broendby-fans-undrer-sig-over-fravaer-hvornaar-faar-vi-den-rigtige-historie\/#breadcrumb\",\"itemListElement\":[{\"@type\":\"ListItem\",\"position\":1,\"name\":\"Home\",\"item\":\"https:\/\/acefootball.com\/da\/\"},{\"@type\":\"ListItem\",\"position\":2,\"name\":\"Br\u00f8ndby-fans undrer sig over frav\u00e6r: &#8220;Hvorn\u00e5r f\u00e5r vi den rigtige historie?&#8221;\"}]},{\"@type\":\"Article\",\"@id\":\"https:\/\/acefootball.com\/da\/fodboldnyheder\/broendby-fans-undrer-sig-over-fravaer-hvornaar-faar-vi-den-rigtige-historie\/#article\",\"isPartOf\":{\"@id\":\"https:\/\/acefootball.com\/da\/fodboldnyheder\/broendby-fans-undrer-sig-over-fravaer-hvornaar-faar-vi-den-rigtige-historie\/#webpage\"},\"author\":{\"@id\":\"https:\/\/acefootball.com\/da\/#\/schema\/person\/ee67e9cf04a276f144100ffa722f10cd\"},\"headline\":\"Br\u00f8ndby-fans undrer sig over frav\u00e6r: &#8220;Hvorn\u00e5r f\u00e5r vi den rigtige historie?&#8221;\",\"datePublished\":\"2021-03-14T09:49:42+00:00\",\"dateModified\":\"2021-03-14T09:49:43+00:00\",\"mainEntityOfPage\":{\"@id\":\"https:\/\/acefootball.com\/da\/fodboldnyheder\/broendby-fans-undrer-sig-over-fravaer-hvornaar-faar-vi-den-rigtige-historie\/#webpage\"},\"wordCount\":189,\"commentCount\":0,\"publisher\":{\"@id\":\"https:\/\/acefootball.com\/da\/#organization\"},\"image\":{\"@id\":\"https:\/\/acefootball.com\/da\/fodboldnyheder\/broendby-fans-undrer-sig-over-fravaer-hvornaar-faar-vi-den-rigtige-historie\/#primaryimage\"},\"thumbnailUrl\":\"https:\/\/acefootball.com\/da\/wp-content\/uploads\/sites\/2\/2020\/09\/GettyImages-1228748985.jpg\",\"keywords\":[\"Br\u00f8ndby IF\",\"Rezan Corlu\",\"Superligaen\"],\"articleSection\":[\"Reaktion\"],\"inLanguage\":\"en-US\",\"potentialAction\":[{\"@type\":\"CommentAction\",\"name\":\"Comment\",\"target\":[\"https:\/\/acefootball.com\/da\/fodboldnyheder\/broendby-fans-undrer-sig-over-fravaer-hvornaar-faar-vi-den-rigtige-historie\/#respond\"]}]},{\"@type\":\"Person\",\"@id\":\"https:\/\/acefootball.com\/da\/#\/schema\/person\/ee67e9cf04a276f144100ffa722f10cd\",\"name\":\"Mads Dreyer\",\"image\":{\"@type\":\"ImageObject\",\"@id\":\"https:\/\/acefootball.com\/da\/#personlogo\",\"inLanguage\":\"en-US\",\"url\":\"https:\/\/secure.gravatar.com\/avatar\/7c7abf72cfde9902b6a60efe60c88d4c?s=96&d=mm&r=g\",\"contentUrl\":\"https:\/\/secure.gravatar.com\/avatar\/7c7abf72cfde9902b6a60efe60c88d4c?s=96&d=mm&r=g\",\"caption\":\"Mads Dreyer\"},\"description\":\"Skribent og fodboldn\u00f8rd, der lige nu fort\u00e6ller om alt og intet i fodboldverdenen p\u00e5 acefootball.com. Uddannet i kommunikation fra Aalborg Universitet.\",\"sameAs\":[\"https:\/\/www.linkedin.com\/in\/mads-dreyer-b9b08266\/\"],\"url\":\"https:\/\/acefootball.com\/da\/fodboldnyheder\/author\/mdnronaldo\/\"}]}<\/script>\n<!-- \/ Yoast SEO plugin. -->","yoast_head_json":{"title":"Br\u00f8ndby-fans undrer sig over frav\u00e6r: \"Hvorn\u00e5r f\u00e5r vi den rigtige historie?\"","description":"Br\u00f8ndby IF er igen uden Rezan Corlu, der er sorteret fra truppen til OB-kampen p\u00e5 grund af fortsatte skadesproblemer","robots":{"index":"index","follow":"follow","max-snippet":"max-snippet:-1","max-image-preview":"max-image-preview:large","max-video-preview":"max-video-preview:-1"},"canonical":"https:\/\/acefootball.com\/da\/fodboldnyheder\/broendby-fans-undrer-sig-over-fravaer-hvornaar-faar-vi-den-rigtige-historie\/","og_locale":"en_US","og_type":"article","og_title":"Br\u00f8ndby-fans undrer sig over frav\u00e6r: \"Hvorn\u00e5r f\u00e5r vi den rigtige historie?\"","og_description":"Br\u00f8ndby IF er igen uden Rezan Corlu, der er sorteret fra truppen til OB-kampen p\u00e5 grund af fortsatte skadesproblemer","og_url":"https:\/\/acefootball.com\/da\/fodboldnyheder\/broendby-fans-undrer-sig-over-fravaer-hvornaar-faar-vi-den-rigtige-historie\/","og_site_name":"Ace Football Danmark","article_publisher":"https:\/\/www.facebook.com\/acefootballdk","article_published_time":"2021-03-14T09:49:42+00:00","article_modified_time":"2021-03-14T09:49:43+00:00","og_image":[{"width":1920,"height":1008,"url":"https:\/\/acefootball.com\/da\/wp-content\/uploads\/sites\/2\/2020\/11\/Brondby-1-1.jpg","type":"image\/jpeg"}],"twitter_card":"summary_large_image","twitter_misc":{"Written by":"Mads Dreyer","Est. reading time":"1 minute"},"schema":{"@context":"https:\/\/schema.org","@graph":[{"@type":"Organization","@id":"https:\/\/acefootball.com\/da\/#organization","name":"Ace Football","url":"https:\/\/acefootball.com\/da\/","sameAs":["https:\/\/www.facebook.com\/acefootballdk"],"logo":{"@type":"ImageObject","@id":"https:\/\/acefootball.com\/da\/#logo","inLanguage":"en-US","url":"https:\/\/acefootball.com\/da\/wp-content\/uploads\/sites\/2\/2020\/07\/Ace-Football-30-07-2020-2.png","contentUrl":"https:\/\/acefootball.com\/da\/wp-content\/uploads\/sites\/2\/2020\/07\/Ace-Football-30-07-2020-2.png","width":1200,"height":600,"caption":"Ace Football"},"image":{"@id":"https:\/\/acefootball.com\/da\/#logo"}},{"@type":"WebSite","@id":"https:\/\/acefootball.com\/da\/#website","url":"https:\/\/acefootball.com\/da\/","name":"Ace Football Danmark","description":"Nyheder, Spiltips &amp; Livescore","publisher":{"@id":"https:\/\/acefootball.com\/da\/#organization"},"potentialAction":[{"@type":"SearchAction","target":{"@type":"EntryPoint","urlTemplate":"https:\/\/acefootball.com\/da\/?s={search_term_string}"},"query-input":"required name=search_term_string"}],"inLanguage":"en-US"},{"@type":"ImageObject","@id":"https:\/\/acefootball.com\/da\/fodboldnyheder\/broendby-fans-undrer-sig-over-fravaer-hvornaar-faar-vi-den-rigtige-historie\/#primaryimage","inLanguage":"en-US","url":"https:\/\/acefootball.com\/da\/wp-content\/uploads\/sites\/2\/2020\/11\/Brondby-1-1.jpg","contentUrl":"https:\/\/acefootball.com\/da\/wp-content\/uploads\/sites\/2\/2020\/11\/Brondby-1-1.jpg","width":1920,"height":1008},{"@type":"WebPage","@id":"https:\/\/acefootball.com\/da\/fodboldnyheder\/broendby-fans-undrer-sig-over-fravaer-hvornaar-faar-vi-den-rigtige-historie\/#webpage","url":"https:\/\/acefootball.com\/da\/fodboldnyheder\/broendby-fans-undrer-sig-over-fravaer-hvornaar-faar-vi-den-rigtige-historie\/","name":"Br\u00f8ndby-fans undrer sig over frav\u00e6r: \"Hvorn\u00e5r f\u00e5r vi den rigtige historie?\"","isPartOf":{"@id":"https:\/\/acefootball.com\/da\/#website"},"primaryImageOfPage":{"@id":"https:\/\/acefootball.com\/da\/fodboldnyheder\/broendby-fans-undrer-sig-over-fravaer-hvornaar-faar-vi-den-rigtige-historie\/#primaryimage"},"datePublished":"2021-03-14T09:49:42+00:00","dateModified":"2021-03-14T09:49:43+00:00","description":"Br\u00f8ndby IF er igen uden Rezan Corlu, der er sorteret fra truppen til OB-kampen p\u00e5 grund af fortsatte skadesproblemer","breadcrumb":{"@id":"https:\/\/acefootball.com\/da\/fodboldnyheder\/broendby-fans-undrer-sig-over-fravaer-hvornaar-faar-vi-den-rigtige-historie\/#breadcrumb"},"inLanguage":"en-US","potentialAction":[{"@type":"ReadAction","target":["https:\/\/acefootball.com\/da\/fodboldnyheder\/broendby-fans-undrer-sig-over-fravaer-hvornaar-faar-vi-den-rigtige-historie\/"]}]},{"@type":"BreadcrumbList","@id":"https:\/\/acefootball.com\/da\/fodboldnyheder\/broendby-fans-undrer-sig-over-fravaer-hvornaar-faar-vi-den-rigtige-historie\/#breadcrumb","itemListElement":[{"@type":"ListItem","position":1,"name":"Home","item":"https:\/\/acefootball.com\/da\/"},{"@type":"ListItem","position":2,"name":"Br\u00f8ndby-fans undrer sig over frav\u00e6r: &#8220;Hvorn\u00e5r f\u00e5r vi den rigtige historie?&#8221;"}]},{"@type":"Article","@id":"https:\/\/acefootball.com\/da\/fodboldnyheder\/broendby-fans-undrer-sig-over-fravaer-hvornaar-faar-vi-den-rigtige-historie\/#article","isPartOf":{"@id":"https:\/\/acefootball.com\/da\/fodboldnyheder\/broendby-fans-undrer-sig-over-fravaer-hvornaar-faar-vi-den-rigtige-historie\/#webpage"},"author":{"@id":"https:\/\/acefootball.com\/da\/#\/schema\/person\/ee67e9cf04a276f144100ffa722f10cd"},"headline":"Br\u00f8ndby-fans undrer sig over frav\u00e6r: &#8220;Hvorn\u00e5r f\u00e5r vi den rigtige historie?&#8221;","datePublished":"2021-03-14T09:49:42+00:00","dateModified":"2021-03-14T09:49:43+00:00","mainEntityOfPage":{"@id":"https:\/\/acefootball.com\/da\/fodboldnyheder\/broendby-fans-undrer-sig-over-fravaer-hvornaar-faar-vi-den-rigtige-historie\/#webpage"},"wordCount":189,"commentCount":0,"publisher":{"@id":"https:\/\/acefootball.com\/da\/#organization"},"image":{"@id":"https:\/\/acefootball.com\/da\/fodboldnyheder\/broendby-fans-undrer-sig-over-fravaer-hvornaar-faar-vi-den-rigtige-historie\/#primaryimage"},"thumbnailUrl":"https:\/\/acefootball.com\/da\/wp-content\/uploads\/sites\/2\/2020\/09\/GettyImages-1228748985.jpg","keywords":["Br\u00f8ndby IF","Rezan Corlu","Superligaen"],"articleSection":["Reaktion"],"inLanguage":"en-US","potentialAction":[{"@type":"CommentAction","name":"Comment","target":["https:\/\/acefootball.com\/da\/fodboldnyheder\/broendby-fans-undrer-sig-over-fravaer-hvornaar-faar-vi-den-rigtige-historie\/#respond"]}]},{"@type":"Person","@id":"https:\/\/acefootball.com\/da\/#\/schema\/person\/ee67e9cf04a276f144100ffa722f10cd","name":"Mads Dreyer","image":{"@type":"ImageObject","@id":"https:\/\/acefootball.com\/da\/#personlogo","inLanguage":"en-US","url":"https:\/\/secure.gravatar.com\/avatar\/7c7abf72cfde9902b6a60efe60c88d4c?s=96&d=mm&r=g","contentUrl":"https:\/\/secure.gravatar.com\/avatar\/7c7abf72cfde9902b6a60efe60c88d4c?s=96&d=mm&r=g","caption":"Mads Dreyer"},"description":"Skribent og fodboldn\u00f8rd, der lige nu fort\u00e6ller om alt og intet i fodboldverdenen p\u00e5 acefootball.com. Uddannet i kommunikation fra Aalborg Universitet.","sameAs":["https:\/\/www.linkedin.com\/in\/mads-dreyer-b9b08266\/"],"url":"https:\/\/acefootball.com\/da\/fodboldnyheder\/author\/mdnronaldo\/"}]}},"fimg_url":"https:\/\/acefootball.com\/da\/wp-content\/uploads\/sites\/2\/2020\/09\/GettyImages-1228748985.jpg","_links":{"self":[{"href":"https:\/\/acefootball.com\/da\/wp-json\/wp\/v2\/posts\/254433"}],"collection":[{"href":"https:\/\/acefootball.com\/da\/wp-json\/wp\/v2\/posts"}],"about":[{"href":"https:\/\/acefootball.com\/da\/wp-json\/wp\/v2\/types\/post"}],"author":[{"embeddable":true,"href":"https:\/\/acefootball.com\/da\/wp-json\/wp\/v2\/users\/705"}],"replies":[{"embeddable":true,"href":"https:\/\/acefootball.com\/da\/wp-json\/wp\/v2\/comments?post=254433"}],"version-history":[{"count":0,"href":"https:\/\/acefootball.com\/da\/wp-json\/wp\/v2\/posts\/254433\/revisions"}],"wp:featuredmedia":[{"embeddable":true,"href":"https:\/\/acefootball.com\/da\/wp-json\/wp\/v2\/media\/238687"}],"wp:attachment":[{"href":"https:\/\/acefootball.com\/da\/wp-json\/wp\/v2\/media?parent=254433"}],"wp:term":[{"taxonomy":"category","embeddable":true,"href":"https:\/\/acefootball.com\/da\/wp-json\/wp\/v2\/categories?post=254433"},{"taxonomy":"post_tag","embeddable":true,"href":"https:\/\/acefootball.com\/da\/wp-json\/wp\/v2\/tags?post=254433"}],"curies":[{"name":"wp","href":"https:\/\/api.w.org\/{rel}","templated":true}]}}