{"id":254416,"date":"2021-03-14T08:30:46","date_gmt":"2021-03-14T07:30:46","guid":{"rendered":"https:\/\/acefootball.com\/da\/?p=254416"},"modified":"2021-03-14T08:30:47","modified_gmt":"2021-03-14T07:30:47","slug":"saa-gik-den-ikke-laengere-premier-league-bundhold-fyrer-traeneren","status":"publish","type":"post","link":"https:\/\/acefootball.com\/da\/fodboldnyheder\/saa-gik-den-ikke-laengere-premier-league-bundhold-fyrer-traeneren\/","title":{"rendered":"S\u00e5 gik den ikke l\u00e6ngere: Premier League-bundhold fyrer tr\u00e6neren"},"content":{"rendered":"\n<h2 id=\"h-sheffield-united-meddeler-at-man-har-oph-vet-kontrakten-med-manager-chris-wilder-efter-gensidig-aftale\">Sheffield United meddeler, at man har oph\u00e6vet kontrakten med manager Chris Wilder efter gensidig aftale<\/h2>\n\n\n\n<p>I sidste s\u00e6son leverede Sheffield United og manager Chris Wilder en pragtpr\u00e6station, da man som nyoprykker sluttede p\u00e5 en fornem niendeplads.<\/p>\n\n\n\n<p>I denne s\u00e6son ligger man derimod h\u00e5bl\u00f8st til i tabellen, hvor klubben indtager en plads som nummer sjok og har hele 12 point op til den rigtige side af nedrykningsstregen.<\/p>\n\n\n\n<p>Nu kommer der da ogs\u00e5 andre boller p\u00e5 suppen i Sheffield United, som sent l\u00f8rdag aften meddeler, at man g\u00e5r hver til sit med Wilder.<\/p>\n\n\n\n<p>Premier League-bundholdet skriver, at det sker efter gensidig aftale, og at Wilder har indvilget i at forlade klubben efter seks \u00e5r og to oprykninger.<\/p>\n\n\n\n<p>I stedet bliver det U23-tr\u00e6ner Paul Heckingbottom, der skal lede holdet i resten af s\u00e6sonen, og han f\u00e5r den for nyligt fyrede Bournemouth-manager Jason Tindall ind som hj\u00e6lper.<\/p>\n","protected":false},"excerpt":{"rendered":"<p>Sheffield United meddeler, at man har oph\u00e6vet kontrakten med manager Chris Wilder efter gensidig aftale<\/p>\n","protected":false},"author":705,"featured_media":254417,"comment_status":"open","ping_status":"closed","sticky":false,"template":"","format":"standard","meta":{"om_disable_all_campaigns":false,"push_articles_ronaldo":{"active":false,"canonical":0,"publish":false},"force_updates":null},"categories":[1],"tags":[134,2240],"enet_tags":{"league":["47"],"team":["8657"],"sport_events":[]},"yoast_head":"<!-- This site is optimized with the Yoast SEO plugin v18.3 - https:\/\/yoast.com\/wordpress\/plugins\/seo\/ -->\n<title>S\u00e5 gik den ikke l\u00e6ngere: Premier League-bundhold fyrer tr\u00e6neren<\/title>\n<meta name=\"description\" content=\"Sheffield United meddeler, at man har oph\u00e6vet kontrakten med manager Chris Wilder efter gensidig aftale\" \/>\n<meta name=\"robots\" content=\"index, follow, max-snippet:-1, max-image-preview:large, max-video-preview:-1\" \/>\n<link rel=\"canonical\" href=\"https:\/\/acefootball.com\/da\/fodboldnyheder\/saa-gik-den-ikke-laengere-premier-league-bundhold-fyrer-traeneren\/\" \/>\n<meta property=\"og:locale\" content=\"en_US\" \/>\n<meta property=\"og:type\" content=\"article\" \/>\n<meta property=\"og:title\" content=\"S\u00e5 gik den ikke l\u00e6ngere: Premier League-bundhold fyrer tr\u00e6neren\" \/>\n<meta property=\"og:description\" content=\"Sheffield United meddeler, at man har oph\u00e6vet kontrakten med manager Chris Wilder efter gensidig aftale\" \/>\n<meta property=\"og:url\" content=\"https:\/\/acefootball.com\/da\/fodboldnyheder\/saa-gik-den-ikke-laengere-premier-league-bundhold-fyrer-traeneren\/\" \/>\n<meta property=\"og:site_name\" content=\"Ace Football Danmark\" \/>\n<meta property=\"article:publisher\" content=\"https:\/\/www.facebook.com\/acefootballdk\" \/>\n<meta property=\"article:published_time\" content=\"2021-03-14T07:30:46+00:00\" \/>\n<meta property=\"article:modified_time\" content=\"2021-03-14T07:30:47+00:00\" \/>\n<meta property=\"og:image\" content=\"https:\/\/acefootball.com\/da\/wp-content\/uploads\/sites\/2\/2021\/03\/GettyImages-1303218937.jpg\" \/>\n\t<meta property=\"og:image:width\" content=\"1024\" \/>\n\t<meta property=\"og:image:height\" content=\"691\" \/>\n\t<meta property=\"og:image:type\" content=\"image\/jpeg\" \/>\n<meta name=\"twitter:card\" content=\"summary_large_image\" \/>\n<meta name=\"twitter:label1\" content=\"Written by\" \/>\n\t<meta name=\"twitter:data1\" content=\"Mads Dreyer\" \/>\n\t<meta name=\"twitter:label2\" content=\"Est. reading time\" \/>\n\t<meta name=\"twitter:data2\" content=\"1 minute\" \/>\n<script type=\"application\/ld+json\" class=\"yoast-schema-graph\">{\"@context\":\"https:\/\/schema.org\",\"@graph\":[{\"@type\":\"Organization\",\"@id\":\"https:\/\/acefootball.com\/da\/#organization\",\"name\":\"Ace Football\",\"url\":\"https:\/\/acefootball.com\/da\/\",\"sameAs\":[\"https:\/\/www.facebook.com\/acefootballdk\"],\"logo\":{\"@type\":\"ImageObject\",\"@id\":\"https:\/\/acefootball.com\/da\/#logo\",\"inLanguage\":\"en-US\",\"url\":\"https:\/\/acefootball.com\/da\/wp-content\/uploads\/sites\/2\/2020\/07\/Ace-Football-30-07-2020-2.png\",\"contentUrl\":\"https:\/\/acefootball.com\/da\/wp-content\/uploads\/sites\/2\/2020\/07\/Ace-Football-30-07-2020-2.png\",\"width\":1200,\"height\":600,\"caption\":\"Ace Football\"},\"image\":{\"@id\":\"https:\/\/acefootball.com\/da\/#logo\"}},{\"@type\":\"WebSite\",\"@id\":\"https:\/\/acefootball.com\/da\/#website\",\"url\":\"https:\/\/acefootball.com\/da\/\",\"name\":\"Ace Football Danmark\",\"description\":\"Nyheder, Spiltips &amp; Livescore\",\"publisher\":{\"@id\":\"https:\/\/acefootball.com\/da\/#organization\"},\"potentialAction\":[{\"@type\":\"SearchAction\",\"target\":{\"@type\":\"EntryPoint\",\"urlTemplate\":\"https:\/\/acefootball.com\/da\/?s={search_term_string}\"},\"query-input\":\"required name=search_term_string\"}],\"inLanguage\":\"en-US\"},{\"@type\":\"ImageObject\",\"@id\":\"https:\/\/acefootball.com\/da\/fodboldnyheder\/saa-gik-den-ikke-laengere-premier-league-bundhold-fyrer-traeneren\/#primaryimage\",\"inLanguage\":\"en-US\",\"url\":\"https:\/\/acefootball.com\/da\/wp-content\/uploads\/sites\/2\/2021\/03\/GettyImages-1303218937.jpg\",\"contentUrl\":\"https:\/\/acefootball.com\/da\/wp-content\/uploads\/sites\/2\/2021\/03\/GettyImages-1303218937.jpg\",\"width\":1024,\"height\":691,\"caption\":\"LONDON, ENGLAND - FEBRUARY 20: Chris Wilder, Manager of Sheffield United reacts following their side's defeat in the Premier League match between Fulham and Sheffield United at Craven Cottage on February 20, 2021 in London, England. Sporting stadiums around the UK remain under strict restrictions due to the Coronavirus Pandemic as Government social distancing laws prohibit fans inside venues resulting in games being played behind closed doors. (Photo by Andrew Couldridge - Pool\/Getty Images)\"},{\"@type\":\"WebPage\",\"@id\":\"https:\/\/acefootball.com\/da\/fodboldnyheder\/saa-gik-den-ikke-laengere-premier-league-bundhold-fyrer-traeneren\/#webpage\",\"url\":\"https:\/\/acefootball.com\/da\/fodboldnyheder\/saa-gik-den-ikke-laengere-premier-league-bundhold-fyrer-traeneren\/\",\"name\":\"S\u00e5 gik den ikke l\u00e6ngere: Premier League-bundhold fyrer tr\u00e6neren\",\"isPartOf\":{\"@id\":\"https:\/\/acefootball.com\/da\/#website\"},\"primaryImageOfPage\":{\"@id\":\"https:\/\/acefootball.com\/da\/fodboldnyheder\/saa-gik-den-ikke-laengere-premier-league-bundhold-fyrer-traeneren\/#primaryimage\"},\"datePublished\":\"2021-03-14T07:30:46+00:00\",\"dateModified\":\"2021-03-14T07:30:47+00:00\",\"description\":\"Sheffield United meddeler, at man har oph\u00e6vet kontrakten med manager Chris Wilder efter gensidig aftale\",\"breadcrumb\":{\"@id\":\"https:\/\/acefootball.com\/da\/fodboldnyheder\/saa-gik-den-ikke-laengere-premier-league-bundhold-fyrer-traeneren\/#breadcrumb\"},\"inLanguage\":\"en-US\",\"potentialAction\":[{\"@type\":\"ReadAction\",\"target\":[\"https:\/\/acefootball.com\/da\/fodboldnyheder\/saa-gik-den-ikke-laengere-premier-league-bundhold-fyrer-traeneren\/\"]}]},{\"@type\":\"BreadcrumbList\",\"@id\":\"https:\/\/acefootball.com\/da\/fodboldnyheder\/saa-gik-den-ikke-laengere-premier-league-bundhold-fyrer-traeneren\/#breadcrumb\",\"itemListElement\":[{\"@type\":\"ListItem\",\"position\":1,\"name\":\"Home\",\"item\":\"https:\/\/acefootball.com\/da\/\"},{\"@type\":\"ListItem\",\"position\":2,\"name\":\"S\u00e5 gik den ikke l\u00e6ngere: Premier League-bundhold fyrer tr\u00e6neren\"}]},{\"@type\":\"Article\",\"@id\":\"https:\/\/acefootball.com\/da\/fodboldnyheder\/saa-gik-den-ikke-laengere-premier-league-bundhold-fyrer-traeneren\/#article\",\"isPartOf\":{\"@id\":\"https:\/\/acefootball.com\/da\/fodboldnyheder\/saa-gik-den-ikke-laengere-premier-league-bundhold-fyrer-traeneren\/#webpage\"},\"author\":{\"@id\":\"https:\/\/acefootball.com\/da\/#\/schema\/person\/ee67e9cf04a276f144100ffa722f10cd\"},\"headline\":\"S\u00e5 gik den ikke l\u00e6ngere: Premier League-bundhold fyrer tr\u00e6neren\",\"datePublished\":\"2021-03-14T07:30:46+00:00\",\"dateModified\":\"2021-03-14T07:30:47+00:00\",\"mainEntityOfPage\":{\"@id\":\"https:\/\/acefootball.com\/da\/fodboldnyheder\/saa-gik-den-ikke-laengere-premier-league-bundhold-fyrer-traeneren\/#webpage\"},\"wordCount\":166,\"commentCount\":0,\"publisher\":{\"@id\":\"https:\/\/acefootball.com\/da\/#organization\"},\"image\":{\"@id\":\"https:\/\/acefootball.com\/da\/fodboldnyheder\/saa-gik-den-ikke-laengere-premier-league-bundhold-fyrer-traeneren\/#primaryimage\"},\"thumbnailUrl\":\"https:\/\/acefootball.com\/da\/wp-content\/uploads\/sites\/2\/2021\/03\/GettyImages-1303218937.jpg\",\"keywords\":[\"Premier League\",\"Sheffield United\"],\"articleSection\":[\"Nyhed\"],\"inLanguage\":\"en-US\",\"potentialAction\":[{\"@type\":\"CommentAction\",\"name\":\"Comment\",\"target\":[\"https:\/\/acefootball.com\/da\/fodboldnyheder\/saa-gik-den-ikke-laengere-premier-league-bundhold-fyrer-traeneren\/#respond\"]}]},{\"@type\":\"Person\",\"@id\":\"https:\/\/acefootball.com\/da\/#\/schema\/person\/ee67e9cf04a276f144100ffa722f10cd\",\"name\":\"Mads Dreyer\",\"image\":{\"@type\":\"ImageObject\",\"@id\":\"https:\/\/acefootball.com\/da\/#personlogo\",\"inLanguage\":\"en-US\",\"url\":\"https:\/\/secure.gravatar.com\/avatar\/7c7abf72cfde9902b6a60efe60c88d4c?s=96&d=mm&r=g\",\"contentUrl\":\"https:\/\/secure.gravatar.com\/avatar\/7c7abf72cfde9902b6a60efe60c88d4c?s=96&d=mm&r=g\",\"caption\":\"Mads Dreyer\"},\"description\":\"Skribent og fodboldn\u00f8rd, der lige nu fort\u00e6ller om alt og intet i fodboldverdenen p\u00e5 acefootball.com. Uddannet i kommunikation fra Aalborg Universitet.\",\"sameAs\":[\"https:\/\/www.linkedin.com\/in\/mads-dreyer-b9b08266\/\"],\"url\":\"https:\/\/acefootball.com\/da\/fodboldnyheder\/author\/mdnronaldo\/\"}]}<\/script>\n<!-- \/ Yoast SEO plugin. -->","yoast_head_json":{"title":"S\u00e5 gik den ikke l\u00e6ngere: Premier League-bundhold fyrer tr\u00e6neren","description":"Sheffield United meddeler, at man har oph\u00e6vet kontrakten med manager Chris Wilder efter gensidig aftale","robots":{"index":"index","follow":"follow","max-snippet":"max-snippet:-1","max-image-preview":"max-image-preview:large","max-video-preview":"max-video-preview:-1"},"canonical":"https:\/\/acefootball.com\/da\/fodboldnyheder\/saa-gik-den-ikke-laengere-premier-league-bundhold-fyrer-traeneren\/","og_locale":"en_US","og_type":"article","og_title":"S\u00e5 gik den ikke l\u00e6ngere: Premier League-bundhold fyrer tr\u00e6neren","og_description":"Sheffield United meddeler, at man har oph\u00e6vet kontrakten med manager Chris Wilder efter gensidig aftale","og_url":"https:\/\/acefootball.com\/da\/fodboldnyheder\/saa-gik-den-ikke-laengere-premier-league-bundhold-fyrer-traeneren\/","og_site_name":"Ace Football Danmark","article_publisher":"https:\/\/www.facebook.com\/acefootballdk","article_published_time":"2021-03-14T07:30:46+00:00","article_modified_time":"2021-03-14T07:30:47+00:00","og_image":[{"width":1024,"height":691,"url":"https:\/\/acefootball.com\/da\/wp-content\/uploads\/sites\/2\/2021\/03\/GettyImages-1303218937.jpg","type":"image\/jpeg"}],"twitter_card":"summary_large_image","twitter_misc":{"Written by":"Mads Dreyer","Est. reading time":"1 minute"},"schema":{"@context":"https:\/\/schema.org","@graph":[{"@type":"Organization","@id":"https:\/\/acefootball.com\/da\/#organization","name":"Ace Football","url":"https:\/\/acefootball.com\/da\/","sameAs":["https:\/\/www.facebook.com\/acefootballdk"],"logo":{"@type":"ImageObject","@id":"https:\/\/acefootball.com\/da\/#logo","inLanguage":"en-US","url":"https:\/\/acefootball.com\/da\/wp-content\/uploads\/sites\/2\/2020\/07\/Ace-Football-30-07-2020-2.png","contentUrl":"https:\/\/acefootball.com\/da\/wp-content\/uploads\/sites\/2\/2020\/07\/Ace-Football-30-07-2020-2.png","width":1200,"height":600,"caption":"Ace Football"},"image":{"@id":"https:\/\/acefootball.com\/da\/#logo"}},{"@type":"WebSite","@id":"https:\/\/acefootball.com\/da\/#website","url":"https:\/\/acefootball.com\/da\/","name":"Ace Football Danmark","description":"Nyheder, Spiltips &amp; Livescore","publisher":{"@id":"https:\/\/acefootball.com\/da\/#organization"},"potentialAction":[{"@type":"SearchAction","target":{"@type":"EntryPoint","urlTemplate":"https:\/\/acefootball.com\/da\/?s={search_term_string}"},"query-input":"required name=search_term_string"}],"inLanguage":"en-US"},{"@type":"ImageObject","@id":"https:\/\/acefootball.com\/da\/fodboldnyheder\/saa-gik-den-ikke-laengere-premier-league-bundhold-fyrer-traeneren\/#primaryimage","inLanguage":"en-US","url":"https:\/\/acefootball.com\/da\/wp-content\/uploads\/sites\/2\/2021\/03\/GettyImages-1303218937.jpg","contentUrl":"https:\/\/acefootball.com\/da\/wp-content\/uploads\/sites\/2\/2021\/03\/GettyImages-1303218937.jpg","width":1024,"height":691,"caption":"LONDON, ENGLAND - FEBRUARY 20: Chris Wilder, Manager of Sheffield United reacts following their side's defeat in the Premier League match between Fulham and Sheffield United at Craven Cottage on February 20, 2021 in London, England. Sporting stadiums around the UK remain under strict restrictions due to the Coronavirus Pandemic as Government social distancing laws prohibit fans inside venues resulting in games being played behind closed doors. (Photo by Andrew Couldridge - Pool\/Getty Images)"},{"@type":"WebPage","@id":"https:\/\/acefootball.com\/da\/fodboldnyheder\/saa-gik-den-ikke-laengere-premier-league-bundhold-fyrer-traeneren\/#webpage","url":"https:\/\/acefootball.com\/da\/fodboldnyheder\/saa-gik-den-ikke-laengere-premier-league-bundhold-fyrer-traeneren\/","name":"S\u00e5 gik den ikke l\u00e6ngere: Premier League-bundhold fyrer tr\u00e6neren","isPartOf":{"@id":"https:\/\/acefootball.com\/da\/#website"},"primaryImageOfPage":{"@id":"https:\/\/acefootball.com\/da\/fodboldnyheder\/saa-gik-den-ikke-laengere-premier-league-bundhold-fyrer-traeneren\/#primaryimage"},"datePublished":"2021-03-14T07:30:46+00:00","dateModified":"2021-03-14T07:30:47+00:00","description":"Sheffield United meddeler, at man har oph\u00e6vet kontrakten med manager Chris Wilder efter gensidig aftale","breadcrumb":{"@id":"https:\/\/acefootball.com\/da\/fodboldnyheder\/saa-gik-den-ikke-laengere-premier-league-bundhold-fyrer-traeneren\/#breadcrumb"},"inLanguage":"en-US","potentialAction":[{"@type":"ReadAction","target":["https:\/\/acefootball.com\/da\/fodboldnyheder\/saa-gik-den-ikke-laengere-premier-league-bundhold-fyrer-traeneren\/"]}]},{"@type":"BreadcrumbList","@id":"https:\/\/acefootball.com\/da\/fodboldnyheder\/saa-gik-den-ikke-laengere-premier-league-bundhold-fyrer-traeneren\/#breadcrumb","itemListElement":[{"@type":"ListItem","position":1,"name":"Home","item":"https:\/\/acefootball.com\/da\/"},{"@type":"ListItem","position":2,"name":"S\u00e5 gik den ikke l\u00e6ngere: Premier League-bundhold fyrer tr\u00e6neren"}]},{"@type":"Article","@id":"https:\/\/acefootball.com\/da\/fodboldnyheder\/saa-gik-den-ikke-laengere-premier-league-bundhold-fyrer-traeneren\/#article","isPartOf":{"@id":"https:\/\/acefootball.com\/da\/fodboldnyheder\/saa-gik-den-ikke-laengere-premier-league-bundhold-fyrer-traeneren\/#webpage"},"author":{"@id":"https:\/\/acefootball.com\/da\/#\/schema\/person\/ee67e9cf04a276f144100ffa722f10cd"},"headline":"S\u00e5 gik den ikke l\u00e6ngere: Premier League-bundhold fyrer tr\u00e6neren","datePublished":"2021-03-14T07:30:46+00:00","dateModified":"2021-03-14T07:30:47+00:00","mainEntityOfPage":{"@id":"https:\/\/acefootball.com\/da\/fodboldnyheder\/saa-gik-den-ikke-laengere-premier-league-bundhold-fyrer-traeneren\/#webpage"},"wordCount":166,"commentCount":0,"publisher":{"@id":"https:\/\/acefootball.com\/da\/#organization"},"image":{"@id":"https:\/\/acefootball.com\/da\/fodboldnyheder\/saa-gik-den-ikke-laengere-premier-league-bundhold-fyrer-traeneren\/#primaryimage"},"thumbnailUrl":"https:\/\/acefootball.com\/da\/wp-content\/uploads\/sites\/2\/2021\/03\/GettyImages-1303218937.jpg","keywords":["Premier League","Sheffield United"],"articleSection":["Nyhed"],"inLanguage":"en-US","potentialAction":[{"@type":"CommentAction","name":"Comment","target":["https:\/\/acefootball.com\/da\/fodboldnyheder\/saa-gik-den-ikke-laengere-premier-league-bundhold-fyrer-traeneren\/#respond"]}]},{"@type":"Person","@id":"https:\/\/acefootball.com\/da\/#\/schema\/person\/ee67e9cf04a276f144100ffa722f10cd","name":"Mads Dreyer","image":{"@type":"ImageObject","@id":"https:\/\/acefootball.com\/da\/#personlogo","inLanguage":"en-US","url":"https:\/\/secure.gravatar.com\/avatar\/7c7abf72cfde9902b6a60efe60c88d4c?s=96&d=mm&r=g","contentUrl":"https:\/\/secure.gravatar.com\/avatar\/7c7abf72cfde9902b6a60efe60c88d4c?s=96&d=mm&r=g","caption":"Mads Dreyer"},"description":"Skribent og fodboldn\u00f8rd, der lige nu fort\u00e6ller om alt og intet i fodboldverdenen p\u00e5 acefootball.com. Uddannet i kommunikation fra Aalborg Universitet.","sameAs":["https:\/\/www.linkedin.com\/in\/mads-dreyer-b9b08266\/"],"url":"https:\/\/acefootball.com\/da\/fodboldnyheder\/author\/mdnronaldo\/"}]}},"fimg_url":"https:\/\/acefootball.com\/da\/wp-content\/uploads\/sites\/2\/2021\/03\/GettyImages-1303218937.jpg","_links":{"self":[{"href":"https:\/\/acefootball.com\/da\/wp-json\/wp\/v2\/posts\/254416"}],"collection":[{"href":"https:\/\/acefootball.com\/da\/wp-json\/wp\/v2\/posts"}],"about":[{"href":"https:\/\/acefootball.com\/da\/wp-json\/wp\/v2\/types\/post"}],"author":[{"embeddable":true,"href":"https:\/\/acefootball.com\/da\/wp-json\/wp\/v2\/users\/705"}],"replies":[{"embeddable":true,"href":"https:\/\/acefootball.com\/da\/wp-json\/wp\/v2\/comments?post=254416"}],"version-history":[{"count":0,"href":"https:\/\/acefootball.com\/da\/wp-json\/wp\/v2\/posts\/254416\/revisions"}],"wp:featuredmedia":[{"embeddable":true,"href":"https:\/\/acefootball.com\/da\/wp-json\/wp\/v2\/media\/254417"}],"wp:attachment":[{"href":"https:\/\/acefootball.com\/da\/wp-json\/wp\/v2\/media?parent=254416"}],"wp:term":[{"taxonomy":"category","embeddable":true,"href":"https:\/\/acefootball.com\/da\/wp-json\/wp\/v2\/categories?post=254416"},{"taxonomy":"post_tag","embeddable":true,"href":"https:\/\/acefootball.com\/da\/wp-json\/wp\/v2\/tags?post=254416"}],"curies":[{"name":"wp","href":"https:\/\/api.w.org\/{rel}","templated":true}]}}