{"id":254350,"date":"2021-03-13T15:40:24","date_gmt":"2021-03-13T14:40:24","guid":{"rendered":"https:\/\/acefootball.com\/da\/?p=254350"},"modified":"2021-03-13T15:40:25","modified_gmt":"2021-03-13T14:40:25","slug":"da-tidligere-real-madrid-spiller-blev-anklaget-for-mordforsoeg","status":"publish","type":"post","link":"https:\/\/acefootball.com\/da\/fodboldnyheder\/da-tidligere-real-madrid-spiller-blev-anklaget-for-mordforsoeg\/","title":{"rendered":"Da tidligere Real Madrid-spiller blev anklaget for mordfors\u00f8g"},"content":{"rendered":"\n<h2 id=\"h-den-tidligere-real-madrid-spiller-ra-l-bravo-blev-k-det-sammen-med-et-skyderi-mod-hans-tidligere-holdkammerat-darko-kovacevic\">Den tidligere Real Madrid-spiller Ra\u00fal Bravo blev k\u00e6det sammen med et skyderi mod hans tidligere holdkammerat Darko Kovacevic<\/h2>\n\n\n\n<p>En vild historie kom sidste \u00e5r frem i Serbien, da et nationalt medie anklagede den tidligere Real Madrid-spiller Ra\u00fal Bravo for at have bestilt et mord p\u00e5 hans tidligere holdkammerat fra Olympiakos, Darko Kovacevic.<\/p>\n\n\n\n<p>Kovacevic blev overfaldet udenfor sit hjem i Athen, hvor han m\u00e5tte l\u00e6gge sig ned p\u00e5 jorden for at undg\u00e5 kuglerne. Det er i den forbindelse, mediet h\u00e6vder, at Bravo var involveret.<\/p>\n\n\n\n<p>Ra\u00fal Bravo ben\u00e6gtede dog ikke overraskende selv, at han skulle have v\u00e6ret involveret i episoden.<\/p>\n\n\n\n<p>&#8220;Et magasin i Serbien har breaket det, og jeg er chokeret over, at de siger, at jeg har beordret et mord p\u00e5 Kovacevic. Det eneste de g\u00e5r op i, er at s\u00e6lge blade, og at sige at jeg ville have ham dr\u00e6bt, vil s\u00e6lge mange flere. Men det er en sk\u00f8r historie. Det er det rene nonsens,&#8221; siger Bravo if\u00f8lge <em><a aria-label=\"Goal (\u00e5bner i en ny fane)\" href=\"https:\/\/www.goal.com\/en\/news\/nonsense-ex-real-madrid-raul-bravo-denies-ordering-death\/mmwwp3p74u3a1qbs4n9pf0kac\" target=\"_blank\" rel=\"noreferrer noopener\">Goal<\/a><\/em>.<\/p>\n\n\n\n<p>Bravo har dog en plettet fortid, da han var indblandet i en sag om matchfixing i gr\u00e6sk fodbold, og det er her motivet skulle have opst\u00e5et.<\/p>\n\n\n\n<figure class=\"wp-block-embed is-type-wp-embed is-provider-ace-football-danmark wp-block-embed-ace-football-danmark\"><div class=\"wp-block-embed__wrapper\">\n<blockquote class=\"wp-embedded-content\" data-secret=\"TKLShsygZw\"><a href=\"https:\/\/acefootball.com\/da\/fodboldnyheder\/otte-aar-efter-karrierestop-beckham-brillerer-med-fremragende-sparketeknik\/\">Otte \u00e5r efter karrierestop: Beckham brillerer med fremragende sparketeknik<\/a><\/blockquote><iframe class=\"wp-embedded-content\" sandbox=\"allow-scripts\" security=\"restricted\" style=\"position: absolute; clip: rect(1px, 1px, 1px, 1px);\" title=\"&#8220;Otte \u00e5r efter karrierestop: Beckham brillerer med fremragende sparketeknik&#8221; &#8212; Ace Football Danmark\" src=\"https:\/\/acefootball.com\/da\/fodboldnyheder\/otte-aar-efter-karrierestop-beckham-brillerer-med-fremragende-sparketeknik\/embed\/#?secret=TKLShsygZw\" data-secret=\"TKLShsygZw\" width=\"600\" height=\"338\" frameborder=\"0\" marginwidth=\"0\" marginheight=\"0\" scrolling=\"no\"><\/iframe>\n<\/div><\/figure>\n","protected":false},"excerpt":{"rendered":"<p>Den tidligere Real Madrid-spiller Ra\u00fal Bravo blev k\u00e6det sammen med et skyderi mod hans tidligere holdkammerat Darko Kovacevic<\/p>\n","protected":false},"author":705,"featured_media":254356,"comment_status":"open","ping_status":"closed","sticky":false,"template":"","format":"standard","meta":{"om_disable_all_campaigns":false,"push_articles_ronaldo":{"active":false,"canonical":0,"publish":false},"force_updates":null},"categories":[2470],"tags":[303,1654,85],"enet_tags":{"league":["87"],"team":["8638","8633"],"sport_events":[]},"yoast_head":"<!-- This site is optimized with the Yoast SEO plugin v18.3 - https:\/\/yoast.com\/wordpress\/plugins\/seo\/ -->\n<title>Da tidligere Real Madrid-spiller blev anklaget for mordfors\u00f8g<\/title>\n<meta name=\"description\" content=\"Den tidligere Real Madrid-spiller Ra\u00fal Bravo blev k\u00e6det sammen med et skyderi mod hans tidligere holdkammerat Darko Kovacevic\" \/>\n<meta name=\"robots\" content=\"index, follow, max-snippet:-1, max-image-preview:large, max-video-preview:-1\" \/>\n<link rel=\"canonical\" href=\"https:\/\/ronaldo.com\/dk\/fodboldnyheder\/tidligere-real-madrid-spiller-afviser-mord-rygter\/\" \/>\n<meta property=\"og:locale\" content=\"en_US\" \/>\n<meta property=\"og:type\" content=\"article\" \/>\n<meta property=\"og:title\" content=\"Da tidligere Real Madrid-spiller blev anklaget for mordfors\u00f8g\" \/>\n<meta property=\"og:description\" content=\"Den tidligere Real Madrid-spiller Ra\u00fal Bravo blev k\u00e6det sammen med et skyderi mod hans tidligere holdkammerat Darko Kovacevic\" \/>\n<meta property=\"og:url\" content=\"https:\/\/acefootball.com\/da\/fodboldnyheder\/da-tidligere-real-madrid-spiller-blev-anklaget-for-mordforsoeg\/\" \/>\n<meta property=\"og:site_name\" content=\"Ace Football Danmark\" \/>\n<meta property=\"article:publisher\" content=\"https:\/\/www.facebook.com\/acefootballdk\" \/>\n<meta property=\"article:published_time\" content=\"2021-03-13T14:40:24+00:00\" \/>\n<meta property=\"article:modified_time\" content=\"2021-03-13T14:40:25+00:00\" \/>\n<meta property=\"og:image\" content=\"https:\/\/acefootball.com\/da\/wp-content\/uploads\/sites\/2\/2021\/03\/Laes-mere-generel-3-6.jpg\" \/>\n\t<meta property=\"og:image:width\" content=\"1920\" \/>\n\t<meta property=\"og:image:height\" content=\"1008\" \/>\n\t<meta property=\"og:image:type\" content=\"image\/jpeg\" \/>\n<meta name=\"twitter:card\" content=\"summary_large_image\" \/>\n<meta name=\"twitter:label1\" content=\"Written by\" \/>\n\t<meta name=\"twitter:data1\" content=\"Mads Dreyer\" \/>\n\t<meta name=\"twitter:label2\" content=\"Est. reading time\" \/>\n\t<meta name=\"twitter:data2\" content=\"1 minute\" \/>\n<script type=\"application\/ld+json\" class=\"yoast-schema-graph\">{\"@context\":\"https:\/\/schema.org\",\"@graph\":[{\"@type\":\"Organization\",\"@id\":\"https:\/\/acefootball.com\/da\/#organization\",\"name\":\"Ace Football\",\"url\":\"https:\/\/acefootball.com\/da\/\",\"sameAs\":[\"https:\/\/www.facebook.com\/acefootballdk\"],\"logo\":{\"@type\":\"ImageObject\",\"@id\":\"https:\/\/acefootball.com\/da\/#logo\",\"inLanguage\":\"en-US\",\"url\":\"https:\/\/acefootball.com\/da\/wp-content\/uploads\/sites\/2\/2020\/07\/Ace-Football-30-07-2020-2.png\",\"contentUrl\":\"https:\/\/acefootball.com\/da\/wp-content\/uploads\/sites\/2\/2020\/07\/Ace-Football-30-07-2020-2.png\",\"width\":1200,\"height\":600,\"caption\":\"Ace Football\"},\"image\":{\"@id\":\"https:\/\/acefootball.com\/da\/#logo\"}},{\"@type\":\"WebSite\",\"@id\":\"https:\/\/acefootball.com\/da\/#website\",\"url\":\"https:\/\/acefootball.com\/da\/\",\"name\":\"Ace Football Danmark\",\"description\":\"Nyheder, Spiltips &amp; Livescore\",\"publisher\":{\"@id\":\"https:\/\/acefootball.com\/da\/#organization\"},\"potentialAction\":[{\"@type\":\"SearchAction\",\"target\":{\"@type\":\"EntryPoint\",\"urlTemplate\":\"https:\/\/acefootball.com\/da\/?s={search_term_string}\"},\"query-input\":\"required name=search_term_string\"}],\"inLanguage\":\"en-US\"},{\"@type\":\"ImageObject\",\"@id\":\"https:\/\/acefootball.com\/da\/fodboldnyheder\/da-tidligere-real-madrid-spiller-blev-anklaget-for-mordforsoeg\/#primaryimage\",\"inLanguage\":\"en-US\",\"url\":\"https:\/\/acefootball.com\/da\/wp-content\/uploads\/sites\/2\/2021\/03\/Laes-mere-generel-3-6.jpg\",\"contentUrl\":\"https:\/\/acefootball.com\/da\/wp-content\/uploads\/sites\/2\/2021\/03\/Laes-mere-generel-3-6.jpg\",\"width\":1920,\"height\":1008,\"caption\":\"bravo\"},{\"@type\":\"WebPage\",\"@id\":\"https:\/\/acefootball.com\/da\/fodboldnyheder\/da-tidligere-real-madrid-spiller-blev-anklaget-for-mordforsoeg\/#webpage\",\"url\":\"https:\/\/acefootball.com\/da\/fodboldnyheder\/da-tidligere-real-madrid-spiller-blev-anklaget-for-mordforsoeg\/\",\"name\":\"Da tidligere Real Madrid-spiller blev anklaget for mordfors\u00f8g\",\"isPartOf\":{\"@id\":\"https:\/\/acefootball.com\/da\/#website\"},\"primaryImageOfPage\":{\"@id\":\"https:\/\/acefootball.com\/da\/fodboldnyheder\/da-tidligere-real-madrid-spiller-blev-anklaget-for-mordforsoeg\/#primaryimage\"},\"datePublished\":\"2021-03-13T14:40:24+00:00\",\"dateModified\":\"2021-03-13T14:40:25+00:00\",\"description\":\"Den tidligere Real Madrid-spiller Ra\u00fal Bravo blev k\u00e6det sammen med et skyderi mod hans tidligere holdkammerat Darko Kovacevic\",\"breadcrumb\":{\"@id\":\"https:\/\/acefootball.com\/da\/fodboldnyheder\/da-tidligere-real-madrid-spiller-blev-anklaget-for-mordforsoeg\/#breadcrumb\"},\"inLanguage\":\"en-US\",\"potentialAction\":[{\"@type\":\"ReadAction\",\"target\":[\"https:\/\/acefootball.com\/da\/fodboldnyheder\/da-tidligere-real-madrid-spiller-blev-anklaget-for-mordforsoeg\/\"]}]},{\"@type\":\"BreadcrumbList\",\"@id\":\"https:\/\/acefootball.com\/da\/fodboldnyheder\/da-tidligere-real-madrid-spiller-blev-anklaget-for-mordforsoeg\/#breadcrumb\",\"itemListElement\":[{\"@type\":\"ListItem\",\"position\":1,\"name\":\"Home\",\"item\":\"https:\/\/acefootball.com\/da\/\"},{\"@type\":\"ListItem\",\"position\":2,\"name\":\"Da tidligere Real Madrid-spiller blev anklaget for mordfors\u00f8g\"}]},{\"@type\":\"Article\",\"@id\":\"https:\/\/acefootball.com\/da\/fodboldnyheder\/da-tidligere-real-madrid-spiller-blev-anklaget-for-mordforsoeg\/#article\",\"isPartOf\":{\"@id\":\"https:\/\/acefootball.com\/da\/fodboldnyheder\/da-tidligere-real-madrid-spiller-blev-anklaget-for-mordforsoeg\/#webpage\"},\"author\":{\"@id\":\"https:\/\/acefootball.com\/da\/#\/schema\/person\/ee67e9cf04a276f144100ffa722f10cd\"},\"headline\":\"Da tidligere Real Madrid-spiller blev anklaget for mordfors\u00f8g\",\"datePublished\":\"2021-03-13T14:40:24+00:00\",\"dateModified\":\"2021-03-13T14:40:25+00:00\",\"mainEntityOfPage\":{\"@id\":\"https:\/\/acefootball.com\/da\/fodboldnyheder\/da-tidligere-real-madrid-spiller-blev-anklaget-for-mordforsoeg\/#webpage\"},\"wordCount\":217,\"commentCount\":0,\"publisher\":{\"@id\":\"https:\/\/acefootball.com\/da\/#organization\"},\"image\":{\"@id\":\"https:\/\/acefootball.com\/da\/fodboldnyheder\/da-tidligere-real-madrid-spiller-blev-anklaget-for-mordforsoeg\/#primaryimage\"},\"thumbnailUrl\":\"https:\/\/acefootball.com\/da\/wp-content\/uploads\/sites\/2\/2021\/03\/GettyImages-56827644.jpg\",\"keywords\":[\"La Liga\",\"Olympiacos\",\"Real Madrid\"],\"articleSection\":[\"Offsite\"],\"inLanguage\":\"en-US\",\"potentialAction\":[{\"@type\":\"CommentAction\",\"name\":\"Comment\",\"target\":[\"https:\/\/acefootball.com\/da\/fodboldnyheder\/da-tidligere-real-madrid-spiller-blev-anklaget-for-mordforsoeg\/#respond\"]}]},{\"@type\":\"Person\",\"@id\":\"https:\/\/acefootball.com\/da\/#\/schema\/person\/ee67e9cf04a276f144100ffa722f10cd\",\"name\":\"Mads Dreyer\",\"image\":{\"@type\":\"ImageObject\",\"@id\":\"https:\/\/acefootball.com\/da\/#personlogo\",\"inLanguage\":\"en-US\",\"url\":\"https:\/\/secure.gravatar.com\/avatar\/7c7abf72cfde9902b6a60efe60c88d4c?s=96&d=mm&r=g\",\"contentUrl\":\"https:\/\/secure.gravatar.com\/avatar\/7c7abf72cfde9902b6a60efe60c88d4c?s=96&d=mm&r=g\",\"caption\":\"Mads Dreyer\"},\"description\":\"Skribent og fodboldn\u00f8rd, der lige nu fort\u00e6ller om alt og intet i fodboldverdenen p\u00e5 acefootball.com. Uddannet i kommunikation fra Aalborg Universitet.\",\"sameAs\":[\"https:\/\/www.linkedin.com\/in\/mads-dreyer-b9b08266\/\"],\"url\":\"https:\/\/acefootball.com\/da\/fodboldnyheder\/author\/mdnronaldo\/\"}]}<\/script>\n<!-- \/ Yoast SEO plugin. -->","yoast_head_json":{"title":"Da tidligere Real Madrid-spiller blev anklaget for mordfors\u00f8g","description":"Den tidligere Real Madrid-spiller Ra\u00fal Bravo blev k\u00e6det sammen med et skyderi mod hans tidligere holdkammerat Darko Kovacevic","robots":{"index":"index","follow":"follow","max-snippet":"max-snippet:-1","max-image-preview":"max-image-preview:large","max-video-preview":"max-video-preview:-1"},"canonical":"https:\/\/ronaldo.com\/dk\/fodboldnyheder\/tidligere-real-madrid-spiller-afviser-mord-rygter\/","og_locale":"en_US","og_type":"article","og_title":"Da tidligere Real Madrid-spiller blev anklaget for mordfors\u00f8g","og_description":"Den tidligere Real Madrid-spiller Ra\u00fal Bravo blev k\u00e6det sammen med et skyderi mod hans tidligere holdkammerat Darko Kovacevic","og_url":"https:\/\/acefootball.com\/da\/fodboldnyheder\/da-tidligere-real-madrid-spiller-blev-anklaget-for-mordforsoeg\/","og_site_name":"Ace Football Danmark","article_publisher":"https:\/\/www.facebook.com\/acefootballdk","article_published_time":"2021-03-13T14:40:24+00:00","article_modified_time":"2021-03-13T14:40:25+00:00","og_image":[{"width":1920,"height":1008,"url":"https:\/\/acefootball.com\/da\/wp-content\/uploads\/sites\/2\/2021\/03\/Laes-mere-generel-3-6.jpg","type":"image\/jpeg"}],"twitter_card":"summary_large_image","twitter_misc":{"Written by":"Mads Dreyer","Est. reading time":"1 minute"},"schema":{"@context":"https:\/\/schema.org","@graph":[{"@type":"Organization","@id":"https:\/\/acefootball.com\/da\/#organization","name":"Ace Football","url":"https:\/\/acefootball.com\/da\/","sameAs":["https:\/\/www.facebook.com\/acefootballdk"],"logo":{"@type":"ImageObject","@id":"https:\/\/acefootball.com\/da\/#logo","inLanguage":"en-US","url":"https:\/\/acefootball.com\/da\/wp-content\/uploads\/sites\/2\/2020\/07\/Ace-Football-30-07-2020-2.png","contentUrl":"https:\/\/acefootball.com\/da\/wp-content\/uploads\/sites\/2\/2020\/07\/Ace-Football-30-07-2020-2.png","width":1200,"height":600,"caption":"Ace Football"},"image":{"@id":"https:\/\/acefootball.com\/da\/#logo"}},{"@type":"WebSite","@id":"https:\/\/acefootball.com\/da\/#website","url":"https:\/\/acefootball.com\/da\/","name":"Ace Football Danmark","description":"Nyheder, Spiltips &amp; Livescore","publisher":{"@id":"https:\/\/acefootball.com\/da\/#organization"},"potentialAction":[{"@type":"SearchAction","target":{"@type":"EntryPoint","urlTemplate":"https:\/\/acefootball.com\/da\/?s={search_term_string}"},"query-input":"required name=search_term_string"}],"inLanguage":"en-US"},{"@type":"ImageObject","@id":"https:\/\/acefootball.com\/da\/fodboldnyheder\/da-tidligere-real-madrid-spiller-blev-anklaget-for-mordforsoeg\/#primaryimage","inLanguage":"en-US","url":"https:\/\/acefootball.com\/da\/wp-content\/uploads\/sites\/2\/2021\/03\/Laes-mere-generel-3-6.jpg","contentUrl":"https:\/\/acefootball.com\/da\/wp-content\/uploads\/sites\/2\/2021\/03\/Laes-mere-generel-3-6.jpg","width":1920,"height":1008,"caption":"bravo"},{"@type":"WebPage","@id":"https:\/\/acefootball.com\/da\/fodboldnyheder\/da-tidligere-real-madrid-spiller-blev-anklaget-for-mordforsoeg\/#webpage","url":"https:\/\/acefootball.com\/da\/fodboldnyheder\/da-tidligere-real-madrid-spiller-blev-anklaget-for-mordforsoeg\/","name":"Da tidligere Real Madrid-spiller blev anklaget for mordfors\u00f8g","isPartOf":{"@id":"https:\/\/acefootball.com\/da\/#website"},"primaryImageOfPage":{"@id":"https:\/\/acefootball.com\/da\/fodboldnyheder\/da-tidligere-real-madrid-spiller-blev-anklaget-for-mordforsoeg\/#primaryimage"},"datePublished":"2021-03-13T14:40:24+00:00","dateModified":"2021-03-13T14:40:25+00:00","description":"Den tidligere Real Madrid-spiller Ra\u00fal Bravo blev k\u00e6det sammen med et skyderi mod hans tidligere holdkammerat Darko Kovacevic","breadcrumb":{"@id":"https:\/\/acefootball.com\/da\/fodboldnyheder\/da-tidligere-real-madrid-spiller-blev-anklaget-for-mordforsoeg\/#breadcrumb"},"inLanguage":"en-US","potentialAction":[{"@type":"ReadAction","target":["https:\/\/acefootball.com\/da\/fodboldnyheder\/da-tidligere-real-madrid-spiller-blev-anklaget-for-mordforsoeg\/"]}]},{"@type":"BreadcrumbList","@id":"https:\/\/acefootball.com\/da\/fodboldnyheder\/da-tidligere-real-madrid-spiller-blev-anklaget-for-mordforsoeg\/#breadcrumb","itemListElement":[{"@type":"ListItem","position":1,"name":"Home","item":"https:\/\/acefootball.com\/da\/"},{"@type":"ListItem","position":2,"name":"Da tidligere Real Madrid-spiller blev anklaget for mordfors\u00f8g"}]},{"@type":"Article","@id":"https:\/\/acefootball.com\/da\/fodboldnyheder\/da-tidligere-real-madrid-spiller-blev-anklaget-for-mordforsoeg\/#article","isPartOf":{"@id":"https:\/\/acefootball.com\/da\/fodboldnyheder\/da-tidligere-real-madrid-spiller-blev-anklaget-for-mordforsoeg\/#webpage"},"author":{"@id":"https:\/\/acefootball.com\/da\/#\/schema\/person\/ee67e9cf04a276f144100ffa722f10cd"},"headline":"Da tidligere Real Madrid-spiller blev anklaget for mordfors\u00f8g","datePublished":"2021-03-13T14:40:24+00:00","dateModified":"2021-03-13T14:40:25+00:00","mainEntityOfPage":{"@id":"https:\/\/acefootball.com\/da\/fodboldnyheder\/da-tidligere-real-madrid-spiller-blev-anklaget-for-mordforsoeg\/#webpage"},"wordCount":217,"commentCount":0,"publisher":{"@id":"https:\/\/acefootball.com\/da\/#organization"},"image":{"@id":"https:\/\/acefootball.com\/da\/fodboldnyheder\/da-tidligere-real-madrid-spiller-blev-anklaget-for-mordforsoeg\/#primaryimage"},"thumbnailUrl":"https:\/\/acefootball.com\/da\/wp-content\/uploads\/sites\/2\/2021\/03\/GettyImages-56827644.jpg","keywords":["La Liga","Olympiacos","Real Madrid"],"articleSection":["Offsite"],"inLanguage":"en-US","potentialAction":[{"@type":"CommentAction","name":"Comment","target":["https:\/\/acefootball.com\/da\/fodboldnyheder\/da-tidligere-real-madrid-spiller-blev-anklaget-for-mordforsoeg\/#respond"]}]},{"@type":"Person","@id":"https:\/\/acefootball.com\/da\/#\/schema\/person\/ee67e9cf04a276f144100ffa722f10cd","name":"Mads Dreyer","image":{"@type":"ImageObject","@id":"https:\/\/acefootball.com\/da\/#personlogo","inLanguage":"en-US","url":"https:\/\/secure.gravatar.com\/avatar\/7c7abf72cfde9902b6a60efe60c88d4c?s=96&d=mm&r=g","contentUrl":"https:\/\/secure.gravatar.com\/avatar\/7c7abf72cfde9902b6a60efe60c88d4c?s=96&d=mm&r=g","caption":"Mads Dreyer"},"description":"Skribent og fodboldn\u00f8rd, der lige nu fort\u00e6ller om alt og intet i fodboldverdenen p\u00e5 acefootball.com. Uddannet i kommunikation fra Aalborg Universitet.","sameAs":["https:\/\/www.linkedin.com\/in\/mads-dreyer-b9b08266\/"],"url":"https:\/\/acefootball.com\/da\/fodboldnyheder\/author\/mdnronaldo\/"}]}},"fimg_url":"https:\/\/acefootball.com\/da\/wp-content\/uploads\/sites\/2\/2021\/03\/GettyImages-56827644.jpg","_links":{"self":[{"href":"https:\/\/acefootball.com\/da\/wp-json\/wp\/v2\/posts\/254350"}],"collection":[{"href":"https:\/\/acefootball.com\/da\/wp-json\/wp\/v2\/posts"}],"about":[{"href":"https:\/\/acefootball.com\/da\/wp-json\/wp\/v2\/types\/post"}],"author":[{"embeddable":true,"href":"https:\/\/acefootball.com\/da\/wp-json\/wp\/v2\/users\/705"}],"replies":[{"embeddable":true,"href":"https:\/\/acefootball.com\/da\/wp-json\/wp\/v2\/comments?post=254350"}],"version-history":[{"count":0,"href":"https:\/\/acefootball.com\/da\/wp-json\/wp\/v2\/posts\/254350\/revisions"}],"wp:featuredmedia":[{"embeddable":true,"href":"https:\/\/acefootball.com\/da\/wp-json\/wp\/v2\/media\/254356"}],"wp:attachment":[{"href":"https:\/\/acefootball.com\/da\/wp-json\/wp\/v2\/media?parent=254350"}],"wp:term":[{"taxonomy":"category","embeddable":true,"href":"https:\/\/acefootball.com\/da\/wp-json\/wp\/v2\/categories?post=254350"},{"taxonomy":"post_tag","embeddable":true,"href":"https:\/\/acefootball.com\/da\/wp-json\/wp\/v2\/tags?post=254350"}],"curies":[{"name":"wp","href":"https:\/\/api.w.org\/{rel}","templated":true}]}}