{"id":254338,"date":"2021-03-13T14:08:22","date_gmt":"2021-03-13T13:08:22","guid":{"rendered":"https:\/\/acefootball.com\/da\/?p=254338"},"modified":"2021-03-13T14:08:22","modified_gmt":"2021-03-13T13:08:22","slug":"modstand-mod-fck-demonstration-potentiale-til-at-blive-gigantisk-selvmaal","status":"publish","type":"post","link":"https:\/\/acefootball.com\/da\/fodboldnyheder\/modstand-mod-fck-demonstration-potentiale-til-at-blive-gigantisk-selvmaal\/","title":{"rendered":"Modstand mod FCK-demonstration: Potentiale til at blive gigantisk selvm\u00e5l"},"content":{"rendered":"\n<h2 id=\"h-flere-er-bekymrede-over-konsekvenserne-af-den-demonstration-fc-k-benhavn-fans-har-planlagt-i-forbindelse-med-kampen-mod-fc-midtjylland\">Flere er bekymrede over konsekvenserne af den demonstration, FC K\u00f8benhavn-fans har planlagt i forbindelse med kampen mod FC Midtjylland<\/h2>\n\n\n\n<p>Som protest mod at fodboldfans endnu ikke har f\u00e5et tilladelse til at vende tilbage til de danske stadions, har en gruppe FC K\u00f8benhavn-fans arrangeret en demonstration ved Parken til s\u00f8ndagens kamp mod FC Midtjylland.<\/p>\n\n\n\n<p>Initiativet m\u00f8der dog selv protester p\u00e5 sociale medier, da flere personer ikke mener, at det er m\u00e5den at ytre sine utilfredsheder p\u00e5. Faktisk kan det ende med at f\u00e5 negative konsekvenser for hele fodbolddanmark.<\/p>\n\n\n\n<p>Arrangementet er tilmed blevet varslet af FC K\u00f8benhavn selv, mens direkt\u00f8ren i Parken Sport &amp; Entertainment, Lars Bo Jeppesen, har rost tilh\u00e6ngerne for initiativet.<\/p>\n\n\n\n<p>At FC K\u00f8benhavn og ledelsen har taget demonstrationen til sig, m\u00f8der ogs\u00e5 stor kritik, hvilket du kan se i kommentarerne her:<\/p>\n\n\n\n<figure class=\"wp-block-embed is-type-rich is-provider-twitter wp-block-embed-twitter\"><div class=\"wp-block-embed__wrapper\">\n<blockquote class=\"twitter-tweet\" data-width=\"550\" data-dnt=\"true\"><p lang=\"da\" dir=\"ltr\"><a href=\"https:\/\/twitter.com\/FCKobenhavn?ref_src=twsrc%5Etfw\">@FCKobenhavn<\/a> \ud83d\ude44<br>Demonstrationen er mere <a href=\"https:\/\/twitter.com\/hashtag\/FCKdead?src=hash&amp;ref_src=twsrc%5Etfw\">#FCKdead<\/a> end <a href=\"https:\/\/twitter.com\/hashtag\/FCKlive?src=hash&amp;ref_src=twsrc%5Etfw\">#FCKlive<\/a>.<br>I risikerer at opn\u00e5 den stik modsatte virkning og burde som klub stoppe demonstrationen &#8211; aldrig reklamere for den.<a href=\"https:\/\/twitter.com\/hashtag\/dkpol?src=hash&amp;ref_src=twsrc%5Etfw\">#dkpol<\/a> <a href=\"https:\/\/twitter.com\/hashtag\/dkmedier?src=hash&amp;ref_src=twsrc%5Etfw\">#dkmedier<\/a> <a href=\"https:\/\/t.co\/E8kI2XNXNT\">https:\/\/t.co\/E8kI2XNXNT<\/a><\/p>&mdash; Georgi Mitchew (@gmitchew) <a href=\"https:\/\/twitter.com\/gmitchew\/status\/1370687820189331459?ref_src=twsrc%5Etfw\">March 13, 2021<\/a><\/blockquote><script async src=\"https:\/\/platform.twitter.com\/widgets.js\" charset=\"utf-8\"><\/script>\n<\/div><\/figure>\n\n\n\n<figure class=\"wp-block-embed is-type-rich is-provider-twitter wp-block-embed-twitter\"><div class=\"wp-block-embed__wrapper\">\n<blockquote class=\"twitter-tweet\" data-width=\"550\" data-dnt=\"true\"><p lang=\"da\" dir=\"ltr\">Vi savner allesammen stadion, men det her er virkelig ikke vejen frem <a href=\"https:\/\/twitter.com\/hashtag\/fcklive?src=hash&amp;ref_src=twsrc%5Etfw\">#fcklive<\/a> <a href=\"https:\/\/t.co\/ohiSsG9Lct\">https:\/\/t.co\/ohiSsG9Lct<\/a><\/p>&mdash; Anders Gunhard Nielsen (@Anders_Gunhard) <a href=\"https:\/\/twitter.com\/Anders_Gunhard\/status\/1370682540361715712?ref_src=twsrc%5Etfw\">March 13, 2021<\/a><\/blockquote><script async src=\"https:\/\/platform.twitter.com\/widgets.js\" charset=\"utf-8\"><\/script>\n<\/div><\/figure>\n\n\n\n<figure class=\"wp-block-embed is-type-rich is-provider-twitter wp-block-embed-twitter\"><div class=\"wp-block-embed__wrapper\">\n<blockquote class=\"twitter-tweet\" data-width=\"550\" data-dnt=\"true\"><p lang=\"da\" dir=\"ltr\">Det her har potentiale til at blive et GIGANTISK selvm\u00e5l i kampen om at f\u00e5 flere fans p\u00e5 stadion! <br><br>Ej hvor er det skidt det her! \u2639\ufe0f<\/p>&mdash; Jesper Simoni (@JesperSimoni) <a href=\"https:\/\/twitter.com\/JesperSimoni\/status\/1370637894868697090?ref_src=twsrc%5Etfw\">March 13, 2021<\/a><\/blockquote><script async src=\"https:\/\/platform.twitter.com\/widgets.js\" charset=\"utf-8\"><\/script>\n<\/div><\/figure>\n\n\n\n<figure class=\"wp-block-embed is-type-rich is-provider-twitter wp-block-embed-twitter\"><div class=\"wp-block-embed__wrapper\">\n<blockquote class=\"twitter-tweet\" data-width=\"550\" data-dnt=\"true\"><p lang=\"und\" dir=\"ltr\">&#8230;\ud83d\ude11 <a href=\"https:\/\/t.co\/NODS3cSJQI\">pic.twitter.com\/NODS3cSJQI<\/a><\/p>&mdash; Morten Hansen \ud83c\udff4\ud83d\udea9 (@MortenHxC) <a href=\"https:\/\/twitter.com\/MortenHxC\/status\/1370646114110730243?ref_src=twsrc%5Etfw\">March 13, 2021<\/a><\/blockquote><script async src=\"https:\/\/platform.twitter.com\/widgets.js\" charset=\"utf-8\"><\/script>\n<\/div><\/figure>\n\n\n\n<figure class=\"wp-block-embed is-type-rich is-provider-twitter wp-block-embed-twitter\"><div class=\"wp-block-embed__wrapper\">\n<blockquote class=\"twitter-tweet\" data-width=\"550\" data-dnt=\"true\"><p lang=\"da\" dir=\"ltr\">STOP DET! Det er im\u00f8 et K\u00c6MPE selvm\u00e5l, og ikke s\u00e5dan vi som fodboldfans vinder forst\u00e5else og goodwill hos magthavere og den \u00f8vrige befolkning. Lad nu v\u00e6re med at bekr\u00e6fte de \u00e6rgerlige fordomme om, der findes om fodboldfans. <a href=\"https:\/\/twitter.com\/hashtag\/dkpol?src=hash&amp;ref_src=twsrc%5Etfw\">#dkpol<\/a> <a href=\"https:\/\/twitter.com\/hashtag\/fcklive?src=hash&amp;ref_src=twsrc%5Etfw\">#fcklive<\/a> <a href=\"https:\/\/t.co\/D4j9BKZAlg\">https:\/\/t.co\/D4j9BKZAlg<\/a><\/p>&mdash; Asger Bach Holst (@AsgerBach) <a href=\"https:\/\/twitter.com\/AsgerBach\/status\/1370381636412538887?ref_src=twsrc%5Etfw\">March 12, 2021<\/a><\/blockquote><script async src=\"https:\/\/platform.twitter.com\/widgets.js\" charset=\"utf-8\"><\/script>\n<\/div><\/figure>\n","protected":false},"excerpt":{"rendered":"<p>Flere er bekymrede over konsekvenserne af den demonstration, FC K\u00f8benhavn-fans har planlagt i forbindelse med kampen mod FC Midtjylland<\/p>\n","protected":false},"author":705,"featured_media":251278,"comment_status":"open","ping_status":"closed","sticky":false,"template":"","format":"standard","meta":{"om_disable_all_campaigns":false,"push_articles_ronaldo":{"active":false,"canonical":0,"publish":false},"force_updates":null},"categories":[8060],"tags":[16,588],"enet_tags":{"team":["8391"],"league":["46"],"sport_events":[]},"yoast_head":"<!-- This site is optimized with the Yoast SEO plugin v18.3 - https:\/\/yoast.com\/wordpress\/plugins\/seo\/ -->\n<title>Modstand mod FCK-demonstration: Potentiale til at blive gigantisk selvm\u00e5l<\/title>\n<meta name=\"description\" content=\"Flere er bekymrede over konsekvenserne af den demonstration, FC K\u00f8benhavn-fans har planlagt i forbindelse med kampen mod FC Midtjylland\" \/>\n<meta name=\"robots\" content=\"index, follow, max-snippet:-1, max-image-preview:large, max-video-preview:-1\" \/>\n<link rel=\"canonical\" href=\"https:\/\/acefootball.com\/da\/fodboldnyheder\/modstand-mod-fck-demonstration-potentiale-til-at-blive-gigantisk-selvmaal\/\" \/>\n<meta property=\"og:locale\" content=\"en_US\" \/>\n<meta property=\"og:type\" content=\"article\" \/>\n<meta property=\"og:title\" content=\"Modstand mod FCK-demonstration: Potentiale til at blive gigantisk selvm\u00e5l\" \/>\n<meta property=\"og:description\" content=\"Flere er bekymrede over konsekvenserne af den demonstration, FC K\u00f8benhavn-fans har planlagt i forbindelse med kampen mod FC Midtjylland\" \/>\n<meta property=\"og:url\" content=\"https:\/\/acefootball.com\/da\/fodboldnyheder\/modstand-mod-fck-demonstration-potentiale-til-at-blive-gigantisk-selvmaal\/\" \/>\n<meta property=\"og:site_name\" content=\"Ace Football Danmark\" \/>\n<meta property=\"article:publisher\" content=\"https:\/\/www.facebook.com\/acefootballdk\" \/>\n<meta property=\"article:published_time\" content=\"2021-03-13T13:08:22+00:00\" \/>\n<meta property=\"og:image\" content=\"https:\/\/acefootball.com\/da\/wp-content\/uploads\/sites\/2\/2021\/03\/Laes-mere-generel-2-7.jpg\" \/>\n\t<meta property=\"og:image:width\" content=\"1920\" \/>\n\t<meta property=\"og:image:height\" content=\"1008\" \/>\n\t<meta property=\"og:image:type\" content=\"image\/jpeg\" \/>\n<meta name=\"twitter:card\" content=\"summary_large_image\" \/>\n<meta name=\"twitter:label1\" content=\"Written by\" \/>\n\t<meta name=\"twitter:data1\" content=\"Mads Dreyer\" \/>\n\t<meta name=\"twitter:label2\" content=\"Est. reading time\" \/>\n\t<meta name=\"twitter:data2\" content=\"1 minute\" \/>\n<script type=\"application\/ld+json\" class=\"yoast-schema-graph\">{\"@context\":\"https:\/\/schema.org\",\"@graph\":[{\"@type\":\"Organization\",\"@id\":\"https:\/\/acefootball.com\/da\/#organization\",\"name\":\"Ace Football\",\"url\":\"https:\/\/acefootball.com\/da\/\",\"sameAs\":[\"https:\/\/www.facebook.com\/acefootballdk\"],\"logo\":{\"@type\":\"ImageObject\",\"@id\":\"https:\/\/acefootball.com\/da\/#logo\",\"inLanguage\":\"en-US\",\"url\":\"https:\/\/acefootball.com\/da\/wp-content\/uploads\/sites\/2\/2020\/07\/Ace-Football-30-07-2020-2.png\",\"contentUrl\":\"https:\/\/acefootball.com\/da\/wp-content\/uploads\/sites\/2\/2020\/07\/Ace-Football-30-07-2020-2.png\",\"width\":1200,\"height\":600,\"caption\":\"Ace Football\"},\"image\":{\"@id\":\"https:\/\/acefootball.com\/da\/#logo\"}},{\"@type\":\"WebSite\",\"@id\":\"https:\/\/acefootball.com\/da\/#website\",\"url\":\"https:\/\/acefootball.com\/da\/\",\"name\":\"Ace Football Danmark\",\"description\":\"Nyheder, Spiltips &amp; Livescore\",\"publisher\":{\"@id\":\"https:\/\/acefootball.com\/da\/#organization\"},\"potentialAction\":[{\"@type\":\"SearchAction\",\"target\":{\"@type\":\"EntryPoint\",\"urlTemplate\":\"https:\/\/acefootball.com\/da\/?s={search_term_string}\"},\"query-input\":\"required name=search_term_string\"}],\"inLanguage\":\"en-US\"},{\"@type\":\"ImageObject\",\"@id\":\"https:\/\/acefootball.com\/da\/fodboldnyheder\/modstand-mod-fck-demonstration-potentiale-til-at-blive-gigantisk-selvmaal\/#primaryimage\",\"inLanguage\":\"en-US\",\"url\":\"https:\/\/acefootball.com\/da\/wp-content\/uploads\/sites\/2\/2021\/03\/Laes-mere-generel-2-7.jpg\",\"contentUrl\":\"https:\/\/acefootball.com\/da\/wp-content\/uploads\/sites\/2\/2021\/03\/Laes-mere-generel-2-7.jpg\",\"width\":1920,\"height\":1008},{\"@type\":\"WebPage\",\"@id\":\"https:\/\/acefootball.com\/da\/fodboldnyheder\/modstand-mod-fck-demonstration-potentiale-til-at-blive-gigantisk-selvmaal\/#webpage\",\"url\":\"https:\/\/acefootball.com\/da\/fodboldnyheder\/modstand-mod-fck-demonstration-potentiale-til-at-blive-gigantisk-selvmaal\/\",\"name\":\"Modstand mod FCK-demonstration: Potentiale til at blive gigantisk selvm\u00e5l\",\"isPartOf\":{\"@id\":\"https:\/\/acefootball.com\/da\/#website\"},\"primaryImageOfPage\":{\"@id\":\"https:\/\/acefootball.com\/da\/fodboldnyheder\/modstand-mod-fck-demonstration-potentiale-til-at-blive-gigantisk-selvmaal\/#primaryimage\"},\"datePublished\":\"2021-03-13T13:08:22+00:00\",\"dateModified\":\"2021-03-13T13:08:22+00:00\",\"description\":\"Flere er bekymrede over konsekvenserne af den demonstration, FC K\u00f8benhavn-fans har planlagt i forbindelse med kampen mod FC Midtjylland\",\"breadcrumb\":{\"@id\":\"https:\/\/acefootball.com\/da\/fodboldnyheder\/modstand-mod-fck-demonstration-potentiale-til-at-blive-gigantisk-selvmaal\/#breadcrumb\"},\"inLanguage\":\"en-US\",\"potentialAction\":[{\"@type\":\"ReadAction\",\"target\":[\"https:\/\/acefootball.com\/da\/fodboldnyheder\/modstand-mod-fck-demonstration-potentiale-til-at-blive-gigantisk-selvmaal\/\"]}]},{\"@type\":\"BreadcrumbList\",\"@id\":\"https:\/\/acefootball.com\/da\/fodboldnyheder\/modstand-mod-fck-demonstration-potentiale-til-at-blive-gigantisk-selvmaal\/#breadcrumb\",\"itemListElement\":[{\"@type\":\"ListItem\",\"position\":1,\"name\":\"Home\",\"item\":\"https:\/\/acefootball.com\/da\/\"},{\"@type\":\"ListItem\",\"position\":2,\"name\":\"Modstand mod FCK-demonstration: Potentiale til at blive gigantisk selvm\u00e5l\"}]},{\"@type\":\"Article\",\"@id\":\"https:\/\/acefootball.com\/da\/fodboldnyheder\/modstand-mod-fck-demonstration-potentiale-til-at-blive-gigantisk-selvmaal\/#article\",\"isPartOf\":{\"@id\":\"https:\/\/acefootball.com\/da\/fodboldnyheder\/modstand-mod-fck-demonstration-potentiale-til-at-blive-gigantisk-selvmaal\/#webpage\"},\"author\":{\"@id\":\"https:\/\/acefootball.com\/da\/#\/schema\/person\/ee67e9cf04a276f144100ffa722f10cd\"},\"headline\":\"Modstand mod FCK-demonstration: Potentiale til at blive gigantisk selvm\u00e5l\",\"datePublished\":\"2021-03-13T13:08:22+00:00\",\"dateModified\":\"2021-03-13T13:08:22+00:00\",\"mainEntityOfPage\":{\"@id\":\"https:\/\/acefootball.com\/da\/fodboldnyheder\/modstand-mod-fck-demonstration-potentiale-til-at-blive-gigantisk-selvmaal\/#webpage\"},\"wordCount\":179,\"commentCount\":0,\"publisher\":{\"@id\":\"https:\/\/acefootball.com\/da\/#organization\"},\"image\":{\"@id\":\"https:\/\/acefootball.com\/da\/fodboldnyheder\/modstand-mod-fck-demonstration-potentiale-til-at-blive-gigantisk-selvmaal\/#primaryimage\"},\"thumbnailUrl\":\"https:\/\/acefootball.com\/da\/wp-content\/uploads\/sites\/2\/2021\/02\/GettyImages-1218203754.jpg\",\"keywords\":[\"FC K\u00f8benhavn\",\"Superligaen\"],\"articleSection\":[\"Reaktion\"],\"inLanguage\":\"en-US\",\"potentialAction\":[{\"@type\":\"CommentAction\",\"name\":\"Comment\",\"target\":[\"https:\/\/acefootball.com\/da\/fodboldnyheder\/modstand-mod-fck-demonstration-potentiale-til-at-blive-gigantisk-selvmaal\/#respond\"]}]},{\"@type\":\"Person\",\"@id\":\"https:\/\/acefootball.com\/da\/#\/schema\/person\/ee67e9cf04a276f144100ffa722f10cd\",\"name\":\"Mads Dreyer\",\"image\":{\"@type\":\"ImageObject\",\"@id\":\"https:\/\/acefootball.com\/da\/#personlogo\",\"inLanguage\":\"en-US\",\"url\":\"https:\/\/secure.gravatar.com\/avatar\/7c7abf72cfde9902b6a60efe60c88d4c?s=96&d=mm&r=g\",\"contentUrl\":\"https:\/\/secure.gravatar.com\/avatar\/7c7abf72cfde9902b6a60efe60c88d4c?s=96&d=mm&r=g\",\"caption\":\"Mads Dreyer\"},\"description\":\"Skribent og fodboldn\u00f8rd, der lige nu fort\u00e6ller om alt og intet i fodboldverdenen p\u00e5 acefootball.com. Uddannet i kommunikation fra Aalborg Universitet.\",\"sameAs\":[\"https:\/\/www.linkedin.com\/in\/mads-dreyer-b9b08266\/\"],\"url\":\"https:\/\/acefootball.com\/da\/fodboldnyheder\/author\/mdnronaldo\/\"}]}<\/script>\n<!-- \/ Yoast SEO plugin. -->","yoast_head_json":{"title":"Modstand mod FCK-demonstration: Potentiale til at blive gigantisk selvm\u00e5l","description":"Flere er bekymrede over konsekvenserne af den demonstration, FC K\u00f8benhavn-fans har planlagt i forbindelse med kampen mod FC Midtjylland","robots":{"index":"index","follow":"follow","max-snippet":"max-snippet:-1","max-image-preview":"max-image-preview:large","max-video-preview":"max-video-preview:-1"},"canonical":"https:\/\/acefootball.com\/da\/fodboldnyheder\/modstand-mod-fck-demonstration-potentiale-til-at-blive-gigantisk-selvmaal\/","og_locale":"en_US","og_type":"article","og_title":"Modstand mod FCK-demonstration: Potentiale til at blive gigantisk selvm\u00e5l","og_description":"Flere er bekymrede over konsekvenserne af den demonstration, FC K\u00f8benhavn-fans har planlagt i forbindelse med kampen mod FC Midtjylland","og_url":"https:\/\/acefootball.com\/da\/fodboldnyheder\/modstand-mod-fck-demonstration-potentiale-til-at-blive-gigantisk-selvmaal\/","og_site_name":"Ace Football Danmark","article_publisher":"https:\/\/www.facebook.com\/acefootballdk","article_published_time":"2021-03-13T13:08:22+00:00","og_image":[{"width":1920,"height":1008,"url":"https:\/\/acefootball.com\/da\/wp-content\/uploads\/sites\/2\/2021\/03\/Laes-mere-generel-2-7.jpg","type":"image\/jpeg"}],"twitter_card":"summary_large_image","twitter_misc":{"Written by":"Mads Dreyer","Est. reading time":"1 minute"},"schema":{"@context":"https:\/\/schema.org","@graph":[{"@type":"Organization","@id":"https:\/\/acefootball.com\/da\/#organization","name":"Ace Football","url":"https:\/\/acefootball.com\/da\/","sameAs":["https:\/\/www.facebook.com\/acefootballdk"],"logo":{"@type":"ImageObject","@id":"https:\/\/acefootball.com\/da\/#logo","inLanguage":"en-US","url":"https:\/\/acefootball.com\/da\/wp-content\/uploads\/sites\/2\/2020\/07\/Ace-Football-30-07-2020-2.png","contentUrl":"https:\/\/acefootball.com\/da\/wp-content\/uploads\/sites\/2\/2020\/07\/Ace-Football-30-07-2020-2.png","width":1200,"height":600,"caption":"Ace Football"},"image":{"@id":"https:\/\/acefootball.com\/da\/#logo"}},{"@type":"WebSite","@id":"https:\/\/acefootball.com\/da\/#website","url":"https:\/\/acefootball.com\/da\/","name":"Ace Football Danmark","description":"Nyheder, Spiltips &amp; Livescore","publisher":{"@id":"https:\/\/acefootball.com\/da\/#organization"},"potentialAction":[{"@type":"SearchAction","target":{"@type":"EntryPoint","urlTemplate":"https:\/\/acefootball.com\/da\/?s={search_term_string}"},"query-input":"required name=search_term_string"}],"inLanguage":"en-US"},{"@type":"ImageObject","@id":"https:\/\/acefootball.com\/da\/fodboldnyheder\/modstand-mod-fck-demonstration-potentiale-til-at-blive-gigantisk-selvmaal\/#primaryimage","inLanguage":"en-US","url":"https:\/\/acefootball.com\/da\/wp-content\/uploads\/sites\/2\/2021\/03\/Laes-mere-generel-2-7.jpg","contentUrl":"https:\/\/acefootball.com\/da\/wp-content\/uploads\/sites\/2\/2021\/03\/Laes-mere-generel-2-7.jpg","width":1920,"height":1008},{"@type":"WebPage","@id":"https:\/\/acefootball.com\/da\/fodboldnyheder\/modstand-mod-fck-demonstration-potentiale-til-at-blive-gigantisk-selvmaal\/#webpage","url":"https:\/\/acefootball.com\/da\/fodboldnyheder\/modstand-mod-fck-demonstration-potentiale-til-at-blive-gigantisk-selvmaal\/","name":"Modstand mod FCK-demonstration: Potentiale til at blive gigantisk selvm\u00e5l","isPartOf":{"@id":"https:\/\/acefootball.com\/da\/#website"},"primaryImageOfPage":{"@id":"https:\/\/acefootball.com\/da\/fodboldnyheder\/modstand-mod-fck-demonstration-potentiale-til-at-blive-gigantisk-selvmaal\/#primaryimage"},"datePublished":"2021-03-13T13:08:22+00:00","dateModified":"2021-03-13T13:08:22+00:00","description":"Flere er bekymrede over konsekvenserne af den demonstration, FC K\u00f8benhavn-fans har planlagt i forbindelse med kampen mod FC Midtjylland","breadcrumb":{"@id":"https:\/\/acefootball.com\/da\/fodboldnyheder\/modstand-mod-fck-demonstration-potentiale-til-at-blive-gigantisk-selvmaal\/#breadcrumb"},"inLanguage":"en-US","potentialAction":[{"@type":"ReadAction","target":["https:\/\/acefootball.com\/da\/fodboldnyheder\/modstand-mod-fck-demonstration-potentiale-til-at-blive-gigantisk-selvmaal\/"]}]},{"@type":"BreadcrumbList","@id":"https:\/\/acefootball.com\/da\/fodboldnyheder\/modstand-mod-fck-demonstration-potentiale-til-at-blive-gigantisk-selvmaal\/#breadcrumb","itemListElement":[{"@type":"ListItem","position":1,"name":"Home","item":"https:\/\/acefootball.com\/da\/"},{"@type":"ListItem","position":2,"name":"Modstand mod FCK-demonstration: Potentiale til at blive gigantisk selvm\u00e5l"}]},{"@type":"Article","@id":"https:\/\/acefootball.com\/da\/fodboldnyheder\/modstand-mod-fck-demonstration-potentiale-til-at-blive-gigantisk-selvmaal\/#article","isPartOf":{"@id":"https:\/\/acefootball.com\/da\/fodboldnyheder\/modstand-mod-fck-demonstration-potentiale-til-at-blive-gigantisk-selvmaal\/#webpage"},"author":{"@id":"https:\/\/acefootball.com\/da\/#\/schema\/person\/ee67e9cf04a276f144100ffa722f10cd"},"headline":"Modstand mod FCK-demonstration: Potentiale til at blive gigantisk selvm\u00e5l","datePublished":"2021-03-13T13:08:22+00:00","dateModified":"2021-03-13T13:08:22+00:00","mainEntityOfPage":{"@id":"https:\/\/acefootball.com\/da\/fodboldnyheder\/modstand-mod-fck-demonstration-potentiale-til-at-blive-gigantisk-selvmaal\/#webpage"},"wordCount":179,"commentCount":0,"publisher":{"@id":"https:\/\/acefootball.com\/da\/#organization"},"image":{"@id":"https:\/\/acefootball.com\/da\/fodboldnyheder\/modstand-mod-fck-demonstration-potentiale-til-at-blive-gigantisk-selvmaal\/#primaryimage"},"thumbnailUrl":"https:\/\/acefootball.com\/da\/wp-content\/uploads\/sites\/2\/2021\/02\/GettyImages-1218203754.jpg","keywords":["FC K\u00f8benhavn","Superligaen"],"articleSection":["Reaktion"],"inLanguage":"en-US","potentialAction":[{"@type":"CommentAction","name":"Comment","target":["https:\/\/acefootball.com\/da\/fodboldnyheder\/modstand-mod-fck-demonstration-potentiale-til-at-blive-gigantisk-selvmaal\/#respond"]}]},{"@type":"Person","@id":"https:\/\/acefootball.com\/da\/#\/schema\/person\/ee67e9cf04a276f144100ffa722f10cd","name":"Mads Dreyer","image":{"@type":"ImageObject","@id":"https:\/\/acefootball.com\/da\/#personlogo","inLanguage":"en-US","url":"https:\/\/secure.gravatar.com\/avatar\/7c7abf72cfde9902b6a60efe60c88d4c?s=96&d=mm&r=g","contentUrl":"https:\/\/secure.gravatar.com\/avatar\/7c7abf72cfde9902b6a60efe60c88d4c?s=96&d=mm&r=g","caption":"Mads Dreyer"},"description":"Skribent og fodboldn\u00f8rd, der lige nu fort\u00e6ller om alt og intet i fodboldverdenen p\u00e5 acefootball.com. Uddannet i kommunikation fra Aalborg Universitet.","sameAs":["https:\/\/www.linkedin.com\/in\/mads-dreyer-b9b08266\/"],"url":"https:\/\/acefootball.com\/da\/fodboldnyheder\/author\/mdnronaldo\/"}]}},"fimg_url":"https:\/\/acefootball.com\/da\/wp-content\/uploads\/sites\/2\/2021\/02\/GettyImages-1218203754.jpg","_links":{"self":[{"href":"https:\/\/acefootball.com\/da\/wp-json\/wp\/v2\/posts\/254338"}],"collection":[{"href":"https:\/\/acefootball.com\/da\/wp-json\/wp\/v2\/posts"}],"about":[{"href":"https:\/\/acefootball.com\/da\/wp-json\/wp\/v2\/types\/post"}],"author":[{"embeddable":true,"href":"https:\/\/acefootball.com\/da\/wp-json\/wp\/v2\/users\/705"}],"replies":[{"embeddable":true,"href":"https:\/\/acefootball.com\/da\/wp-json\/wp\/v2\/comments?post=254338"}],"version-history":[{"count":0,"href":"https:\/\/acefootball.com\/da\/wp-json\/wp\/v2\/posts\/254338\/revisions"}],"wp:featuredmedia":[{"embeddable":true,"href":"https:\/\/acefootball.com\/da\/wp-json\/wp\/v2\/media\/251278"}],"wp:attachment":[{"href":"https:\/\/acefootball.com\/da\/wp-json\/wp\/v2\/media?parent=254338"}],"wp:term":[{"taxonomy":"category","embeddable":true,"href":"https:\/\/acefootball.com\/da\/wp-json\/wp\/v2\/categories?post=254338"},{"taxonomy":"post_tag","embeddable":true,"href":"https:\/\/acefootball.com\/da\/wp-json\/wp\/v2\/tags?post=254338"}],"curies":[{"name":"wp","href":"https:\/\/api.w.org\/{rel}","templated":true}]}}