{"id":254333,"date":"2021-03-13T13:24:37","date_gmt":"2021-03-13T12:24:37","guid":{"rendered":"https:\/\/acefootball.com\/da\/?p=254333"},"modified":"2021-03-13T13:25:37","modified_gmt":"2021-03-13T12:25:37","slug":"bale-agent-inden-lejeaftale-en-af-verdens-bedste-tager-ikke-paa-udleje","status":"publish","type":"post","link":"https:\/\/acefootball.com\/da\/fodboldnyheder\/bale-agent-inden-lejeaftale-en-af-verdens-bedste-tager-ikke-paa-udleje\/","title":{"rendered":"Bale-agent inden lejeaftale: En af verdens bedste tager ikke p\u00e5 udleje"},"content":{"rendered":"\n<h2 id=\"h-gareth-bales-agent-forstod-i-f-rste-om-gang-intet-af-de-rygter-der-vil-sende-waliseren-p-en-lejeaftale-v-k-fra-real-madrid\">Gareth Bales agent forstod i f\u00f8rste om gang intet af de rygter, der vil sende waliseren p\u00e5 en lejeaftale v\u00e6k fra Real Madrid<\/h2>\n\n\n\n<p>Farce er et af de ord, der bedst kunne beskrive Gareth Bales tid i Real Madrid. Waliseren har leveret okay p\u00e5 banen, men snakken om ham udenfor n\u00e5ede hele tiden nye h\u00f8jder.<\/p>\n\n\n\n<p>Selvom spilletiden var knap for kantspilleren, ville han for et \u00e5r siden ikke v\u00e6k fra Real Madrid, selvom hans tidligere klub Tottenham allerede dengang var klar til at hente ham. Muligvis p\u00e5 en lejeaftale.<\/p>\n\n\n\n<p>Men det kunne overhovedet ikke komme p\u00e5 tale if\u00f8lge agenten Jonathan Bennett.<\/p>\n\n\n\n<p>&#8220;Han er en af de bedte fodboldspillere i verden. Hvorfor skulle han tage ud p\u00e5 en lejeaftale? Det er latterligt. Det er det, jeg altid har sagt. Jeg har aldrig afveget fra det. Ting kan \u00e6ndre sig, men en udlejning er latterlig, og der er ikke mange klubber, som har r\u00e5d til ham alligevel,&#8221; sagde Jonathan Bennett if\u00f8lge <em><a aria-label=\"Goal (\u00e5bner i en ny fane)\" rel=\"noreferrer noopener\" href=\"https:\/\/www.goal.com\/en\/news\/why-would-one-of-the-worlds-best-players-go-on-loan-bales\/fmmnmzjcwq9b17ch058pq3n3z\" target=\"_blank\">Goal<\/a><\/em>.<\/p>\n\n\n\n<p>Den kommentar er efterf\u00f8lgende faldet noget til jorden, eftersom Bale skiftede til Tottenham i sommer p\u00e5 netop en lejeaftale.<\/p>\n","protected":false},"excerpt":{"rendered":"<p>Gareth Bales agent forstod i f\u00f8rste om gang intet af de rygter, der vil sende waliseren p\u00e5 en lejeaftale v\u00e6k fra Real Madrid<\/p>\n","protected":false},"author":705,"featured_media":241765,"comment_status":"open","ping_status":"closed","sticky":false,"template":"","format":"standard","meta":{"om_disable_all_campaigns":false,"push_articles_ronaldo":{"active":false,"canonical":0,"publish":false},"force_updates":null},"categories":[8204],"tags":[571,303,134,85,45],"enet_tags":{"player":["31921"],"league":["87","47"],"team":["8633","8586"],"sport_events":[]},"yoast_head":"<!-- This site is optimized with the Yoast SEO plugin v18.3 - https:\/\/yoast.com\/wordpress\/plugins\/seo\/ -->\n<title>Bale-agent inden lejeaftale: En af verdens bedste tager ikke p\u00e5 udleje<\/title>\n<meta name=\"description\" content=\"Gareth Bales agent forstod i f\u00f8rste om gang intet af de rygter, der vil sende waliseren p\u00e5 en lejeaftale v\u00e6k fra Real Madrid\" \/>\n<meta name=\"robots\" content=\"index, follow, max-snippet:-1, max-image-preview:large, max-video-preview:-1\" \/>\n<link rel=\"canonical\" href=\"https:\/\/ronaldo.com\/dk\/fodboldnyheder\/en-af-verdens-bedste-tager-ikke-paa-udleje\/\" \/>\n<meta property=\"og:locale\" content=\"en_US\" \/>\n<meta property=\"og:type\" content=\"article\" \/>\n<meta property=\"og:title\" content=\"Bale-agent inden lejeaftale: En af verdens bedste tager ikke p\u00e5 udleje\" \/>\n<meta property=\"og:description\" content=\"Gareth Bales agent forstod i f\u00f8rste om gang intet af de rygter, der vil sende waliseren p\u00e5 en lejeaftale v\u00e6k fra Real Madrid\" \/>\n<meta property=\"og:url\" content=\"https:\/\/acefootball.com\/da\/fodboldnyheder\/bale-agent-inden-lejeaftale-en-af-verdens-bedste-tager-ikke-paa-udleje\/\" \/>\n<meta property=\"og:site_name\" content=\"Ace Football Danmark\" \/>\n<meta property=\"article:publisher\" content=\"https:\/\/www.facebook.com\/acefootballdk\" \/>\n<meta property=\"article:published_time\" content=\"2021-03-13T12:24:37+00:00\" \/>\n<meta property=\"article:modified_time\" content=\"2021-03-13T12:25:37+00:00\" \/>\n<meta property=\"og:image\" content=\"https:\/\/acefootball.com\/da\/wp-content\/uploads\/sites\/2\/2020\/10\/GettyImages-1281798027.jpg\" \/>\n\t<meta property=\"og:image:width\" content=\"1024\" \/>\n\t<meta property=\"og:image:height\" content=\"685\" \/>\n\t<meta property=\"og:image:type\" content=\"image\/jpeg\" \/>\n<meta name=\"twitter:card\" content=\"summary_large_image\" \/>\n<meta name=\"twitter:label1\" content=\"Written by\" \/>\n\t<meta name=\"twitter:data1\" content=\"Mads Dreyer\" \/>\n\t<meta name=\"twitter:label2\" content=\"Est. reading time\" \/>\n\t<meta name=\"twitter:data2\" content=\"1 minute\" \/>\n<script type=\"application\/ld+json\" class=\"yoast-schema-graph\">{\"@context\":\"https:\/\/schema.org\",\"@graph\":[{\"@type\":\"Organization\",\"@id\":\"https:\/\/acefootball.com\/da\/#organization\",\"name\":\"Ace Football\",\"url\":\"https:\/\/acefootball.com\/da\/\",\"sameAs\":[\"https:\/\/www.facebook.com\/acefootballdk\"],\"logo\":{\"@type\":\"ImageObject\",\"@id\":\"https:\/\/acefootball.com\/da\/#logo\",\"inLanguage\":\"en-US\",\"url\":\"https:\/\/acefootball.com\/da\/wp-content\/uploads\/sites\/2\/2020\/07\/Ace-Football-30-07-2020-2.png\",\"contentUrl\":\"https:\/\/acefootball.com\/da\/wp-content\/uploads\/sites\/2\/2020\/07\/Ace-Football-30-07-2020-2.png\",\"width\":1200,\"height\":600,\"caption\":\"Ace Football\"},\"image\":{\"@id\":\"https:\/\/acefootball.com\/da\/#logo\"}},{\"@type\":\"WebSite\",\"@id\":\"https:\/\/acefootball.com\/da\/#website\",\"url\":\"https:\/\/acefootball.com\/da\/\",\"name\":\"Ace Football Danmark\",\"description\":\"Nyheder, Spiltips &amp; Livescore\",\"publisher\":{\"@id\":\"https:\/\/acefootball.com\/da\/#organization\"},\"potentialAction\":[{\"@type\":\"SearchAction\",\"target\":{\"@type\":\"EntryPoint\",\"urlTemplate\":\"https:\/\/acefootball.com\/da\/?s={search_term_string}\"},\"query-input\":\"required name=search_term_string\"}],\"inLanguage\":\"en-US\"},{\"@type\":\"ImageObject\",\"@id\":\"https:\/\/acefootball.com\/da\/fodboldnyheder\/bale-agent-inden-lejeaftale-en-af-verdens-bedste-tager-ikke-paa-udleje\/#primaryimage\",\"inLanguage\":\"en-US\",\"url\":\"https:\/\/acefootball.com\/da\/wp-content\/uploads\/sites\/2\/2020\/10\/GettyImages-1281798027.jpg\",\"contentUrl\":\"https:\/\/acefootball.com\/da\/wp-content\/uploads\/sites\/2\/2020\/10\/GettyImages-1281798027.jpg\",\"width\":1024,\"height\":685,\"caption\":\"LONDON, ENGLAND - OCTOBER 22: Gareth Bale of Tottenham Hotspur during the UEFA Europa League Group J stage match between Tottenham Hotspur and LASK at Tottenham Hotspur Stadium on October 22, 2020 in London, England. Sporting stadiums around the UK remain under strict restrictions due to the Coronavirus Pandemic as Government social distancing laws prohibit fans inside venues resulting in games being played behind closed doors. (Photo by Catherine Ivill\/Getty Images)\"},{\"@type\":\"WebPage\",\"@id\":\"https:\/\/acefootball.com\/da\/fodboldnyheder\/bale-agent-inden-lejeaftale-en-af-verdens-bedste-tager-ikke-paa-udleje\/#webpage\",\"url\":\"https:\/\/acefootball.com\/da\/fodboldnyheder\/bale-agent-inden-lejeaftale-en-af-verdens-bedste-tager-ikke-paa-udleje\/\",\"name\":\"Bale-agent inden lejeaftale: En af verdens bedste tager ikke p\u00e5 udleje\",\"isPartOf\":{\"@id\":\"https:\/\/acefootball.com\/da\/#website\"},\"primaryImageOfPage\":{\"@id\":\"https:\/\/acefootball.com\/da\/fodboldnyheder\/bale-agent-inden-lejeaftale-en-af-verdens-bedste-tager-ikke-paa-udleje\/#primaryimage\"},\"datePublished\":\"2021-03-13T12:24:37+00:00\",\"dateModified\":\"2021-03-13T12:25:37+00:00\",\"description\":\"Gareth Bales agent forstod i f\u00f8rste om gang intet af de rygter, der vil sende waliseren p\u00e5 en lejeaftale v\u00e6k fra Real Madrid\",\"breadcrumb\":{\"@id\":\"https:\/\/acefootball.com\/da\/fodboldnyheder\/bale-agent-inden-lejeaftale-en-af-verdens-bedste-tager-ikke-paa-udleje\/#breadcrumb\"},\"inLanguage\":\"en-US\",\"potentialAction\":[{\"@type\":\"ReadAction\",\"target\":[\"https:\/\/acefootball.com\/da\/fodboldnyheder\/bale-agent-inden-lejeaftale-en-af-verdens-bedste-tager-ikke-paa-udleje\/\"]}]},{\"@type\":\"BreadcrumbList\",\"@id\":\"https:\/\/acefootball.com\/da\/fodboldnyheder\/bale-agent-inden-lejeaftale-en-af-verdens-bedste-tager-ikke-paa-udleje\/#breadcrumb\",\"itemListElement\":[{\"@type\":\"ListItem\",\"position\":1,\"name\":\"Home\",\"item\":\"https:\/\/acefootball.com\/da\/\"},{\"@type\":\"ListItem\",\"position\":2,\"name\":\"Bale-agent inden lejeaftale: En af verdens bedste tager ikke p\u00e5 udleje\"}]},{\"@type\":\"Article\",\"@id\":\"https:\/\/acefootball.com\/da\/fodboldnyheder\/bale-agent-inden-lejeaftale-en-af-verdens-bedste-tager-ikke-paa-udleje\/#article\",\"isPartOf\":{\"@id\":\"https:\/\/acefootball.com\/da\/fodboldnyheder\/bale-agent-inden-lejeaftale-en-af-verdens-bedste-tager-ikke-paa-udleje\/#webpage\"},\"author\":{\"@id\":\"https:\/\/acefootball.com\/da\/#\/schema\/person\/ee67e9cf04a276f144100ffa722f10cd\"},\"headline\":\"Bale-agent inden lejeaftale: En af verdens bedste tager ikke p\u00e5 udleje\",\"datePublished\":\"2021-03-13T12:24:37+00:00\",\"dateModified\":\"2021-03-13T12:25:37+00:00\",\"mainEntityOfPage\":{\"@id\":\"https:\/\/acefootball.com\/da\/fodboldnyheder\/bale-agent-inden-lejeaftale-en-af-verdens-bedste-tager-ikke-paa-udleje\/#webpage\"},\"wordCount\":199,\"commentCount\":0,\"publisher\":{\"@id\":\"https:\/\/acefootball.com\/da\/#organization\"},\"image\":{\"@id\":\"https:\/\/acefootball.com\/da\/fodboldnyheder\/bale-agent-inden-lejeaftale-en-af-verdens-bedste-tager-ikke-paa-udleje\/#primaryimage\"},\"thumbnailUrl\":\"https:\/\/acefootball.com\/da\/wp-content\/uploads\/sites\/2\/2020\/10\/GettyImages-1281798027.jpg\",\"keywords\":[\"Gareth Bale\",\"La Liga\",\"Premier League\",\"Real Madrid\",\"Tottenham\"],\"articleSection\":[\"Udtalelse\"],\"inLanguage\":\"en-US\",\"potentialAction\":[{\"@type\":\"CommentAction\",\"name\":\"Comment\",\"target\":[\"https:\/\/acefootball.com\/da\/fodboldnyheder\/bale-agent-inden-lejeaftale-en-af-verdens-bedste-tager-ikke-paa-udleje\/#respond\"]}]},{\"@type\":\"Person\",\"@id\":\"https:\/\/acefootball.com\/da\/#\/schema\/person\/ee67e9cf04a276f144100ffa722f10cd\",\"name\":\"Mads Dreyer\",\"image\":{\"@type\":\"ImageObject\",\"@id\":\"https:\/\/acefootball.com\/da\/#personlogo\",\"inLanguage\":\"en-US\",\"url\":\"https:\/\/secure.gravatar.com\/avatar\/7c7abf72cfde9902b6a60efe60c88d4c?s=96&d=mm&r=g\",\"contentUrl\":\"https:\/\/secure.gravatar.com\/avatar\/7c7abf72cfde9902b6a60efe60c88d4c?s=96&d=mm&r=g\",\"caption\":\"Mads Dreyer\"},\"description\":\"Skribent og fodboldn\u00f8rd, der lige nu fort\u00e6ller om alt og intet i fodboldverdenen p\u00e5 acefootball.com. Uddannet i kommunikation fra Aalborg Universitet.\",\"sameAs\":[\"https:\/\/www.linkedin.com\/in\/mads-dreyer-b9b08266\/\"],\"url\":\"https:\/\/acefootball.com\/da\/fodboldnyheder\/author\/mdnronaldo\/\"}]}<\/script>\n<!-- \/ Yoast SEO plugin. -->","yoast_head_json":{"title":"Bale-agent inden lejeaftale: En af verdens bedste tager ikke p\u00e5 udleje","description":"Gareth Bales agent forstod i f\u00f8rste om gang intet af de rygter, der vil sende waliseren p\u00e5 en lejeaftale v\u00e6k fra Real Madrid","robots":{"index":"index","follow":"follow","max-snippet":"max-snippet:-1","max-image-preview":"max-image-preview:large","max-video-preview":"max-video-preview:-1"},"canonical":"https:\/\/ronaldo.com\/dk\/fodboldnyheder\/en-af-verdens-bedste-tager-ikke-paa-udleje\/","og_locale":"en_US","og_type":"article","og_title":"Bale-agent inden lejeaftale: En af verdens bedste tager ikke p\u00e5 udleje","og_description":"Gareth Bales agent forstod i f\u00f8rste om gang intet af de rygter, der vil sende waliseren p\u00e5 en lejeaftale v\u00e6k fra Real Madrid","og_url":"https:\/\/acefootball.com\/da\/fodboldnyheder\/bale-agent-inden-lejeaftale-en-af-verdens-bedste-tager-ikke-paa-udleje\/","og_site_name":"Ace Football Danmark","article_publisher":"https:\/\/www.facebook.com\/acefootballdk","article_published_time":"2021-03-13T12:24:37+00:00","article_modified_time":"2021-03-13T12:25:37+00:00","og_image":[{"width":1024,"height":685,"url":"https:\/\/acefootball.com\/da\/wp-content\/uploads\/sites\/2\/2020\/10\/GettyImages-1281798027.jpg","type":"image\/jpeg"}],"twitter_card":"summary_large_image","twitter_misc":{"Written by":"Mads Dreyer","Est. reading time":"1 minute"},"schema":{"@context":"https:\/\/schema.org","@graph":[{"@type":"Organization","@id":"https:\/\/acefootball.com\/da\/#organization","name":"Ace Football","url":"https:\/\/acefootball.com\/da\/","sameAs":["https:\/\/www.facebook.com\/acefootballdk"],"logo":{"@type":"ImageObject","@id":"https:\/\/acefootball.com\/da\/#logo","inLanguage":"en-US","url":"https:\/\/acefootball.com\/da\/wp-content\/uploads\/sites\/2\/2020\/07\/Ace-Football-30-07-2020-2.png","contentUrl":"https:\/\/acefootball.com\/da\/wp-content\/uploads\/sites\/2\/2020\/07\/Ace-Football-30-07-2020-2.png","width":1200,"height":600,"caption":"Ace Football"},"image":{"@id":"https:\/\/acefootball.com\/da\/#logo"}},{"@type":"WebSite","@id":"https:\/\/acefootball.com\/da\/#website","url":"https:\/\/acefootball.com\/da\/","name":"Ace Football Danmark","description":"Nyheder, Spiltips &amp; Livescore","publisher":{"@id":"https:\/\/acefootball.com\/da\/#organization"},"potentialAction":[{"@type":"SearchAction","target":{"@type":"EntryPoint","urlTemplate":"https:\/\/acefootball.com\/da\/?s={search_term_string}"},"query-input":"required name=search_term_string"}],"inLanguage":"en-US"},{"@type":"ImageObject","@id":"https:\/\/acefootball.com\/da\/fodboldnyheder\/bale-agent-inden-lejeaftale-en-af-verdens-bedste-tager-ikke-paa-udleje\/#primaryimage","inLanguage":"en-US","url":"https:\/\/acefootball.com\/da\/wp-content\/uploads\/sites\/2\/2020\/10\/GettyImages-1281798027.jpg","contentUrl":"https:\/\/acefootball.com\/da\/wp-content\/uploads\/sites\/2\/2020\/10\/GettyImages-1281798027.jpg","width":1024,"height":685,"caption":"LONDON, ENGLAND - OCTOBER 22: Gareth Bale of Tottenham Hotspur during the UEFA Europa League Group J stage match between Tottenham Hotspur and LASK at Tottenham Hotspur Stadium on October 22, 2020 in London, England. Sporting stadiums around the UK remain under strict restrictions due to the Coronavirus Pandemic as Government social distancing laws prohibit fans inside venues resulting in games being played behind closed doors. (Photo by Catherine Ivill\/Getty Images)"},{"@type":"WebPage","@id":"https:\/\/acefootball.com\/da\/fodboldnyheder\/bale-agent-inden-lejeaftale-en-af-verdens-bedste-tager-ikke-paa-udleje\/#webpage","url":"https:\/\/acefootball.com\/da\/fodboldnyheder\/bale-agent-inden-lejeaftale-en-af-verdens-bedste-tager-ikke-paa-udleje\/","name":"Bale-agent inden lejeaftale: En af verdens bedste tager ikke p\u00e5 udleje","isPartOf":{"@id":"https:\/\/acefootball.com\/da\/#website"},"primaryImageOfPage":{"@id":"https:\/\/acefootball.com\/da\/fodboldnyheder\/bale-agent-inden-lejeaftale-en-af-verdens-bedste-tager-ikke-paa-udleje\/#primaryimage"},"datePublished":"2021-03-13T12:24:37+00:00","dateModified":"2021-03-13T12:25:37+00:00","description":"Gareth Bales agent forstod i f\u00f8rste om gang intet af de rygter, der vil sende waliseren p\u00e5 en lejeaftale v\u00e6k fra Real Madrid","breadcrumb":{"@id":"https:\/\/acefootball.com\/da\/fodboldnyheder\/bale-agent-inden-lejeaftale-en-af-verdens-bedste-tager-ikke-paa-udleje\/#breadcrumb"},"inLanguage":"en-US","potentialAction":[{"@type":"ReadAction","target":["https:\/\/acefootball.com\/da\/fodboldnyheder\/bale-agent-inden-lejeaftale-en-af-verdens-bedste-tager-ikke-paa-udleje\/"]}]},{"@type":"BreadcrumbList","@id":"https:\/\/acefootball.com\/da\/fodboldnyheder\/bale-agent-inden-lejeaftale-en-af-verdens-bedste-tager-ikke-paa-udleje\/#breadcrumb","itemListElement":[{"@type":"ListItem","position":1,"name":"Home","item":"https:\/\/acefootball.com\/da\/"},{"@type":"ListItem","position":2,"name":"Bale-agent inden lejeaftale: En af verdens bedste tager ikke p\u00e5 udleje"}]},{"@type":"Article","@id":"https:\/\/acefootball.com\/da\/fodboldnyheder\/bale-agent-inden-lejeaftale-en-af-verdens-bedste-tager-ikke-paa-udleje\/#article","isPartOf":{"@id":"https:\/\/acefootball.com\/da\/fodboldnyheder\/bale-agent-inden-lejeaftale-en-af-verdens-bedste-tager-ikke-paa-udleje\/#webpage"},"author":{"@id":"https:\/\/acefootball.com\/da\/#\/schema\/person\/ee67e9cf04a276f144100ffa722f10cd"},"headline":"Bale-agent inden lejeaftale: En af verdens bedste tager ikke p\u00e5 udleje","datePublished":"2021-03-13T12:24:37+00:00","dateModified":"2021-03-13T12:25:37+00:00","mainEntityOfPage":{"@id":"https:\/\/acefootball.com\/da\/fodboldnyheder\/bale-agent-inden-lejeaftale-en-af-verdens-bedste-tager-ikke-paa-udleje\/#webpage"},"wordCount":199,"commentCount":0,"publisher":{"@id":"https:\/\/acefootball.com\/da\/#organization"},"image":{"@id":"https:\/\/acefootball.com\/da\/fodboldnyheder\/bale-agent-inden-lejeaftale-en-af-verdens-bedste-tager-ikke-paa-udleje\/#primaryimage"},"thumbnailUrl":"https:\/\/acefootball.com\/da\/wp-content\/uploads\/sites\/2\/2020\/10\/GettyImages-1281798027.jpg","keywords":["Gareth Bale","La Liga","Premier League","Real Madrid","Tottenham"],"articleSection":["Udtalelse"],"inLanguage":"en-US","potentialAction":[{"@type":"CommentAction","name":"Comment","target":["https:\/\/acefootball.com\/da\/fodboldnyheder\/bale-agent-inden-lejeaftale-en-af-verdens-bedste-tager-ikke-paa-udleje\/#respond"]}]},{"@type":"Person","@id":"https:\/\/acefootball.com\/da\/#\/schema\/person\/ee67e9cf04a276f144100ffa722f10cd","name":"Mads Dreyer","image":{"@type":"ImageObject","@id":"https:\/\/acefootball.com\/da\/#personlogo","inLanguage":"en-US","url":"https:\/\/secure.gravatar.com\/avatar\/7c7abf72cfde9902b6a60efe60c88d4c?s=96&d=mm&r=g","contentUrl":"https:\/\/secure.gravatar.com\/avatar\/7c7abf72cfde9902b6a60efe60c88d4c?s=96&d=mm&r=g","caption":"Mads Dreyer"},"description":"Skribent og fodboldn\u00f8rd, der lige nu fort\u00e6ller om alt og intet i fodboldverdenen p\u00e5 acefootball.com. Uddannet i kommunikation fra Aalborg Universitet.","sameAs":["https:\/\/www.linkedin.com\/in\/mads-dreyer-b9b08266\/"],"url":"https:\/\/acefootball.com\/da\/fodboldnyheder\/author\/mdnronaldo\/"}]}},"fimg_url":"https:\/\/acefootball.com\/da\/wp-content\/uploads\/sites\/2\/2020\/10\/GettyImages-1281798027.jpg","_links":{"self":[{"href":"https:\/\/acefootball.com\/da\/wp-json\/wp\/v2\/posts\/254333"}],"collection":[{"href":"https:\/\/acefootball.com\/da\/wp-json\/wp\/v2\/posts"}],"about":[{"href":"https:\/\/acefootball.com\/da\/wp-json\/wp\/v2\/types\/post"}],"author":[{"embeddable":true,"href":"https:\/\/acefootball.com\/da\/wp-json\/wp\/v2\/users\/705"}],"replies":[{"embeddable":true,"href":"https:\/\/acefootball.com\/da\/wp-json\/wp\/v2\/comments?post=254333"}],"version-history":[{"count":0,"href":"https:\/\/acefootball.com\/da\/wp-json\/wp\/v2\/posts\/254333\/revisions"}],"wp:featuredmedia":[{"embeddable":true,"href":"https:\/\/acefootball.com\/da\/wp-json\/wp\/v2\/media\/241765"}],"wp:attachment":[{"href":"https:\/\/acefootball.com\/da\/wp-json\/wp\/v2\/media?parent=254333"}],"wp:term":[{"taxonomy":"category","embeddable":true,"href":"https:\/\/acefootball.com\/da\/wp-json\/wp\/v2\/categories?post=254333"},{"taxonomy":"post_tag","embeddable":true,"href":"https:\/\/acefootball.com\/da\/wp-json\/wp\/v2\/tags?post=254333"}],"curies":[{"name":"wp","href":"https:\/\/api.w.org\/{rel}","templated":true}]}}