{"id":254324,"date":"2021-03-13T11:19:22","date_gmt":"2021-03-13T10:19:22","guid":{"rendered":"https:\/\/acefootball.com\/da\/?p=254324"},"modified":"2021-03-13T11:19:22","modified_gmt":"2021-03-13T10:19:22","slug":"medie-inter-stjerne-har-afvist-manchester-city","status":"publish","type":"post","link":"https:\/\/acefootball.com\/da\/fodboldnyheder\/medie-inter-stjerne-har-afvist-manchester-city\/","title":{"rendered":"Medie: Inter-stjerne har afvist Manchester City"},"content":{"rendered":"\n<h2 id=\"h-if-lge-gazzetta-dello-sport-har-inter-bomberen-romelu-lukaku-afvist-tiln-rmelser-fra-pep-guardiola-og-manchester-city\">If\u00f8lge Gazzetta dello Sport har Inter-bomberen Romelu Lukaku afvist tiln\u00e6rmelser fra Pep Guardiola og Manchester City<\/h2>\n\n\n\n<p>Manchester City ser ud til at slippe Sergio Ag\u00fcero, n\u00e5r argentinerens kontrakt udl\u00f8ber til sommer, og det vil give en ledig plads i angrebet.<\/p>\n\n\n\n<p>Derfor er Premier Leagues f\u00f8rerhold nu g\u00e5et p\u00e5 jagt efter en erstatning, og her skulle Pep Guardiola have set sig varm p\u00e5 Inter-stjernen Romelu Lukaku.<\/p>\n\n\n\n<p>Den belgiske forward har hamret m\u00e5l ind p\u00e5 samleb\u00e5nd siden ankomsten til Milano i 2019, og det bliver han ogs\u00e5 ved med, hvis man skal tro Gazzetta dello Sport.<\/p>\n\n\n\n<p>Den italienske avis skriver nemlig, at Lukaku har afvist Manchester Citys tiln\u00e6rmelser, da han har fundet lykken i Inter og gerne vil forts\u00e6tte de positive takter i Serie A-klubben. Det skriver <a href=\"https:\/\/www.football-italia.net\/167636\/gazzetta-lukaku-rejects-man-city-move\" target=\"_blank\" rel=\"noreferrer noopener\">Football Italia<\/a>.<\/p>\n\n\n\n<p>Romelu Lukaku har i denne s\u00e6son scoret 24 m\u00e5l i 33 kampe i alle turneringer for Inter.<\/p>\n\n\n\n<figure class=\"wp-block-embed is-type-wp-embed is-provider-ace-football-danmark wp-block-embed-ace-football-danmark\"><div class=\"wp-block-embed__wrapper\">\n<blockquote class=\"wp-embedded-content\" data-secret=\"XZFOxZ5NJX\"><a href=\"https:\/\/acefootball.com\/da\/fodboldnyheder\/vild-handel-paa-vej-barcelona-byder-paa-aguero\/\">Vild handel p\u00e5 vej: Barcelona byder p\u00e5 Ag\u00fcero<\/a><\/blockquote><iframe class=\"wp-embedded-content\" sandbox=\"allow-scripts\" security=\"restricted\" style=\"position: absolute; clip: rect(1px, 1px, 1px, 1px);\" title=\"&#8220;Vild handel p\u00e5 vej: Barcelona byder p\u00e5 Ag\u00fcero&#8221; &#8212; Ace Football Danmark\" src=\"https:\/\/acefootball.com\/da\/fodboldnyheder\/vild-handel-paa-vej-barcelona-byder-paa-aguero\/embed\/#?secret=XZFOxZ5NJX\" data-secret=\"XZFOxZ5NJX\" width=\"600\" height=\"338\" frameborder=\"0\" marginwidth=\"0\" marginheight=\"0\" scrolling=\"no\"><\/iframe>\n<\/div><\/figure>\n","protected":false},"excerpt":{"rendered":"<p>If\u00f8lge Gazzetta dello Sport har Inter-bomberen Romelu Lukaku afvist tiln\u00e6rmelser fra Pep Guardiola og Manchester City<\/p>\n","protected":false},"author":705,"featured_media":251183,"comment_status":"open","ping_status":"closed","sticky":false,"template":"","format":"standard","meta":{"om_disable_all_campaigns":false,"push_articles_ronaldo":{"active":false,"canonical":0,"publish":false},"force_updates":null},"categories":[7],"tags":[394,44,134,249,131],"enet_tags":{"team":["8636","8456"],"league":["47","55"],"player":["181276"],"sport_events":[]},"yoast_head":"<!-- This site is optimized with the Yoast SEO plugin v18.3 - https:\/\/yoast.com\/wordpress\/plugins\/seo\/ -->\n<title>Medie: Inter-stjerne har afvist Manchester City<\/title>\n<meta name=\"description\" content=\"If\u00f8lge Gazzetta dello Sport har Inter-bomberen Romelu Lukaku afvist tiln\u00e6rmelser fra Pep Guardiola og Manchester City\" \/>\n<meta name=\"robots\" content=\"index, follow, max-snippet:-1, max-image-preview:large, max-video-preview:-1\" \/>\n<link rel=\"canonical\" href=\"https:\/\/acefootball.com\/da\/fodboldnyheder\/medie-inter-stjerne-har-afvist-manchester-city\/\" \/>\n<meta property=\"og:locale\" content=\"en_US\" \/>\n<meta property=\"og:type\" content=\"article\" \/>\n<meta property=\"og:title\" content=\"Medie: Inter-stjerne har afvist Manchester City\" \/>\n<meta property=\"og:description\" content=\"If\u00f8lge Gazzetta dello Sport har Inter-bomberen Romelu Lukaku afvist tiln\u00e6rmelser fra Pep Guardiola og Manchester City\" \/>\n<meta property=\"og:url\" content=\"https:\/\/acefootball.com\/da\/fodboldnyheder\/medie-inter-stjerne-har-afvist-manchester-city\/\" \/>\n<meta property=\"og:site_name\" content=\"Ace Football Danmark\" \/>\n<meta property=\"article:publisher\" content=\"https:\/\/www.facebook.com\/acefootballdk\" \/>\n<meta property=\"article:published_time\" content=\"2021-03-13T10:19:22+00:00\" \/>\n<meta property=\"og:image\" content=\"https:\/\/acefootball.com\/da\/wp-content\/uploads\/sites\/2\/2021\/02\/GettyImages-1193140407.jpg\" \/>\n\t<meta property=\"og:image:width\" content=\"1024\" \/>\n\t<meta property=\"og:image:height\" content=\"735\" \/>\n\t<meta property=\"og:image:type\" content=\"image\/jpeg\" \/>\n<meta name=\"twitter:card\" content=\"summary_large_image\" \/>\n<meta name=\"twitter:label1\" content=\"Written by\" \/>\n\t<meta name=\"twitter:data1\" content=\"Mads Dreyer\" \/>\n\t<meta name=\"twitter:label2\" content=\"Est. reading time\" \/>\n\t<meta name=\"twitter:data2\" content=\"1 minute\" \/>\n<script type=\"application\/ld+json\" class=\"yoast-schema-graph\">{\"@context\":\"https:\/\/schema.org\",\"@graph\":[{\"@type\":\"Organization\",\"@id\":\"https:\/\/acefootball.com\/da\/#organization\",\"name\":\"Ace Football\",\"url\":\"https:\/\/acefootball.com\/da\/\",\"sameAs\":[\"https:\/\/www.facebook.com\/acefootballdk\"],\"logo\":{\"@type\":\"ImageObject\",\"@id\":\"https:\/\/acefootball.com\/da\/#logo\",\"inLanguage\":\"en-US\",\"url\":\"https:\/\/acefootball.com\/da\/wp-content\/uploads\/sites\/2\/2020\/07\/Ace-Football-30-07-2020-2.png\",\"contentUrl\":\"https:\/\/acefootball.com\/da\/wp-content\/uploads\/sites\/2\/2020\/07\/Ace-Football-30-07-2020-2.png\",\"width\":1200,\"height\":600,\"caption\":\"Ace Football\"},\"image\":{\"@id\":\"https:\/\/acefootball.com\/da\/#logo\"}},{\"@type\":\"WebSite\",\"@id\":\"https:\/\/acefootball.com\/da\/#website\",\"url\":\"https:\/\/acefootball.com\/da\/\",\"name\":\"Ace Football Danmark\",\"description\":\"Nyheder, Spiltips &amp; Livescore\",\"publisher\":{\"@id\":\"https:\/\/acefootball.com\/da\/#organization\"},\"potentialAction\":[{\"@type\":\"SearchAction\",\"target\":{\"@type\":\"EntryPoint\",\"urlTemplate\":\"https:\/\/acefootball.com\/da\/?s={search_term_string}\"},\"query-input\":\"required name=search_term_string\"}],\"inLanguage\":\"en-US\"},{\"@type\":\"ImageObject\",\"@id\":\"https:\/\/acefootball.com\/da\/fodboldnyheder\/medie-inter-stjerne-har-afvist-manchester-city\/#primaryimage\",\"inLanguage\":\"en-US\",\"url\":\"https:\/\/acefootball.com\/da\/wp-content\/uploads\/sites\/2\/2021\/02\/GettyImages-1193140407.jpg\",\"contentUrl\":\"https:\/\/acefootball.com\/da\/wp-content\/uploads\/sites\/2\/2021\/02\/GettyImages-1193140407.jpg\",\"width\":1024,\"height\":735,\"caption\":\"MILAN, ITALY - JANUARY 11: Lautaro Martinez of FC Internazionale celebrates with his team-mate Romelu Lukaku (L) after scoring the opening goal during the Serie A match between FC Internazionale and Atalanta BC at Stadio Giuseppe Meazza on January 11, 2020 in Milan, Italy. (Photo by Emilio Andreoli\/Getty Images)\"},{\"@type\":\"WebPage\",\"@id\":\"https:\/\/acefootball.com\/da\/fodboldnyheder\/medie-inter-stjerne-har-afvist-manchester-city\/#webpage\",\"url\":\"https:\/\/acefootball.com\/da\/fodboldnyheder\/medie-inter-stjerne-har-afvist-manchester-city\/\",\"name\":\"Medie: Inter-stjerne har afvist Manchester City\",\"isPartOf\":{\"@id\":\"https:\/\/acefootball.com\/da\/#website\"},\"primaryImageOfPage\":{\"@id\":\"https:\/\/acefootball.com\/da\/fodboldnyheder\/medie-inter-stjerne-har-afvist-manchester-city\/#primaryimage\"},\"datePublished\":\"2021-03-13T10:19:22+00:00\",\"dateModified\":\"2021-03-13T10:19:22+00:00\",\"description\":\"If\u00f8lge Gazzetta dello Sport har Inter-bomberen Romelu Lukaku afvist tiln\u00e6rmelser fra Pep Guardiola og Manchester City\",\"breadcrumb\":{\"@id\":\"https:\/\/acefootball.com\/da\/fodboldnyheder\/medie-inter-stjerne-har-afvist-manchester-city\/#breadcrumb\"},\"inLanguage\":\"en-US\",\"potentialAction\":[{\"@type\":\"ReadAction\",\"target\":[\"https:\/\/acefootball.com\/da\/fodboldnyheder\/medie-inter-stjerne-har-afvist-manchester-city\/\"]}]},{\"@type\":\"BreadcrumbList\",\"@id\":\"https:\/\/acefootball.com\/da\/fodboldnyheder\/medie-inter-stjerne-har-afvist-manchester-city\/#breadcrumb\",\"itemListElement\":[{\"@type\":\"ListItem\",\"position\":1,\"name\":\"Home\",\"item\":\"https:\/\/acefootball.com\/da\/\"},{\"@type\":\"ListItem\",\"position\":2,\"name\":\"Medie: Inter-stjerne har afvist Manchester City\"}]},{\"@type\":\"Article\",\"@id\":\"https:\/\/acefootball.com\/da\/fodboldnyheder\/medie-inter-stjerne-har-afvist-manchester-city\/#article\",\"isPartOf\":{\"@id\":\"https:\/\/acefootball.com\/da\/fodboldnyheder\/medie-inter-stjerne-har-afvist-manchester-city\/#webpage\"},\"author\":{\"@id\":\"https:\/\/acefootball.com\/da\/#\/schema\/person\/ee67e9cf04a276f144100ffa722f10cd\"},\"headline\":\"Medie: Inter-stjerne har afvist Manchester City\",\"datePublished\":\"2021-03-13T10:19:22+00:00\",\"dateModified\":\"2021-03-13T10:19:22+00:00\",\"mainEntityOfPage\":{\"@id\":\"https:\/\/acefootball.com\/da\/fodboldnyheder\/medie-inter-stjerne-har-afvist-manchester-city\/#webpage\"},\"wordCount\":166,\"commentCount\":0,\"publisher\":{\"@id\":\"https:\/\/acefootball.com\/da\/#organization\"},\"image\":{\"@id\":\"https:\/\/acefootball.com\/da\/fodboldnyheder\/medie-inter-stjerne-har-afvist-manchester-city\/#primaryimage\"},\"thumbnailUrl\":\"https:\/\/acefootball.com\/da\/wp-content\/uploads\/sites\/2\/2021\/02\/GettyImages-1193140407.jpg\",\"keywords\":[\"Inter Milan\",\"Manchester City\",\"Premier League\",\"Romelu Lukaku\",\"Serie A\"],\"articleSection\":[\"Transfer\"],\"inLanguage\":\"en-US\",\"potentialAction\":[{\"@type\":\"CommentAction\",\"name\":\"Comment\",\"target\":[\"https:\/\/acefootball.com\/da\/fodboldnyheder\/medie-inter-stjerne-har-afvist-manchester-city\/#respond\"]}]},{\"@type\":\"Person\",\"@id\":\"https:\/\/acefootball.com\/da\/#\/schema\/person\/ee67e9cf04a276f144100ffa722f10cd\",\"name\":\"Mads Dreyer\",\"image\":{\"@type\":\"ImageObject\",\"@id\":\"https:\/\/acefootball.com\/da\/#personlogo\",\"inLanguage\":\"en-US\",\"url\":\"https:\/\/secure.gravatar.com\/avatar\/7c7abf72cfde9902b6a60efe60c88d4c?s=96&d=mm&r=g\",\"contentUrl\":\"https:\/\/secure.gravatar.com\/avatar\/7c7abf72cfde9902b6a60efe60c88d4c?s=96&d=mm&r=g\",\"caption\":\"Mads Dreyer\"},\"description\":\"Skribent og fodboldn\u00f8rd, der lige nu fort\u00e6ller om alt og intet i fodboldverdenen p\u00e5 acefootball.com. Uddannet i kommunikation fra Aalborg Universitet.\",\"sameAs\":[\"https:\/\/www.linkedin.com\/in\/mads-dreyer-b9b08266\/\"],\"url\":\"https:\/\/acefootball.com\/da\/fodboldnyheder\/author\/mdnronaldo\/\"}]}<\/script>\n<!-- \/ Yoast SEO plugin. -->","yoast_head_json":{"title":"Medie: Inter-stjerne har afvist Manchester City","description":"If\u00f8lge Gazzetta dello Sport har Inter-bomberen Romelu Lukaku afvist tiln\u00e6rmelser fra Pep Guardiola og Manchester City","robots":{"index":"index","follow":"follow","max-snippet":"max-snippet:-1","max-image-preview":"max-image-preview:large","max-video-preview":"max-video-preview:-1"},"canonical":"https:\/\/acefootball.com\/da\/fodboldnyheder\/medie-inter-stjerne-har-afvist-manchester-city\/","og_locale":"en_US","og_type":"article","og_title":"Medie: Inter-stjerne har afvist Manchester City","og_description":"If\u00f8lge Gazzetta dello Sport har Inter-bomberen Romelu Lukaku afvist tiln\u00e6rmelser fra Pep Guardiola og Manchester City","og_url":"https:\/\/acefootball.com\/da\/fodboldnyheder\/medie-inter-stjerne-har-afvist-manchester-city\/","og_site_name":"Ace Football Danmark","article_publisher":"https:\/\/www.facebook.com\/acefootballdk","article_published_time":"2021-03-13T10:19:22+00:00","og_image":[{"width":1024,"height":735,"url":"https:\/\/acefootball.com\/da\/wp-content\/uploads\/sites\/2\/2021\/02\/GettyImages-1193140407.jpg","type":"image\/jpeg"}],"twitter_card":"summary_large_image","twitter_misc":{"Written by":"Mads Dreyer","Est. reading time":"1 minute"},"schema":{"@context":"https:\/\/schema.org","@graph":[{"@type":"Organization","@id":"https:\/\/acefootball.com\/da\/#organization","name":"Ace Football","url":"https:\/\/acefootball.com\/da\/","sameAs":["https:\/\/www.facebook.com\/acefootballdk"],"logo":{"@type":"ImageObject","@id":"https:\/\/acefootball.com\/da\/#logo","inLanguage":"en-US","url":"https:\/\/acefootball.com\/da\/wp-content\/uploads\/sites\/2\/2020\/07\/Ace-Football-30-07-2020-2.png","contentUrl":"https:\/\/acefootball.com\/da\/wp-content\/uploads\/sites\/2\/2020\/07\/Ace-Football-30-07-2020-2.png","width":1200,"height":600,"caption":"Ace Football"},"image":{"@id":"https:\/\/acefootball.com\/da\/#logo"}},{"@type":"WebSite","@id":"https:\/\/acefootball.com\/da\/#website","url":"https:\/\/acefootball.com\/da\/","name":"Ace Football Danmark","description":"Nyheder, Spiltips &amp; Livescore","publisher":{"@id":"https:\/\/acefootball.com\/da\/#organization"},"potentialAction":[{"@type":"SearchAction","target":{"@type":"EntryPoint","urlTemplate":"https:\/\/acefootball.com\/da\/?s={search_term_string}"},"query-input":"required name=search_term_string"}],"inLanguage":"en-US"},{"@type":"ImageObject","@id":"https:\/\/acefootball.com\/da\/fodboldnyheder\/medie-inter-stjerne-har-afvist-manchester-city\/#primaryimage","inLanguage":"en-US","url":"https:\/\/acefootball.com\/da\/wp-content\/uploads\/sites\/2\/2021\/02\/GettyImages-1193140407.jpg","contentUrl":"https:\/\/acefootball.com\/da\/wp-content\/uploads\/sites\/2\/2021\/02\/GettyImages-1193140407.jpg","width":1024,"height":735,"caption":"MILAN, ITALY - JANUARY 11: Lautaro Martinez of FC Internazionale celebrates with his team-mate Romelu Lukaku (L) after scoring the opening goal during the Serie A match between FC Internazionale and Atalanta BC at Stadio Giuseppe Meazza on January 11, 2020 in Milan, Italy. (Photo by Emilio Andreoli\/Getty Images)"},{"@type":"WebPage","@id":"https:\/\/acefootball.com\/da\/fodboldnyheder\/medie-inter-stjerne-har-afvist-manchester-city\/#webpage","url":"https:\/\/acefootball.com\/da\/fodboldnyheder\/medie-inter-stjerne-har-afvist-manchester-city\/","name":"Medie: Inter-stjerne har afvist Manchester City","isPartOf":{"@id":"https:\/\/acefootball.com\/da\/#website"},"primaryImageOfPage":{"@id":"https:\/\/acefootball.com\/da\/fodboldnyheder\/medie-inter-stjerne-har-afvist-manchester-city\/#primaryimage"},"datePublished":"2021-03-13T10:19:22+00:00","dateModified":"2021-03-13T10:19:22+00:00","description":"If\u00f8lge Gazzetta dello Sport har Inter-bomberen Romelu Lukaku afvist tiln\u00e6rmelser fra Pep Guardiola og Manchester City","breadcrumb":{"@id":"https:\/\/acefootball.com\/da\/fodboldnyheder\/medie-inter-stjerne-har-afvist-manchester-city\/#breadcrumb"},"inLanguage":"en-US","potentialAction":[{"@type":"ReadAction","target":["https:\/\/acefootball.com\/da\/fodboldnyheder\/medie-inter-stjerne-har-afvist-manchester-city\/"]}]},{"@type":"BreadcrumbList","@id":"https:\/\/acefootball.com\/da\/fodboldnyheder\/medie-inter-stjerne-har-afvist-manchester-city\/#breadcrumb","itemListElement":[{"@type":"ListItem","position":1,"name":"Home","item":"https:\/\/acefootball.com\/da\/"},{"@type":"ListItem","position":2,"name":"Medie: Inter-stjerne har afvist Manchester City"}]},{"@type":"Article","@id":"https:\/\/acefootball.com\/da\/fodboldnyheder\/medie-inter-stjerne-har-afvist-manchester-city\/#article","isPartOf":{"@id":"https:\/\/acefootball.com\/da\/fodboldnyheder\/medie-inter-stjerne-har-afvist-manchester-city\/#webpage"},"author":{"@id":"https:\/\/acefootball.com\/da\/#\/schema\/person\/ee67e9cf04a276f144100ffa722f10cd"},"headline":"Medie: Inter-stjerne har afvist Manchester City","datePublished":"2021-03-13T10:19:22+00:00","dateModified":"2021-03-13T10:19:22+00:00","mainEntityOfPage":{"@id":"https:\/\/acefootball.com\/da\/fodboldnyheder\/medie-inter-stjerne-har-afvist-manchester-city\/#webpage"},"wordCount":166,"commentCount":0,"publisher":{"@id":"https:\/\/acefootball.com\/da\/#organization"},"image":{"@id":"https:\/\/acefootball.com\/da\/fodboldnyheder\/medie-inter-stjerne-har-afvist-manchester-city\/#primaryimage"},"thumbnailUrl":"https:\/\/acefootball.com\/da\/wp-content\/uploads\/sites\/2\/2021\/02\/GettyImages-1193140407.jpg","keywords":["Inter Milan","Manchester City","Premier League","Romelu Lukaku","Serie A"],"articleSection":["Transfer"],"inLanguage":"en-US","potentialAction":[{"@type":"CommentAction","name":"Comment","target":["https:\/\/acefootball.com\/da\/fodboldnyheder\/medie-inter-stjerne-har-afvist-manchester-city\/#respond"]}]},{"@type":"Person","@id":"https:\/\/acefootball.com\/da\/#\/schema\/person\/ee67e9cf04a276f144100ffa722f10cd","name":"Mads Dreyer","image":{"@type":"ImageObject","@id":"https:\/\/acefootball.com\/da\/#personlogo","inLanguage":"en-US","url":"https:\/\/secure.gravatar.com\/avatar\/7c7abf72cfde9902b6a60efe60c88d4c?s=96&d=mm&r=g","contentUrl":"https:\/\/secure.gravatar.com\/avatar\/7c7abf72cfde9902b6a60efe60c88d4c?s=96&d=mm&r=g","caption":"Mads Dreyer"},"description":"Skribent og fodboldn\u00f8rd, der lige nu fort\u00e6ller om alt og intet i fodboldverdenen p\u00e5 acefootball.com. Uddannet i kommunikation fra Aalborg Universitet.","sameAs":["https:\/\/www.linkedin.com\/in\/mads-dreyer-b9b08266\/"],"url":"https:\/\/acefootball.com\/da\/fodboldnyheder\/author\/mdnronaldo\/"}]}},"fimg_url":"https:\/\/acefootball.com\/da\/wp-content\/uploads\/sites\/2\/2021\/02\/GettyImages-1193140407.jpg","_links":{"self":[{"href":"https:\/\/acefootball.com\/da\/wp-json\/wp\/v2\/posts\/254324"}],"collection":[{"href":"https:\/\/acefootball.com\/da\/wp-json\/wp\/v2\/posts"}],"about":[{"href":"https:\/\/acefootball.com\/da\/wp-json\/wp\/v2\/types\/post"}],"author":[{"embeddable":true,"href":"https:\/\/acefootball.com\/da\/wp-json\/wp\/v2\/users\/705"}],"replies":[{"embeddable":true,"href":"https:\/\/acefootball.com\/da\/wp-json\/wp\/v2\/comments?post=254324"}],"version-history":[{"count":0,"href":"https:\/\/acefootball.com\/da\/wp-json\/wp\/v2\/posts\/254324\/revisions"}],"wp:featuredmedia":[{"embeddable":true,"href":"https:\/\/acefootball.com\/da\/wp-json\/wp\/v2\/media\/251183"}],"wp:attachment":[{"href":"https:\/\/acefootball.com\/da\/wp-json\/wp\/v2\/media?parent=254324"}],"wp:term":[{"taxonomy":"category","embeddable":true,"href":"https:\/\/acefootball.com\/da\/wp-json\/wp\/v2\/categories?post=254324"},{"taxonomy":"post_tag","embeddable":true,"href":"https:\/\/acefootball.com\/da\/wp-json\/wp\/v2\/tags?post=254324"}],"curies":[{"name":"wp","href":"https:\/\/api.w.org\/{rel}","templated":true}]}}