{"id":254315,"date":"2021-03-13T09:51:13","date_gmt":"2021-03-13T08:51:13","guid":{"rendered":"https:\/\/acefootball.com\/da\/?p=254315"},"modified":"2021-03-13T09:51:14","modified_gmt":"2021-03-13T08:51:14","slug":"danskerne-har-talt-saa-mange-vil-boykotte-vm","status":"publish","type":"post","link":"https:\/\/acefootball.com\/da\/fodboldnyheder\/danskerne-har-talt-saa-mange-vil-boykotte-vm\/","title":{"rendered":"Danskerne har talt: S\u00e5 mange vil boykotte VM"},"content":{"rendered":"\n<h2 id=\"h-hele-44-procent-af-danskerne-mener-at-danmark-b-r-boykotte-vm-2022-i-qatar-viser-resultatet-af-en-meningsm-ling-fra-voxmeter\">Hele 44 procent af danskerne mener, at Danmark b\u00f8r boykotte VM 2022 i Qatar, viser resultatet af en meningsm\u00e5ling fra Voxmeter<\/h2>\n\n\n\n<p>Snakken om et boykot af VM 2022 i Qatar er p\u00e5 sit h\u00f8jeste nogensinde, efter en artikel fra The Guardian for et par uger siden fortalte, hvordan flere tusinde arbejdere var afg\u00e5et ved d\u00f8den i det mellem\u00f8stlige land.<\/p>\n\n\n\n<p>Debatten er s\u00e5 sm\u00e5t ved at brede sig i Europa, og det samme g\u00f8r sig g\u00e6ldende i Danmark, hvor der for alvor stilles sp\u00f8rgsm\u00e5lstegn ved etikken i at deltage i en slutrunde i et land med store udfordringer i forhold til menneskerettigheder.<\/p>\n\n\n\n<p>Det viser sig nu ogs\u00e5, at en stor del af danskerne faktisk mener, at Danmark helt b\u00f8r boykotte VM 2022. En meningsm\u00e5ling fra Voxmeter siger nemlig, at hele 44 procent af befolkningen taler imod en deltagelse. Det skriver <a href=\"https:\/\/sport.tv2.dk\/fodbold\/2021-03-13-danskerne-haelder-til-boykot-af-fodbold-vm-i-qatar\" target=\"_blank\" rel=\"noreferrer noopener\">TV2 Sporten<\/a>.<\/p>\n\n\n\n<p>DBU fastholder dog stadig, at bedste l\u00f8sning er ikke at tr\u00e6kke sig. I stedet vil forbundet forts\u00e6tte dialogen med h\u00e5bet om at kunne skubbe udviklingen i den rigtige retning.<\/p>\n\n\n\n<figure class=\"wp-block-embed is-type-wp-embed is-provider-ace-football-danmark wp-block-embed-ace-football-danmark\"><div class=\"wp-block-embed__wrapper\">\n<blockquote class=\"wp-embedded-content\" data-secret=\"tjx8UkOIen\"><a href=\"https:\/\/acefootball.com\/da\/fodboldnyheder\/quiz-hvor-har-de-danske-legender-spillet\/\">QUIZ: Hvor har de danske legender spillet?<\/a><\/blockquote><iframe class=\"wp-embedded-content\" sandbox=\"allow-scripts\" security=\"restricted\" style=\"position: absolute; clip: rect(1px, 1px, 1px, 1px);\" title=\"&#8220;QUIZ: Hvor har de danske legender spillet?&#8221; &#8212; Ace Football Danmark\" src=\"https:\/\/acefootball.com\/da\/fodboldnyheder\/quiz-hvor-har-de-danske-legender-spillet\/embed\/#?secret=tjx8UkOIen\" data-secret=\"tjx8UkOIen\" width=\"600\" height=\"338\" frameborder=\"0\" marginwidth=\"0\" marginheight=\"0\" scrolling=\"no\"><\/iframe>\n<\/div><\/figure>\n","protected":false},"excerpt":{"rendered":"<p>Hele 44 procent af danskerne mener, at Danmark b\u00f8r boykotte VM 2022 i Qatar, viser resultatet af en meningsm\u00e5ling fra Voxmeter<\/p>\n","protected":false},"author":705,"featured_media":234645,"comment_status":"open","ping_status":"closed","sticky":false,"template":"","format":"standard","meta":{"om_disable_all_campaigns":false,"push_articles_ronaldo":{"active":false,"canonical":0,"publish":false},"force_updates":null},"categories":[1],"tags":[692],"enet_tags":{"team":["8238"],"sport_events":[]},"yoast_head":"<!-- This site is optimized with the Yoast SEO plugin v18.3 - https:\/\/yoast.com\/wordpress\/plugins\/seo\/ -->\n<title>Danskerne har talt: S\u00e5 mange vil boykotte VM<\/title>\n<meta name=\"description\" content=\"Hele 44 procent af danskerne mener, at Danmark b\u00f8r boykotte VM 2022 i Qatar, viser resultatet af en meningsm\u00e5ling fra Voxmeter\" \/>\n<meta name=\"robots\" content=\"index, follow, max-snippet:-1, max-image-preview:large, max-video-preview:-1\" \/>\n<link rel=\"canonical\" href=\"https:\/\/acefootball.com\/da\/fodboldnyheder\/danskerne-har-talt-saa-mange-vil-boykotte-vm\/\" \/>\n<meta property=\"og:locale\" content=\"en_US\" \/>\n<meta property=\"og:type\" content=\"article\" \/>\n<meta property=\"og:title\" content=\"Danskerne har talt: S\u00e5 mange vil boykotte VM\" \/>\n<meta property=\"og:description\" content=\"Hele 44 procent af danskerne mener, at Danmark b\u00f8r boykotte VM 2022 i Qatar, viser resultatet af en meningsm\u00e5ling fra Voxmeter\" \/>\n<meta property=\"og:url\" content=\"https:\/\/acefootball.com\/da\/fodboldnyheder\/danskerne-har-talt-saa-mange-vil-boykotte-vm\/\" \/>\n<meta property=\"og:site_name\" content=\"Ace Football Danmark\" \/>\n<meta property=\"article:publisher\" content=\"https:\/\/www.facebook.com\/acefootballdk\" \/>\n<meta property=\"article:published_time\" content=\"2021-03-13T08:51:13+00:00\" \/>\n<meta property=\"article:modified_time\" content=\"2021-03-13T08:51:14+00:00\" \/>\n<meta property=\"og:image\" content=\"https:\/\/acefootball.com\/da\/wp-content\/uploads\/sites\/2\/2021\/03\/Laes-mere-generel-11.jpg\" \/>\n\t<meta property=\"og:image:width\" content=\"1920\" \/>\n\t<meta property=\"og:image:height\" content=\"1008\" \/>\n\t<meta property=\"og:image:type\" content=\"image\/jpeg\" \/>\n<meta name=\"twitter:card\" content=\"summary_large_image\" \/>\n<meta name=\"twitter:label1\" content=\"Written by\" \/>\n\t<meta name=\"twitter:data1\" content=\"Mads Dreyer\" \/>\n\t<meta name=\"twitter:label2\" content=\"Est. reading time\" \/>\n\t<meta name=\"twitter:data2\" content=\"1 minute\" \/>\n<script type=\"application\/ld+json\" class=\"yoast-schema-graph\">{\"@context\":\"https:\/\/schema.org\",\"@graph\":[{\"@type\":\"Organization\",\"@id\":\"https:\/\/acefootball.com\/da\/#organization\",\"name\":\"Ace Football\",\"url\":\"https:\/\/acefootball.com\/da\/\",\"sameAs\":[\"https:\/\/www.facebook.com\/acefootballdk\"],\"logo\":{\"@type\":\"ImageObject\",\"@id\":\"https:\/\/acefootball.com\/da\/#logo\",\"inLanguage\":\"en-US\",\"url\":\"https:\/\/acefootball.com\/da\/wp-content\/uploads\/sites\/2\/2020\/07\/Ace-Football-30-07-2020-2.png\",\"contentUrl\":\"https:\/\/acefootball.com\/da\/wp-content\/uploads\/sites\/2\/2020\/07\/Ace-Football-30-07-2020-2.png\",\"width\":1200,\"height\":600,\"caption\":\"Ace Football\"},\"image\":{\"@id\":\"https:\/\/acefootball.com\/da\/#logo\"}},{\"@type\":\"WebSite\",\"@id\":\"https:\/\/acefootball.com\/da\/#website\",\"url\":\"https:\/\/acefootball.com\/da\/\",\"name\":\"Ace Football Danmark\",\"description\":\"Nyheder, Spiltips &amp; Livescore\",\"publisher\":{\"@id\":\"https:\/\/acefootball.com\/da\/#organization\"},\"potentialAction\":[{\"@type\":\"SearchAction\",\"target\":{\"@type\":\"EntryPoint\",\"urlTemplate\":\"https:\/\/acefootball.com\/da\/?s={search_term_string}\"},\"query-input\":\"required name=search_term_string\"}],\"inLanguage\":\"en-US\"},{\"@type\":\"ImageObject\",\"@id\":\"https:\/\/acefootball.com\/da\/fodboldnyheder\/danskerne-har-talt-saa-mange-vil-boykotte-vm\/#primaryimage\",\"inLanguage\":\"en-US\",\"url\":\"https:\/\/acefootball.com\/da\/wp-content\/uploads\/sites\/2\/2021\/03\/Laes-mere-generel-11.jpg\",\"contentUrl\":\"https:\/\/acefootball.com\/da\/wp-content\/uploads\/sites\/2\/2021\/03\/Laes-mere-generel-11.jpg\",\"width\":1920,\"height\":1008},{\"@type\":\"WebPage\",\"@id\":\"https:\/\/acefootball.com\/da\/fodboldnyheder\/danskerne-har-talt-saa-mange-vil-boykotte-vm\/#webpage\",\"url\":\"https:\/\/acefootball.com\/da\/fodboldnyheder\/danskerne-har-talt-saa-mange-vil-boykotte-vm\/\",\"name\":\"Danskerne har talt: S\u00e5 mange vil boykotte VM\",\"isPartOf\":{\"@id\":\"https:\/\/acefootball.com\/da\/#website\"},\"primaryImageOfPage\":{\"@id\":\"https:\/\/acefootball.com\/da\/fodboldnyheder\/danskerne-har-talt-saa-mange-vil-boykotte-vm\/#primaryimage\"},\"datePublished\":\"2021-03-13T08:51:13+00:00\",\"dateModified\":\"2021-03-13T08:51:14+00:00\",\"description\":\"Hele 44 procent af danskerne mener, at Danmark b\u00f8r boykotte VM 2022 i Qatar, viser resultatet af en meningsm\u00e5ling fra Voxmeter\",\"breadcrumb\":{\"@id\":\"https:\/\/acefootball.com\/da\/fodboldnyheder\/danskerne-har-talt-saa-mange-vil-boykotte-vm\/#breadcrumb\"},\"inLanguage\":\"en-US\",\"potentialAction\":[{\"@type\":\"ReadAction\",\"target\":[\"https:\/\/acefootball.com\/da\/fodboldnyheder\/danskerne-har-talt-saa-mange-vil-boykotte-vm\/\"]}]},{\"@type\":\"BreadcrumbList\",\"@id\":\"https:\/\/acefootball.com\/da\/fodboldnyheder\/danskerne-har-talt-saa-mange-vil-boykotte-vm\/#breadcrumb\",\"itemListElement\":[{\"@type\":\"ListItem\",\"position\":1,\"name\":\"Home\",\"item\":\"https:\/\/acefootball.com\/da\/\"},{\"@type\":\"ListItem\",\"position\":2,\"name\":\"Danskerne har talt: S\u00e5 mange vil boykotte VM\"}]},{\"@type\":\"Article\",\"@id\":\"https:\/\/acefootball.com\/da\/fodboldnyheder\/danskerne-har-talt-saa-mange-vil-boykotte-vm\/#article\",\"isPartOf\":{\"@id\":\"https:\/\/acefootball.com\/da\/fodboldnyheder\/danskerne-har-talt-saa-mange-vil-boykotte-vm\/#webpage\"},\"author\":{\"@id\":\"https:\/\/acefootball.com\/da\/#\/schema\/person\/ee67e9cf04a276f144100ffa722f10cd\"},\"headline\":\"Danskerne har talt: S\u00e5 mange vil boykotte VM\",\"datePublished\":\"2021-03-13T08:51:13+00:00\",\"dateModified\":\"2021-03-13T08:51:14+00:00\",\"mainEntityOfPage\":{\"@id\":\"https:\/\/acefootball.com\/da\/fodboldnyheder\/danskerne-har-talt-saa-mange-vil-boykotte-vm\/#webpage\"},\"wordCount\":196,\"commentCount\":0,\"publisher\":{\"@id\":\"https:\/\/acefootball.com\/da\/#organization\"},\"image\":{\"@id\":\"https:\/\/acefootball.com\/da\/fodboldnyheder\/danskerne-har-talt-saa-mange-vil-boykotte-vm\/#primaryimage\"},\"thumbnailUrl\":\"https:\/\/acefootball.com\/da\/wp-content\/uploads\/sites\/2\/2020\/08\/GettyImages-1175411065.jpg\",\"keywords\":[\"Danmark\"],\"articleSection\":[\"Nyhed\"],\"inLanguage\":\"en-US\",\"potentialAction\":[{\"@type\":\"CommentAction\",\"name\":\"Comment\",\"target\":[\"https:\/\/acefootball.com\/da\/fodboldnyheder\/danskerne-har-talt-saa-mange-vil-boykotte-vm\/#respond\"]}]},{\"@type\":\"Person\",\"@id\":\"https:\/\/acefootball.com\/da\/#\/schema\/person\/ee67e9cf04a276f144100ffa722f10cd\",\"name\":\"Mads Dreyer\",\"image\":{\"@type\":\"ImageObject\",\"@id\":\"https:\/\/acefootball.com\/da\/#personlogo\",\"inLanguage\":\"en-US\",\"url\":\"https:\/\/secure.gravatar.com\/avatar\/7c7abf72cfde9902b6a60efe60c88d4c?s=96&d=mm&r=g\",\"contentUrl\":\"https:\/\/secure.gravatar.com\/avatar\/7c7abf72cfde9902b6a60efe60c88d4c?s=96&d=mm&r=g\",\"caption\":\"Mads Dreyer\"},\"description\":\"Skribent og fodboldn\u00f8rd, der lige nu fort\u00e6ller om alt og intet i fodboldverdenen p\u00e5 acefootball.com. Uddannet i kommunikation fra Aalborg Universitet.\",\"sameAs\":[\"https:\/\/www.linkedin.com\/in\/mads-dreyer-b9b08266\/\"],\"url\":\"https:\/\/acefootball.com\/da\/fodboldnyheder\/author\/mdnronaldo\/\"}]}<\/script>\n<!-- \/ Yoast SEO plugin. -->","yoast_head_json":{"title":"Danskerne har talt: S\u00e5 mange vil boykotte VM","description":"Hele 44 procent af danskerne mener, at Danmark b\u00f8r boykotte VM 2022 i Qatar, viser resultatet af en meningsm\u00e5ling fra Voxmeter","robots":{"index":"index","follow":"follow","max-snippet":"max-snippet:-1","max-image-preview":"max-image-preview:large","max-video-preview":"max-video-preview:-1"},"canonical":"https:\/\/acefootball.com\/da\/fodboldnyheder\/danskerne-har-talt-saa-mange-vil-boykotte-vm\/","og_locale":"en_US","og_type":"article","og_title":"Danskerne har talt: S\u00e5 mange vil boykotte VM","og_description":"Hele 44 procent af danskerne mener, at Danmark b\u00f8r boykotte VM 2022 i Qatar, viser resultatet af en meningsm\u00e5ling fra Voxmeter","og_url":"https:\/\/acefootball.com\/da\/fodboldnyheder\/danskerne-har-talt-saa-mange-vil-boykotte-vm\/","og_site_name":"Ace Football Danmark","article_publisher":"https:\/\/www.facebook.com\/acefootballdk","article_published_time":"2021-03-13T08:51:13+00:00","article_modified_time":"2021-03-13T08:51:14+00:00","og_image":[{"width":1920,"height":1008,"url":"https:\/\/acefootball.com\/da\/wp-content\/uploads\/sites\/2\/2021\/03\/Laes-mere-generel-11.jpg","type":"image\/jpeg"}],"twitter_card":"summary_large_image","twitter_misc":{"Written by":"Mads Dreyer","Est. reading time":"1 minute"},"schema":{"@context":"https:\/\/schema.org","@graph":[{"@type":"Organization","@id":"https:\/\/acefootball.com\/da\/#organization","name":"Ace Football","url":"https:\/\/acefootball.com\/da\/","sameAs":["https:\/\/www.facebook.com\/acefootballdk"],"logo":{"@type":"ImageObject","@id":"https:\/\/acefootball.com\/da\/#logo","inLanguage":"en-US","url":"https:\/\/acefootball.com\/da\/wp-content\/uploads\/sites\/2\/2020\/07\/Ace-Football-30-07-2020-2.png","contentUrl":"https:\/\/acefootball.com\/da\/wp-content\/uploads\/sites\/2\/2020\/07\/Ace-Football-30-07-2020-2.png","width":1200,"height":600,"caption":"Ace Football"},"image":{"@id":"https:\/\/acefootball.com\/da\/#logo"}},{"@type":"WebSite","@id":"https:\/\/acefootball.com\/da\/#website","url":"https:\/\/acefootball.com\/da\/","name":"Ace Football Danmark","description":"Nyheder, Spiltips &amp; Livescore","publisher":{"@id":"https:\/\/acefootball.com\/da\/#organization"},"potentialAction":[{"@type":"SearchAction","target":{"@type":"EntryPoint","urlTemplate":"https:\/\/acefootball.com\/da\/?s={search_term_string}"},"query-input":"required name=search_term_string"}],"inLanguage":"en-US"},{"@type":"ImageObject","@id":"https:\/\/acefootball.com\/da\/fodboldnyheder\/danskerne-har-talt-saa-mange-vil-boykotte-vm\/#primaryimage","inLanguage":"en-US","url":"https:\/\/acefootball.com\/da\/wp-content\/uploads\/sites\/2\/2021\/03\/Laes-mere-generel-11.jpg","contentUrl":"https:\/\/acefootball.com\/da\/wp-content\/uploads\/sites\/2\/2021\/03\/Laes-mere-generel-11.jpg","width":1920,"height":1008},{"@type":"WebPage","@id":"https:\/\/acefootball.com\/da\/fodboldnyheder\/danskerne-har-talt-saa-mange-vil-boykotte-vm\/#webpage","url":"https:\/\/acefootball.com\/da\/fodboldnyheder\/danskerne-har-talt-saa-mange-vil-boykotte-vm\/","name":"Danskerne har talt: S\u00e5 mange vil boykotte VM","isPartOf":{"@id":"https:\/\/acefootball.com\/da\/#website"},"primaryImageOfPage":{"@id":"https:\/\/acefootball.com\/da\/fodboldnyheder\/danskerne-har-talt-saa-mange-vil-boykotte-vm\/#primaryimage"},"datePublished":"2021-03-13T08:51:13+00:00","dateModified":"2021-03-13T08:51:14+00:00","description":"Hele 44 procent af danskerne mener, at Danmark b\u00f8r boykotte VM 2022 i Qatar, viser resultatet af en meningsm\u00e5ling fra Voxmeter","breadcrumb":{"@id":"https:\/\/acefootball.com\/da\/fodboldnyheder\/danskerne-har-talt-saa-mange-vil-boykotte-vm\/#breadcrumb"},"inLanguage":"en-US","potentialAction":[{"@type":"ReadAction","target":["https:\/\/acefootball.com\/da\/fodboldnyheder\/danskerne-har-talt-saa-mange-vil-boykotte-vm\/"]}]},{"@type":"BreadcrumbList","@id":"https:\/\/acefootball.com\/da\/fodboldnyheder\/danskerne-har-talt-saa-mange-vil-boykotte-vm\/#breadcrumb","itemListElement":[{"@type":"ListItem","position":1,"name":"Home","item":"https:\/\/acefootball.com\/da\/"},{"@type":"ListItem","position":2,"name":"Danskerne har talt: S\u00e5 mange vil boykotte VM"}]},{"@type":"Article","@id":"https:\/\/acefootball.com\/da\/fodboldnyheder\/danskerne-har-talt-saa-mange-vil-boykotte-vm\/#article","isPartOf":{"@id":"https:\/\/acefootball.com\/da\/fodboldnyheder\/danskerne-har-talt-saa-mange-vil-boykotte-vm\/#webpage"},"author":{"@id":"https:\/\/acefootball.com\/da\/#\/schema\/person\/ee67e9cf04a276f144100ffa722f10cd"},"headline":"Danskerne har talt: S\u00e5 mange vil boykotte VM","datePublished":"2021-03-13T08:51:13+00:00","dateModified":"2021-03-13T08:51:14+00:00","mainEntityOfPage":{"@id":"https:\/\/acefootball.com\/da\/fodboldnyheder\/danskerne-har-talt-saa-mange-vil-boykotte-vm\/#webpage"},"wordCount":196,"commentCount":0,"publisher":{"@id":"https:\/\/acefootball.com\/da\/#organization"},"image":{"@id":"https:\/\/acefootball.com\/da\/fodboldnyheder\/danskerne-har-talt-saa-mange-vil-boykotte-vm\/#primaryimage"},"thumbnailUrl":"https:\/\/acefootball.com\/da\/wp-content\/uploads\/sites\/2\/2020\/08\/GettyImages-1175411065.jpg","keywords":["Danmark"],"articleSection":["Nyhed"],"inLanguage":"en-US","potentialAction":[{"@type":"CommentAction","name":"Comment","target":["https:\/\/acefootball.com\/da\/fodboldnyheder\/danskerne-har-talt-saa-mange-vil-boykotte-vm\/#respond"]}]},{"@type":"Person","@id":"https:\/\/acefootball.com\/da\/#\/schema\/person\/ee67e9cf04a276f144100ffa722f10cd","name":"Mads Dreyer","image":{"@type":"ImageObject","@id":"https:\/\/acefootball.com\/da\/#personlogo","inLanguage":"en-US","url":"https:\/\/secure.gravatar.com\/avatar\/7c7abf72cfde9902b6a60efe60c88d4c?s=96&d=mm&r=g","contentUrl":"https:\/\/secure.gravatar.com\/avatar\/7c7abf72cfde9902b6a60efe60c88d4c?s=96&d=mm&r=g","caption":"Mads Dreyer"},"description":"Skribent og fodboldn\u00f8rd, der lige nu fort\u00e6ller om alt og intet i fodboldverdenen p\u00e5 acefootball.com. Uddannet i kommunikation fra Aalborg Universitet.","sameAs":["https:\/\/www.linkedin.com\/in\/mads-dreyer-b9b08266\/"],"url":"https:\/\/acefootball.com\/da\/fodboldnyheder\/author\/mdnronaldo\/"}]}},"fimg_url":"https:\/\/acefootball.com\/da\/wp-content\/uploads\/sites\/2\/2020\/08\/GettyImages-1175411065.jpg","_links":{"self":[{"href":"https:\/\/acefootball.com\/da\/wp-json\/wp\/v2\/posts\/254315"}],"collection":[{"href":"https:\/\/acefootball.com\/da\/wp-json\/wp\/v2\/posts"}],"about":[{"href":"https:\/\/acefootball.com\/da\/wp-json\/wp\/v2\/types\/post"}],"author":[{"embeddable":true,"href":"https:\/\/acefootball.com\/da\/wp-json\/wp\/v2\/users\/705"}],"replies":[{"embeddable":true,"href":"https:\/\/acefootball.com\/da\/wp-json\/wp\/v2\/comments?post=254315"}],"version-history":[{"count":0,"href":"https:\/\/acefootball.com\/da\/wp-json\/wp\/v2\/posts\/254315\/revisions"}],"wp:featuredmedia":[{"embeddable":true,"href":"https:\/\/acefootball.com\/da\/wp-json\/wp\/v2\/media\/234645"}],"wp:attachment":[{"href":"https:\/\/acefootball.com\/da\/wp-json\/wp\/v2\/media?parent=254315"}],"wp:term":[{"taxonomy":"category","embeddable":true,"href":"https:\/\/acefootball.com\/da\/wp-json\/wp\/v2\/categories?post=254315"},{"taxonomy":"post_tag","embeddable":true,"href":"https:\/\/acefootball.com\/da\/wp-json\/wp\/v2\/tags?post=254315"}],"curies":[{"name":"wp","href":"https:\/\/api.w.org\/{rel}","templated":true}]}}