{"id":254052,"date":"2021-03-10T20:30:12","date_gmt":"2021-03-10T19:30:12","guid":{"rendered":"https:\/\/acefootball.com\/da\/?p=254052"},"modified":"2021-03-10T20:30:13","modified_gmt":"2021-03-10T19:30:13","slug":"united-legende-i-fare-for-fyreseddel-efter-voldssag","status":"publish","type":"post","link":"https:\/\/acefootball.com\/da\/fodboldnyheder\/united-legende-i-fare-for-fyreseddel-efter-voldssag\/","title":{"rendered":"United-legende i fare for fyreseddel efter voldssag"},"content":{"rendered":"\n<h2 id=\"h-manchester-united-legenden-ryan-giggs-blev-i-november-anholdt-i-forbindelse-med-en-voldssag-som-endnu-ikke-er-afgjort\">Manchester United-legenden Ryan Giggs blev i november anholdt i forbindelse med en voldssag, som endnu ikke er afgjort<\/h2>\n\n\n\n<p>Tilbage i november r\u00f8g den tidligere Manchester United-stjerne, Ryan Giggs, i medierne under meget uheldige omst\u00e6ndigheder.<\/p>\n\n\n\n<p>Giggs blev anholdt efter en episode med k\u00e6resten Kate Greville, som han angiveligt skulle have ydet vold imod, og blev derfor suspenderet i sit nuv\u00e6rende job som walisisk landstr\u00e6ner.<\/p>\n\n\n\n<p>Det er han ogs\u00e5 til de kommende landskampe, da efterforskningen fortsat st\u00e5r p\u00e5, og United-legenden endnu ikke er blevet l\u00f8sladt. Det skriver <a href=\"https:\/\/www.skysports.com\/football\/news\/12018\/12241610\/ryan-giggs-will-not-be-part-of-wales-set-up-for-world-cup-qualifiers-in-march\" target=\"_blank\" rel=\"noreferrer noopener\">Sky Sports<\/a>.<\/p>\n\n\n\n<p>Det f\u00e5r nu flere medier til at spekulere i, om Giggs kan ende med en fyreseddel. Ryan Giggs erkl\u00e6rer sig dog fortsat for uskyldig i tiltalerne.<\/p>\n","protected":false},"excerpt":{"rendered":"<p>Manchester United-legenden Ryan Giggs blev i november anholdt i forbindelse med en voldssag, som endnu ikke er afgjort<\/p>\n","protected":false},"author":705,"featured_media":254053,"comment_status":"open","ping_status":"closed","sticky":false,"template":"","format":"standard","meta":{"om_disable_all_campaigns":false,"push_articles_ronaldo":{"active":false,"canonical":0,"publish":false},"force_updates":null},"categories":[1],"tags":[126,134,547,1331],"enet_tags":{"team":["10260","5790"],"league":["47"],"player":["536775"],"sport_events":[]},"yoast_head":"<!-- This site is optimized with the Yoast SEO plugin v18.3 - https:\/\/yoast.com\/wordpress\/plugins\/seo\/ -->\n<title>United-legende i fare for fyreseddel efter voldssag<\/title>\n<meta name=\"description\" content=\"Manchester United-legenden Ryan Giggs blev i november anholdt i forbindelse med en voldssag, som endnu ikke er afgjort\" \/>\n<meta name=\"robots\" content=\"index, follow, max-snippet:-1, max-image-preview:large, max-video-preview:-1\" \/>\n<link rel=\"canonical\" href=\"https:\/\/acefootball.com\/da\/fodboldnyheder\/united-legende-i-fare-for-fyreseddel-efter-voldssag\/\" \/>\n<meta property=\"og:locale\" content=\"en_US\" \/>\n<meta property=\"og:type\" content=\"article\" \/>\n<meta property=\"og:title\" content=\"United-legende i fare for fyreseddel efter voldssag\" \/>\n<meta property=\"og:description\" content=\"Manchester United-legenden Ryan Giggs blev i november anholdt i forbindelse med en voldssag, som endnu ikke er afgjort\" \/>\n<meta property=\"og:url\" content=\"https:\/\/acefootball.com\/da\/fodboldnyheder\/united-legende-i-fare-for-fyreseddel-efter-voldssag\/\" \/>\n<meta property=\"og:site_name\" content=\"Ace Football Danmark\" \/>\n<meta property=\"article:publisher\" content=\"https:\/\/www.facebook.com\/acefootballdk\" \/>\n<meta property=\"article:published_time\" content=\"2021-03-10T19:30:12+00:00\" \/>\n<meta property=\"article:modified_time\" content=\"2021-03-10T19:30:13+00:00\" \/>\n<meta property=\"og:image\" content=\"https:\/\/acefootball.com\/da\/wp-content\/uploads\/sites\/2\/2021\/03\/GettyImages-1302505046.jpg\" \/>\n\t<meta property=\"og:image:width\" content=\"1024\" \/>\n\t<meta property=\"og:image:height\" content=\"683\" \/>\n\t<meta property=\"og:image:type\" content=\"image\/jpeg\" \/>\n<meta name=\"twitter:card\" content=\"summary_large_image\" \/>\n<meta name=\"twitter:label1\" content=\"Written by\" \/>\n\t<meta name=\"twitter:data1\" content=\"Mads Dreyer\" \/>\n\t<meta name=\"twitter:label2\" content=\"Est. reading time\" \/>\n\t<meta name=\"twitter:data2\" content=\"1 minute\" \/>\n<script type=\"application\/ld+json\" class=\"yoast-schema-graph\">{\"@context\":\"https:\/\/schema.org\",\"@graph\":[{\"@type\":\"Organization\",\"@id\":\"https:\/\/acefootball.com\/da\/#organization\",\"name\":\"Ace Football\",\"url\":\"https:\/\/acefootball.com\/da\/\",\"sameAs\":[\"https:\/\/www.facebook.com\/acefootballdk\"],\"logo\":{\"@type\":\"ImageObject\",\"@id\":\"https:\/\/acefootball.com\/da\/#logo\",\"inLanguage\":\"en-US\",\"url\":\"https:\/\/acefootball.com\/da\/wp-content\/uploads\/sites\/2\/2020\/07\/Ace-Football-30-07-2020-2.png\",\"contentUrl\":\"https:\/\/acefootball.com\/da\/wp-content\/uploads\/sites\/2\/2020\/07\/Ace-Football-30-07-2020-2.png\",\"width\":1200,\"height\":600,\"caption\":\"Ace Football\"},\"image\":{\"@id\":\"https:\/\/acefootball.com\/da\/#logo\"}},{\"@type\":\"WebSite\",\"@id\":\"https:\/\/acefootball.com\/da\/#website\",\"url\":\"https:\/\/acefootball.com\/da\/\",\"name\":\"Ace Football Danmark\",\"description\":\"Nyheder, Spiltips &amp; Livescore\",\"publisher\":{\"@id\":\"https:\/\/acefootball.com\/da\/#organization\"},\"potentialAction\":[{\"@type\":\"SearchAction\",\"target\":{\"@type\":\"EntryPoint\",\"urlTemplate\":\"https:\/\/acefootball.com\/da\/?s={search_term_string}\"},\"query-input\":\"required name=search_term_string\"}],\"inLanguage\":\"en-US\"},{\"@type\":\"ImageObject\",\"@id\":\"https:\/\/acefootball.com\/da\/fodboldnyheder\/united-legende-i-fare-for-fyreseddel-efter-voldssag\/#primaryimage\",\"inLanguage\":\"en-US\",\"url\":\"https:\/\/acefootball.com\/da\/wp-content\/uploads\/sites\/2\/2021\/03\/GettyImages-1302505046.jpg\",\"contentUrl\":\"https:\/\/acefootball.com\/da\/wp-content\/uploads\/sites\/2\/2021\/03\/GettyImages-1302505046.jpg\",\"width\":1024,\"height\":683,\"caption\":\"SALFORD, ENGLAND - FEBRUARY 16: Ryan Giggs Co-owner of Salford City walks off after the Sky Bet League Two match between Salford City and Barrow at Moor Lane on February 16, 2021 in Salford, England. Sporting stadiums around the UK remain under strict restrictions due to the Coronavirus Pandemic as Government social distancing laws prohibit fans inside venues resulting in games being played behind closed doors. (Photo by Naomi Baker\/Getty Images)\"},{\"@type\":\"WebPage\",\"@id\":\"https:\/\/acefootball.com\/da\/fodboldnyheder\/united-legende-i-fare-for-fyreseddel-efter-voldssag\/#webpage\",\"url\":\"https:\/\/acefootball.com\/da\/fodboldnyheder\/united-legende-i-fare-for-fyreseddel-efter-voldssag\/\",\"name\":\"United-legende i fare for fyreseddel efter voldssag\",\"isPartOf\":{\"@id\":\"https:\/\/acefootball.com\/da\/#website\"},\"primaryImageOfPage\":{\"@id\":\"https:\/\/acefootball.com\/da\/fodboldnyheder\/united-legende-i-fare-for-fyreseddel-efter-voldssag\/#primaryimage\"},\"datePublished\":\"2021-03-10T19:30:12+00:00\",\"dateModified\":\"2021-03-10T19:30:13+00:00\",\"description\":\"Manchester United-legenden Ryan Giggs blev i november anholdt i forbindelse med en voldssag, som endnu ikke er afgjort\",\"breadcrumb\":{\"@id\":\"https:\/\/acefootball.com\/da\/fodboldnyheder\/united-legende-i-fare-for-fyreseddel-efter-voldssag\/#breadcrumb\"},\"inLanguage\":\"en-US\",\"potentialAction\":[{\"@type\":\"ReadAction\",\"target\":[\"https:\/\/acefootball.com\/da\/fodboldnyheder\/united-legende-i-fare-for-fyreseddel-efter-voldssag\/\"]}]},{\"@type\":\"BreadcrumbList\",\"@id\":\"https:\/\/acefootball.com\/da\/fodboldnyheder\/united-legende-i-fare-for-fyreseddel-efter-voldssag\/#breadcrumb\",\"itemListElement\":[{\"@type\":\"ListItem\",\"position\":1,\"name\":\"Home\",\"item\":\"https:\/\/acefootball.com\/da\/\"},{\"@type\":\"ListItem\",\"position\":2,\"name\":\"United-legende i fare for fyreseddel efter voldssag\"}]},{\"@type\":\"Article\",\"@id\":\"https:\/\/acefootball.com\/da\/fodboldnyheder\/united-legende-i-fare-for-fyreseddel-efter-voldssag\/#article\",\"isPartOf\":{\"@id\":\"https:\/\/acefootball.com\/da\/fodboldnyheder\/united-legende-i-fare-for-fyreseddel-efter-voldssag\/#webpage\"},\"author\":{\"@id\":\"https:\/\/acefootball.com\/da\/#\/schema\/person\/ee67e9cf04a276f144100ffa722f10cd\"},\"headline\":\"United-legende i fare for fyreseddel efter voldssag\",\"datePublished\":\"2021-03-10T19:30:12+00:00\",\"dateModified\":\"2021-03-10T19:30:13+00:00\",\"mainEntityOfPage\":{\"@id\":\"https:\/\/acefootball.com\/da\/fodboldnyheder\/united-legende-i-fare-for-fyreseddel-efter-voldssag\/#webpage\"},\"wordCount\":129,\"commentCount\":0,\"publisher\":{\"@id\":\"https:\/\/acefootball.com\/da\/#organization\"},\"image\":{\"@id\":\"https:\/\/acefootball.com\/da\/fodboldnyheder\/united-legende-i-fare-for-fyreseddel-efter-voldssag\/#primaryimage\"},\"thumbnailUrl\":\"https:\/\/acefootball.com\/da\/wp-content\/uploads\/sites\/2\/2021\/03\/GettyImages-1302505046.jpg\",\"keywords\":[\"Manchester United\",\"Premier League\",\"Ryan Giggs\",\"Wales\"],\"articleSection\":[\"Nyhed\"],\"inLanguage\":\"en-US\",\"potentialAction\":[{\"@type\":\"CommentAction\",\"name\":\"Comment\",\"target\":[\"https:\/\/acefootball.com\/da\/fodboldnyheder\/united-legende-i-fare-for-fyreseddel-efter-voldssag\/#respond\"]}]},{\"@type\":\"Person\",\"@id\":\"https:\/\/acefootball.com\/da\/#\/schema\/person\/ee67e9cf04a276f144100ffa722f10cd\",\"name\":\"Mads Dreyer\",\"image\":{\"@type\":\"ImageObject\",\"@id\":\"https:\/\/acefootball.com\/da\/#personlogo\",\"inLanguage\":\"en-US\",\"url\":\"https:\/\/secure.gravatar.com\/avatar\/7c7abf72cfde9902b6a60efe60c88d4c?s=96&d=mm&r=g\",\"contentUrl\":\"https:\/\/secure.gravatar.com\/avatar\/7c7abf72cfde9902b6a60efe60c88d4c?s=96&d=mm&r=g\",\"caption\":\"Mads Dreyer\"},\"description\":\"Skribent og fodboldn\u00f8rd, der lige nu fort\u00e6ller om alt og intet i fodboldverdenen p\u00e5 acefootball.com. Uddannet i kommunikation fra Aalborg Universitet.\",\"sameAs\":[\"https:\/\/www.linkedin.com\/in\/mads-dreyer-b9b08266\/\"],\"url\":\"https:\/\/acefootball.com\/da\/fodboldnyheder\/author\/mdnronaldo\/\"}]}<\/script>\n<!-- \/ Yoast SEO plugin. -->","yoast_head_json":{"title":"United-legende i fare for fyreseddel efter voldssag","description":"Manchester United-legenden Ryan Giggs blev i november anholdt i forbindelse med en voldssag, som endnu ikke er afgjort","robots":{"index":"index","follow":"follow","max-snippet":"max-snippet:-1","max-image-preview":"max-image-preview:large","max-video-preview":"max-video-preview:-1"},"canonical":"https:\/\/acefootball.com\/da\/fodboldnyheder\/united-legende-i-fare-for-fyreseddel-efter-voldssag\/","og_locale":"en_US","og_type":"article","og_title":"United-legende i fare for fyreseddel efter voldssag","og_description":"Manchester United-legenden Ryan Giggs blev i november anholdt i forbindelse med en voldssag, som endnu ikke er afgjort","og_url":"https:\/\/acefootball.com\/da\/fodboldnyheder\/united-legende-i-fare-for-fyreseddel-efter-voldssag\/","og_site_name":"Ace Football Danmark","article_publisher":"https:\/\/www.facebook.com\/acefootballdk","article_published_time":"2021-03-10T19:30:12+00:00","article_modified_time":"2021-03-10T19:30:13+00:00","og_image":[{"width":1024,"height":683,"url":"https:\/\/acefootball.com\/da\/wp-content\/uploads\/sites\/2\/2021\/03\/GettyImages-1302505046.jpg","type":"image\/jpeg"}],"twitter_card":"summary_large_image","twitter_misc":{"Written by":"Mads Dreyer","Est. reading time":"1 minute"},"schema":{"@context":"https:\/\/schema.org","@graph":[{"@type":"Organization","@id":"https:\/\/acefootball.com\/da\/#organization","name":"Ace Football","url":"https:\/\/acefootball.com\/da\/","sameAs":["https:\/\/www.facebook.com\/acefootballdk"],"logo":{"@type":"ImageObject","@id":"https:\/\/acefootball.com\/da\/#logo","inLanguage":"en-US","url":"https:\/\/acefootball.com\/da\/wp-content\/uploads\/sites\/2\/2020\/07\/Ace-Football-30-07-2020-2.png","contentUrl":"https:\/\/acefootball.com\/da\/wp-content\/uploads\/sites\/2\/2020\/07\/Ace-Football-30-07-2020-2.png","width":1200,"height":600,"caption":"Ace Football"},"image":{"@id":"https:\/\/acefootball.com\/da\/#logo"}},{"@type":"WebSite","@id":"https:\/\/acefootball.com\/da\/#website","url":"https:\/\/acefootball.com\/da\/","name":"Ace Football Danmark","description":"Nyheder, Spiltips &amp; Livescore","publisher":{"@id":"https:\/\/acefootball.com\/da\/#organization"},"potentialAction":[{"@type":"SearchAction","target":{"@type":"EntryPoint","urlTemplate":"https:\/\/acefootball.com\/da\/?s={search_term_string}"},"query-input":"required name=search_term_string"}],"inLanguage":"en-US"},{"@type":"ImageObject","@id":"https:\/\/acefootball.com\/da\/fodboldnyheder\/united-legende-i-fare-for-fyreseddel-efter-voldssag\/#primaryimage","inLanguage":"en-US","url":"https:\/\/acefootball.com\/da\/wp-content\/uploads\/sites\/2\/2021\/03\/GettyImages-1302505046.jpg","contentUrl":"https:\/\/acefootball.com\/da\/wp-content\/uploads\/sites\/2\/2021\/03\/GettyImages-1302505046.jpg","width":1024,"height":683,"caption":"SALFORD, ENGLAND - FEBRUARY 16: Ryan Giggs Co-owner of Salford City walks off after the Sky Bet League Two match between Salford City and Barrow at Moor Lane on February 16, 2021 in Salford, England. Sporting stadiums around the UK remain under strict restrictions due to the Coronavirus Pandemic as Government social distancing laws prohibit fans inside venues resulting in games being played behind closed doors. (Photo by Naomi Baker\/Getty Images)"},{"@type":"WebPage","@id":"https:\/\/acefootball.com\/da\/fodboldnyheder\/united-legende-i-fare-for-fyreseddel-efter-voldssag\/#webpage","url":"https:\/\/acefootball.com\/da\/fodboldnyheder\/united-legende-i-fare-for-fyreseddel-efter-voldssag\/","name":"United-legende i fare for fyreseddel efter voldssag","isPartOf":{"@id":"https:\/\/acefootball.com\/da\/#website"},"primaryImageOfPage":{"@id":"https:\/\/acefootball.com\/da\/fodboldnyheder\/united-legende-i-fare-for-fyreseddel-efter-voldssag\/#primaryimage"},"datePublished":"2021-03-10T19:30:12+00:00","dateModified":"2021-03-10T19:30:13+00:00","description":"Manchester United-legenden Ryan Giggs blev i november anholdt i forbindelse med en voldssag, som endnu ikke er afgjort","breadcrumb":{"@id":"https:\/\/acefootball.com\/da\/fodboldnyheder\/united-legende-i-fare-for-fyreseddel-efter-voldssag\/#breadcrumb"},"inLanguage":"en-US","potentialAction":[{"@type":"ReadAction","target":["https:\/\/acefootball.com\/da\/fodboldnyheder\/united-legende-i-fare-for-fyreseddel-efter-voldssag\/"]}]},{"@type":"BreadcrumbList","@id":"https:\/\/acefootball.com\/da\/fodboldnyheder\/united-legende-i-fare-for-fyreseddel-efter-voldssag\/#breadcrumb","itemListElement":[{"@type":"ListItem","position":1,"name":"Home","item":"https:\/\/acefootball.com\/da\/"},{"@type":"ListItem","position":2,"name":"United-legende i fare for fyreseddel efter voldssag"}]},{"@type":"Article","@id":"https:\/\/acefootball.com\/da\/fodboldnyheder\/united-legende-i-fare-for-fyreseddel-efter-voldssag\/#article","isPartOf":{"@id":"https:\/\/acefootball.com\/da\/fodboldnyheder\/united-legende-i-fare-for-fyreseddel-efter-voldssag\/#webpage"},"author":{"@id":"https:\/\/acefootball.com\/da\/#\/schema\/person\/ee67e9cf04a276f144100ffa722f10cd"},"headline":"United-legende i fare for fyreseddel efter voldssag","datePublished":"2021-03-10T19:30:12+00:00","dateModified":"2021-03-10T19:30:13+00:00","mainEntityOfPage":{"@id":"https:\/\/acefootball.com\/da\/fodboldnyheder\/united-legende-i-fare-for-fyreseddel-efter-voldssag\/#webpage"},"wordCount":129,"commentCount":0,"publisher":{"@id":"https:\/\/acefootball.com\/da\/#organization"},"image":{"@id":"https:\/\/acefootball.com\/da\/fodboldnyheder\/united-legende-i-fare-for-fyreseddel-efter-voldssag\/#primaryimage"},"thumbnailUrl":"https:\/\/acefootball.com\/da\/wp-content\/uploads\/sites\/2\/2021\/03\/GettyImages-1302505046.jpg","keywords":["Manchester United","Premier League","Ryan Giggs","Wales"],"articleSection":["Nyhed"],"inLanguage":"en-US","potentialAction":[{"@type":"CommentAction","name":"Comment","target":["https:\/\/acefootball.com\/da\/fodboldnyheder\/united-legende-i-fare-for-fyreseddel-efter-voldssag\/#respond"]}]},{"@type":"Person","@id":"https:\/\/acefootball.com\/da\/#\/schema\/person\/ee67e9cf04a276f144100ffa722f10cd","name":"Mads Dreyer","image":{"@type":"ImageObject","@id":"https:\/\/acefootball.com\/da\/#personlogo","inLanguage":"en-US","url":"https:\/\/secure.gravatar.com\/avatar\/7c7abf72cfde9902b6a60efe60c88d4c?s=96&d=mm&r=g","contentUrl":"https:\/\/secure.gravatar.com\/avatar\/7c7abf72cfde9902b6a60efe60c88d4c?s=96&d=mm&r=g","caption":"Mads Dreyer"},"description":"Skribent og fodboldn\u00f8rd, der lige nu fort\u00e6ller om alt og intet i fodboldverdenen p\u00e5 acefootball.com. Uddannet i kommunikation fra Aalborg Universitet.","sameAs":["https:\/\/www.linkedin.com\/in\/mads-dreyer-b9b08266\/"],"url":"https:\/\/acefootball.com\/da\/fodboldnyheder\/author\/mdnronaldo\/"}]}},"fimg_url":"https:\/\/acefootball.com\/da\/wp-content\/uploads\/sites\/2\/2021\/03\/GettyImages-1302505046.jpg","_links":{"self":[{"href":"https:\/\/acefootball.com\/da\/wp-json\/wp\/v2\/posts\/254052"}],"collection":[{"href":"https:\/\/acefootball.com\/da\/wp-json\/wp\/v2\/posts"}],"about":[{"href":"https:\/\/acefootball.com\/da\/wp-json\/wp\/v2\/types\/post"}],"author":[{"embeddable":true,"href":"https:\/\/acefootball.com\/da\/wp-json\/wp\/v2\/users\/705"}],"replies":[{"embeddable":true,"href":"https:\/\/acefootball.com\/da\/wp-json\/wp\/v2\/comments?post=254052"}],"version-history":[{"count":0,"href":"https:\/\/acefootball.com\/da\/wp-json\/wp\/v2\/posts\/254052\/revisions"}],"wp:featuredmedia":[{"embeddable":true,"href":"https:\/\/acefootball.com\/da\/wp-json\/wp\/v2\/media\/254053"}],"wp:attachment":[{"href":"https:\/\/acefootball.com\/da\/wp-json\/wp\/v2\/media?parent=254052"}],"wp:term":[{"taxonomy":"category","embeddable":true,"href":"https:\/\/acefootball.com\/da\/wp-json\/wp\/v2\/categories?post=254052"},{"taxonomy":"post_tag","embeddable":true,"href":"https:\/\/acefootball.com\/da\/wp-json\/wp\/v2\/tags?post=254052"}],"curies":[{"name":"wp","href":"https:\/\/api.w.org\/{rel}","templated":true}]}}