{"id":254040,"date":"2021-03-10T18:25:18","date_gmt":"2021-03-10T17:25:18","guid":{"rendered":"https:\/\/acefootball.com\/da\/?p=254040"},"modified":"2021-03-10T18:25:19","modified_gmt":"2021-03-10T17:25:19","slug":"aarets-traener-2020-superliga-bosser-og-premier-league-bejler-er-nomineret","status":"publish","type":"post","link":"https:\/\/acefootball.com\/da\/fodboldnyheder\/aarets-traener-2020-superliga-bosser-og-premier-league-bejler-er-nomineret\/","title":{"rendered":"\u00c5rets Tr\u00e6ner 2020: Superliga-bosser og Premier League-bejler er nomineret"},"content":{"rendered":"\n<h2 id=\"h-brian-priske-david-nielsen-niels-frederiksen-og-thomas-frank-er-de-fire-nominerede-til-at-blive-rets-tr-ner-2020\">Brian Priske, David Nielsen, Niels Frederiksen og Thomas Frank er de fire nominerede til at blive \u00c5rets Tr\u00e6ner 2020<\/h2>\n\n\n\n<p>Onsdag har DBU offentliggjort de nominerede til titlen som \u00c5rets Tr\u00e6ner 2020.<\/p>\n\n\n\n<p>De fire kandidater byder p\u00e5 tre mand fra den hjemlige Superliga, heriblandt mestertr\u00e6neren Brian Priske fra FC Midtjylland, AGF&#8217;s David Nielsen og Niels Frederiksen fra Br\u00f8ndby IF.<\/p>\n\n\n\n<p>Sidste mand i feltet er Thomas Frank, der for anden s\u00e6son i tr\u00e6k k\u00e6mper med om oprykningen til Premier League med Brentford.<\/p>\n\n\n\n<figure class=\"wp-block-embed is-type-rich is-provider-twitter wp-block-embed-twitter\"><div class=\"wp-block-embed__wrapper\">\n<blockquote class=\"twitter-tweet\" data-width=\"550\" data-dnt=\"true\"><p lang=\"da\" dir=\"ltr\">4\u20e3 danske tr\u00e6nere er af deres kollegaer blevet nomineret til \u00c5rets Tr\u00e6ner 2020\u26bd\ufe0f\ud83d\udc4f Et stort tillykke til de fire st\u00e6rke kandidater:<br><br>\u27a1\ufe0fBrian Priske <a href=\"https:\/\/twitter.com\/fcmidtjylland?ref_src=twsrc%5Etfw\">@fcmidtjylland<\/a> <br>\u27a1\ufe0fDavid Nielsen <a href=\"https:\/\/twitter.com\/AGFFodbold?ref_src=twsrc%5Etfw\">@AGFFodbold<\/a> <br>\u27a1\ufe0fNiels Frederiksen <a href=\"https:\/\/twitter.com\/BrondbyIF?ref_src=twsrc%5Etfw\">@BrondbyIF<\/a> <br>\u27a1\ufe0fThomas Frank <a href=\"https:\/\/twitter.com\/BrentfordFC?ref_src=twsrc%5Etfw\">@BrentfordFC<\/a> <br><br>\ud83d\udc49<a href=\"https:\/\/t.co\/1R11IM4gwi\">https:\/\/t.co\/1R11IM4gwi<\/a> <a href=\"https:\/\/t.co\/ibVd6n9EnH\">pic.twitter.com\/ibVd6n9EnH<\/a><\/p>&mdash; DBU &#8211; En Del Af Noget St\u00f8rre (@DBUfodbold) <a href=\"https:\/\/twitter.com\/DBUfodbold\/status\/1369689135078928390?ref_src=twsrc%5Etfw\">March 10, 2021<\/a><\/blockquote><script async src=\"https:\/\/platform.twitter.com\/widgets.js\" charset=\"utf-8\"><\/script>\n<\/div><\/figure>\n","protected":false},"excerpt":{"rendered":"<p>Brian Priske, David Nielsen, Niels Frederiksen og Thomas Frank er de fire nominerede til at blive \u00c5rets Tr\u00e6ner 2020<\/p>\n","protected":false},"author":705,"featured_media":254042,"comment_status":"open","ping_status":"closed","sticky":false,"template":"","format":"standard","meta":{"om_disable_all_campaigns":false,"push_articles_ronaldo":{"active":false,"canonical":0,"publish":false},"force_updates":null},"categories":[1],"tags":[18,305,1041,53,296,51,812,588,1795],"enet_tags":{"team":["8071","9937","8595","8113"],"player":["411227","532991","183862","450969"],"league":["46"],"sport_events":[]},"yoast_head":"<!-- This site is optimized with the Yoast SEO plugin v18.3 - https:\/\/yoast.com\/wordpress\/plugins\/seo\/ -->\n<title>\u00c5rets Tr\u00e6ner 2020: Superliga-bosser og Premier League-bejler er nomineret<\/title>\n<meta name=\"description\" content=\"Brian Priske, David Nielsen, Niels Frederiksen og Thomas Frank er de fire nominerede til at blive \u00c5rets Tr\u00e6ner 2020\" \/>\n<meta name=\"robots\" content=\"index, follow, max-snippet:-1, max-image-preview:large, max-video-preview:-1\" \/>\n<link rel=\"canonical\" href=\"https:\/\/acefootball.com\/da\/fodboldnyheder\/aarets-traener-2020-superliga-bosser-og-premier-league-bejler-er-nomineret\/\" \/>\n<meta property=\"og:locale\" content=\"en_US\" \/>\n<meta property=\"og:type\" content=\"article\" \/>\n<meta property=\"og:title\" content=\"\u00c5rets Tr\u00e6ner 2020: Superliga-bosser og Premier League-bejler er nomineret\" \/>\n<meta property=\"og:description\" content=\"Brian Priske, David Nielsen, Niels Frederiksen og Thomas Frank er de fire nominerede til at blive \u00c5rets Tr\u00e6ner 2020\" \/>\n<meta property=\"og:url\" content=\"https:\/\/acefootball.com\/da\/fodboldnyheder\/aarets-traener-2020-superliga-bosser-og-premier-league-bejler-er-nomineret\/\" \/>\n<meta property=\"og:site_name\" content=\"Ace Football Danmark\" \/>\n<meta property=\"article:publisher\" content=\"https:\/\/www.facebook.com\/acefootballdk\" \/>\n<meta property=\"article:published_time\" content=\"2021-03-10T17:25:18+00:00\" \/>\n<meta property=\"article:modified_time\" content=\"2021-03-10T17:25:19+00:00\" \/>\n<meta property=\"og:image\" content=\"https:\/\/acefootball.com\/da\/wp-content\/uploads\/sites\/2\/2021\/03\/Laes-mere-generel-4-4.jpg\" \/>\n\t<meta property=\"og:image:width\" content=\"1920\" \/>\n\t<meta property=\"og:image:height\" content=\"1008\" \/>\n\t<meta property=\"og:image:type\" content=\"image\/jpeg\" \/>\n<meta name=\"twitter:card\" content=\"summary_large_image\" \/>\n<meta name=\"twitter:label1\" content=\"Written by\" \/>\n\t<meta name=\"twitter:data1\" content=\"Mads Dreyer\" \/>\n\t<meta name=\"twitter:label2\" content=\"Est. reading time\" \/>\n\t<meta name=\"twitter:data2\" content=\"1 minute\" \/>\n<script type=\"application\/ld+json\" class=\"yoast-schema-graph\">{\"@context\":\"https:\/\/schema.org\",\"@graph\":[{\"@type\":\"Organization\",\"@id\":\"https:\/\/acefootball.com\/da\/#organization\",\"name\":\"Ace Football\",\"url\":\"https:\/\/acefootball.com\/da\/\",\"sameAs\":[\"https:\/\/www.facebook.com\/acefootballdk\"],\"logo\":{\"@type\":\"ImageObject\",\"@id\":\"https:\/\/acefootball.com\/da\/#logo\",\"inLanguage\":\"en-US\",\"url\":\"https:\/\/acefootball.com\/da\/wp-content\/uploads\/sites\/2\/2020\/07\/Ace-Football-30-07-2020-2.png\",\"contentUrl\":\"https:\/\/acefootball.com\/da\/wp-content\/uploads\/sites\/2\/2020\/07\/Ace-Football-30-07-2020-2.png\",\"width\":1200,\"height\":600,\"caption\":\"Ace Football\"},\"image\":{\"@id\":\"https:\/\/acefootball.com\/da\/#logo\"}},{\"@type\":\"WebSite\",\"@id\":\"https:\/\/acefootball.com\/da\/#website\",\"url\":\"https:\/\/acefootball.com\/da\/\",\"name\":\"Ace Football Danmark\",\"description\":\"Nyheder, Spiltips &amp; Livescore\",\"publisher\":{\"@id\":\"https:\/\/acefootball.com\/da\/#organization\"},\"potentialAction\":[{\"@type\":\"SearchAction\",\"target\":{\"@type\":\"EntryPoint\",\"urlTemplate\":\"https:\/\/acefootball.com\/da\/?s={search_term_string}\"},\"query-input\":\"required name=search_term_string\"}],\"inLanguage\":\"en-US\"},{\"@type\":\"ImageObject\",\"@id\":\"https:\/\/acefootball.com\/da\/fodboldnyheder\/aarets-traener-2020-superliga-bosser-og-premier-league-bejler-er-nomineret\/#primaryimage\",\"inLanguage\":\"en-US\",\"url\":\"https:\/\/acefootball.com\/da\/wp-content\/uploads\/sites\/2\/2021\/03\/Laes-mere-generel-4-4.jpg\",\"contentUrl\":\"https:\/\/acefootball.com\/da\/wp-content\/uploads\/sites\/2\/2021\/03\/Laes-mere-generel-4-4.jpg\",\"width\":1920,\"height\":1008},{\"@type\":\"WebPage\",\"@id\":\"https:\/\/acefootball.com\/da\/fodboldnyheder\/aarets-traener-2020-superliga-bosser-og-premier-league-bejler-er-nomineret\/#webpage\",\"url\":\"https:\/\/acefootball.com\/da\/fodboldnyheder\/aarets-traener-2020-superliga-bosser-og-premier-league-bejler-er-nomineret\/\",\"name\":\"\u00c5rets Tr\u00e6ner 2020: Superliga-bosser og Premier League-bejler er nomineret\",\"isPartOf\":{\"@id\":\"https:\/\/acefootball.com\/da\/#website\"},\"primaryImageOfPage\":{\"@id\":\"https:\/\/acefootball.com\/da\/fodboldnyheder\/aarets-traener-2020-superliga-bosser-og-premier-league-bejler-er-nomineret\/#primaryimage\"},\"datePublished\":\"2021-03-10T17:25:18+00:00\",\"dateModified\":\"2021-03-10T17:25:19+00:00\",\"description\":\"Brian Priske, David Nielsen, Niels Frederiksen og Thomas Frank er de fire nominerede til at blive \u00c5rets Tr\u00e6ner 2020\",\"breadcrumb\":{\"@id\":\"https:\/\/acefootball.com\/da\/fodboldnyheder\/aarets-traener-2020-superliga-bosser-og-premier-league-bejler-er-nomineret\/#breadcrumb\"},\"inLanguage\":\"en-US\",\"potentialAction\":[{\"@type\":\"ReadAction\",\"target\":[\"https:\/\/acefootball.com\/da\/fodboldnyheder\/aarets-traener-2020-superliga-bosser-og-premier-league-bejler-er-nomineret\/\"]}]},{\"@type\":\"BreadcrumbList\",\"@id\":\"https:\/\/acefootball.com\/da\/fodboldnyheder\/aarets-traener-2020-superliga-bosser-og-premier-league-bejler-er-nomineret\/#breadcrumb\",\"itemListElement\":[{\"@type\":\"ListItem\",\"position\":1,\"name\":\"Home\",\"item\":\"https:\/\/acefootball.com\/da\/\"},{\"@type\":\"ListItem\",\"position\":2,\"name\":\"\u00c5rets Tr\u00e6ner 2020: Superliga-bosser og Premier League-bejler er nomineret\"}]},{\"@type\":\"Article\",\"@id\":\"https:\/\/acefootball.com\/da\/fodboldnyheder\/aarets-traener-2020-superliga-bosser-og-premier-league-bejler-er-nomineret\/#article\",\"isPartOf\":{\"@id\":\"https:\/\/acefootball.com\/da\/fodboldnyheder\/aarets-traener-2020-superliga-bosser-og-premier-league-bejler-er-nomineret\/#webpage\"},\"author\":{\"@id\":\"https:\/\/acefootball.com\/da\/#\/schema\/person\/ee67e9cf04a276f144100ffa722f10cd\"},\"headline\":\"\u00c5rets Tr\u00e6ner 2020: Superliga-bosser og Premier League-bejler er nomineret\",\"datePublished\":\"2021-03-10T17:25:18+00:00\",\"dateModified\":\"2021-03-10T17:25:19+00:00\",\"mainEntityOfPage\":{\"@id\":\"https:\/\/acefootball.com\/da\/fodboldnyheder\/aarets-traener-2020-superliga-bosser-og-premier-league-bejler-er-nomineret\/#webpage\"},\"wordCount\":99,\"commentCount\":0,\"publisher\":{\"@id\":\"https:\/\/acefootball.com\/da\/#organization\"},\"image\":{\"@id\":\"https:\/\/acefootball.com\/da\/fodboldnyheder\/aarets-traener-2020-superliga-bosser-og-premier-league-bejler-er-nomineret\/#primaryimage\"},\"thumbnailUrl\":\"https:\/\/acefootball.com\/da\/wp-content\/uploads\/sites\/2\/2021\/03\/Untitled-design-1-3.jpg\",\"keywords\":[\"AGF\",\"Brentford\",\"Brian Priske\",\"Br\u00f8ndby IF\",\"David Nielsen\",\"FC Midtjylland\",\"Niels Frederiksen\",\"Superligaen\",\"Thomas Frank\"],\"articleSection\":[\"Nyhed\"],\"inLanguage\":\"en-US\",\"potentialAction\":[{\"@type\":\"CommentAction\",\"name\":\"Comment\",\"target\":[\"https:\/\/acefootball.com\/da\/fodboldnyheder\/aarets-traener-2020-superliga-bosser-og-premier-league-bejler-er-nomineret\/#respond\"]}]},{\"@type\":\"Person\",\"@id\":\"https:\/\/acefootball.com\/da\/#\/schema\/person\/ee67e9cf04a276f144100ffa722f10cd\",\"name\":\"Mads Dreyer\",\"image\":{\"@type\":\"ImageObject\",\"@id\":\"https:\/\/acefootball.com\/da\/#personlogo\",\"inLanguage\":\"en-US\",\"url\":\"https:\/\/secure.gravatar.com\/avatar\/7c7abf72cfde9902b6a60efe60c88d4c?s=96&d=mm&r=g\",\"contentUrl\":\"https:\/\/secure.gravatar.com\/avatar\/7c7abf72cfde9902b6a60efe60c88d4c?s=96&d=mm&r=g\",\"caption\":\"Mads Dreyer\"},\"description\":\"Skribent og fodboldn\u00f8rd, der lige nu fort\u00e6ller om alt og intet i fodboldverdenen p\u00e5 acefootball.com. Uddannet i kommunikation fra Aalborg Universitet.\",\"sameAs\":[\"https:\/\/www.linkedin.com\/in\/mads-dreyer-b9b08266\/\"],\"url\":\"https:\/\/acefootball.com\/da\/fodboldnyheder\/author\/mdnronaldo\/\"}]}<\/script>\n<!-- \/ Yoast SEO plugin. -->","yoast_head_json":{"title":"\u00c5rets Tr\u00e6ner 2020: Superliga-bosser og Premier League-bejler er nomineret","description":"Brian Priske, David Nielsen, Niels Frederiksen og Thomas Frank er de fire nominerede til at blive \u00c5rets Tr\u00e6ner 2020","robots":{"index":"index","follow":"follow","max-snippet":"max-snippet:-1","max-image-preview":"max-image-preview:large","max-video-preview":"max-video-preview:-1"},"canonical":"https:\/\/acefootball.com\/da\/fodboldnyheder\/aarets-traener-2020-superliga-bosser-og-premier-league-bejler-er-nomineret\/","og_locale":"en_US","og_type":"article","og_title":"\u00c5rets Tr\u00e6ner 2020: Superliga-bosser og Premier League-bejler er nomineret","og_description":"Brian Priske, David Nielsen, Niels Frederiksen og Thomas Frank er de fire nominerede til at blive \u00c5rets Tr\u00e6ner 2020","og_url":"https:\/\/acefootball.com\/da\/fodboldnyheder\/aarets-traener-2020-superliga-bosser-og-premier-league-bejler-er-nomineret\/","og_site_name":"Ace Football Danmark","article_publisher":"https:\/\/www.facebook.com\/acefootballdk","article_published_time":"2021-03-10T17:25:18+00:00","article_modified_time":"2021-03-10T17:25:19+00:00","og_image":[{"width":1920,"height":1008,"url":"https:\/\/acefootball.com\/da\/wp-content\/uploads\/sites\/2\/2021\/03\/Laes-mere-generel-4-4.jpg","type":"image\/jpeg"}],"twitter_card":"summary_large_image","twitter_misc":{"Written by":"Mads Dreyer","Est. reading time":"1 minute"},"schema":{"@context":"https:\/\/schema.org","@graph":[{"@type":"Organization","@id":"https:\/\/acefootball.com\/da\/#organization","name":"Ace Football","url":"https:\/\/acefootball.com\/da\/","sameAs":["https:\/\/www.facebook.com\/acefootballdk"],"logo":{"@type":"ImageObject","@id":"https:\/\/acefootball.com\/da\/#logo","inLanguage":"en-US","url":"https:\/\/acefootball.com\/da\/wp-content\/uploads\/sites\/2\/2020\/07\/Ace-Football-30-07-2020-2.png","contentUrl":"https:\/\/acefootball.com\/da\/wp-content\/uploads\/sites\/2\/2020\/07\/Ace-Football-30-07-2020-2.png","width":1200,"height":600,"caption":"Ace Football"},"image":{"@id":"https:\/\/acefootball.com\/da\/#logo"}},{"@type":"WebSite","@id":"https:\/\/acefootball.com\/da\/#website","url":"https:\/\/acefootball.com\/da\/","name":"Ace Football Danmark","description":"Nyheder, Spiltips &amp; Livescore","publisher":{"@id":"https:\/\/acefootball.com\/da\/#organization"},"potentialAction":[{"@type":"SearchAction","target":{"@type":"EntryPoint","urlTemplate":"https:\/\/acefootball.com\/da\/?s={search_term_string}"},"query-input":"required name=search_term_string"}],"inLanguage":"en-US"},{"@type":"ImageObject","@id":"https:\/\/acefootball.com\/da\/fodboldnyheder\/aarets-traener-2020-superliga-bosser-og-premier-league-bejler-er-nomineret\/#primaryimage","inLanguage":"en-US","url":"https:\/\/acefootball.com\/da\/wp-content\/uploads\/sites\/2\/2021\/03\/Laes-mere-generel-4-4.jpg","contentUrl":"https:\/\/acefootball.com\/da\/wp-content\/uploads\/sites\/2\/2021\/03\/Laes-mere-generel-4-4.jpg","width":1920,"height":1008},{"@type":"WebPage","@id":"https:\/\/acefootball.com\/da\/fodboldnyheder\/aarets-traener-2020-superliga-bosser-og-premier-league-bejler-er-nomineret\/#webpage","url":"https:\/\/acefootball.com\/da\/fodboldnyheder\/aarets-traener-2020-superliga-bosser-og-premier-league-bejler-er-nomineret\/","name":"\u00c5rets Tr\u00e6ner 2020: Superliga-bosser og Premier League-bejler er nomineret","isPartOf":{"@id":"https:\/\/acefootball.com\/da\/#website"},"primaryImageOfPage":{"@id":"https:\/\/acefootball.com\/da\/fodboldnyheder\/aarets-traener-2020-superliga-bosser-og-premier-league-bejler-er-nomineret\/#primaryimage"},"datePublished":"2021-03-10T17:25:18+00:00","dateModified":"2021-03-10T17:25:19+00:00","description":"Brian Priske, David Nielsen, Niels Frederiksen og Thomas Frank er de fire nominerede til at blive \u00c5rets Tr\u00e6ner 2020","breadcrumb":{"@id":"https:\/\/acefootball.com\/da\/fodboldnyheder\/aarets-traener-2020-superliga-bosser-og-premier-league-bejler-er-nomineret\/#breadcrumb"},"inLanguage":"en-US","potentialAction":[{"@type":"ReadAction","target":["https:\/\/acefootball.com\/da\/fodboldnyheder\/aarets-traener-2020-superliga-bosser-og-premier-league-bejler-er-nomineret\/"]}]},{"@type":"BreadcrumbList","@id":"https:\/\/acefootball.com\/da\/fodboldnyheder\/aarets-traener-2020-superliga-bosser-og-premier-league-bejler-er-nomineret\/#breadcrumb","itemListElement":[{"@type":"ListItem","position":1,"name":"Home","item":"https:\/\/acefootball.com\/da\/"},{"@type":"ListItem","position":2,"name":"\u00c5rets Tr\u00e6ner 2020: Superliga-bosser og Premier League-bejler er nomineret"}]},{"@type":"Article","@id":"https:\/\/acefootball.com\/da\/fodboldnyheder\/aarets-traener-2020-superliga-bosser-og-premier-league-bejler-er-nomineret\/#article","isPartOf":{"@id":"https:\/\/acefootball.com\/da\/fodboldnyheder\/aarets-traener-2020-superliga-bosser-og-premier-league-bejler-er-nomineret\/#webpage"},"author":{"@id":"https:\/\/acefootball.com\/da\/#\/schema\/person\/ee67e9cf04a276f144100ffa722f10cd"},"headline":"\u00c5rets Tr\u00e6ner 2020: Superliga-bosser og Premier League-bejler er nomineret","datePublished":"2021-03-10T17:25:18+00:00","dateModified":"2021-03-10T17:25:19+00:00","mainEntityOfPage":{"@id":"https:\/\/acefootball.com\/da\/fodboldnyheder\/aarets-traener-2020-superliga-bosser-og-premier-league-bejler-er-nomineret\/#webpage"},"wordCount":99,"commentCount":0,"publisher":{"@id":"https:\/\/acefootball.com\/da\/#organization"},"image":{"@id":"https:\/\/acefootball.com\/da\/fodboldnyheder\/aarets-traener-2020-superliga-bosser-og-premier-league-bejler-er-nomineret\/#primaryimage"},"thumbnailUrl":"https:\/\/acefootball.com\/da\/wp-content\/uploads\/sites\/2\/2021\/03\/Untitled-design-1-3.jpg","keywords":["AGF","Brentford","Brian Priske","Br\u00f8ndby IF","David Nielsen","FC Midtjylland","Niels Frederiksen","Superligaen","Thomas Frank"],"articleSection":["Nyhed"],"inLanguage":"en-US","potentialAction":[{"@type":"CommentAction","name":"Comment","target":["https:\/\/acefootball.com\/da\/fodboldnyheder\/aarets-traener-2020-superliga-bosser-og-premier-league-bejler-er-nomineret\/#respond"]}]},{"@type":"Person","@id":"https:\/\/acefootball.com\/da\/#\/schema\/person\/ee67e9cf04a276f144100ffa722f10cd","name":"Mads Dreyer","image":{"@type":"ImageObject","@id":"https:\/\/acefootball.com\/da\/#personlogo","inLanguage":"en-US","url":"https:\/\/secure.gravatar.com\/avatar\/7c7abf72cfde9902b6a60efe60c88d4c?s=96&d=mm&r=g","contentUrl":"https:\/\/secure.gravatar.com\/avatar\/7c7abf72cfde9902b6a60efe60c88d4c?s=96&d=mm&r=g","caption":"Mads Dreyer"},"description":"Skribent og fodboldn\u00f8rd, der lige nu fort\u00e6ller om alt og intet i fodboldverdenen p\u00e5 acefootball.com. Uddannet i kommunikation fra Aalborg Universitet.","sameAs":["https:\/\/www.linkedin.com\/in\/mads-dreyer-b9b08266\/"],"url":"https:\/\/acefootball.com\/da\/fodboldnyheder\/author\/mdnronaldo\/"}]}},"fimg_url":"https:\/\/acefootball.com\/da\/wp-content\/uploads\/sites\/2\/2021\/03\/Untitled-design-1-3.jpg","_links":{"self":[{"href":"https:\/\/acefootball.com\/da\/wp-json\/wp\/v2\/posts\/254040"}],"collection":[{"href":"https:\/\/acefootball.com\/da\/wp-json\/wp\/v2\/posts"}],"about":[{"href":"https:\/\/acefootball.com\/da\/wp-json\/wp\/v2\/types\/post"}],"author":[{"embeddable":true,"href":"https:\/\/acefootball.com\/da\/wp-json\/wp\/v2\/users\/705"}],"replies":[{"embeddable":true,"href":"https:\/\/acefootball.com\/da\/wp-json\/wp\/v2\/comments?post=254040"}],"version-history":[{"count":0,"href":"https:\/\/acefootball.com\/da\/wp-json\/wp\/v2\/posts\/254040\/revisions"}],"wp:featuredmedia":[{"embeddable":true,"href":"https:\/\/acefootball.com\/da\/wp-json\/wp\/v2\/media\/254042"}],"wp:attachment":[{"href":"https:\/\/acefootball.com\/da\/wp-json\/wp\/v2\/media?parent=254040"}],"wp:term":[{"taxonomy":"category","embeddable":true,"href":"https:\/\/acefootball.com\/da\/wp-json\/wp\/v2\/categories?post=254040"},{"taxonomy":"post_tag","embeddable":true,"href":"https:\/\/acefootball.com\/da\/wp-json\/wp\/v2\/tags?post=254040"}],"curies":[{"name":"wp","href":"https:\/\/api.w.org\/{rel}","templated":true}]}}