{"id":253926,"date":"2021-03-09T21:03:47","date_gmt":"2021-03-09T20:03:47","guid":{"rendered":"https:\/\/acefootball.com\/da\/?p=253926"},"modified":"2021-03-09T21:07:32","modified_gmt":"2021-03-09T20:07:32","slug":"video-roma-legende-forklaedte-sig-som-fan-til-derby","status":"publish","type":"post","link":"https:\/\/acefootball.com\/da\/fodboldnyheder\/video-roma-legende-forklaedte-sig-som-fan-til-derby\/","title":{"rendered":"Video: Roma-legende forkl\u00e6dte sig som fan til derby"},"content":{"rendered":"\n<h2 id=\"h-daniele-de-rossi-var-fan-for-en-dag-da-han-tog-udkl-dt-til-derbyet-mellem-hjerteklubben-as-roma-og-rkerivalerne-lazio\">Daniele De Rossi var fan for en dag, da han tog udkl\u00e6dt til derbyet mellem hjerteklubben AS Roma og \u00e6rkerivalerne Lazio<\/h2>\n\n\n\n<p>Du finder ikke mange fodboldspillere med st\u00f8rre klubf\u00f8lelse end Daniele De Rossi.<\/p>\n\n\n\n<p>Roma-legenden var at finde p\u00e5 f\u00f8rsteholdet i den italienske storklub i 17 \u00e5r, inden karrieren blev afsluttet med et halvt \u00e5r i Boca Juniors. De Rossi lagde st\u00f8vlerne p\u00e5 hylden i starten af 2020.<\/p>\n\n\n\n<p>Den \u00e6rgerrige midtbaneslider har dog ikke glemt, hvor han kommer fra. Det er bevist i videoer fra sidste s\u00e6sons Rom-derby mellem Roma og Lazio.<\/p>\n\n\n\n<p>De Rossi tog i dagens anledning p\u00e5 stadion i forkl\u00e6dning, s\u00e5 ingen af Roma-fansene kunne genkende ham &#8211; det hele for at opleve derby-braget som \u00e6gte fan.<\/p>\n\n\n\n<figure class=\"wp-block-embed is-type-rich is-provider-twitter wp-block-embed-twitter\"><div class=\"wp-block-embed__wrapper\">\n<blockquote class=\"twitter-tweet\" data-width=\"550\" data-dnt=\"true\"><p lang=\"en\" dir=\"ltr\">One of Roma&#39;s greatest ever players Daniele De Rossi at the Rome derby in the Curva Sud. \ud83c\uddee\ud83c\uddf9\ud83c\udfdb <a href=\"https:\/\/t.co\/y6JY19kETT\">pic.twitter.com\/y6JY19kETT<\/a><\/p>&mdash; Football Tweet (@Football__Tweet) <a href=\"https:\/\/twitter.com\/Football__Tweet\/status\/1222528323013599233?ref_src=twsrc%5Etfw\">January 29, 2020<\/a><\/blockquote><script async src=\"https:\/\/platform.twitter.com\/widgets.js\" charset=\"utf-8\"><\/script>\n<\/div><\/figure>\n\n\n\n<p>Der er m\u00e5ske snart mulighed for igen at komme p\u00e5 l\u00e6gterne p\u00e5 de danske stadions. Det mener en ekspert p\u00e5 omr\u00e5det, og det kan du l\u00e6se mere om her:<\/p>\n\n\n\n<figure class=\"wp-block-embed is-type-wp-embed is-provider-ace-football-danmark wp-block-embed-ace-football-danmark\"><div class=\"wp-block-embed__wrapper\">\n<blockquote class=\"wp-embedded-content\" data-secret=\"w5ZrO5YZ5G\"><a href=\"https:\/\/acefootball.com\/da\/fodboldnyheder\/professor-med-opmuntrende-melding-superliga-tilskuere-inden-for-en-maaned\/\">Professor med opmuntrende vurdering: Superliga-tilskuere inden for en m\u00e5ned<\/a><\/blockquote><iframe class=\"wp-embedded-content\" sandbox=\"allow-scripts\" security=\"restricted\" style=\"position: absolute; clip: rect(1px, 1px, 1px, 1px);\" title=\"&#8220;Professor med opmuntrende vurdering: Superliga-tilskuere inden for en m\u00e5ned&#8221; &#8212; Ace Football Danmark\" src=\"https:\/\/acefootball.com\/da\/fodboldnyheder\/professor-med-opmuntrende-melding-superliga-tilskuere-inden-for-en-maaned\/embed\/#?secret=w5ZrO5YZ5G\" data-secret=\"w5ZrO5YZ5G\" width=\"600\" height=\"338\" frameborder=\"0\" marginwidth=\"0\" marginheight=\"0\" scrolling=\"no\"><\/iframe>\n<\/div><\/figure>\n","protected":false},"excerpt":{"rendered":"<p>Daniele De Rossi var fan for en dag, da han tog udkl\u00e6dt til derbyet mellem hjerteklubben AS Roma og \u00e6rkerivalerne Lazio<\/p>\n","protected":false},"author":705,"featured_media":253927,"comment_status":"open","ping_status":"closed","sticky":false,"template":"","format":"video","meta":{"om_disable_all_campaigns":false,"push_articles_ronaldo":{"active":false,"canonical":0,"publish":false},"force_updates":null},"categories":[8098],"tags":[82,1579,131],"enet_tags":{"team":["8686"],"player":["30682"],"league":["55"],"sport_events":[]},"yoast_head":"<!-- This site is optimized with the Yoast SEO plugin v18.3 - https:\/\/yoast.com\/wordpress\/plugins\/seo\/ -->\n<title>Video: Roma-legende forkl\u00e6dte sig som fan til derby<\/title>\n<meta name=\"description\" content=\"Daniele De Rossi var fan for en dag, da han tog udkl\u00e6dt til derbyet mellem hjerteklubben AS Roma og \u00e6rkerivalerne Lazio\" \/>\n<meta name=\"robots\" content=\"index, follow, max-snippet:-1, max-image-preview:large, max-video-preview:-1\" \/>\n<link rel=\"canonical\" href=\"https:\/\/ronaldo.com\/dk\/fodboldnyheder\/video-roma-helten-de-rossi-tog-udklaedt-til-derby\/\" \/>\n<meta property=\"og:locale\" content=\"en_US\" \/>\n<meta property=\"og:type\" content=\"article\" \/>\n<meta property=\"og:title\" content=\"Video: Roma-legende forkl\u00e6dte sig som fan til derby\" \/>\n<meta property=\"og:description\" content=\"Daniele De Rossi var fan for en dag, da han tog udkl\u00e6dt til derbyet mellem hjerteklubben AS Roma og \u00e6rkerivalerne Lazio\" \/>\n<meta property=\"og:url\" content=\"https:\/\/acefootball.com\/da\/fodboldnyheder\/video-roma-legende-forklaedte-sig-som-fan-til-derby\/\" \/>\n<meta property=\"og:site_name\" content=\"Ace Football Danmark\" \/>\n<meta property=\"article:publisher\" content=\"https:\/\/www.facebook.com\/acefootballdk\" \/>\n<meta property=\"article:published_time\" content=\"2021-03-09T20:03:47+00:00\" \/>\n<meta property=\"article:modified_time\" content=\"2021-03-09T20:07:32+00:00\" \/>\n<meta property=\"og:image\" content=\"https:\/\/acefootball.com\/da\/wp-content\/uploads\/sites\/2\/2021\/03\/Video-generel-8.jpg\" \/>\n\t<meta property=\"og:image:width\" content=\"1920\" \/>\n\t<meta property=\"og:image:height\" content=\"1008\" \/>\n\t<meta property=\"og:image:type\" content=\"image\/jpeg\" \/>\n<meta name=\"twitter:card\" content=\"summary_large_image\" \/>\n<meta name=\"twitter:label1\" content=\"Written by\" \/>\n\t<meta name=\"twitter:data1\" content=\"Mads Dreyer\" \/>\n\t<meta name=\"twitter:label2\" content=\"Est. reading time\" \/>\n\t<meta name=\"twitter:data2\" content=\"1 minute\" \/>\n<script type=\"application\/ld+json\" class=\"yoast-schema-graph\">{\"@context\":\"https:\/\/schema.org\",\"@graph\":[{\"@type\":\"Organization\",\"@id\":\"https:\/\/acefootball.com\/da\/#organization\",\"name\":\"Ace Football\",\"url\":\"https:\/\/acefootball.com\/da\/\",\"sameAs\":[\"https:\/\/www.facebook.com\/acefootballdk\"],\"logo\":{\"@type\":\"ImageObject\",\"@id\":\"https:\/\/acefootball.com\/da\/#logo\",\"inLanguage\":\"en-US\",\"url\":\"https:\/\/acefootball.com\/da\/wp-content\/uploads\/sites\/2\/2020\/07\/Ace-Football-30-07-2020-2.png\",\"contentUrl\":\"https:\/\/acefootball.com\/da\/wp-content\/uploads\/sites\/2\/2020\/07\/Ace-Football-30-07-2020-2.png\",\"width\":1200,\"height\":600,\"caption\":\"Ace Football\"},\"image\":{\"@id\":\"https:\/\/acefootball.com\/da\/#logo\"}},{\"@type\":\"WebSite\",\"@id\":\"https:\/\/acefootball.com\/da\/#website\",\"url\":\"https:\/\/acefootball.com\/da\/\",\"name\":\"Ace Football Danmark\",\"description\":\"Nyheder, Spiltips &amp; Livescore\",\"publisher\":{\"@id\":\"https:\/\/acefootball.com\/da\/#organization\"},\"potentialAction\":[{\"@type\":\"SearchAction\",\"target\":{\"@type\":\"EntryPoint\",\"urlTemplate\":\"https:\/\/acefootball.com\/da\/?s={search_term_string}\"},\"query-input\":\"required name=search_term_string\"}],\"inLanguage\":\"en-US\"},{\"@type\":\"ImageObject\",\"@id\":\"https:\/\/acefootball.com\/da\/fodboldnyheder\/video-roma-legende-forklaedte-sig-som-fan-til-derby\/#primaryimage\",\"inLanguage\":\"en-US\",\"url\":\"https:\/\/acefootball.com\/da\/wp-content\/uploads\/sites\/2\/2021\/03\/Video-generel-8.jpg\",\"contentUrl\":\"https:\/\/acefootball.com\/da\/wp-content\/uploads\/sites\/2\/2021\/03\/Video-generel-8.jpg\",\"width\":1920,\"height\":1008},{\"@type\":\"WebPage\",\"@id\":\"https:\/\/acefootball.com\/da\/fodboldnyheder\/video-roma-legende-forklaedte-sig-som-fan-til-derby\/#webpage\",\"url\":\"https:\/\/acefootball.com\/da\/fodboldnyheder\/video-roma-legende-forklaedte-sig-som-fan-til-derby\/\",\"name\":\"Video: Roma-legende forkl\u00e6dte sig som fan til derby\",\"isPartOf\":{\"@id\":\"https:\/\/acefootball.com\/da\/#website\"},\"primaryImageOfPage\":{\"@id\":\"https:\/\/acefootball.com\/da\/fodboldnyheder\/video-roma-legende-forklaedte-sig-som-fan-til-derby\/#primaryimage\"},\"datePublished\":\"2021-03-09T20:03:47+00:00\",\"dateModified\":\"2021-03-09T20:07:32+00:00\",\"description\":\"Daniele De Rossi var fan for en dag, da han tog udkl\u00e6dt til derbyet mellem hjerteklubben AS Roma og \u00e6rkerivalerne Lazio\",\"breadcrumb\":{\"@id\":\"https:\/\/acefootball.com\/da\/fodboldnyheder\/video-roma-legende-forklaedte-sig-som-fan-til-derby\/#breadcrumb\"},\"inLanguage\":\"en-US\",\"potentialAction\":[{\"@type\":\"ReadAction\",\"target\":[\"https:\/\/acefootball.com\/da\/fodboldnyheder\/video-roma-legende-forklaedte-sig-som-fan-til-derby\/\"]}]},{\"@type\":\"BreadcrumbList\",\"@id\":\"https:\/\/acefootball.com\/da\/fodboldnyheder\/video-roma-legende-forklaedte-sig-som-fan-til-derby\/#breadcrumb\",\"itemListElement\":[{\"@type\":\"ListItem\",\"position\":1,\"name\":\"Home\",\"item\":\"https:\/\/acefootball.com\/da\/\"},{\"@type\":\"ListItem\",\"position\":2,\"name\":\"Video: Roma-legende forkl\u00e6dte sig som fan til derby\"}]},{\"@type\":\"Article\",\"@id\":\"https:\/\/acefootball.com\/da\/fodboldnyheder\/video-roma-legende-forklaedte-sig-som-fan-til-derby\/#article\",\"isPartOf\":{\"@id\":\"https:\/\/acefootball.com\/da\/fodboldnyheder\/video-roma-legende-forklaedte-sig-som-fan-til-derby\/#webpage\"},\"author\":{\"@id\":\"https:\/\/acefootball.com\/da\/#\/schema\/person\/ee67e9cf04a276f144100ffa722f10cd\"},\"headline\":\"Video: Roma-legende forkl\u00e6dte sig som fan til derby\",\"datePublished\":\"2021-03-09T20:03:47+00:00\",\"dateModified\":\"2021-03-09T20:07:32+00:00\",\"mainEntityOfPage\":{\"@id\":\"https:\/\/acefootball.com\/da\/fodboldnyheder\/video-roma-legende-forklaedte-sig-som-fan-til-derby\/#webpage\"},\"wordCount\":177,\"commentCount\":0,\"publisher\":{\"@id\":\"https:\/\/acefootball.com\/da\/#organization\"},\"image\":{\"@id\":\"https:\/\/acefootball.com\/da\/fodboldnyheder\/video-roma-legende-forklaedte-sig-som-fan-til-derby\/#primaryimage\"},\"thumbnailUrl\":\"https:\/\/acefootball.com\/da\/wp-content\/uploads\/sites\/2\/2021\/03\/GettyImages-1124336251.jpg\",\"keywords\":[\"AS Roma\",\"Daniele De Rossi\",\"Serie A\"],\"articleSection\":[\"Video\"],\"inLanguage\":\"en-US\",\"potentialAction\":[{\"@type\":\"CommentAction\",\"name\":\"Comment\",\"target\":[\"https:\/\/acefootball.com\/da\/fodboldnyheder\/video-roma-legende-forklaedte-sig-som-fan-til-derby\/#respond\"]}]},{\"@type\":\"Person\",\"@id\":\"https:\/\/acefootball.com\/da\/#\/schema\/person\/ee67e9cf04a276f144100ffa722f10cd\",\"name\":\"Mads Dreyer\",\"image\":{\"@type\":\"ImageObject\",\"@id\":\"https:\/\/acefootball.com\/da\/#personlogo\",\"inLanguage\":\"en-US\",\"url\":\"https:\/\/secure.gravatar.com\/avatar\/7c7abf72cfde9902b6a60efe60c88d4c?s=96&d=mm&r=g\",\"contentUrl\":\"https:\/\/secure.gravatar.com\/avatar\/7c7abf72cfde9902b6a60efe60c88d4c?s=96&d=mm&r=g\",\"caption\":\"Mads Dreyer\"},\"description\":\"Skribent og fodboldn\u00f8rd, der lige nu fort\u00e6ller om alt og intet i fodboldverdenen p\u00e5 acefootball.com. Uddannet i kommunikation fra Aalborg Universitet.\",\"sameAs\":[\"https:\/\/www.linkedin.com\/in\/mads-dreyer-b9b08266\/\"],\"url\":\"https:\/\/acefootball.com\/da\/fodboldnyheder\/author\/mdnronaldo\/\"}]}<\/script>\n<!-- \/ Yoast SEO plugin. -->","yoast_head_json":{"title":"Video: Roma-legende forkl\u00e6dte sig som fan til derby","description":"Daniele De Rossi var fan for en dag, da han tog udkl\u00e6dt til derbyet mellem hjerteklubben AS Roma og \u00e6rkerivalerne Lazio","robots":{"index":"index","follow":"follow","max-snippet":"max-snippet:-1","max-image-preview":"max-image-preview:large","max-video-preview":"max-video-preview:-1"},"canonical":"https:\/\/ronaldo.com\/dk\/fodboldnyheder\/video-roma-helten-de-rossi-tog-udklaedt-til-derby\/","og_locale":"en_US","og_type":"article","og_title":"Video: Roma-legende forkl\u00e6dte sig som fan til derby","og_description":"Daniele De Rossi var fan for en dag, da han tog udkl\u00e6dt til derbyet mellem hjerteklubben AS Roma og \u00e6rkerivalerne Lazio","og_url":"https:\/\/acefootball.com\/da\/fodboldnyheder\/video-roma-legende-forklaedte-sig-som-fan-til-derby\/","og_site_name":"Ace Football Danmark","article_publisher":"https:\/\/www.facebook.com\/acefootballdk","article_published_time":"2021-03-09T20:03:47+00:00","article_modified_time":"2021-03-09T20:07:32+00:00","og_image":[{"width":1920,"height":1008,"url":"https:\/\/acefootball.com\/da\/wp-content\/uploads\/sites\/2\/2021\/03\/Video-generel-8.jpg","type":"image\/jpeg"}],"twitter_card":"summary_large_image","twitter_misc":{"Written by":"Mads Dreyer","Est. reading time":"1 minute"},"schema":{"@context":"https:\/\/schema.org","@graph":[{"@type":"Organization","@id":"https:\/\/acefootball.com\/da\/#organization","name":"Ace Football","url":"https:\/\/acefootball.com\/da\/","sameAs":["https:\/\/www.facebook.com\/acefootballdk"],"logo":{"@type":"ImageObject","@id":"https:\/\/acefootball.com\/da\/#logo","inLanguage":"en-US","url":"https:\/\/acefootball.com\/da\/wp-content\/uploads\/sites\/2\/2020\/07\/Ace-Football-30-07-2020-2.png","contentUrl":"https:\/\/acefootball.com\/da\/wp-content\/uploads\/sites\/2\/2020\/07\/Ace-Football-30-07-2020-2.png","width":1200,"height":600,"caption":"Ace Football"},"image":{"@id":"https:\/\/acefootball.com\/da\/#logo"}},{"@type":"WebSite","@id":"https:\/\/acefootball.com\/da\/#website","url":"https:\/\/acefootball.com\/da\/","name":"Ace Football Danmark","description":"Nyheder, Spiltips &amp; Livescore","publisher":{"@id":"https:\/\/acefootball.com\/da\/#organization"},"potentialAction":[{"@type":"SearchAction","target":{"@type":"EntryPoint","urlTemplate":"https:\/\/acefootball.com\/da\/?s={search_term_string}"},"query-input":"required name=search_term_string"}],"inLanguage":"en-US"},{"@type":"ImageObject","@id":"https:\/\/acefootball.com\/da\/fodboldnyheder\/video-roma-legende-forklaedte-sig-som-fan-til-derby\/#primaryimage","inLanguage":"en-US","url":"https:\/\/acefootball.com\/da\/wp-content\/uploads\/sites\/2\/2021\/03\/Video-generel-8.jpg","contentUrl":"https:\/\/acefootball.com\/da\/wp-content\/uploads\/sites\/2\/2021\/03\/Video-generel-8.jpg","width":1920,"height":1008},{"@type":"WebPage","@id":"https:\/\/acefootball.com\/da\/fodboldnyheder\/video-roma-legende-forklaedte-sig-som-fan-til-derby\/#webpage","url":"https:\/\/acefootball.com\/da\/fodboldnyheder\/video-roma-legende-forklaedte-sig-som-fan-til-derby\/","name":"Video: Roma-legende forkl\u00e6dte sig som fan til derby","isPartOf":{"@id":"https:\/\/acefootball.com\/da\/#website"},"primaryImageOfPage":{"@id":"https:\/\/acefootball.com\/da\/fodboldnyheder\/video-roma-legende-forklaedte-sig-som-fan-til-derby\/#primaryimage"},"datePublished":"2021-03-09T20:03:47+00:00","dateModified":"2021-03-09T20:07:32+00:00","description":"Daniele De Rossi var fan for en dag, da han tog udkl\u00e6dt til derbyet mellem hjerteklubben AS Roma og \u00e6rkerivalerne Lazio","breadcrumb":{"@id":"https:\/\/acefootball.com\/da\/fodboldnyheder\/video-roma-legende-forklaedte-sig-som-fan-til-derby\/#breadcrumb"},"inLanguage":"en-US","potentialAction":[{"@type":"ReadAction","target":["https:\/\/acefootball.com\/da\/fodboldnyheder\/video-roma-legende-forklaedte-sig-som-fan-til-derby\/"]}]},{"@type":"BreadcrumbList","@id":"https:\/\/acefootball.com\/da\/fodboldnyheder\/video-roma-legende-forklaedte-sig-som-fan-til-derby\/#breadcrumb","itemListElement":[{"@type":"ListItem","position":1,"name":"Home","item":"https:\/\/acefootball.com\/da\/"},{"@type":"ListItem","position":2,"name":"Video: Roma-legende forkl\u00e6dte sig som fan til derby"}]},{"@type":"Article","@id":"https:\/\/acefootball.com\/da\/fodboldnyheder\/video-roma-legende-forklaedte-sig-som-fan-til-derby\/#article","isPartOf":{"@id":"https:\/\/acefootball.com\/da\/fodboldnyheder\/video-roma-legende-forklaedte-sig-som-fan-til-derby\/#webpage"},"author":{"@id":"https:\/\/acefootball.com\/da\/#\/schema\/person\/ee67e9cf04a276f144100ffa722f10cd"},"headline":"Video: Roma-legende forkl\u00e6dte sig som fan til derby","datePublished":"2021-03-09T20:03:47+00:00","dateModified":"2021-03-09T20:07:32+00:00","mainEntityOfPage":{"@id":"https:\/\/acefootball.com\/da\/fodboldnyheder\/video-roma-legende-forklaedte-sig-som-fan-til-derby\/#webpage"},"wordCount":177,"commentCount":0,"publisher":{"@id":"https:\/\/acefootball.com\/da\/#organization"},"image":{"@id":"https:\/\/acefootball.com\/da\/fodboldnyheder\/video-roma-legende-forklaedte-sig-som-fan-til-derby\/#primaryimage"},"thumbnailUrl":"https:\/\/acefootball.com\/da\/wp-content\/uploads\/sites\/2\/2021\/03\/GettyImages-1124336251.jpg","keywords":["AS Roma","Daniele De Rossi","Serie A"],"articleSection":["Video"],"inLanguage":"en-US","potentialAction":[{"@type":"CommentAction","name":"Comment","target":["https:\/\/acefootball.com\/da\/fodboldnyheder\/video-roma-legende-forklaedte-sig-som-fan-til-derby\/#respond"]}]},{"@type":"Person","@id":"https:\/\/acefootball.com\/da\/#\/schema\/person\/ee67e9cf04a276f144100ffa722f10cd","name":"Mads Dreyer","image":{"@type":"ImageObject","@id":"https:\/\/acefootball.com\/da\/#personlogo","inLanguage":"en-US","url":"https:\/\/secure.gravatar.com\/avatar\/7c7abf72cfde9902b6a60efe60c88d4c?s=96&d=mm&r=g","contentUrl":"https:\/\/secure.gravatar.com\/avatar\/7c7abf72cfde9902b6a60efe60c88d4c?s=96&d=mm&r=g","caption":"Mads Dreyer"},"description":"Skribent og fodboldn\u00f8rd, der lige nu fort\u00e6ller om alt og intet i fodboldverdenen p\u00e5 acefootball.com. Uddannet i kommunikation fra Aalborg Universitet.","sameAs":["https:\/\/www.linkedin.com\/in\/mads-dreyer-b9b08266\/"],"url":"https:\/\/acefootball.com\/da\/fodboldnyheder\/author\/mdnronaldo\/"}]}},"fimg_url":"https:\/\/acefootball.com\/da\/wp-content\/uploads\/sites\/2\/2021\/03\/GettyImages-1124336251.jpg","_links":{"self":[{"href":"https:\/\/acefootball.com\/da\/wp-json\/wp\/v2\/posts\/253926"}],"collection":[{"href":"https:\/\/acefootball.com\/da\/wp-json\/wp\/v2\/posts"}],"about":[{"href":"https:\/\/acefootball.com\/da\/wp-json\/wp\/v2\/types\/post"}],"author":[{"embeddable":true,"href":"https:\/\/acefootball.com\/da\/wp-json\/wp\/v2\/users\/705"}],"replies":[{"embeddable":true,"href":"https:\/\/acefootball.com\/da\/wp-json\/wp\/v2\/comments?post=253926"}],"version-history":[{"count":0,"href":"https:\/\/acefootball.com\/da\/wp-json\/wp\/v2\/posts\/253926\/revisions"}],"wp:featuredmedia":[{"embeddable":true,"href":"https:\/\/acefootball.com\/da\/wp-json\/wp\/v2\/media\/253927"}],"wp:attachment":[{"href":"https:\/\/acefootball.com\/da\/wp-json\/wp\/v2\/media?parent=253926"}],"wp:term":[{"taxonomy":"category","embeddable":true,"href":"https:\/\/acefootball.com\/da\/wp-json\/wp\/v2\/categories?post=253926"},{"taxonomy":"post_tag","embeddable":true,"href":"https:\/\/acefootball.com\/da\/wp-json\/wp\/v2\/tags?post=253926"}],"curies":[{"name":"wp","href":"https:\/\/api.w.org\/{rel}","templated":true}]}}