{"id":253907,"date":"2021-03-09T17:05:50","date_gmt":"2021-03-09T16:05:50","guid":{"rendered":"https:\/\/acefootball.com\/da\/?p=253907"},"modified":"2021-03-09T20:26:12","modified_gmt":"2021-03-09T19:26:12","slug":"liverpool-stjerne-om-udloeb-jeg-ville-vaere-knust","status":"publish","type":"post","link":"https:\/\/acefootball.com\/da\/fodboldnyheder\/liverpool-stjerne-om-udloeb-jeg-ville-vaere-knust\/","title":{"rendered":"Liverpool-stjerne om udl\u00f8b: Jeg ville v\u00e6re knust"},"content":{"rendered":"\n<h2 id=\"h-georginio-wijnaldum-har-kontraktudl-b-med-liverpool-efter-denne-s-son-men-det-ville-knuse-holl-nderen-at-sige-farvel\">Georginio Wijnaldum har kontraktudl\u00f8b med Liverpool efter denne s\u00e6son, men det ville knuse holl\u00e6nderen at sige farvel<\/h2>\n\n\n\n<p>Det er fortsat uvist, om Georginio Wijnaldum forts\u00e6tter i Liverpool efter denne s\u00e6son, da kontrakten med udl\u00f8b til sommer endnu ikke er blevet forl\u00e6nget.<\/p>\n\n\n\n<p>Det er dog ikke helt til at blive klog p\u00e5, hvad der adskiller parterne fra at forl\u00e6nge samarbejdet, men der lyder bestemt til at v\u00e6re interesse fra den hollandske midtbanedynamo.<\/p>\n\n\n\n<p>Wijnaldum fort\u00e6ller nemlig, at han ville have sv\u00e6rt ved at skulle sige farvel til sommer.<\/p>\n\n\n\n<p>&#8220;Det ville v\u00e6re sv\u00e6rt, for hvis det sker, forlader jeg et hold, som jeg virkelig elsker, og som jeg har haft mange \u00e5r sammen med. Det ville v\u00e6re sv\u00e6rt, men det afh\u00e6nger altid af situationen. Men jeg ville v\u00e6re knust, hvis jeg ikke skal spille med det her hold l\u00e6ngere. Helt sikkert,&#8221; siger Wijnaldum if\u00f8lge <a href=\"https:\/\/www.dailymail.co.uk\/sport\/football\/article-9342677\/Georginio-Wijnaldum-admits-devastated-leave-Liverpool.html\" target=\"_blank\" rel=\"noreferrer noopener\">Daily Mail<\/a>.<\/p>\n\n\n\n<p>Georginio Wijnaldum har i denne s\u00e6son v\u00e6ret sat kraftigt i forbindelse med et skifte til FC Barcelona.<\/p>\n\n\n\n<p>Der er ogs\u00e5 opst\u00e5et snak om et farvel til J\u00fcrgen Klopp, men den tyske manager afviser alle rygter. L\u00e6s mere her:<\/p>\n\n\n\n<figure class=\"wp-block-embed is-type-wp-embed is-provider-ace-football-danmark wp-block-embed-ace-football-danmark\"><div class=\"wp-block-embed__wrapper\">\n<blockquote class=\"wp-embedded-content\" data-secret=\"bakIZbM5Hc\"><a href=\"https:\/\/acefootball.com\/da\/fodboldnyheder\/klopp-afviser-rygter-jeg-er-ikke-tilgaengelig\/\">Klopp afviser rygter: Jeg er ikke tilg\u00e6ngelig<\/a><\/blockquote><iframe class=\"wp-embedded-content\" sandbox=\"allow-scripts\" security=\"restricted\" style=\"position: absolute; clip: rect(1px, 1px, 1px, 1px);\" title=\"&#8220;Klopp afviser rygter: Jeg er ikke tilg\u00e6ngelig&#8221; &#8212; Ace Football Danmark\" src=\"https:\/\/acefootball.com\/da\/fodboldnyheder\/klopp-afviser-rygter-jeg-er-ikke-tilgaengelig\/embed\/#?secret=bakIZbM5Hc\" data-secret=\"bakIZbM5Hc\" width=\"600\" height=\"338\" frameborder=\"0\" marginwidth=\"0\" marginheight=\"0\" scrolling=\"no\"><\/iframe>\n<\/div><\/figure>\n","protected":false},"excerpt":{"rendered":"<p>Georginio Wijnaldum har kontraktudl\u00f8b med Liverpool efter denne s\u00e6son, men det ville knuse holl\u00e6nderen at sige farvel<\/p>\n","protected":false},"author":705,"featured_media":234694,"comment_status":"open","ping_status":"closed","sticky":false,"template":"","format":"standard","meta":{"om_disable_all_campaigns":false,"push_articles_ronaldo":{"active":false,"canonical":0,"publish":false},"force_updates":null},"categories":[8204],"tags":[455,132,134],"enet_tags":{"player":["108038"],"team":["8650"],"league":["47"],"sport_events":[]},"yoast_head":"<!-- This site is optimized with the Yoast SEO plugin v18.3 - https:\/\/yoast.com\/wordpress\/plugins\/seo\/ -->\n<title>Liverpool-stjerne om udl\u00f8b: Jeg ville v\u00e6re knust<\/title>\n<meta name=\"description\" content=\"Georginio Wijnaldum har kontraktudl\u00f8b med Liverpool efter denne s\u00e6son, men det ville knuse holl\u00e6nderen at sige farvel\" \/>\n<meta name=\"robots\" content=\"index, follow, max-snippet:-1, max-image-preview:large, max-video-preview:-1\" \/>\n<link rel=\"canonical\" href=\"https:\/\/acefootball.com\/da\/fodboldnyheder\/liverpool-stjerne-om-udloeb-jeg-ville-vaere-knust\/\" \/>\n<meta property=\"og:locale\" content=\"en_US\" \/>\n<meta property=\"og:type\" content=\"article\" \/>\n<meta property=\"og:title\" content=\"Liverpool-stjerne om udl\u00f8b: Jeg ville v\u00e6re knust\" \/>\n<meta property=\"og:description\" content=\"Georginio Wijnaldum har kontraktudl\u00f8b med Liverpool efter denne s\u00e6son, men det ville knuse holl\u00e6nderen at sige farvel\" \/>\n<meta property=\"og:url\" content=\"https:\/\/acefootball.com\/da\/fodboldnyheder\/liverpool-stjerne-om-udloeb-jeg-ville-vaere-knust\/\" \/>\n<meta property=\"og:site_name\" content=\"Ace Football Danmark\" \/>\n<meta property=\"article:publisher\" content=\"https:\/\/www.facebook.com\/acefootballdk\" \/>\n<meta property=\"article:published_time\" content=\"2021-03-09T16:05:50+00:00\" \/>\n<meta property=\"article:modified_time\" content=\"2021-03-09T19:26:12+00:00\" \/>\n<meta property=\"og:image\" content=\"https:\/\/acefootball.com\/da\/wp-content\/uploads\/sites\/2\/2021\/01\/Copy-of-Ace-15-1.jpg\" \/>\n\t<meta property=\"og:image:width\" content=\"1920\" \/>\n\t<meta property=\"og:image:height\" content=\"1008\" \/>\n\t<meta property=\"og:image:type\" content=\"image\/jpeg\" \/>\n<meta name=\"twitter:card\" content=\"summary_large_image\" \/>\n<meta name=\"twitter:label1\" content=\"Written by\" \/>\n\t<meta name=\"twitter:data1\" content=\"Mads Dreyer\" \/>\n\t<meta name=\"twitter:label2\" content=\"Est. reading time\" \/>\n\t<meta name=\"twitter:data2\" content=\"1 minute\" \/>\n<script type=\"application\/ld+json\" class=\"yoast-schema-graph\">{\"@context\":\"https:\/\/schema.org\",\"@graph\":[{\"@type\":\"Organization\",\"@id\":\"https:\/\/acefootball.com\/da\/#organization\",\"name\":\"Ace Football\",\"url\":\"https:\/\/acefootball.com\/da\/\",\"sameAs\":[\"https:\/\/www.facebook.com\/acefootballdk\"],\"logo\":{\"@type\":\"ImageObject\",\"@id\":\"https:\/\/acefootball.com\/da\/#logo\",\"inLanguage\":\"en-US\",\"url\":\"https:\/\/acefootball.com\/da\/wp-content\/uploads\/sites\/2\/2020\/07\/Ace-Football-30-07-2020-2.png\",\"contentUrl\":\"https:\/\/acefootball.com\/da\/wp-content\/uploads\/sites\/2\/2020\/07\/Ace-Football-30-07-2020-2.png\",\"width\":1200,\"height\":600,\"caption\":\"Ace Football\"},\"image\":{\"@id\":\"https:\/\/acefootball.com\/da\/#logo\"}},{\"@type\":\"WebSite\",\"@id\":\"https:\/\/acefootball.com\/da\/#website\",\"url\":\"https:\/\/acefootball.com\/da\/\",\"name\":\"Ace Football Danmark\",\"description\":\"Nyheder, Spiltips &amp; Livescore\",\"publisher\":{\"@id\":\"https:\/\/acefootball.com\/da\/#organization\"},\"potentialAction\":[{\"@type\":\"SearchAction\",\"target\":{\"@type\":\"EntryPoint\",\"urlTemplate\":\"https:\/\/acefootball.com\/da\/?s={search_term_string}\"},\"query-input\":\"required name=search_term_string\"}],\"inLanguage\":\"en-US\"},{\"@type\":\"ImageObject\",\"@id\":\"https:\/\/acefootball.com\/da\/fodboldnyheder\/liverpool-stjerne-om-udloeb-jeg-ville-vaere-knust\/#primaryimage\",\"inLanguage\":\"en-US\",\"url\":\"https:\/\/acefootball.com\/da\/wp-content\/uploads\/sites\/2\/2021\/01\/Copy-of-Ace-15-1.jpg\",\"contentUrl\":\"https:\/\/acefootball.com\/da\/wp-content\/uploads\/sites\/2\/2021\/01\/Copy-of-Ace-15-1.jpg\",\"width\":1920,\"height\":1008,\"caption\":\"Wijnaldum, Keita, Mane\"},{\"@type\":\"WebPage\",\"@id\":\"https:\/\/acefootball.com\/da\/fodboldnyheder\/liverpool-stjerne-om-udloeb-jeg-ville-vaere-knust\/#webpage\",\"url\":\"https:\/\/acefootball.com\/da\/fodboldnyheder\/liverpool-stjerne-om-udloeb-jeg-ville-vaere-knust\/\",\"name\":\"Liverpool-stjerne om udl\u00f8b: Jeg ville v\u00e6re knust\",\"isPartOf\":{\"@id\":\"https:\/\/acefootball.com\/da\/#website\"},\"primaryImageOfPage\":{\"@id\":\"https:\/\/acefootball.com\/da\/fodboldnyheder\/liverpool-stjerne-om-udloeb-jeg-ville-vaere-knust\/#primaryimage\"},\"datePublished\":\"2021-03-09T16:05:50+00:00\",\"dateModified\":\"2021-03-09T19:26:12+00:00\",\"description\":\"Georginio Wijnaldum har kontraktudl\u00f8b med Liverpool efter denne s\u00e6son, men det ville knuse holl\u00e6nderen at sige farvel\",\"breadcrumb\":{\"@id\":\"https:\/\/acefootball.com\/da\/fodboldnyheder\/liverpool-stjerne-om-udloeb-jeg-ville-vaere-knust\/#breadcrumb\"},\"inLanguage\":\"en-US\",\"potentialAction\":[{\"@type\":\"ReadAction\",\"target\":[\"https:\/\/acefootball.com\/da\/fodboldnyheder\/liverpool-stjerne-om-udloeb-jeg-ville-vaere-knust\/\"]}]},{\"@type\":\"BreadcrumbList\",\"@id\":\"https:\/\/acefootball.com\/da\/fodboldnyheder\/liverpool-stjerne-om-udloeb-jeg-ville-vaere-knust\/#breadcrumb\",\"itemListElement\":[{\"@type\":\"ListItem\",\"position\":1,\"name\":\"Home\",\"item\":\"https:\/\/acefootball.com\/da\/\"},{\"@type\":\"ListItem\",\"position\":2,\"name\":\"Liverpool-stjerne om udl\u00f8b: Jeg ville v\u00e6re knust\"}]},{\"@type\":\"Article\",\"@id\":\"https:\/\/acefootball.com\/da\/fodboldnyheder\/liverpool-stjerne-om-udloeb-jeg-ville-vaere-knust\/#article\",\"isPartOf\":{\"@id\":\"https:\/\/acefootball.com\/da\/fodboldnyheder\/liverpool-stjerne-om-udloeb-jeg-ville-vaere-knust\/#webpage\"},\"author\":{\"@id\":\"https:\/\/acefootball.com\/da\/#\/schema\/person\/ee67e9cf04a276f144100ffa722f10cd\"},\"headline\":\"Liverpool-stjerne om udl\u00f8b: Jeg ville v\u00e6re knust\",\"datePublished\":\"2021-03-09T16:05:50+00:00\",\"dateModified\":\"2021-03-09T19:26:12+00:00\",\"mainEntityOfPage\":{\"@id\":\"https:\/\/acefootball.com\/da\/fodboldnyheder\/liverpool-stjerne-om-udloeb-jeg-ville-vaere-knust\/#webpage\"},\"wordCount\":220,\"commentCount\":0,\"publisher\":{\"@id\":\"https:\/\/acefootball.com\/da\/#organization\"},\"image\":{\"@id\":\"https:\/\/acefootball.com\/da\/fodboldnyheder\/liverpool-stjerne-om-udloeb-jeg-ville-vaere-knust\/#primaryimage\"},\"thumbnailUrl\":\"https:\/\/acefootball.com\/da\/wp-content\/uploads\/sites\/2\/2020\/08\/GettyImages-1185636903.jpg\",\"keywords\":[\"Georginio Wijnaldum\",\"Liverpool\",\"Premier League\"],\"articleSection\":[\"Udtalelse\"],\"inLanguage\":\"en-US\",\"potentialAction\":[{\"@type\":\"CommentAction\",\"name\":\"Comment\",\"target\":[\"https:\/\/acefootball.com\/da\/fodboldnyheder\/liverpool-stjerne-om-udloeb-jeg-ville-vaere-knust\/#respond\"]}]},{\"@type\":\"Person\",\"@id\":\"https:\/\/acefootball.com\/da\/#\/schema\/person\/ee67e9cf04a276f144100ffa722f10cd\",\"name\":\"Mads Dreyer\",\"image\":{\"@type\":\"ImageObject\",\"@id\":\"https:\/\/acefootball.com\/da\/#personlogo\",\"inLanguage\":\"en-US\",\"url\":\"https:\/\/secure.gravatar.com\/avatar\/7c7abf72cfde9902b6a60efe60c88d4c?s=96&d=mm&r=g\",\"contentUrl\":\"https:\/\/secure.gravatar.com\/avatar\/7c7abf72cfde9902b6a60efe60c88d4c?s=96&d=mm&r=g\",\"caption\":\"Mads Dreyer\"},\"description\":\"Skribent og fodboldn\u00f8rd, der lige nu fort\u00e6ller om alt og intet i fodboldverdenen p\u00e5 acefootball.com. Uddannet i kommunikation fra Aalborg Universitet.\",\"sameAs\":[\"https:\/\/www.linkedin.com\/in\/mads-dreyer-b9b08266\/\"],\"url\":\"https:\/\/acefootball.com\/da\/fodboldnyheder\/author\/mdnronaldo\/\"}]}<\/script>\n<!-- \/ Yoast SEO plugin. -->","yoast_head_json":{"title":"Liverpool-stjerne om udl\u00f8b: Jeg ville v\u00e6re knust","description":"Georginio Wijnaldum har kontraktudl\u00f8b med Liverpool efter denne s\u00e6son, men det ville knuse holl\u00e6nderen at sige farvel","robots":{"index":"index","follow":"follow","max-snippet":"max-snippet:-1","max-image-preview":"max-image-preview:large","max-video-preview":"max-video-preview:-1"},"canonical":"https:\/\/acefootball.com\/da\/fodboldnyheder\/liverpool-stjerne-om-udloeb-jeg-ville-vaere-knust\/","og_locale":"en_US","og_type":"article","og_title":"Liverpool-stjerne om udl\u00f8b: Jeg ville v\u00e6re knust","og_description":"Georginio Wijnaldum har kontraktudl\u00f8b med Liverpool efter denne s\u00e6son, men det ville knuse holl\u00e6nderen at sige farvel","og_url":"https:\/\/acefootball.com\/da\/fodboldnyheder\/liverpool-stjerne-om-udloeb-jeg-ville-vaere-knust\/","og_site_name":"Ace Football Danmark","article_publisher":"https:\/\/www.facebook.com\/acefootballdk","article_published_time":"2021-03-09T16:05:50+00:00","article_modified_time":"2021-03-09T19:26:12+00:00","og_image":[{"width":1920,"height":1008,"url":"https:\/\/acefootball.com\/da\/wp-content\/uploads\/sites\/2\/2021\/01\/Copy-of-Ace-15-1.jpg","type":"image\/jpeg"}],"twitter_card":"summary_large_image","twitter_misc":{"Written by":"Mads Dreyer","Est. reading time":"1 minute"},"schema":{"@context":"https:\/\/schema.org","@graph":[{"@type":"Organization","@id":"https:\/\/acefootball.com\/da\/#organization","name":"Ace Football","url":"https:\/\/acefootball.com\/da\/","sameAs":["https:\/\/www.facebook.com\/acefootballdk"],"logo":{"@type":"ImageObject","@id":"https:\/\/acefootball.com\/da\/#logo","inLanguage":"en-US","url":"https:\/\/acefootball.com\/da\/wp-content\/uploads\/sites\/2\/2020\/07\/Ace-Football-30-07-2020-2.png","contentUrl":"https:\/\/acefootball.com\/da\/wp-content\/uploads\/sites\/2\/2020\/07\/Ace-Football-30-07-2020-2.png","width":1200,"height":600,"caption":"Ace Football"},"image":{"@id":"https:\/\/acefootball.com\/da\/#logo"}},{"@type":"WebSite","@id":"https:\/\/acefootball.com\/da\/#website","url":"https:\/\/acefootball.com\/da\/","name":"Ace Football Danmark","description":"Nyheder, Spiltips &amp; Livescore","publisher":{"@id":"https:\/\/acefootball.com\/da\/#organization"},"potentialAction":[{"@type":"SearchAction","target":{"@type":"EntryPoint","urlTemplate":"https:\/\/acefootball.com\/da\/?s={search_term_string}"},"query-input":"required name=search_term_string"}],"inLanguage":"en-US"},{"@type":"ImageObject","@id":"https:\/\/acefootball.com\/da\/fodboldnyheder\/liverpool-stjerne-om-udloeb-jeg-ville-vaere-knust\/#primaryimage","inLanguage":"en-US","url":"https:\/\/acefootball.com\/da\/wp-content\/uploads\/sites\/2\/2021\/01\/Copy-of-Ace-15-1.jpg","contentUrl":"https:\/\/acefootball.com\/da\/wp-content\/uploads\/sites\/2\/2021\/01\/Copy-of-Ace-15-1.jpg","width":1920,"height":1008,"caption":"Wijnaldum, Keita, Mane"},{"@type":"WebPage","@id":"https:\/\/acefootball.com\/da\/fodboldnyheder\/liverpool-stjerne-om-udloeb-jeg-ville-vaere-knust\/#webpage","url":"https:\/\/acefootball.com\/da\/fodboldnyheder\/liverpool-stjerne-om-udloeb-jeg-ville-vaere-knust\/","name":"Liverpool-stjerne om udl\u00f8b: Jeg ville v\u00e6re knust","isPartOf":{"@id":"https:\/\/acefootball.com\/da\/#website"},"primaryImageOfPage":{"@id":"https:\/\/acefootball.com\/da\/fodboldnyheder\/liverpool-stjerne-om-udloeb-jeg-ville-vaere-knust\/#primaryimage"},"datePublished":"2021-03-09T16:05:50+00:00","dateModified":"2021-03-09T19:26:12+00:00","description":"Georginio Wijnaldum har kontraktudl\u00f8b med Liverpool efter denne s\u00e6son, men det ville knuse holl\u00e6nderen at sige farvel","breadcrumb":{"@id":"https:\/\/acefootball.com\/da\/fodboldnyheder\/liverpool-stjerne-om-udloeb-jeg-ville-vaere-knust\/#breadcrumb"},"inLanguage":"en-US","potentialAction":[{"@type":"ReadAction","target":["https:\/\/acefootball.com\/da\/fodboldnyheder\/liverpool-stjerne-om-udloeb-jeg-ville-vaere-knust\/"]}]},{"@type":"BreadcrumbList","@id":"https:\/\/acefootball.com\/da\/fodboldnyheder\/liverpool-stjerne-om-udloeb-jeg-ville-vaere-knust\/#breadcrumb","itemListElement":[{"@type":"ListItem","position":1,"name":"Home","item":"https:\/\/acefootball.com\/da\/"},{"@type":"ListItem","position":2,"name":"Liverpool-stjerne om udl\u00f8b: Jeg ville v\u00e6re knust"}]},{"@type":"Article","@id":"https:\/\/acefootball.com\/da\/fodboldnyheder\/liverpool-stjerne-om-udloeb-jeg-ville-vaere-knust\/#article","isPartOf":{"@id":"https:\/\/acefootball.com\/da\/fodboldnyheder\/liverpool-stjerne-om-udloeb-jeg-ville-vaere-knust\/#webpage"},"author":{"@id":"https:\/\/acefootball.com\/da\/#\/schema\/person\/ee67e9cf04a276f144100ffa722f10cd"},"headline":"Liverpool-stjerne om udl\u00f8b: Jeg ville v\u00e6re knust","datePublished":"2021-03-09T16:05:50+00:00","dateModified":"2021-03-09T19:26:12+00:00","mainEntityOfPage":{"@id":"https:\/\/acefootball.com\/da\/fodboldnyheder\/liverpool-stjerne-om-udloeb-jeg-ville-vaere-knust\/#webpage"},"wordCount":220,"commentCount":0,"publisher":{"@id":"https:\/\/acefootball.com\/da\/#organization"},"image":{"@id":"https:\/\/acefootball.com\/da\/fodboldnyheder\/liverpool-stjerne-om-udloeb-jeg-ville-vaere-knust\/#primaryimage"},"thumbnailUrl":"https:\/\/acefootball.com\/da\/wp-content\/uploads\/sites\/2\/2020\/08\/GettyImages-1185636903.jpg","keywords":["Georginio Wijnaldum","Liverpool","Premier League"],"articleSection":["Udtalelse"],"inLanguage":"en-US","potentialAction":[{"@type":"CommentAction","name":"Comment","target":["https:\/\/acefootball.com\/da\/fodboldnyheder\/liverpool-stjerne-om-udloeb-jeg-ville-vaere-knust\/#respond"]}]},{"@type":"Person","@id":"https:\/\/acefootball.com\/da\/#\/schema\/person\/ee67e9cf04a276f144100ffa722f10cd","name":"Mads Dreyer","image":{"@type":"ImageObject","@id":"https:\/\/acefootball.com\/da\/#personlogo","inLanguage":"en-US","url":"https:\/\/secure.gravatar.com\/avatar\/7c7abf72cfde9902b6a60efe60c88d4c?s=96&d=mm&r=g","contentUrl":"https:\/\/secure.gravatar.com\/avatar\/7c7abf72cfde9902b6a60efe60c88d4c?s=96&d=mm&r=g","caption":"Mads Dreyer"},"description":"Skribent og fodboldn\u00f8rd, der lige nu fort\u00e6ller om alt og intet i fodboldverdenen p\u00e5 acefootball.com. Uddannet i kommunikation fra Aalborg Universitet.","sameAs":["https:\/\/www.linkedin.com\/in\/mads-dreyer-b9b08266\/"],"url":"https:\/\/acefootball.com\/da\/fodboldnyheder\/author\/mdnronaldo\/"}]}},"fimg_url":"https:\/\/acefootball.com\/da\/wp-content\/uploads\/sites\/2\/2020\/08\/GettyImages-1185636903.jpg","_links":{"self":[{"href":"https:\/\/acefootball.com\/da\/wp-json\/wp\/v2\/posts\/253907"}],"collection":[{"href":"https:\/\/acefootball.com\/da\/wp-json\/wp\/v2\/posts"}],"about":[{"href":"https:\/\/acefootball.com\/da\/wp-json\/wp\/v2\/types\/post"}],"author":[{"embeddable":true,"href":"https:\/\/acefootball.com\/da\/wp-json\/wp\/v2\/users\/705"}],"replies":[{"embeddable":true,"href":"https:\/\/acefootball.com\/da\/wp-json\/wp\/v2\/comments?post=253907"}],"version-history":[{"count":0,"href":"https:\/\/acefootball.com\/da\/wp-json\/wp\/v2\/posts\/253907\/revisions"}],"wp:featuredmedia":[{"embeddable":true,"href":"https:\/\/acefootball.com\/da\/wp-json\/wp\/v2\/media\/234694"}],"wp:attachment":[{"href":"https:\/\/acefootball.com\/da\/wp-json\/wp\/v2\/media?parent=253907"}],"wp:term":[{"taxonomy":"category","embeddable":true,"href":"https:\/\/acefootball.com\/da\/wp-json\/wp\/v2\/categories?post=253907"},{"taxonomy":"post_tag","embeddable":true,"href":"https:\/\/acefootball.com\/da\/wp-json\/wp\/v2\/tags?post=253907"}],"curies":[{"name":"wp","href":"https:\/\/api.w.org\/{rel}","templated":true}]}}