{"id":253898,"date":"2021-03-09T15:58:00","date_gmt":"2021-03-09T14:58:00","guid":{"rendered":"https:\/\/acefootball.com\/da\/?p=253898"},"modified":"2021-03-09T15:58:01","modified_gmt":"2021-03-09T14:58:01","slug":"store-udskiftninger-i-randers-truppen-til-pokalgyser","status":"publish","type":"post","link":"https:\/\/acefootball.com\/da\/fodboldnyheder\/store-udskiftninger-i-randers-truppen-til-pokalgyser\/","title":{"rendered":"Store udskiftninger i Randers-truppen til pokalgyser"},"content":{"rendered":"\n<h2 id=\"h-thomas-thomasberg-har-foretaget-flere-udskiftninger-i-sin-randers-trup-til-onsdagens-pokalkamp-mod-vejle\">Thomas Thomasberg har foretaget flere udskiftninger i sin Randers-trup til onsdagens pokalkamp mod Vejle<\/h2>\n\n\n\n<p>Det endte m\u00e5ll\u00f8st i den f\u00f8rste pokalkvartfinale mellem Randers FC og Vejle Boldklub for en m\u00e5ned siden, og derfor er det stadig helt \u00e5bent til returopg\u00f8ret p\u00e5 f\u00f8rstn\u00e6vntes hjemmebane.<\/p>\n\n\n\n<p>I bestr\u00e6belserne p\u00e5 en sejr i onsdagens kamp har Thomas Thomasberg foretaget flere udskiftninger i truppen, hvor Bj\u00f6rn Kopplin og Kasper H\u00f8gh igen er til r\u00e5dighed.<\/p>\n\n\n\n<p>I stedet sidder anf\u00f8rer Erik Marxen, Jesper Lauridsen, Mikkel Kalles\u00f8e og Alhaji Kamara over. Du kan se hele truppen her:<\/p>\n\n\n\n<p>Patrik Carlgren<br>Simon Graves<br>Mathias Nielsen<br>Simon Piesinger<br>Tosin Kehinde<br>Frederik Lauenborg<br>Bj\u00f6rn Kopplin<br>Lasse Berg Johnsen<br>Tobias Klysner<br>Oliver Bundgaard Kristensen<br>Vito Hammersh\u00f8y-Mistrati<br>Bassala Sambou<br>Mathias Greve<br>Nikola Mileusnic<br>Jonas Dakir<br>Kasper H\u00f8gh<br>Filip Bundgaard Kristensen (U17)<br>Marvin Egho<br>Mikkel Brund (U19)<\/p>\n\n\n\n<p>Runden hold i Superligaen er i dag blevet offentliggjort. Du kan se det her:<\/p>\n\n\n\n<figure class=\"wp-block-embed is-type-wp-embed is-provider-ace-football-danmark wp-block-embed-ace-football-danmark\"><div class=\"wp-block-embed__wrapper\">\n<blockquote class=\"wp-embedded-content\" data-secret=\"tX0rAHqhu9\"><a href=\"https:\/\/acefootball.com\/da\/fodboldnyheder\/broendby-og-vejle-dominerer-rundens-hold-i-superligaen\/\">Br\u00f8ndby og Vejle dominerer rundens hold i Superligaen<\/a><\/blockquote><iframe class=\"wp-embedded-content\" sandbox=\"allow-scripts\" security=\"restricted\" style=\"position: absolute; clip: rect(1px, 1px, 1px, 1px);\" title=\"&#8220;Br\u00f8ndby og Vejle dominerer rundens hold i Superligaen&#8221; &#8212; Ace Football Danmark\" src=\"https:\/\/acefootball.com\/da\/fodboldnyheder\/broendby-og-vejle-dominerer-rundens-hold-i-superligaen\/embed\/#?secret=tX0rAHqhu9\" data-secret=\"tX0rAHqhu9\" width=\"600\" height=\"338\" frameborder=\"0\" marginwidth=\"0\" marginheight=\"0\" scrolling=\"no\"><\/iframe>\n<\/div><\/figure>\n","protected":false},"excerpt":{"rendered":"<p>Thomas Thomasberg har foretaget flere udskiftninger i sin Randers-trup til onsdagens pokalkamp mod Vejle<\/p>\n","protected":false},"author":705,"featured_media":253901,"comment_status":"open","ping_status":"closed","sticky":false,"template":"","format":"standard","meta":{"om_disable_all_campaigns":false,"push_articles_ronaldo":{"active":false,"canonical":0,"publish":false},"force_updates":null},"categories":[8062],"tags":[22,588],"enet_tags":{"team":["8410"],"league":["46"],"sport_events":[]},"yoast_head":"<!-- This site is optimized with the Yoast SEO plugin v18.3 - https:\/\/yoast.com\/wordpress\/plugins\/seo\/ -->\n<title>Store udskiftninger i Randers-truppen til pokalgyser<\/title>\n<meta name=\"description\" content=\"Thomas Thomasberg har foretaget flere udskiftninger i sin Randers-trup til onsdagens pokalkamp mod Vejle\" \/>\n<meta name=\"robots\" content=\"index, follow, max-snippet:-1, max-image-preview:large, max-video-preview:-1\" \/>\n<link rel=\"canonical\" href=\"https:\/\/acefootball.com\/da\/fodboldnyheder\/store-udskiftninger-i-randers-truppen-til-pokalgyser\/\" \/>\n<meta property=\"og:locale\" content=\"en_US\" \/>\n<meta property=\"og:type\" content=\"article\" \/>\n<meta property=\"og:title\" content=\"Store udskiftninger i Randers-truppen til pokalgyser\" \/>\n<meta property=\"og:description\" content=\"Thomas Thomasberg har foretaget flere udskiftninger i sin Randers-trup til onsdagens pokalkamp mod Vejle\" \/>\n<meta property=\"og:url\" content=\"https:\/\/acefootball.com\/da\/fodboldnyheder\/store-udskiftninger-i-randers-truppen-til-pokalgyser\/\" \/>\n<meta property=\"og:site_name\" content=\"Ace Football Danmark\" \/>\n<meta property=\"article:publisher\" content=\"https:\/\/www.facebook.com\/acefootballdk\" \/>\n<meta property=\"article:published_time\" content=\"2021-03-09T14:58:00+00:00\" \/>\n<meta property=\"article:modified_time\" content=\"2021-03-09T14:58:01+00:00\" \/>\n<meta property=\"og:image\" content=\"https:\/\/acefootball.com\/da\/wp-content\/uploads\/sites\/2\/2021\/03\/Laes-mere-generel-1-5.jpg\" \/>\n\t<meta property=\"og:image:width\" content=\"1920\" \/>\n\t<meta property=\"og:image:height\" content=\"1008\" \/>\n\t<meta property=\"og:image:type\" content=\"image\/jpeg\" \/>\n<meta name=\"twitter:card\" content=\"summary_large_image\" \/>\n<meta name=\"twitter:label1\" content=\"Written by\" \/>\n\t<meta name=\"twitter:data1\" content=\"Mads Dreyer\" \/>\n\t<meta name=\"twitter:label2\" content=\"Est. reading time\" \/>\n\t<meta name=\"twitter:data2\" content=\"1 minute\" \/>\n<script type=\"application\/ld+json\" class=\"yoast-schema-graph\">{\"@context\":\"https:\/\/schema.org\",\"@graph\":[{\"@type\":\"Organization\",\"@id\":\"https:\/\/acefootball.com\/da\/#organization\",\"name\":\"Ace Football\",\"url\":\"https:\/\/acefootball.com\/da\/\",\"sameAs\":[\"https:\/\/www.facebook.com\/acefootballdk\"],\"logo\":{\"@type\":\"ImageObject\",\"@id\":\"https:\/\/acefootball.com\/da\/#logo\",\"inLanguage\":\"en-US\",\"url\":\"https:\/\/acefootball.com\/da\/wp-content\/uploads\/sites\/2\/2020\/07\/Ace-Football-30-07-2020-2.png\",\"contentUrl\":\"https:\/\/acefootball.com\/da\/wp-content\/uploads\/sites\/2\/2020\/07\/Ace-Football-30-07-2020-2.png\",\"width\":1200,\"height\":600,\"caption\":\"Ace Football\"},\"image\":{\"@id\":\"https:\/\/acefootball.com\/da\/#logo\"}},{\"@type\":\"WebSite\",\"@id\":\"https:\/\/acefootball.com\/da\/#website\",\"url\":\"https:\/\/acefootball.com\/da\/\",\"name\":\"Ace Football Danmark\",\"description\":\"Nyheder, Spiltips &amp; Livescore\",\"publisher\":{\"@id\":\"https:\/\/acefootball.com\/da\/#organization\"},\"potentialAction\":[{\"@type\":\"SearchAction\",\"target\":{\"@type\":\"EntryPoint\",\"urlTemplate\":\"https:\/\/acefootball.com\/da\/?s={search_term_string}\"},\"query-input\":\"required name=search_term_string\"}],\"inLanguage\":\"en-US\"},{\"@type\":\"ImageObject\",\"@id\":\"https:\/\/acefootball.com\/da\/fodboldnyheder\/store-udskiftninger-i-randers-truppen-til-pokalgyser\/#primaryimage\",\"inLanguage\":\"en-US\",\"url\":\"https:\/\/acefootball.com\/da\/wp-content\/uploads\/sites\/2\/2021\/03\/Laes-mere-generel-1-5.jpg\",\"contentUrl\":\"https:\/\/acefootball.com\/da\/wp-content\/uploads\/sites\/2\/2021\/03\/Laes-mere-generel-1-5.jpg\",\"width\":1920,\"height\":1008,\"caption\":\"marxen\"},{\"@type\":\"WebPage\",\"@id\":\"https:\/\/acefootball.com\/da\/fodboldnyheder\/store-udskiftninger-i-randers-truppen-til-pokalgyser\/#webpage\",\"url\":\"https:\/\/acefootball.com\/da\/fodboldnyheder\/store-udskiftninger-i-randers-truppen-til-pokalgyser\/\",\"name\":\"Store udskiftninger i Randers-truppen til pokalgyser\",\"isPartOf\":{\"@id\":\"https:\/\/acefootball.com\/da\/#website\"},\"primaryImageOfPage\":{\"@id\":\"https:\/\/acefootball.com\/da\/fodboldnyheder\/store-udskiftninger-i-randers-truppen-til-pokalgyser\/#primaryimage\"},\"datePublished\":\"2021-03-09T14:58:00+00:00\",\"dateModified\":\"2021-03-09T14:58:01+00:00\",\"description\":\"Thomas Thomasberg har foretaget flere udskiftninger i sin Randers-trup til onsdagens pokalkamp mod Vejle\",\"breadcrumb\":{\"@id\":\"https:\/\/acefootball.com\/da\/fodboldnyheder\/store-udskiftninger-i-randers-truppen-til-pokalgyser\/#breadcrumb\"},\"inLanguage\":\"en-US\",\"potentialAction\":[{\"@type\":\"ReadAction\",\"target\":[\"https:\/\/acefootball.com\/da\/fodboldnyheder\/store-udskiftninger-i-randers-truppen-til-pokalgyser\/\"]}]},{\"@type\":\"BreadcrumbList\",\"@id\":\"https:\/\/acefootball.com\/da\/fodboldnyheder\/store-udskiftninger-i-randers-truppen-til-pokalgyser\/#breadcrumb\",\"itemListElement\":[{\"@type\":\"ListItem\",\"position\":1,\"name\":\"Home\",\"item\":\"https:\/\/acefootball.com\/da\/\"},{\"@type\":\"ListItem\",\"position\":2,\"name\":\"Store udskiftninger i Randers-truppen til pokalgyser\"}]},{\"@type\":\"Article\",\"@id\":\"https:\/\/acefootball.com\/da\/fodboldnyheder\/store-udskiftninger-i-randers-truppen-til-pokalgyser\/#article\",\"isPartOf\":{\"@id\":\"https:\/\/acefootball.com\/da\/fodboldnyheder\/store-udskiftninger-i-randers-truppen-til-pokalgyser\/#webpage\"},\"author\":{\"@id\":\"https:\/\/acefootball.com\/da\/#\/schema\/person\/ee67e9cf04a276f144100ffa722f10cd\"},\"headline\":\"Store udskiftninger i Randers-truppen til pokalgyser\",\"datePublished\":\"2021-03-09T14:58:00+00:00\",\"dateModified\":\"2021-03-09T14:58:01+00:00\",\"mainEntityOfPage\":{\"@id\":\"https:\/\/acefootball.com\/da\/fodboldnyheder\/store-udskiftninger-i-randers-truppen-til-pokalgyser\/#webpage\"},\"wordCount\":157,\"commentCount\":0,\"publisher\":{\"@id\":\"https:\/\/acefootball.com\/da\/#organization\"},\"image\":{\"@id\":\"https:\/\/acefootball.com\/da\/fodboldnyheder\/store-udskiftninger-i-randers-truppen-til-pokalgyser\/#primaryimage\"},\"thumbnailUrl\":\"https:\/\/acefootball.com\/da\/wp-content\/uploads\/sites\/2\/2021\/03\/GettyImages-1231178868.jpg\",\"keywords\":[\"Randers FC\",\"Superligaen\"],\"articleSection\":[\"Kamp\"],\"inLanguage\":\"en-US\",\"potentialAction\":[{\"@type\":\"CommentAction\",\"name\":\"Comment\",\"target\":[\"https:\/\/acefootball.com\/da\/fodboldnyheder\/store-udskiftninger-i-randers-truppen-til-pokalgyser\/#respond\"]}]},{\"@type\":\"Person\",\"@id\":\"https:\/\/acefootball.com\/da\/#\/schema\/person\/ee67e9cf04a276f144100ffa722f10cd\",\"name\":\"Mads Dreyer\",\"image\":{\"@type\":\"ImageObject\",\"@id\":\"https:\/\/acefootball.com\/da\/#personlogo\",\"inLanguage\":\"en-US\",\"url\":\"https:\/\/secure.gravatar.com\/avatar\/7c7abf72cfde9902b6a60efe60c88d4c?s=96&d=mm&r=g\",\"contentUrl\":\"https:\/\/secure.gravatar.com\/avatar\/7c7abf72cfde9902b6a60efe60c88d4c?s=96&d=mm&r=g\",\"caption\":\"Mads Dreyer\"},\"description\":\"Skribent og fodboldn\u00f8rd, der lige nu fort\u00e6ller om alt og intet i fodboldverdenen p\u00e5 acefootball.com. Uddannet i kommunikation fra Aalborg Universitet.\",\"sameAs\":[\"https:\/\/www.linkedin.com\/in\/mads-dreyer-b9b08266\/\"],\"url\":\"https:\/\/acefootball.com\/da\/fodboldnyheder\/author\/mdnronaldo\/\"}]}<\/script>\n<!-- \/ Yoast SEO plugin. -->","yoast_head_json":{"title":"Store udskiftninger i Randers-truppen til pokalgyser","description":"Thomas Thomasberg har foretaget flere udskiftninger i sin Randers-trup til onsdagens pokalkamp mod Vejle","robots":{"index":"index","follow":"follow","max-snippet":"max-snippet:-1","max-image-preview":"max-image-preview:large","max-video-preview":"max-video-preview:-1"},"canonical":"https:\/\/acefootball.com\/da\/fodboldnyheder\/store-udskiftninger-i-randers-truppen-til-pokalgyser\/","og_locale":"en_US","og_type":"article","og_title":"Store udskiftninger i Randers-truppen til pokalgyser","og_description":"Thomas Thomasberg har foretaget flere udskiftninger i sin Randers-trup til onsdagens pokalkamp mod Vejle","og_url":"https:\/\/acefootball.com\/da\/fodboldnyheder\/store-udskiftninger-i-randers-truppen-til-pokalgyser\/","og_site_name":"Ace Football Danmark","article_publisher":"https:\/\/www.facebook.com\/acefootballdk","article_published_time":"2021-03-09T14:58:00+00:00","article_modified_time":"2021-03-09T14:58:01+00:00","og_image":[{"width":1920,"height":1008,"url":"https:\/\/acefootball.com\/da\/wp-content\/uploads\/sites\/2\/2021\/03\/Laes-mere-generel-1-5.jpg","type":"image\/jpeg"}],"twitter_card":"summary_large_image","twitter_misc":{"Written by":"Mads Dreyer","Est. reading time":"1 minute"},"schema":{"@context":"https:\/\/schema.org","@graph":[{"@type":"Organization","@id":"https:\/\/acefootball.com\/da\/#organization","name":"Ace Football","url":"https:\/\/acefootball.com\/da\/","sameAs":["https:\/\/www.facebook.com\/acefootballdk"],"logo":{"@type":"ImageObject","@id":"https:\/\/acefootball.com\/da\/#logo","inLanguage":"en-US","url":"https:\/\/acefootball.com\/da\/wp-content\/uploads\/sites\/2\/2020\/07\/Ace-Football-30-07-2020-2.png","contentUrl":"https:\/\/acefootball.com\/da\/wp-content\/uploads\/sites\/2\/2020\/07\/Ace-Football-30-07-2020-2.png","width":1200,"height":600,"caption":"Ace Football"},"image":{"@id":"https:\/\/acefootball.com\/da\/#logo"}},{"@type":"WebSite","@id":"https:\/\/acefootball.com\/da\/#website","url":"https:\/\/acefootball.com\/da\/","name":"Ace Football Danmark","description":"Nyheder, Spiltips &amp; Livescore","publisher":{"@id":"https:\/\/acefootball.com\/da\/#organization"},"potentialAction":[{"@type":"SearchAction","target":{"@type":"EntryPoint","urlTemplate":"https:\/\/acefootball.com\/da\/?s={search_term_string}"},"query-input":"required name=search_term_string"}],"inLanguage":"en-US"},{"@type":"ImageObject","@id":"https:\/\/acefootball.com\/da\/fodboldnyheder\/store-udskiftninger-i-randers-truppen-til-pokalgyser\/#primaryimage","inLanguage":"en-US","url":"https:\/\/acefootball.com\/da\/wp-content\/uploads\/sites\/2\/2021\/03\/Laes-mere-generel-1-5.jpg","contentUrl":"https:\/\/acefootball.com\/da\/wp-content\/uploads\/sites\/2\/2021\/03\/Laes-mere-generel-1-5.jpg","width":1920,"height":1008,"caption":"marxen"},{"@type":"WebPage","@id":"https:\/\/acefootball.com\/da\/fodboldnyheder\/store-udskiftninger-i-randers-truppen-til-pokalgyser\/#webpage","url":"https:\/\/acefootball.com\/da\/fodboldnyheder\/store-udskiftninger-i-randers-truppen-til-pokalgyser\/","name":"Store udskiftninger i Randers-truppen til pokalgyser","isPartOf":{"@id":"https:\/\/acefootball.com\/da\/#website"},"primaryImageOfPage":{"@id":"https:\/\/acefootball.com\/da\/fodboldnyheder\/store-udskiftninger-i-randers-truppen-til-pokalgyser\/#primaryimage"},"datePublished":"2021-03-09T14:58:00+00:00","dateModified":"2021-03-09T14:58:01+00:00","description":"Thomas Thomasberg har foretaget flere udskiftninger i sin Randers-trup til onsdagens pokalkamp mod Vejle","breadcrumb":{"@id":"https:\/\/acefootball.com\/da\/fodboldnyheder\/store-udskiftninger-i-randers-truppen-til-pokalgyser\/#breadcrumb"},"inLanguage":"en-US","potentialAction":[{"@type":"ReadAction","target":["https:\/\/acefootball.com\/da\/fodboldnyheder\/store-udskiftninger-i-randers-truppen-til-pokalgyser\/"]}]},{"@type":"BreadcrumbList","@id":"https:\/\/acefootball.com\/da\/fodboldnyheder\/store-udskiftninger-i-randers-truppen-til-pokalgyser\/#breadcrumb","itemListElement":[{"@type":"ListItem","position":1,"name":"Home","item":"https:\/\/acefootball.com\/da\/"},{"@type":"ListItem","position":2,"name":"Store udskiftninger i Randers-truppen til pokalgyser"}]},{"@type":"Article","@id":"https:\/\/acefootball.com\/da\/fodboldnyheder\/store-udskiftninger-i-randers-truppen-til-pokalgyser\/#article","isPartOf":{"@id":"https:\/\/acefootball.com\/da\/fodboldnyheder\/store-udskiftninger-i-randers-truppen-til-pokalgyser\/#webpage"},"author":{"@id":"https:\/\/acefootball.com\/da\/#\/schema\/person\/ee67e9cf04a276f144100ffa722f10cd"},"headline":"Store udskiftninger i Randers-truppen til pokalgyser","datePublished":"2021-03-09T14:58:00+00:00","dateModified":"2021-03-09T14:58:01+00:00","mainEntityOfPage":{"@id":"https:\/\/acefootball.com\/da\/fodboldnyheder\/store-udskiftninger-i-randers-truppen-til-pokalgyser\/#webpage"},"wordCount":157,"commentCount":0,"publisher":{"@id":"https:\/\/acefootball.com\/da\/#organization"},"image":{"@id":"https:\/\/acefootball.com\/da\/fodboldnyheder\/store-udskiftninger-i-randers-truppen-til-pokalgyser\/#primaryimage"},"thumbnailUrl":"https:\/\/acefootball.com\/da\/wp-content\/uploads\/sites\/2\/2021\/03\/GettyImages-1231178868.jpg","keywords":["Randers FC","Superligaen"],"articleSection":["Kamp"],"inLanguage":"en-US","potentialAction":[{"@type":"CommentAction","name":"Comment","target":["https:\/\/acefootball.com\/da\/fodboldnyheder\/store-udskiftninger-i-randers-truppen-til-pokalgyser\/#respond"]}]},{"@type":"Person","@id":"https:\/\/acefootball.com\/da\/#\/schema\/person\/ee67e9cf04a276f144100ffa722f10cd","name":"Mads Dreyer","image":{"@type":"ImageObject","@id":"https:\/\/acefootball.com\/da\/#personlogo","inLanguage":"en-US","url":"https:\/\/secure.gravatar.com\/avatar\/7c7abf72cfde9902b6a60efe60c88d4c?s=96&d=mm&r=g","contentUrl":"https:\/\/secure.gravatar.com\/avatar\/7c7abf72cfde9902b6a60efe60c88d4c?s=96&d=mm&r=g","caption":"Mads Dreyer"},"description":"Skribent og fodboldn\u00f8rd, der lige nu fort\u00e6ller om alt og intet i fodboldverdenen p\u00e5 acefootball.com. Uddannet i kommunikation fra Aalborg Universitet.","sameAs":["https:\/\/www.linkedin.com\/in\/mads-dreyer-b9b08266\/"],"url":"https:\/\/acefootball.com\/da\/fodboldnyheder\/author\/mdnronaldo\/"}]}},"fimg_url":"https:\/\/acefootball.com\/da\/wp-content\/uploads\/sites\/2\/2021\/03\/GettyImages-1231178868.jpg","_links":{"self":[{"href":"https:\/\/acefootball.com\/da\/wp-json\/wp\/v2\/posts\/253898"}],"collection":[{"href":"https:\/\/acefootball.com\/da\/wp-json\/wp\/v2\/posts"}],"about":[{"href":"https:\/\/acefootball.com\/da\/wp-json\/wp\/v2\/types\/post"}],"author":[{"embeddable":true,"href":"https:\/\/acefootball.com\/da\/wp-json\/wp\/v2\/users\/705"}],"replies":[{"embeddable":true,"href":"https:\/\/acefootball.com\/da\/wp-json\/wp\/v2\/comments?post=253898"}],"version-history":[{"count":0,"href":"https:\/\/acefootball.com\/da\/wp-json\/wp\/v2\/posts\/253898\/revisions"}],"wp:featuredmedia":[{"embeddable":true,"href":"https:\/\/acefootball.com\/da\/wp-json\/wp\/v2\/media\/253901"}],"wp:attachment":[{"href":"https:\/\/acefootball.com\/da\/wp-json\/wp\/v2\/media?parent=253898"}],"wp:term":[{"taxonomy":"category","embeddable":true,"href":"https:\/\/acefootball.com\/da\/wp-json\/wp\/v2\/categories?post=253898"},{"taxonomy":"post_tag","embeddable":true,"href":"https:\/\/acefootball.com\/da\/wp-json\/wp\/v2\/tags?post=253898"}],"curies":[{"name":"wp","href":"https:\/\/api.w.org\/{rel}","templated":true}]}}