{"id":253890,"date":"2021-03-09T15:23:20","date_gmt":"2021-03-09T14:23:20","guid":{"rendered":"https:\/\/acefootball.com\/da\/?p=253890"},"modified":"2021-03-09T15:23:21","modified_gmt":"2021-03-09T14:23:21","slug":"klopp-afviser-rygter-jeg-er-ikke-tilgaengelig","status":"publish","type":"post","link":"https:\/\/acefootball.com\/da\/fodboldnyheder\/klopp-afviser-rygter-jeg-er-ikke-tilgaengelig\/","title":{"rendered":"Klopp afviser rygter: Jeg er ikke tilg\u00e6ngelig"},"content":{"rendered":"\n<h2 id=\"h-j-rgen-klopp-rygtes-som-st-rste-favorit-til-at-overtage-det-tyske-landstr-ners-de-men-liverpool-manageren-afviser\">J\u00fcrgen Klopp rygtes som st\u00f8rste favorit til at overtage det tyske landstr\u00e6ners\u00e6de, men Liverpool-manageren afviser<\/h2>\n\n\n\n<p>Den tyske landstr\u00e6ner Joachim L\u00f6w meddelte i dag, at han ikke forts\u00e6tter i jobbet efter sommerens EM-slutrunde, hvilket afslutter en \u00e6ra p\u00e5 15 \u00e5r.<\/p>\n\n\n\n<p>I stedet peger mange medier p\u00e5, at J\u00fcrgen Klopp kan blive udn\u00e6vnt som afl\u00f8ser for L\u00f6w, men det er Liverpool-manageren ikke selv interesseret i.<\/p>\n\n\n\n<p>&#8220;Er jeg tilg\u00e6ngelig til jobbet efter sommeren? Nej,&#8221; lyder svaret if\u00f8lge <a href=\"https:\/\/www.skysports.com\/football\/news\/12040\/12240841\/jurgen-klopp-liverpool-manager-says-he-is-not-available-to-replace-joachim-low-as-germany-head-coach-in-summer\" target=\"_blank\" rel=\"noreferrer noopener\">Sky Sports<\/a>.<\/p>\n\n\n\n<p>&#8220;Jobbet g\u00e5r til en anden, og med s\u00e5 mange gode, tyske tr\u00e6nere, er jeg sikker p\u00e5, at forbundet finder en god l\u00f8sning.&#8221;<\/p>\n\n\n\n<p>Skulle Klopp alligevel ende med at snuppe stillingen, er der hos mange ikke meget tvivl om, hvem der tager over p\u00e5 Anfield. L\u00e6s mere her:<\/p>\n\n\n\n<figure class=\"wp-block-embed is-type-wp-embed is-provider-ace-football-danmark wp-block-embed-ace-football-danmark\"><div class=\"wp-block-embed__wrapper\">\n<blockquote class=\"wp-embedded-content\" data-secret=\"uxBGwU4WEo\"><a href=\"https:\/\/acefootball.com\/da\/fodboldnyheder\/nu-er-folk-sikre-gerrard-til-liverpool-klopp-som-landstraener\/\">Nu er folk sikre: Gerrard til Liverpool, Klopp som landstr\u00e6ner<\/a><\/blockquote><iframe class=\"wp-embedded-content\" sandbox=\"allow-scripts\" security=\"restricted\" style=\"position: absolute; clip: rect(1px, 1px, 1px, 1px);\" title=\"&#8220;Nu er folk sikre: Gerrard til Liverpool, Klopp som landstr\u00e6ner&#8221; &#8212; Ace Football Danmark\" src=\"https:\/\/acefootball.com\/da\/fodboldnyheder\/nu-er-folk-sikre-gerrard-til-liverpool-klopp-som-landstraener\/embed\/#?secret=uxBGwU4WEo\" data-secret=\"uxBGwU4WEo\" width=\"600\" height=\"338\" frameborder=\"0\" marginwidth=\"0\" marginheight=\"0\" scrolling=\"no\"><\/iframe>\n<\/div><\/figure>\n","protected":false},"excerpt":{"rendered":"<p>J\u00fcrgen Klopp rygtes som st\u00f8rste favorit til at overtage det tyske landstr\u00e6ners\u00e6de, men Liverpool-manageren afviser<\/p>\n","protected":false},"author":705,"featured_media":243769,"comment_status":"open","ping_status":"closed","sticky":false,"template":"","format":"standard","meta":{"om_disable_all_campaigns":false,"push_articles_ronaldo":{"active":false,"canonical":0,"publish":false},"force_updates":null},"categories":[8204],"tags":[135,132,134,691],"enet_tags":{"player":["78660"],"team":["8650","8570"],"league":["47"],"sport_events":[]},"yoast_head":"<!-- This site is optimized with the Yoast SEO plugin v18.3 - https:\/\/yoast.com\/wordpress\/plugins\/seo\/ -->\n<title>Klopp afviser rygter: Jeg er ikke tilg\u00e6ngelig<\/title>\n<meta name=\"description\" content=\"J\u00fcrgen Klopp rygtes som st\u00f8rste favorit til at overtage det tyske landstr\u00e6ners\u00e6de, men Liverpool-manageren afviser\" \/>\n<meta name=\"robots\" content=\"index, follow, max-snippet:-1, max-image-preview:large, max-video-preview:-1\" \/>\n<link rel=\"canonical\" href=\"https:\/\/acefootball.com\/da\/fodboldnyheder\/klopp-afviser-rygter-jeg-er-ikke-tilgaengelig\/\" \/>\n<meta property=\"og:locale\" content=\"en_US\" \/>\n<meta property=\"og:type\" content=\"article\" \/>\n<meta property=\"og:title\" content=\"Klopp afviser rygter: Jeg er ikke tilg\u00e6ngelig\" \/>\n<meta property=\"og:description\" content=\"J\u00fcrgen Klopp rygtes som st\u00f8rste favorit til at overtage det tyske landstr\u00e6ners\u00e6de, men Liverpool-manageren afviser\" \/>\n<meta property=\"og:url\" content=\"https:\/\/acefootball.com\/da\/fodboldnyheder\/klopp-afviser-rygter-jeg-er-ikke-tilgaengelig\/\" \/>\n<meta property=\"og:site_name\" content=\"Ace Football Danmark\" \/>\n<meta property=\"article:publisher\" content=\"https:\/\/www.facebook.com\/acefootballdk\" \/>\n<meta property=\"article:published_time\" content=\"2021-03-09T14:23:20+00:00\" \/>\n<meta property=\"article:modified_time\" content=\"2021-03-09T14:23:21+00:00\" \/>\n<meta property=\"og:image\" content=\"https:\/\/acefootball.com\/da\/wp-content\/uploads\/sites\/2\/2020\/11\/GettyImages-1277325994.jpg\" \/>\n\t<meta property=\"og:image:width\" content=\"1024\" \/>\n\t<meta property=\"og:image:height\" content=\"714\" \/>\n\t<meta property=\"og:image:type\" content=\"image\/jpeg\" \/>\n<meta name=\"twitter:card\" content=\"summary_large_image\" \/>\n<meta name=\"twitter:label1\" content=\"Written by\" \/>\n\t<meta name=\"twitter:data1\" content=\"Mads Dreyer\" \/>\n\t<meta name=\"twitter:label2\" content=\"Est. reading time\" \/>\n\t<meta name=\"twitter:data2\" content=\"1 minute\" \/>\n<script type=\"application\/ld+json\" class=\"yoast-schema-graph\">{\"@context\":\"https:\/\/schema.org\",\"@graph\":[{\"@type\":\"Organization\",\"@id\":\"https:\/\/acefootball.com\/da\/#organization\",\"name\":\"Ace Football\",\"url\":\"https:\/\/acefootball.com\/da\/\",\"sameAs\":[\"https:\/\/www.facebook.com\/acefootballdk\"],\"logo\":{\"@type\":\"ImageObject\",\"@id\":\"https:\/\/acefootball.com\/da\/#logo\",\"inLanguage\":\"en-US\",\"url\":\"https:\/\/acefootball.com\/da\/wp-content\/uploads\/sites\/2\/2020\/07\/Ace-Football-30-07-2020-2.png\",\"contentUrl\":\"https:\/\/acefootball.com\/da\/wp-content\/uploads\/sites\/2\/2020\/07\/Ace-Football-30-07-2020-2.png\",\"width\":1200,\"height\":600,\"caption\":\"Ace Football\"},\"image\":{\"@id\":\"https:\/\/acefootball.com\/da\/#logo\"}},{\"@type\":\"WebSite\",\"@id\":\"https:\/\/acefootball.com\/da\/#website\",\"url\":\"https:\/\/acefootball.com\/da\/\",\"name\":\"Ace Football Danmark\",\"description\":\"Nyheder, Spiltips &amp; Livescore\",\"publisher\":{\"@id\":\"https:\/\/acefootball.com\/da\/#organization\"},\"potentialAction\":[{\"@type\":\"SearchAction\",\"target\":{\"@type\":\"EntryPoint\",\"urlTemplate\":\"https:\/\/acefootball.com\/da\/?s={search_term_string}\"},\"query-input\":\"required name=search_term_string\"}],\"inLanguage\":\"en-US\"},{\"@type\":\"ImageObject\",\"@id\":\"https:\/\/acefootball.com\/da\/fodboldnyheder\/klopp-afviser-rygter-jeg-er-ikke-tilgaengelig\/#primaryimage\",\"inLanguage\":\"en-US\",\"url\":\"https:\/\/acefootball.com\/da\/wp-content\/uploads\/sites\/2\/2020\/11\/GettyImages-1277325994.jpg\",\"contentUrl\":\"https:\/\/acefootball.com\/da\/wp-content\/uploads\/sites\/2\/2020\/11\/GettyImages-1277325994.jpg\",\"width\":1024,\"height\":714,\"caption\":\"LIVERPOOL, ENGLAND - SEPTEMBER 28: Jurgen Klopp, Manager of Liverpool in happy mood as he performs his post match interviews after the Premier League match between Liverpool and Arsenal at Anfield on September 28, 2020 in Liverpool, England. Sporting stadiums around the UK remain under strict restrictions due to the Coronavirus Pandemic as Government social distancing laws prohibit fans inside venues resulting in games being played behind closed doors. (Photo by Laurence Griffiths\/Getty Images)\"},{\"@type\":\"WebPage\",\"@id\":\"https:\/\/acefootball.com\/da\/fodboldnyheder\/klopp-afviser-rygter-jeg-er-ikke-tilgaengelig\/#webpage\",\"url\":\"https:\/\/acefootball.com\/da\/fodboldnyheder\/klopp-afviser-rygter-jeg-er-ikke-tilgaengelig\/\",\"name\":\"Klopp afviser rygter: Jeg er ikke tilg\u00e6ngelig\",\"isPartOf\":{\"@id\":\"https:\/\/acefootball.com\/da\/#website\"},\"primaryImageOfPage\":{\"@id\":\"https:\/\/acefootball.com\/da\/fodboldnyheder\/klopp-afviser-rygter-jeg-er-ikke-tilgaengelig\/#primaryimage\"},\"datePublished\":\"2021-03-09T14:23:20+00:00\",\"dateModified\":\"2021-03-09T14:23:21+00:00\",\"description\":\"J\u00fcrgen Klopp rygtes som st\u00f8rste favorit til at overtage det tyske landstr\u00e6ners\u00e6de, men Liverpool-manageren afviser\",\"breadcrumb\":{\"@id\":\"https:\/\/acefootball.com\/da\/fodboldnyheder\/klopp-afviser-rygter-jeg-er-ikke-tilgaengelig\/#breadcrumb\"},\"inLanguage\":\"en-US\",\"potentialAction\":[{\"@type\":\"ReadAction\",\"target\":[\"https:\/\/acefootball.com\/da\/fodboldnyheder\/klopp-afviser-rygter-jeg-er-ikke-tilgaengelig\/\"]}]},{\"@type\":\"BreadcrumbList\",\"@id\":\"https:\/\/acefootball.com\/da\/fodboldnyheder\/klopp-afviser-rygter-jeg-er-ikke-tilgaengelig\/#breadcrumb\",\"itemListElement\":[{\"@type\":\"ListItem\",\"position\":1,\"name\":\"Home\",\"item\":\"https:\/\/acefootball.com\/da\/\"},{\"@type\":\"ListItem\",\"position\":2,\"name\":\"Klopp afviser rygter: Jeg er ikke tilg\u00e6ngelig\"}]},{\"@type\":\"Article\",\"@id\":\"https:\/\/acefootball.com\/da\/fodboldnyheder\/klopp-afviser-rygter-jeg-er-ikke-tilgaengelig\/#article\",\"isPartOf\":{\"@id\":\"https:\/\/acefootball.com\/da\/fodboldnyheder\/klopp-afviser-rygter-jeg-er-ikke-tilgaengelig\/#webpage\"},\"author\":{\"@id\":\"https:\/\/acefootball.com\/da\/#\/schema\/person\/ee67e9cf04a276f144100ffa722f10cd\"},\"headline\":\"Klopp afviser rygter: Jeg er ikke tilg\u00e6ngelig\",\"datePublished\":\"2021-03-09T14:23:20+00:00\",\"dateModified\":\"2021-03-09T14:23:21+00:00\",\"mainEntityOfPage\":{\"@id\":\"https:\/\/acefootball.com\/da\/fodboldnyheder\/klopp-afviser-rygter-jeg-er-ikke-tilgaengelig\/#webpage\"},\"wordCount\":153,\"commentCount\":0,\"publisher\":{\"@id\":\"https:\/\/acefootball.com\/da\/#organization\"},\"image\":{\"@id\":\"https:\/\/acefootball.com\/da\/fodboldnyheder\/klopp-afviser-rygter-jeg-er-ikke-tilgaengelig\/#primaryimage\"},\"thumbnailUrl\":\"https:\/\/acefootball.com\/da\/wp-content\/uploads\/sites\/2\/2020\/11\/GettyImages-1277325994.jpg\",\"keywords\":[\"J\u00fcrgen Klopp\",\"Liverpool\",\"Premier League\",\"Tyskland\"],\"articleSection\":[\"Udtalelse\"],\"inLanguage\":\"en-US\",\"potentialAction\":[{\"@type\":\"CommentAction\",\"name\":\"Comment\",\"target\":[\"https:\/\/acefootball.com\/da\/fodboldnyheder\/klopp-afviser-rygter-jeg-er-ikke-tilgaengelig\/#respond\"]}]},{\"@type\":\"Person\",\"@id\":\"https:\/\/acefootball.com\/da\/#\/schema\/person\/ee67e9cf04a276f144100ffa722f10cd\",\"name\":\"Mads Dreyer\",\"image\":{\"@type\":\"ImageObject\",\"@id\":\"https:\/\/acefootball.com\/da\/#personlogo\",\"inLanguage\":\"en-US\",\"url\":\"https:\/\/secure.gravatar.com\/avatar\/7c7abf72cfde9902b6a60efe60c88d4c?s=96&d=mm&r=g\",\"contentUrl\":\"https:\/\/secure.gravatar.com\/avatar\/7c7abf72cfde9902b6a60efe60c88d4c?s=96&d=mm&r=g\",\"caption\":\"Mads Dreyer\"},\"description\":\"Skribent og fodboldn\u00f8rd, der lige nu fort\u00e6ller om alt og intet i fodboldverdenen p\u00e5 acefootball.com. Uddannet i kommunikation fra Aalborg Universitet.\",\"sameAs\":[\"https:\/\/www.linkedin.com\/in\/mads-dreyer-b9b08266\/\"],\"url\":\"https:\/\/acefootball.com\/da\/fodboldnyheder\/author\/mdnronaldo\/\"}]}<\/script>\n<!-- \/ Yoast SEO plugin. -->","yoast_head_json":{"title":"Klopp afviser rygter: Jeg er ikke tilg\u00e6ngelig","description":"J\u00fcrgen Klopp rygtes som st\u00f8rste favorit til at overtage det tyske landstr\u00e6ners\u00e6de, men Liverpool-manageren afviser","robots":{"index":"index","follow":"follow","max-snippet":"max-snippet:-1","max-image-preview":"max-image-preview:large","max-video-preview":"max-video-preview:-1"},"canonical":"https:\/\/acefootball.com\/da\/fodboldnyheder\/klopp-afviser-rygter-jeg-er-ikke-tilgaengelig\/","og_locale":"en_US","og_type":"article","og_title":"Klopp afviser rygter: Jeg er ikke tilg\u00e6ngelig","og_description":"J\u00fcrgen Klopp rygtes som st\u00f8rste favorit til at overtage det tyske landstr\u00e6ners\u00e6de, men Liverpool-manageren afviser","og_url":"https:\/\/acefootball.com\/da\/fodboldnyheder\/klopp-afviser-rygter-jeg-er-ikke-tilgaengelig\/","og_site_name":"Ace Football Danmark","article_publisher":"https:\/\/www.facebook.com\/acefootballdk","article_published_time":"2021-03-09T14:23:20+00:00","article_modified_time":"2021-03-09T14:23:21+00:00","og_image":[{"width":1024,"height":714,"url":"https:\/\/acefootball.com\/da\/wp-content\/uploads\/sites\/2\/2020\/11\/GettyImages-1277325994.jpg","type":"image\/jpeg"}],"twitter_card":"summary_large_image","twitter_misc":{"Written by":"Mads Dreyer","Est. reading time":"1 minute"},"schema":{"@context":"https:\/\/schema.org","@graph":[{"@type":"Organization","@id":"https:\/\/acefootball.com\/da\/#organization","name":"Ace Football","url":"https:\/\/acefootball.com\/da\/","sameAs":["https:\/\/www.facebook.com\/acefootballdk"],"logo":{"@type":"ImageObject","@id":"https:\/\/acefootball.com\/da\/#logo","inLanguage":"en-US","url":"https:\/\/acefootball.com\/da\/wp-content\/uploads\/sites\/2\/2020\/07\/Ace-Football-30-07-2020-2.png","contentUrl":"https:\/\/acefootball.com\/da\/wp-content\/uploads\/sites\/2\/2020\/07\/Ace-Football-30-07-2020-2.png","width":1200,"height":600,"caption":"Ace Football"},"image":{"@id":"https:\/\/acefootball.com\/da\/#logo"}},{"@type":"WebSite","@id":"https:\/\/acefootball.com\/da\/#website","url":"https:\/\/acefootball.com\/da\/","name":"Ace Football Danmark","description":"Nyheder, Spiltips &amp; Livescore","publisher":{"@id":"https:\/\/acefootball.com\/da\/#organization"},"potentialAction":[{"@type":"SearchAction","target":{"@type":"EntryPoint","urlTemplate":"https:\/\/acefootball.com\/da\/?s={search_term_string}"},"query-input":"required name=search_term_string"}],"inLanguage":"en-US"},{"@type":"ImageObject","@id":"https:\/\/acefootball.com\/da\/fodboldnyheder\/klopp-afviser-rygter-jeg-er-ikke-tilgaengelig\/#primaryimage","inLanguage":"en-US","url":"https:\/\/acefootball.com\/da\/wp-content\/uploads\/sites\/2\/2020\/11\/GettyImages-1277325994.jpg","contentUrl":"https:\/\/acefootball.com\/da\/wp-content\/uploads\/sites\/2\/2020\/11\/GettyImages-1277325994.jpg","width":1024,"height":714,"caption":"LIVERPOOL, ENGLAND - SEPTEMBER 28: Jurgen Klopp, Manager of Liverpool in happy mood as he performs his post match interviews after the Premier League match between Liverpool and Arsenal at Anfield on September 28, 2020 in Liverpool, England. Sporting stadiums around the UK remain under strict restrictions due to the Coronavirus Pandemic as Government social distancing laws prohibit fans inside venues resulting in games being played behind closed doors. (Photo by Laurence Griffiths\/Getty Images)"},{"@type":"WebPage","@id":"https:\/\/acefootball.com\/da\/fodboldnyheder\/klopp-afviser-rygter-jeg-er-ikke-tilgaengelig\/#webpage","url":"https:\/\/acefootball.com\/da\/fodboldnyheder\/klopp-afviser-rygter-jeg-er-ikke-tilgaengelig\/","name":"Klopp afviser rygter: Jeg er ikke tilg\u00e6ngelig","isPartOf":{"@id":"https:\/\/acefootball.com\/da\/#website"},"primaryImageOfPage":{"@id":"https:\/\/acefootball.com\/da\/fodboldnyheder\/klopp-afviser-rygter-jeg-er-ikke-tilgaengelig\/#primaryimage"},"datePublished":"2021-03-09T14:23:20+00:00","dateModified":"2021-03-09T14:23:21+00:00","description":"J\u00fcrgen Klopp rygtes som st\u00f8rste favorit til at overtage det tyske landstr\u00e6ners\u00e6de, men Liverpool-manageren afviser","breadcrumb":{"@id":"https:\/\/acefootball.com\/da\/fodboldnyheder\/klopp-afviser-rygter-jeg-er-ikke-tilgaengelig\/#breadcrumb"},"inLanguage":"en-US","potentialAction":[{"@type":"ReadAction","target":["https:\/\/acefootball.com\/da\/fodboldnyheder\/klopp-afviser-rygter-jeg-er-ikke-tilgaengelig\/"]}]},{"@type":"BreadcrumbList","@id":"https:\/\/acefootball.com\/da\/fodboldnyheder\/klopp-afviser-rygter-jeg-er-ikke-tilgaengelig\/#breadcrumb","itemListElement":[{"@type":"ListItem","position":1,"name":"Home","item":"https:\/\/acefootball.com\/da\/"},{"@type":"ListItem","position":2,"name":"Klopp afviser rygter: Jeg er ikke tilg\u00e6ngelig"}]},{"@type":"Article","@id":"https:\/\/acefootball.com\/da\/fodboldnyheder\/klopp-afviser-rygter-jeg-er-ikke-tilgaengelig\/#article","isPartOf":{"@id":"https:\/\/acefootball.com\/da\/fodboldnyheder\/klopp-afviser-rygter-jeg-er-ikke-tilgaengelig\/#webpage"},"author":{"@id":"https:\/\/acefootball.com\/da\/#\/schema\/person\/ee67e9cf04a276f144100ffa722f10cd"},"headline":"Klopp afviser rygter: Jeg er ikke tilg\u00e6ngelig","datePublished":"2021-03-09T14:23:20+00:00","dateModified":"2021-03-09T14:23:21+00:00","mainEntityOfPage":{"@id":"https:\/\/acefootball.com\/da\/fodboldnyheder\/klopp-afviser-rygter-jeg-er-ikke-tilgaengelig\/#webpage"},"wordCount":153,"commentCount":0,"publisher":{"@id":"https:\/\/acefootball.com\/da\/#organization"},"image":{"@id":"https:\/\/acefootball.com\/da\/fodboldnyheder\/klopp-afviser-rygter-jeg-er-ikke-tilgaengelig\/#primaryimage"},"thumbnailUrl":"https:\/\/acefootball.com\/da\/wp-content\/uploads\/sites\/2\/2020\/11\/GettyImages-1277325994.jpg","keywords":["J\u00fcrgen Klopp","Liverpool","Premier League","Tyskland"],"articleSection":["Udtalelse"],"inLanguage":"en-US","potentialAction":[{"@type":"CommentAction","name":"Comment","target":["https:\/\/acefootball.com\/da\/fodboldnyheder\/klopp-afviser-rygter-jeg-er-ikke-tilgaengelig\/#respond"]}]},{"@type":"Person","@id":"https:\/\/acefootball.com\/da\/#\/schema\/person\/ee67e9cf04a276f144100ffa722f10cd","name":"Mads Dreyer","image":{"@type":"ImageObject","@id":"https:\/\/acefootball.com\/da\/#personlogo","inLanguage":"en-US","url":"https:\/\/secure.gravatar.com\/avatar\/7c7abf72cfde9902b6a60efe60c88d4c?s=96&d=mm&r=g","contentUrl":"https:\/\/secure.gravatar.com\/avatar\/7c7abf72cfde9902b6a60efe60c88d4c?s=96&d=mm&r=g","caption":"Mads Dreyer"},"description":"Skribent og fodboldn\u00f8rd, der lige nu fort\u00e6ller om alt og intet i fodboldverdenen p\u00e5 acefootball.com. Uddannet i kommunikation fra Aalborg Universitet.","sameAs":["https:\/\/www.linkedin.com\/in\/mads-dreyer-b9b08266\/"],"url":"https:\/\/acefootball.com\/da\/fodboldnyheder\/author\/mdnronaldo\/"}]}},"fimg_url":"https:\/\/acefootball.com\/da\/wp-content\/uploads\/sites\/2\/2020\/11\/GettyImages-1277325994.jpg","_links":{"self":[{"href":"https:\/\/acefootball.com\/da\/wp-json\/wp\/v2\/posts\/253890"}],"collection":[{"href":"https:\/\/acefootball.com\/da\/wp-json\/wp\/v2\/posts"}],"about":[{"href":"https:\/\/acefootball.com\/da\/wp-json\/wp\/v2\/types\/post"}],"author":[{"embeddable":true,"href":"https:\/\/acefootball.com\/da\/wp-json\/wp\/v2\/users\/705"}],"replies":[{"embeddable":true,"href":"https:\/\/acefootball.com\/da\/wp-json\/wp\/v2\/comments?post=253890"}],"version-history":[{"count":0,"href":"https:\/\/acefootball.com\/da\/wp-json\/wp\/v2\/posts\/253890\/revisions"}],"wp:featuredmedia":[{"embeddable":true,"href":"https:\/\/acefootball.com\/da\/wp-json\/wp\/v2\/media\/243769"}],"wp:attachment":[{"href":"https:\/\/acefootball.com\/da\/wp-json\/wp\/v2\/media?parent=253890"}],"wp:term":[{"taxonomy":"category","embeddable":true,"href":"https:\/\/acefootball.com\/da\/wp-json\/wp\/v2\/categories?post=253890"},{"taxonomy":"post_tag","embeddable":true,"href":"https:\/\/acefootball.com\/da\/wp-json\/wp\/v2\/tags?post=253890"}],"curies":[{"name":"wp","href":"https:\/\/api.w.org\/{rel}","templated":true}]}}