{"id":253880,"date":"2021-03-09T14:39:00","date_gmt":"2021-03-09T13:39:00","guid":{"rendered":"https:\/\/acefootball.com\/da\/?p=253880"},"modified":"2021-03-09T14:39:01","modified_gmt":"2021-03-09T13:39:01","slug":"psg-ultras-sender-modbydelig-besked-foer-barca-brag-shakira-din-ludr","status":"publish","type":"post","link":"https:\/\/acefootball.com\/da\/fodboldnyheder\/psg-ultras-sender-modbydelig-besked-foer-barca-brag-shakira-din-ludr\/","title":{"rendered":"PSG-ultras sender modbydelig besked f\u00f8r Barca-brag: Shakira, din lud*r!"},"content":{"rendered":"\n<h2 id=\"h-en-gruppe-ultras-fra-psg-har-sendt-en-r-kke-beskeder-til-fc-barcelona-f-r-onsdagens-returopg-r-i-paris-en-af-dem-g-r-ud-over-piques-kone-shakira\">En gruppe ultras fra PSG har sendt en r\u00e6kke beskeder til FC Barcelona f\u00f8r onsdagens returopg\u00f8r i Paris. En af dem g\u00e5r ud over Piques kone Shakira<\/h2>\n\n\n\n<div class=\"wp-block-si-widget wp-block-si-widget--center\"><si-lb-widget widget-id=\"MatchInfoWithOdds\" data-nopadding=\"true\" data-across-all-tournaments=\"false\" data-limit=\"5\" width=\"440\" data-event-id=\"3497097\" data-provider=\"mrgreen\" data-card=\"true\" data-theme-appearance=\"dark\"><\/si-lb-widget><\/div>\n\n\n\n<p>FC Barcelona-spilleren Gerard Pique danner par med popstjernen Shakira. Forud for returopg\u00f8ret mellem PSG og FC Barcelona p\u00e5 Parc des Princes har en gruppe ultras fra den franske klub sendt et par budskaber til FC Barcelona, hvor et af dem g\u00e5r udover netop Shakira:<\/p>\n\n\n\n<figure class=\"wp-block-image size-large\"><img loading=\"lazy\" width=\"640\" height=\"426\" src=\"https:\/\/acefootball.com\/da\/wp-content\/uploads\/sites\/2\/2021\/03\/image-58.png\" alt=\"\" class=\"wp-image-253881\" srcset=\"https:\/\/acefootball.com\/da\/wp-content\/uploads\/sites\/2\/2021\/03\/image-58.png 640w, https:\/\/acefootball.com\/da\/wp-content\/uploads\/sites\/2\/2021\/03\/image-58-300x200.png 300w, https:\/\/acefootball.com\/da\/wp-content\/uploads\/sites\/2\/2021\/03\/image-58-295x195.png 295w\" sizes=\"(max-width: 640px) 100vw, 640px\" \/><figcaption>Foto: PA<\/figcaption><\/figure>\n\n\n\n<figure class=\"wp-block-embed is-type-rich is-provider-twitter wp-block-embed-twitter\"><div class=\"wp-block-embed__wrapper\">\n<blockquote class=\"twitter-tweet\" data-width=\"550\" data-dnt=\"true\"><p lang=\"fr\" dir=\"ltr\">-Paris ville lumi\u00e8re, faites briller nos couleurs <br>-Barcelona no bienvenido <br>-Shakira \u00e0 la jonquera <br>-L\u2019Europe \u00e0 genoux, tout Paris debout<br><br>07\/03\/2021<a href=\"https:\/\/twitter.com\/hashtag\/psgbar%C3%A7a?src=hash&amp;ref_src=twsrc%5Etfw\">#psgbar\u00e7a<\/a> <a href=\"https:\/\/twitter.com\/hashtag\/putabarca?src=hash&amp;ref_src=twsrc%5Etfw\">#putabarca<\/a> <a href=\"https:\/\/t.co\/zS6a17Yi1J\">pic.twitter.com\/zS6a17Yi1J<\/a><\/p>&mdash; Paname-ReBirth (@PanameReBirth) <a href=\"https:\/\/twitter.com\/PanameReBirth\/status\/1368613900262998017?ref_src=twsrc%5Etfw\">March 7, 2021<\/a><\/blockquote><script async src=\"https:\/\/platform.twitter.com\/widgets.js\" charset=\"utf-8\"><\/script>\n<\/div><\/figure>\n\n\n\n<p>P\u00e5 billedet st\u00e5r der &#8220;Shakira a La Jonquera&#8221;, hvilket refererer til en by ved den franskspanske gr\u00e6nse, der er kendt for prostitution. De skriver s\u00e5ledes &#8220;Shakira i Jonquera&#8221;.<\/p>\n\n\n\n<p>Derudover skriver de blandt andet at Europa er i kn\u00e6 imens PSG st\u00e5r og at Barcelona ikke er velkommen. <\/p>\n\n\n\n<p>Du kan l\u00e6se mere om optakten til opg\u00f8ret her:<\/p>\n\n\n\n<figure class=\"wp-block-embed is-type-wp-embed is-provider-ace-football-danmark wp-block-embed-ace-football-danmark\"><div class=\"wp-block-embed__wrapper\">\n<blockquote class=\"wp-embedded-content\" data-secret=\"cACaTI49U2\"><a href=\"https:\/\/acefootball.com\/da\/fodboldnyheder\/braithwaite-om-muligt-comeback-mod-psg-vi-er-barcelona-og-vi-kan-faa-ting-til-at-ske\/\">Braithwaite om muligt comeback mod PSG: &#8216;Vi er Barcelona, og vi kan f\u00e5 ting til at ske&#8217;<\/a><\/blockquote><iframe class=\"wp-embedded-content\" sandbox=\"allow-scripts\" security=\"restricted\" style=\"position: absolute; clip: rect(1px, 1px, 1px, 1px);\" title=\"&#8220;Braithwaite om muligt comeback mod PSG: &#8216;Vi er Barcelona, og vi kan f\u00e5 ting til at ske&#8217;&#8221; &#8212; Ace Football Danmark\" src=\"https:\/\/acefootball.com\/da\/fodboldnyheder\/braithwaite-om-muligt-comeback-mod-psg-vi-er-barcelona-og-vi-kan-faa-ting-til-at-ske\/embed\/#?secret=cACaTI49U2\" data-secret=\"cACaTI49U2\" width=\"600\" height=\"338\" frameborder=\"0\" marginwidth=\"0\" marginheight=\"0\" scrolling=\"no\"><\/iframe>\n<\/div><\/figure>\n","protected":false},"excerpt":{"rendered":"<p>En gruppe ultras fra PSG har sendt en r\u00e6kke beskeder til FC Barcelona f\u00f8r onsdagens returopg\u00f8r i Paris. En af dem g\u00e5r ud over Piques kone Shakira<\/p>\n","protected":false},"author":43,"featured_media":241218,"comment_status":"open","ping_status":"closed","sticky":false,"template":"","format":"standard","meta":{"om_disable_all_campaigns":false,"push_articles_ronaldo":{"active":false,"canonical":0,"publish":false},"force_updates":null},"categories":[1],"tags":[41,461],"enet_tags":{"team":["8634","9847"],"sport_events":[3497097]},"yoast_head":"<!-- This site is optimized with the Yoast SEO plugin v18.3 - https:\/\/yoast.com\/wordpress\/plugins\/seo\/ -->\n<title>PSG-ultras sender modbydelig besked f\u00f8r Barca-brag: Shakira, din lud*r!<\/title>\n<meta name=\"description\" content=\"En gruppe ultras fra PSG har sendt en r\u00e6kke beskeder til FC Barcelona f\u00f8r onsdagens returopg\u00f8r i Paris. En af dem g\u00e5r ud over Piques kone Shakira\" \/>\n<meta name=\"robots\" content=\"index, follow, max-snippet:-1, max-image-preview:large, max-video-preview:-1\" \/>\n<link rel=\"canonical\" href=\"https:\/\/acefootball.com\/da\/fodboldnyheder\/psg-ultras-sender-modbydelig-besked-foer-barca-brag-shakira-din-ludr\/\" \/>\n<meta property=\"og:locale\" content=\"en_US\" \/>\n<meta property=\"og:type\" content=\"article\" \/>\n<meta property=\"og:title\" content=\"PSG-ultras sender modbydelig besked f\u00f8r Barca-brag: Shakira, din lud*r!\" \/>\n<meta property=\"og:description\" content=\"En gruppe ultras fra PSG har sendt en r\u00e6kke beskeder til FC Barcelona f\u00f8r onsdagens returopg\u00f8r i Paris. En af dem g\u00e5r ud over Piques kone Shakira\" \/>\n<meta property=\"og:url\" content=\"https:\/\/acefootball.com\/da\/fodboldnyheder\/psg-ultras-sender-modbydelig-besked-foer-barca-brag-shakira-din-ludr\/\" \/>\n<meta property=\"og:site_name\" content=\"Ace Football Danmark\" \/>\n<meta property=\"article:publisher\" content=\"https:\/\/www.facebook.com\/acefootballdk\" \/>\n<meta property=\"article:published_time\" content=\"2021-03-09T13:39:00+00:00\" \/>\n<meta property=\"article:modified_time\" content=\"2021-03-09T13:39:01+00:00\" \/>\n<meta property=\"og:image\" content=\"https:\/\/acefootball.com\/da\/wp-content\/uploads\/sites\/2\/2021\/03\/Laes-mere-generel-2021-03-09T143759.737.jpg\" \/>\n\t<meta property=\"og:image:width\" content=\"1920\" \/>\n\t<meta property=\"og:image:height\" content=\"1008\" \/>\n\t<meta property=\"og:image:type\" content=\"image\/jpeg\" \/>\n<meta name=\"twitter:card\" content=\"summary_large_image\" \/>\n<meta name=\"twitter:label1\" content=\"Written by\" \/>\n\t<meta name=\"twitter:data1\" content=\"Mikki M\u00f8ller-Iversen\" \/>\n\t<meta name=\"twitter:label2\" content=\"Est. reading time\" \/>\n\t<meta name=\"twitter:data2\" content=\"1 minute\" \/>\n<script type=\"application\/ld+json\" class=\"yoast-schema-graph\">{\"@context\":\"https:\/\/schema.org\",\"@graph\":[{\"@type\":\"Organization\",\"@id\":\"https:\/\/acefootball.com\/da\/#organization\",\"name\":\"Ace Football\",\"url\":\"https:\/\/acefootball.com\/da\/\",\"sameAs\":[\"https:\/\/www.facebook.com\/acefootballdk\"],\"logo\":{\"@type\":\"ImageObject\",\"@id\":\"https:\/\/acefootball.com\/da\/#logo\",\"inLanguage\":\"en-US\",\"url\":\"https:\/\/acefootball.com\/da\/wp-content\/uploads\/sites\/2\/2020\/07\/Ace-Football-30-07-2020-2.png\",\"contentUrl\":\"https:\/\/acefootball.com\/da\/wp-content\/uploads\/sites\/2\/2020\/07\/Ace-Football-30-07-2020-2.png\",\"width\":1200,\"height\":600,\"caption\":\"Ace Football\"},\"image\":{\"@id\":\"https:\/\/acefootball.com\/da\/#logo\"}},{\"@type\":\"WebSite\",\"@id\":\"https:\/\/acefootball.com\/da\/#website\",\"url\":\"https:\/\/acefootball.com\/da\/\",\"name\":\"Ace Football Danmark\",\"description\":\"Nyheder, Spiltips &amp; Livescore\",\"publisher\":{\"@id\":\"https:\/\/acefootball.com\/da\/#organization\"},\"potentialAction\":[{\"@type\":\"SearchAction\",\"target\":{\"@type\":\"EntryPoint\",\"urlTemplate\":\"https:\/\/acefootball.com\/da\/?s={search_term_string}\"},\"query-input\":\"required name=search_term_string\"}],\"inLanguage\":\"en-US\"},{\"@type\":\"ImageObject\",\"@id\":\"https:\/\/acefootball.com\/da\/fodboldnyheder\/psg-ultras-sender-modbydelig-besked-foer-barca-brag-shakira-din-ludr\/#primaryimage\",\"inLanguage\":\"en-US\",\"url\":\"https:\/\/acefootball.com\/da\/wp-content\/uploads\/sites\/2\/2021\/03\/Laes-mere-generel-2021-03-09T143759.737.jpg\",\"contentUrl\":\"https:\/\/acefootball.com\/da\/wp-content\/uploads\/sites\/2\/2021\/03\/Laes-mere-generel-2021-03-09T143759.737.jpg\",\"width\":1920,\"height\":1008},{\"@type\":\"WebPage\",\"@id\":\"https:\/\/acefootball.com\/da\/fodboldnyheder\/psg-ultras-sender-modbydelig-besked-foer-barca-brag-shakira-din-ludr\/#webpage\",\"url\":\"https:\/\/acefootball.com\/da\/fodboldnyheder\/psg-ultras-sender-modbydelig-besked-foer-barca-brag-shakira-din-ludr\/\",\"name\":\"PSG-ultras sender modbydelig besked f\u00f8r Barca-brag: Shakira, din lud*r!\",\"isPartOf\":{\"@id\":\"https:\/\/acefootball.com\/da\/#website\"},\"primaryImageOfPage\":{\"@id\":\"https:\/\/acefootball.com\/da\/fodboldnyheder\/psg-ultras-sender-modbydelig-besked-foer-barca-brag-shakira-din-ludr\/#primaryimage\"},\"datePublished\":\"2021-03-09T13:39:00+00:00\",\"dateModified\":\"2021-03-09T13:39:01+00:00\",\"description\":\"En gruppe ultras fra PSG har sendt en r\u00e6kke beskeder til FC Barcelona f\u00f8r onsdagens returopg\u00f8r i Paris. En af dem g\u00e5r ud over Piques kone Shakira\",\"breadcrumb\":{\"@id\":\"https:\/\/acefootball.com\/da\/fodboldnyheder\/psg-ultras-sender-modbydelig-besked-foer-barca-brag-shakira-din-ludr\/#breadcrumb\"},\"inLanguage\":\"en-US\",\"potentialAction\":[{\"@type\":\"ReadAction\",\"target\":[\"https:\/\/acefootball.com\/da\/fodboldnyheder\/psg-ultras-sender-modbydelig-besked-foer-barca-brag-shakira-din-ludr\/\"]}]},{\"@type\":\"BreadcrumbList\",\"@id\":\"https:\/\/acefootball.com\/da\/fodboldnyheder\/psg-ultras-sender-modbydelig-besked-foer-barca-brag-shakira-din-ludr\/#breadcrumb\",\"itemListElement\":[{\"@type\":\"ListItem\",\"position\":1,\"name\":\"Home\",\"item\":\"https:\/\/acefootball.com\/da\/\"},{\"@type\":\"ListItem\",\"position\":2,\"name\":\"PSG-ultras sender modbydelig besked f\u00f8r Barca-brag: Shakira, din lud*r!\"}]},{\"@type\":\"Article\",\"@id\":\"https:\/\/acefootball.com\/da\/fodboldnyheder\/psg-ultras-sender-modbydelig-besked-foer-barca-brag-shakira-din-ludr\/#article\",\"isPartOf\":{\"@id\":\"https:\/\/acefootball.com\/da\/fodboldnyheder\/psg-ultras-sender-modbydelig-besked-foer-barca-brag-shakira-din-ludr\/#webpage\"},\"author\":{\"@id\":\"https:\/\/acefootball.com\/da\/#\/schema\/person\/017c0abe4a8e92938220bf6c097dda93\"},\"headline\":\"PSG-ultras sender modbydelig besked f\u00f8r Barca-brag: Shakira, din lud*r!\",\"datePublished\":\"2021-03-09T13:39:00+00:00\",\"dateModified\":\"2021-03-09T13:39:01+00:00\",\"mainEntityOfPage\":{\"@id\":\"https:\/\/acefootball.com\/da\/fodboldnyheder\/psg-ultras-sender-modbydelig-besked-foer-barca-brag-shakira-din-ludr\/#webpage\"},\"wordCount\":163,\"commentCount\":0,\"publisher\":{\"@id\":\"https:\/\/acefootball.com\/da\/#organization\"},\"image\":{\"@id\":\"https:\/\/acefootball.com\/da\/fodboldnyheder\/psg-ultras-sender-modbydelig-besked-foer-barca-brag-shakira-din-ludr\/#primaryimage\"},\"thumbnailUrl\":\"https:\/\/acefootball.com\/da\/wp-content\/uploads\/sites\/2\/2020\/10\/GettyImages-1146563500.jpg\",\"keywords\":[\"FC Barcelona\",\"Paris Saint-Germain\"],\"articleSection\":[\"Nyhed\"],\"inLanguage\":\"en-US\",\"potentialAction\":[{\"@type\":\"CommentAction\",\"name\":\"Comment\",\"target\":[\"https:\/\/acefootball.com\/da\/fodboldnyheder\/psg-ultras-sender-modbydelig-besked-foer-barca-brag-shakira-din-ludr\/#respond\"]}]},{\"@type\":\"Person\",\"@id\":\"https:\/\/acefootball.com\/da\/#\/schema\/person\/017c0abe4a8e92938220bf6c097dda93\",\"name\":\"Mikki M\u00f8ller-Iversen\",\"image\":{\"@type\":\"ImageObject\",\"@id\":\"https:\/\/acefootball.com\/da\/#personlogo\",\"inLanguage\":\"en-US\",\"url\":\"https:\/\/secure.gravatar.com\/avatar\/e05b419e8b5ae5fcf516800181b96aa2?s=96&d=mm&r=g\",\"contentUrl\":\"https:\/\/secure.gravatar.com\/avatar\/e05b419e8b5ae5fcf516800181b96aa2?s=96&d=mm&r=g\",\"caption\":\"Mikki M\u00f8ller-Iversen\"},\"description\":\"Social Media Manager and writer at Ace Football. Main focus on Danish football and special stories.\",\"sameAs\":[\"https:\/\/www.linkedin.com\/in\/mikki-mller-iversen-26a3a689\/\"],\"url\":\"https:\/\/acefootball.com\/da\/fodboldnyheder\/author\/mmironaldo\/\"}]}<\/script>\n<!-- \/ Yoast SEO plugin. -->","yoast_head_json":{"title":"PSG-ultras sender modbydelig besked f\u00f8r Barca-brag: Shakira, din lud*r!","description":"En gruppe ultras fra PSG har sendt en r\u00e6kke beskeder til FC Barcelona f\u00f8r onsdagens returopg\u00f8r i Paris. En af dem g\u00e5r ud over Piques kone Shakira","robots":{"index":"index","follow":"follow","max-snippet":"max-snippet:-1","max-image-preview":"max-image-preview:large","max-video-preview":"max-video-preview:-1"},"canonical":"https:\/\/acefootball.com\/da\/fodboldnyheder\/psg-ultras-sender-modbydelig-besked-foer-barca-brag-shakira-din-ludr\/","og_locale":"en_US","og_type":"article","og_title":"PSG-ultras sender modbydelig besked f\u00f8r Barca-brag: Shakira, din lud*r!","og_description":"En gruppe ultras fra PSG har sendt en r\u00e6kke beskeder til FC Barcelona f\u00f8r onsdagens returopg\u00f8r i Paris. En af dem g\u00e5r ud over Piques kone Shakira","og_url":"https:\/\/acefootball.com\/da\/fodboldnyheder\/psg-ultras-sender-modbydelig-besked-foer-barca-brag-shakira-din-ludr\/","og_site_name":"Ace Football Danmark","article_publisher":"https:\/\/www.facebook.com\/acefootballdk","article_published_time":"2021-03-09T13:39:00+00:00","article_modified_time":"2021-03-09T13:39:01+00:00","og_image":[{"width":1920,"height":1008,"url":"https:\/\/acefootball.com\/da\/wp-content\/uploads\/sites\/2\/2021\/03\/Laes-mere-generel-2021-03-09T143759.737.jpg","type":"image\/jpeg"}],"twitter_card":"summary_large_image","twitter_misc":{"Written by":"Mikki M\u00f8ller-Iversen","Est. reading time":"1 minute"},"schema":{"@context":"https:\/\/schema.org","@graph":[{"@type":"Organization","@id":"https:\/\/acefootball.com\/da\/#organization","name":"Ace Football","url":"https:\/\/acefootball.com\/da\/","sameAs":["https:\/\/www.facebook.com\/acefootballdk"],"logo":{"@type":"ImageObject","@id":"https:\/\/acefootball.com\/da\/#logo","inLanguage":"en-US","url":"https:\/\/acefootball.com\/da\/wp-content\/uploads\/sites\/2\/2020\/07\/Ace-Football-30-07-2020-2.png","contentUrl":"https:\/\/acefootball.com\/da\/wp-content\/uploads\/sites\/2\/2020\/07\/Ace-Football-30-07-2020-2.png","width":1200,"height":600,"caption":"Ace Football"},"image":{"@id":"https:\/\/acefootball.com\/da\/#logo"}},{"@type":"WebSite","@id":"https:\/\/acefootball.com\/da\/#website","url":"https:\/\/acefootball.com\/da\/","name":"Ace Football Danmark","description":"Nyheder, Spiltips &amp; Livescore","publisher":{"@id":"https:\/\/acefootball.com\/da\/#organization"},"potentialAction":[{"@type":"SearchAction","target":{"@type":"EntryPoint","urlTemplate":"https:\/\/acefootball.com\/da\/?s={search_term_string}"},"query-input":"required name=search_term_string"}],"inLanguage":"en-US"},{"@type":"ImageObject","@id":"https:\/\/acefootball.com\/da\/fodboldnyheder\/psg-ultras-sender-modbydelig-besked-foer-barca-brag-shakira-din-ludr\/#primaryimage","inLanguage":"en-US","url":"https:\/\/acefootball.com\/da\/wp-content\/uploads\/sites\/2\/2021\/03\/Laes-mere-generel-2021-03-09T143759.737.jpg","contentUrl":"https:\/\/acefootball.com\/da\/wp-content\/uploads\/sites\/2\/2021\/03\/Laes-mere-generel-2021-03-09T143759.737.jpg","width":1920,"height":1008},{"@type":"WebPage","@id":"https:\/\/acefootball.com\/da\/fodboldnyheder\/psg-ultras-sender-modbydelig-besked-foer-barca-brag-shakira-din-ludr\/#webpage","url":"https:\/\/acefootball.com\/da\/fodboldnyheder\/psg-ultras-sender-modbydelig-besked-foer-barca-brag-shakira-din-ludr\/","name":"PSG-ultras sender modbydelig besked f\u00f8r Barca-brag: Shakira, din lud*r!","isPartOf":{"@id":"https:\/\/acefootball.com\/da\/#website"},"primaryImageOfPage":{"@id":"https:\/\/acefootball.com\/da\/fodboldnyheder\/psg-ultras-sender-modbydelig-besked-foer-barca-brag-shakira-din-ludr\/#primaryimage"},"datePublished":"2021-03-09T13:39:00+00:00","dateModified":"2021-03-09T13:39:01+00:00","description":"En gruppe ultras fra PSG har sendt en r\u00e6kke beskeder til FC Barcelona f\u00f8r onsdagens returopg\u00f8r i Paris. En af dem g\u00e5r ud over Piques kone Shakira","breadcrumb":{"@id":"https:\/\/acefootball.com\/da\/fodboldnyheder\/psg-ultras-sender-modbydelig-besked-foer-barca-brag-shakira-din-ludr\/#breadcrumb"},"inLanguage":"en-US","potentialAction":[{"@type":"ReadAction","target":["https:\/\/acefootball.com\/da\/fodboldnyheder\/psg-ultras-sender-modbydelig-besked-foer-barca-brag-shakira-din-ludr\/"]}]},{"@type":"BreadcrumbList","@id":"https:\/\/acefootball.com\/da\/fodboldnyheder\/psg-ultras-sender-modbydelig-besked-foer-barca-brag-shakira-din-ludr\/#breadcrumb","itemListElement":[{"@type":"ListItem","position":1,"name":"Home","item":"https:\/\/acefootball.com\/da\/"},{"@type":"ListItem","position":2,"name":"PSG-ultras sender modbydelig besked f\u00f8r Barca-brag: Shakira, din lud*r!"}]},{"@type":"Article","@id":"https:\/\/acefootball.com\/da\/fodboldnyheder\/psg-ultras-sender-modbydelig-besked-foer-barca-brag-shakira-din-ludr\/#article","isPartOf":{"@id":"https:\/\/acefootball.com\/da\/fodboldnyheder\/psg-ultras-sender-modbydelig-besked-foer-barca-brag-shakira-din-ludr\/#webpage"},"author":{"@id":"https:\/\/acefootball.com\/da\/#\/schema\/person\/017c0abe4a8e92938220bf6c097dda93"},"headline":"PSG-ultras sender modbydelig besked f\u00f8r Barca-brag: Shakira, din lud*r!","datePublished":"2021-03-09T13:39:00+00:00","dateModified":"2021-03-09T13:39:01+00:00","mainEntityOfPage":{"@id":"https:\/\/acefootball.com\/da\/fodboldnyheder\/psg-ultras-sender-modbydelig-besked-foer-barca-brag-shakira-din-ludr\/#webpage"},"wordCount":163,"commentCount":0,"publisher":{"@id":"https:\/\/acefootball.com\/da\/#organization"},"image":{"@id":"https:\/\/acefootball.com\/da\/fodboldnyheder\/psg-ultras-sender-modbydelig-besked-foer-barca-brag-shakira-din-ludr\/#primaryimage"},"thumbnailUrl":"https:\/\/acefootball.com\/da\/wp-content\/uploads\/sites\/2\/2020\/10\/GettyImages-1146563500.jpg","keywords":["FC Barcelona","Paris Saint-Germain"],"articleSection":["Nyhed"],"inLanguage":"en-US","potentialAction":[{"@type":"CommentAction","name":"Comment","target":["https:\/\/acefootball.com\/da\/fodboldnyheder\/psg-ultras-sender-modbydelig-besked-foer-barca-brag-shakira-din-ludr\/#respond"]}]},{"@type":"Person","@id":"https:\/\/acefootball.com\/da\/#\/schema\/person\/017c0abe4a8e92938220bf6c097dda93","name":"Mikki M\u00f8ller-Iversen","image":{"@type":"ImageObject","@id":"https:\/\/acefootball.com\/da\/#personlogo","inLanguage":"en-US","url":"https:\/\/secure.gravatar.com\/avatar\/e05b419e8b5ae5fcf516800181b96aa2?s=96&d=mm&r=g","contentUrl":"https:\/\/secure.gravatar.com\/avatar\/e05b419e8b5ae5fcf516800181b96aa2?s=96&d=mm&r=g","caption":"Mikki M\u00f8ller-Iversen"},"description":"Social Media Manager and writer at Ace Football. Main focus on Danish football and special stories.","sameAs":["https:\/\/www.linkedin.com\/in\/mikki-mller-iversen-26a3a689\/"],"url":"https:\/\/acefootball.com\/da\/fodboldnyheder\/author\/mmironaldo\/"}]}},"fimg_url":"https:\/\/acefootball.com\/da\/wp-content\/uploads\/sites\/2\/2020\/10\/GettyImages-1146563500.jpg","_links":{"self":[{"href":"https:\/\/acefootball.com\/da\/wp-json\/wp\/v2\/posts\/253880"}],"collection":[{"href":"https:\/\/acefootball.com\/da\/wp-json\/wp\/v2\/posts"}],"about":[{"href":"https:\/\/acefootball.com\/da\/wp-json\/wp\/v2\/types\/post"}],"author":[{"embeddable":true,"href":"https:\/\/acefootball.com\/da\/wp-json\/wp\/v2\/users\/43"}],"replies":[{"embeddable":true,"href":"https:\/\/acefootball.com\/da\/wp-json\/wp\/v2\/comments?post=253880"}],"version-history":[{"count":0,"href":"https:\/\/acefootball.com\/da\/wp-json\/wp\/v2\/posts\/253880\/revisions"}],"wp:featuredmedia":[{"embeddable":true,"href":"https:\/\/acefootball.com\/da\/wp-json\/wp\/v2\/media\/241218"}],"wp:attachment":[{"href":"https:\/\/acefootball.com\/da\/wp-json\/wp\/v2\/media?parent=253880"}],"wp:term":[{"taxonomy":"category","embeddable":true,"href":"https:\/\/acefootball.com\/da\/wp-json\/wp\/v2\/categories?post=253880"},{"taxonomy":"post_tag","embeddable":true,"href":"https:\/\/acefootball.com\/da\/wp-json\/wp\/v2\/tags?post=253880"}],"curies":[{"name":"wp","href":"https:\/\/api.w.org\/{rel}","templated":true}]}}