{"id":253793,"date":"2021-03-08T20:58:58","date_gmt":"2021-03-08T19:58:58","guid":{"rendered":"https:\/\/acefootball.com\/da\/?p=253793"},"modified":"2021-03-08T20:58:59","modified_gmt":"2021-03-08T19:58:59","slug":"ibrahimovic-fik-lift-til-festival-paa-motorcykel","status":"publish","type":"post","link":"https:\/\/acefootball.com\/da\/fodboldnyheder\/ibrahimovic-fik-lift-til-festival-paa-motorcykel\/","title":{"rendered":"Ibrahimovic fik lift til festival p\u00e5 motorcykel"},"content":{"rendered":"\n<h2 id=\"h-zlatan-ibrahimovic-m-tte-bede-om-et-lift-af-en-motorcyklist-da-hans-egen-bil-var-fanget-i-trafikken-udenfor-sanremo\">Zlatan Ibrahimovic m\u00e5tte bede om et lift af en motorcyklist, da hans egen bil var fanget i trafikken udenfor Sanremo<\/h2>\n\n\n\n<p>Zlatan Ibrahimovic havde i \u00e5r f\u00e5et tjansen som medv\u00e6rt til musikfestivalen i Sanremo, der fandt sted i sidste uge, og det bet\u00f8d, at svenskeren m\u00e5tte tage turen de godt 250 kilometer vestp\u00e5 fra Milano.<\/p>\n\n\n\n<p>Godt 60 kilometer udenfor kystbyen sad AC Milan-stjernens bil dog fast i trafikken, og der var derfor stor fare for at komme for sent til arrangementet. Men s\u00e5 fandt han en l\u00f8sning.<\/p>\n\n\n\n<p>&#8220;Efter tre timer i bilen sagde jeg til min chauff\u00f8r, at han skulle \u00e5bne d\u00f8ren og lukke mig ud,&#8221; fortalte Ibrahimovic til festivalen if\u00f8lge <a href=\"https:\/\/www.marca.com\/en\/football\/serie-a\/2021\/03\/08\/60467b9f268e3e0a288b4601.html\" target=\"_blank\" rel=\"noreferrer noopener\">Marca<\/a>.<\/p>\n\n\n\n<p>&#8220;Jeg stoppede en motorcyklist og spurgte ham, &#8216;Kan du k\u00f8re mig til Sanremo?&#8217; Heldigvis var han Milan-fan. Da vi ankom, sagde han, at det var hans f\u00f8rste tur p\u00e5 motorvej. Jeg har videoen!&#8221;<\/p>\n\n\n\n<p>Og sandt nok, havde Zlatan et videoklip af motorcykelturen. Du kan se det her:<\/p>\n\n\n\n<figure class=\"wp-block-embed is-type-rich is-provider-twitter wp-block-embed-twitter\"><div class=\"wp-block-embed__wrapper\">\n<blockquote class=\"twitter-tweet\" data-width=\"550\" data-dnt=\"true\"><p lang=\"it\" dir=\"ltr\">60 km in moto per raggiungere <a href=\"https:\/\/twitter.com\/SanremoRai?ref_src=twsrc%5Etfw\">@SanremoRai<\/a>: la clip \u00e8 su <a href=\"https:\/\/twitter.com\/hashtag\/RaiPlay?src=hash&amp;ref_src=twsrc%5Etfw\">#RaiPlay<\/a> \u27a1\ufe0f<a href=\"https:\/\/t.co\/YmmduZpfTp\">https:\/\/t.co\/YmmduZpfTp<\/a> <br>\u26a1\ufe0fIl video di <a href=\"https:\/\/twitter.com\/Ibra_official?ref_src=twsrc%5Etfw\">@Ibra_official<\/a> \u2935\ufe0f<a href=\"https:\/\/twitter.com\/hashtag\/Sanremo2021?src=hash&amp;ref_src=twsrc%5Etfw\">#Sanremo2021<\/a> <a href=\"https:\/\/twitter.com\/RaiUno?ref_src=twsrc%5Etfw\">@RaiUno<\/a> <a href=\"https:\/\/t.co\/l1HHkJ4Fq1\">pic.twitter.com\/l1HHkJ4Fq1<\/a><\/p>&mdash; Ufficio Stampa Rai (@Raiofficialnews) <a href=\"https:\/\/twitter.com\/Raiofficialnews\/status\/1367603881904119811?ref_src=twsrc%5Etfw\">March 4, 2021<\/a><\/blockquote><script async src=\"https:\/\/platform.twitter.com\/widgets.js\" charset=\"utf-8\"><\/script>\n<\/div><\/figure>\n","protected":false},"excerpt":{"rendered":"<p>Zlatan Ibrahimovic m\u00e5tte bede om et lift af en motorcyklist, da hans egen bil var fanget i trafikken udenfor Sanremo<\/p>\n","protected":false},"author":705,"featured_media":234632,"comment_status":"open","ping_status":"closed","sticky":false,"template":"","format":"video","meta":{"om_disable_all_campaigns":false,"push_articles_ronaldo":{"active":false,"canonical":0,"publish":false},"force_updates":null},"categories":[1],"tags":[66,131,283],"enet_tags":{"team":["8564"],"league":["55"],"player":["35724"],"sport_events":[]},"yoast_head":"<!-- This site is optimized with the Yoast SEO plugin v18.3 - https:\/\/yoast.com\/wordpress\/plugins\/seo\/ -->\n<title>Ibrahimovic fik lift til festival p\u00e5 motorcykel<\/title>\n<meta name=\"description\" content=\"Zlatan Ibrahimovic m\u00e5tte bede om et lift af en motorcyklist, da hans egen bil var fanget i trafikken udenfor Sanremo\" \/>\n<meta name=\"robots\" content=\"index, follow, max-snippet:-1, max-image-preview:large, max-video-preview:-1\" \/>\n<link rel=\"canonical\" href=\"https:\/\/acefootball.com\/da\/fodboldnyheder\/ibrahimovic-fik-lift-til-festival-paa-motorcykel\/\" \/>\n<meta property=\"og:locale\" content=\"en_US\" \/>\n<meta property=\"og:type\" content=\"article\" \/>\n<meta property=\"og:title\" content=\"Ibrahimovic fik lift til festival p\u00e5 motorcykel\" \/>\n<meta property=\"og:description\" content=\"Zlatan Ibrahimovic m\u00e5tte bede om et lift af en motorcyklist, da hans egen bil var fanget i trafikken udenfor Sanremo\" \/>\n<meta property=\"og:url\" content=\"https:\/\/acefootball.com\/da\/fodboldnyheder\/ibrahimovic-fik-lift-til-festival-paa-motorcykel\/\" \/>\n<meta property=\"og:site_name\" content=\"Ace Football Danmark\" \/>\n<meta property=\"article:publisher\" content=\"https:\/\/www.facebook.com\/acefootballdk\" \/>\n<meta property=\"article:published_time\" content=\"2021-03-08T19:58:58+00:00\" \/>\n<meta property=\"article:modified_time\" content=\"2021-03-08T19:58:59+00:00\" \/>\n<meta property=\"og:image\" content=\"https:\/\/acefootball.com\/da\/wp-content\/uploads\/sites\/2\/2021\/03\/Video-generel-2-3.jpg\" \/>\n\t<meta property=\"og:image:width\" content=\"1920\" \/>\n\t<meta property=\"og:image:height\" content=\"1008\" \/>\n\t<meta property=\"og:image:type\" content=\"image\/jpeg\" \/>\n<meta name=\"twitter:card\" content=\"summary_large_image\" \/>\n<meta name=\"twitter:label1\" content=\"Written by\" \/>\n\t<meta name=\"twitter:data1\" content=\"Mads Dreyer\" \/>\n\t<meta name=\"twitter:label2\" content=\"Est. reading time\" \/>\n\t<meta name=\"twitter:data2\" content=\"1 minute\" \/>\n<script type=\"application\/ld+json\" class=\"yoast-schema-graph\">{\"@context\":\"https:\/\/schema.org\",\"@graph\":[{\"@type\":\"Organization\",\"@id\":\"https:\/\/acefootball.com\/da\/#organization\",\"name\":\"Ace Football\",\"url\":\"https:\/\/acefootball.com\/da\/\",\"sameAs\":[\"https:\/\/www.facebook.com\/acefootballdk\"],\"logo\":{\"@type\":\"ImageObject\",\"@id\":\"https:\/\/acefootball.com\/da\/#logo\",\"inLanguage\":\"en-US\",\"url\":\"https:\/\/acefootball.com\/da\/wp-content\/uploads\/sites\/2\/2020\/07\/Ace-Football-30-07-2020-2.png\",\"contentUrl\":\"https:\/\/acefootball.com\/da\/wp-content\/uploads\/sites\/2\/2020\/07\/Ace-Football-30-07-2020-2.png\",\"width\":1200,\"height\":600,\"caption\":\"Ace Football\"},\"image\":{\"@id\":\"https:\/\/acefootball.com\/da\/#logo\"}},{\"@type\":\"WebSite\",\"@id\":\"https:\/\/acefootball.com\/da\/#website\",\"url\":\"https:\/\/acefootball.com\/da\/\",\"name\":\"Ace Football Danmark\",\"description\":\"Nyheder, Spiltips &amp; Livescore\",\"publisher\":{\"@id\":\"https:\/\/acefootball.com\/da\/#organization\"},\"potentialAction\":[{\"@type\":\"SearchAction\",\"target\":{\"@type\":\"EntryPoint\",\"urlTemplate\":\"https:\/\/acefootball.com\/da\/?s={search_term_string}\"},\"query-input\":\"required name=search_term_string\"}],\"inLanguage\":\"en-US\"},{\"@type\":\"ImageObject\",\"@id\":\"https:\/\/acefootball.com\/da\/fodboldnyheder\/ibrahimovic-fik-lift-til-festival-paa-motorcykel\/#primaryimage\",\"inLanguage\":\"en-US\",\"url\":\"https:\/\/acefootball.com\/da\/wp-content\/uploads\/sites\/2\/2021\/03\/Video-generel-2-3.jpg\",\"contentUrl\":\"https:\/\/acefootball.com\/da\/wp-content\/uploads\/sites\/2\/2021\/03\/Video-generel-2-3.jpg\",\"width\":1920,\"height\":1008},{\"@type\":\"WebPage\",\"@id\":\"https:\/\/acefootball.com\/da\/fodboldnyheder\/ibrahimovic-fik-lift-til-festival-paa-motorcykel\/#webpage\",\"url\":\"https:\/\/acefootball.com\/da\/fodboldnyheder\/ibrahimovic-fik-lift-til-festival-paa-motorcykel\/\",\"name\":\"Ibrahimovic fik lift til festival p\u00e5 motorcykel\",\"isPartOf\":{\"@id\":\"https:\/\/acefootball.com\/da\/#website\"},\"primaryImageOfPage\":{\"@id\":\"https:\/\/acefootball.com\/da\/fodboldnyheder\/ibrahimovic-fik-lift-til-festival-paa-motorcykel\/#primaryimage\"},\"datePublished\":\"2021-03-08T19:58:58+00:00\",\"dateModified\":\"2021-03-08T19:58:59+00:00\",\"description\":\"Zlatan Ibrahimovic m\u00e5tte bede om et lift af en motorcyklist, da hans egen bil var fanget i trafikken udenfor Sanremo\",\"breadcrumb\":{\"@id\":\"https:\/\/acefootball.com\/da\/fodboldnyheder\/ibrahimovic-fik-lift-til-festival-paa-motorcykel\/#breadcrumb\"},\"inLanguage\":\"en-US\",\"potentialAction\":[{\"@type\":\"ReadAction\",\"target\":[\"https:\/\/acefootball.com\/da\/fodboldnyheder\/ibrahimovic-fik-lift-til-festival-paa-motorcykel\/\"]}]},{\"@type\":\"BreadcrumbList\",\"@id\":\"https:\/\/acefootball.com\/da\/fodboldnyheder\/ibrahimovic-fik-lift-til-festival-paa-motorcykel\/#breadcrumb\",\"itemListElement\":[{\"@type\":\"ListItem\",\"position\":1,\"name\":\"Home\",\"item\":\"https:\/\/acefootball.com\/da\/\"},{\"@type\":\"ListItem\",\"position\":2,\"name\":\"Ibrahimovic fik lift til festival p\u00e5 motorcykel\"}]},{\"@type\":\"Article\",\"@id\":\"https:\/\/acefootball.com\/da\/fodboldnyheder\/ibrahimovic-fik-lift-til-festival-paa-motorcykel\/#article\",\"isPartOf\":{\"@id\":\"https:\/\/acefootball.com\/da\/fodboldnyheder\/ibrahimovic-fik-lift-til-festival-paa-motorcykel\/#webpage\"},\"author\":{\"@id\":\"https:\/\/acefootball.com\/da\/#\/schema\/person\/ee67e9cf04a276f144100ffa722f10cd\"},\"headline\":\"Ibrahimovic fik lift til festival p\u00e5 motorcykel\",\"datePublished\":\"2021-03-08T19:58:58+00:00\",\"dateModified\":\"2021-03-08T19:58:59+00:00\",\"mainEntityOfPage\":{\"@id\":\"https:\/\/acefootball.com\/da\/fodboldnyheder\/ibrahimovic-fik-lift-til-festival-paa-motorcykel\/#webpage\"},\"wordCount\":215,\"commentCount\":0,\"publisher\":{\"@id\":\"https:\/\/acefootball.com\/da\/#organization\"},\"image\":{\"@id\":\"https:\/\/acefootball.com\/da\/fodboldnyheder\/ibrahimovic-fik-lift-til-festival-paa-motorcykel\/#primaryimage\"},\"thumbnailUrl\":\"https:\/\/acefootball.com\/da\/wp-content\/uploads\/sites\/2\/2020\/08\/GettyImages-1263343855.jpg\",\"keywords\":[\"AC Milan\",\"Serie A\",\"Zlatan Ibrahimovic\"],\"articleSection\":[\"Nyhed\"],\"inLanguage\":\"en-US\",\"potentialAction\":[{\"@type\":\"CommentAction\",\"name\":\"Comment\",\"target\":[\"https:\/\/acefootball.com\/da\/fodboldnyheder\/ibrahimovic-fik-lift-til-festival-paa-motorcykel\/#respond\"]}]},{\"@type\":\"Person\",\"@id\":\"https:\/\/acefootball.com\/da\/#\/schema\/person\/ee67e9cf04a276f144100ffa722f10cd\",\"name\":\"Mads Dreyer\",\"image\":{\"@type\":\"ImageObject\",\"@id\":\"https:\/\/acefootball.com\/da\/#personlogo\",\"inLanguage\":\"en-US\",\"url\":\"https:\/\/secure.gravatar.com\/avatar\/7c7abf72cfde9902b6a60efe60c88d4c?s=96&d=mm&r=g\",\"contentUrl\":\"https:\/\/secure.gravatar.com\/avatar\/7c7abf72cfde9902b6a60efe60c88d4c?s=96&d=mm&r=g\",\"caption\":\"Mads Dreyer\"},\"description\":\"Skribent og fodboldn\u00f8rd, der lige nu fort\u00e6ller om alt og intet i fodboldverdenen p\u00e5 acefootball.com. Uddannet i kommunikation fra Aalborg Universitet.\",\"sameAs\":[\"https:\/\/www.linkedin.com\/in\/mads-dreyer-b9b08266\/\"],\"url\":\"https:\/\/acefootball.com\/da\/fodboldnyheder\/author\/mdnronaldo\/\"}]}<\/script>\n<!-- \/ Yoast SEO plugin. -->","yoast_head_json":{"title":"Ibrahimovic fik lift til festival p\u00e5 motorcykel","description":"Zlatan Ibrahimovic m\u00e5tte bede om et lift af en motorcyklist, da hans egen bil var fanget i trafikken udenfor Sanremo","robots":{"index":"index","follow":"follow","max-snippet":"max-snippet:-1","max-image-preview":"max-image-preview:large","max-video-preview":"max-video-preview:-1"},"canonical":"https:\/\/acefootball.com\/da\/fodboldnyheder\/ibrahimovic-fik-lift-til-festival-paa-motorcykel\/","og_locale":"en_US","og_type":"article","og_title":"Ibrahimovic fik lift til festival p\u00e5 motorcykel","og_description":"Zlatan Ibrahimovic m\u00e5tte bede om et lift af en motorcyklist, da hans egen bil var fanget i trafikken udenfor Sanremo","og_url":"https:\/\/acefootball.com\/da\/fodboldnyheder\/ibrahimovic-fik-lift-til-festival-paa-motorcykel\/","og_site_name":"Ace Football Danmark","article_publisher":"https:\/\/www.facebook.com\/acefootballdk","article_published_time":"2021-03-08T19:58:58+00:00","article_modified_time":"2021-03-08T19:58:59+00:00","og_image":[{"width":1920,"height":1008,"url":"https:\/\/acefootball.com\/da\/wp-content\/uploads\/sites\/2\/2021\/03\/Video-generel-2-3.jpg","type":"image\/jpeg"}],"twitter_card":"summary_large_image","twitter_misc":{"Written by":"Mads Dreyer","Est. reading time":"1 minute"},"schema":{"@context":"https:\/\/schema.org","@graph":[{"@type":"Organization","@id":"https:\/\/acefootball.com\/da\/#organization","name":"Ace Football","url":"https:\/\/acefootball.com\/da\/","sameAs":["https:\/\/www.facebook.com\/acefootballdk"],"logo":{"@type":"ImageObject","@id":"https:\/\/acefootball.com\/da\/#logo","inLanguage":"en-US","url":"https:\/\/acefootball.com\/da\/wp-content\/uploads\/sites\/2\/2020\/07\/Ace-Football-30-07-2020-2.png","contentUrl":"https:\/\/acefootball.com\/da\/wp-content\/uploads\/sites\/2\/2020\/07\/Ace-Football-30-07-2020-2.png","width":1200,"height":600,"caption":"Ace Football"},"image":{"@id":"https:\/\/acefootball.com\/da\/#logo"}},{"@type":"WebSite","@id":"https:\/\/acefootball.com\/da\/#website","url":"https:\/\/acefootball.com\/da\/","name":"Ace Football Danmark","description":"Nyheder, Spiltips &amp; Livescore","publisher":{"@id":"https:\/\/acefootball.com\/da\/#organization"},"potentialAction":[{"@type":"SearchAction","target":{"@type":"EntryPoint","urlTemplate":"https:\/\/acefootball.com\/da\/?s={search_term_string}"},"query-input":"required name=search_term_string"}],"inLanguage":"en-US"},{"@type":"ImageObject","@id":"https:\/\/acefootball.com\/da\/fodboldnyheder\/ibrahimovic-fik-lift-til-festival-paa-motorcykel\/#primaryimage","inLanguage":"en-US","url":"https:\/\/acefootball.com\/da\/wp-content\/uploads\/sites\/2\/2021\/03\/Video-generel-2-3.jpg","contentUrl":"https:\/\/acefootball.com\/da\/wp-content\/uploads\/sites\/2\/2021\/03\/Video-generel-2-3.jpg","width":1920,"height":1008},{"@type":"WebPage","@id":"https:\/\/acefootball.com\/da\/fodboldnyheder\/ibrahimovic-fik-lift-til-festival-paa-motorcykel\/#webpage","url":"https:\/\/acefootball.com\/da\/fodboldnyheder\/ibrahimovic-fik-lift-til-festival-paa-motorcykel\/","name":"Ibrahimovic fik lift til festival p\u00e5 motorcykel","isPartOf":{"@id":"https:\/\/acefootball.com\/da\/#website"},"primaryImageOfPage":{"@id":"https:\/\/acefootball.com\/da\/fodboldnyheder\/ibrahimovic-fik-lift-til-festival-paa-motorcykel\/#primaryimage"},"datePublished":"2021-03-08T19:58:58+00:00","dateModified":"2021-03-08T19:58:59+00:00","description":"Zlatan Ibrahimovic m\u00e5tte bede om et lift af en motorcyklist, da hans egen bil var fanget i trafikken udenfor Sanremo","breadcrumb":{"@id":"https:\/\/acefootball.com\/da\/fodboldnyheder\/ibrahimovic-fik-lift-til-festival-paa-motorcykel\/#breadcrumb"},"inLanguage":"en-US","potentialAction":[{"@type":"ReadAction","target":["https:\/\/acefootball.com\/da\/fodboldnyheder\/ibrahimovic-fik-lift-til-festival-paa-motorcykel\/"]}]},{"@type":"BreadcrumbList","@id":"https:\/\/acefootball.com\/da\/fodboldnyheder\/ibrahimovic-fik-lift-til-festival-paa-motorcykel\/#breadcrumb","itemListElement":[{"@type":"ListItem","position":1,"name":"Home","item":"https:\/\/acefootball.com\/da\/"},{"@type":"ListItem","position":2,"name":"Ibrahimovic fik lift til festival p\u00e5 motorcykel"}]},{"@type":"Article","@id":"https:\/\/acefootball.com\/da\/fodboldnyheder\/ibrahimovic-fik-lift-til-festival-paa-motorcykel\/#article","isPartOf":{"@id":"https:\/\/acefootball.com\/da\/fodboldnyheder\/ibrahimovic-fik-lift-til-festival-paa-motorcykel\/#webpage"},"author":{"@id":"https:\/\/acefootball.com\/da\/#\/schema\/person\/ee67e9cf04a276f144100ffa722f10cd"},"headline":"Ibrahimovic fik lift til festival p\u00e5 motorcykel","datePublished":"2021-03-08T19:58:58+00:00","dateModified":"2021-03-08T19:58:59+00:00","mainEntityOfPage":{"@id":"https:\/\/acefootball.com\/da\/fodboldnyheder\/ibrahimovic-fik-lift-til-festival-paa-motorcykel\/#webpage"},"wordCount":215,"commentCount":0,"publisher":{"@id":"https:\/\/acefootball.com\/da\/#organization"},"image":{"@id":"https:\/\/acefootball.com\/da\/fodboldnyheder\/ibrahimovic-fik-lift-til-festival-paa-motorcykel\/#primaryimage"},"thumbnailUrl":"https:\/\/acefootball.com\/da\/wp-content\/uploads\/sites\/2\/2020\/08\/GettyImages-1263343855.jpg","keywords":["AC Milan","Serie A","Zlatan Ibrahimovic"],"articleSection":["Nyhed"],"inLanguage":"en-US","potentialAction":[{"@type":"CommentAction","name":"Comment","target":["https:\/\/acefootball.com\/da\/fodboldnyheder\/ibrahimovic-fik-lift-til-festival-paa-motorcykel\/#respond"]}]},{"@type":"Person","@id":"https:\/\/acefootball.com\/da\/#\/schema\/person\/ee67e9cf04a276f144100ffa722f10cd","name":"Mads Dreyer","image":{"@type":"ImageObject","@id":"https:\/\/acefootball.com\/da\/#personlogo","inLanguage":"en-US","url":"https:\/\/secure.gravatar.com\/avatar\/7c7abf72cfde9902b6a60efe60c88d4c?s=96&d=mm&r=g","contentUrl":"https:\/\/secure.gravatar.com\/avatar\/7c7abf72cfde9902b6a60efe60c88d4c?s=96&d=mm&r=g","caption":"Mads Dreyer"},"description":"Skribent og fodboldn\u00f8rd, der lige nu fort\u00e6ller om alt og intet i fodboldverdenen p\u00e5 acefootball.com. Uddannet i kommunikation fra Aalborg Universitet.","sameAs":["https:\/\/www.linkedin.com\/in\/mads-dreyer-b9b08266\/"],"url":"https:\/\/acefootball.com\/da\/fodboldnyheder\/author\/mdnronaldo\/"}]}},"fimg_url":"https:\/\/acefootball.com\/da\/wp-content\/uploads\/sites\/2\/2020\/08\/GettyImages-1263343855.jpg","_links":{"self":[{"href":"https:\/\/acefootball.com\/da\/wp-json\/wp\/v2\/posts\/253793"}],"collection":[{"href":"https:\/\/acefootball.com\/da\/wp-json\/wp\/v2\/posts"}],"about":[{"href":"https:\/\/acefootball.com\/da\/wp-json\/wp\/v2\/types\/post"}],"author":[{"embeddable":true,"href":"https:\/\/acefootball.com\/da\/wp-json\/wp\/v2\/users\/705"}],"replies":[{"embeddable":true,"href":"https:\/\/acefootball.com\/da\/wp-json\/wp\/v2\/comments?post=253793"}],"version-history":[{"count":0,"href":"https:\/\/acefootball.com\/da\/wp-json\/wp\/v2\/posts\/253793\/revisions"}],"wp:featuredmedia":[{"embeddable":true,"href":"https:\/\/acefootball.com\/da\/wp-json\/wp\/v2\/media\/234632"}],"wp:attachment":[{"href":"https:\/\/acefootball.com\/da\/wp-json\/wp\/v2\/media?parent=253793"}],"wp:term":[{"taxonomy":"category","embeddable":true,"href":"https:\/\/acefootball.com\/da\/wp-json\/wp\/v2\/categories?post=253793"},{"taxonomy":"post_tag","embeddable":true,"href":"https:\/\/acefootball.com\/da\/wp-json\/wp\/v2\/tags?post=253793"}],"curies":[{"name":"wp","href":"https:\/\/api.w.org\/{rel}","templated":true}]}}