{"id":253786,"date":"2021-03-08T19:21:49","date_gmt":"2021-03-08T18:21:49","guid":{"rendered":"https:\/\/acefootball.com\/da\/?p=253786"},"modified":"2021-03-08T19:21:50","modified_gmt":"2021-03-08T18:21:50","slug":"arsenal-legende-droemmer-om-hjemkomst-vil-endda-slaa-graesset","status":"publish","type":"post","link":"https:\/\/acefootball.com\/da\/fodboldnyheder\/arsenal-legende-droemmer-om-hjemkomst-vil-endda-slaa-graesset\/","title":{"rendered":"Arsenal-legende dr\u00f8mmer om hjemkomst: Vil endda sl\u00e5 gr\u00e6sset"},"content":{"rendered":"\n<h2 id=\"h-arsenal-legenden-thierry-henry-dr-mmer-om-en-dag-at-vende-tilbage-til-london-klubben-og-det-betyder-mindre-hvilken-funktion-det-bliver-i\">Arsenal-legenden Thierry Henry dr\u00f8mmer om en dag at vende tilbage til London-klubben, og det betyder mindre, hvilken funktion det bliver i<\/h2>\n\n\n\n<p>Hvis man sp\u00f8rger en \u00e6gte Arsenal-fan, om vedkommende kunne t\u00e6nke sig at st\u00e5r for pleje af gr\u00e6sbanerne p\u00e5 Emirates, vil de fleste sige ja.<\/p>\n\n\n\n<p>S\u00e5dan er det ogs\u00e5 med klublegenden Thierry Henry, der dr\u00f8mmer om en dag at st\u00e5 i spidsen for London-mandskabet, men som \u00e6gte Gunner g\u00f8r det i bund og grund ikke s\u00e5 meget, hvad jobbeskrivelsen siger.<\/p>\n\n\n\n<p>&#8220;Hvis du sp\u00f8rger mig, om jeg kunne t\u00e6nke mig at tr\u00e6ne Arsenal en dag, s\u00e5 siger jeg ja. Hvis du sp\u00f8rger mig, om jeg vil st\u00e5 for t\u00f8jet i Arsenal, er svaret ja. Hvis du sp\u00f8rger, om jeg vil sl\u00e5 gr\u00e6sset p\u00e5 Emirates, er svaret ja,&#8221; siger Henry til <a href=\"https:\/\/www.fourfourtwo.com\/features\/thierry-henry-exclusive-one-day-id-like-to-coach-arsenal-id-even-cut-the-grass\" target=\"_blank\" rel=\"noreferrer noopener\">FourFourTwo<\/a>.<\/p>\n\n\n\n<p>Franskmanden fort\u00e6ller dog ogs\u00e5, at det i \u00f8jeblikket er utopi at t\u00e6nke p\u00e5 et job som Arsenal-manager, da han endnu ikke besidder kvaliteterne til det.<\/p>\n\n\n\n<p>Thierry Henry forlod for nyligt jobbet som cheftr\u00e6ner hos CF Montreal. Han var senest sat i forbindelse med tr\u00e6ners\u00e6det i Bournemouth.<\/p>\n\n\n\n<figure class=\"wp-block-embed is-type-wp-embed is-provider-ace-football-danmark wp-block-embed-ace-football-danmark\"><div class=\"wp-block-embed__wrapper\">\n<blockquote class=\"wp-embedded-content\" data-secret=\"2Wjz6P4hQy\"><a href=\"https:\/\/acefootball.com\/da\/fodboldnyheder\/liverpool-legende-om-stjerne-lad-ham-smutte\/\">Liverpool-legende om stjerne: Lad ham smutte<\/a><\/blockquote><iframe class=\"wp-embedded-content\" sandbox=\"allow-scripts\" security=\"restricted\" style=\"position: absolute; clip: rect(1px, 1px, 1px, 1px);\" title=\"&#8220;Liverpool-legende om stjerne: Lad ham smutte&#8221; &#8212; Ace Football Danmark\" src=\"https:\/\/acefootball.com\/da\/fodboldnyheder\/liverpool-legende-om-stjerne-lad-ham-smutte\/embed\/#?secret=2Wjz6P4hQy\" data-secret=\"2Wjz6P4hQy\" width=\"600\" height=\"338\" frameborder=\"0\" marginwidth=\"0\" marginheight=\"0\" scrolling=\"no\"><\/iframe>\n<\/div><\/figure>\n","protected":false},"excerpt":{"rendered":"<p>Arsenal-legenden Thierry Henry dr\u00f8mmer om en dag at vende tilbage til London-klubben, og det betyder mindre, hvilken funktion det bliver i<\/p>\n","protected":false},"author":705,"featured_media":252289,"comment_status":"open","ping_status":"closed","sticky":false,"template":"","format":"standard","meta":{"om_disable_all_campaigns":false,"push_articles_ronaldo":{"active":false,"canonical":0,"publish":false},"force_updates":null},"categories":[8204],"tags":[227,134,703],"enet_tags":{"team":["9825"],"league":["47"],"player":["969831"],"sport_events":[]},"yoast_head":"<!-- This site is optimized with the Yoast SEO plugin v18.3 - https:\/\/yoast.com\/wordpress\/plugins\/seo\/ -->\n<title>Arsenal-legende dr\u00f8mmer om hjemkomst: Vil endda sl\u00e5 gr\u00e6sset<\/title>\n<meta name=\"description\" content=\"Arsenal-legenden Thierry Henry dr\u00f8mmer om en dag at vende tilbage til London-klubben, og det betyder mindre, hvilken funktion det bliver i\" \/>\n<meta name=\"robots\" content=\"index, follow, max-snippet:-1, max-image-preview:large, max-video-preview:-1\" \/>\n<link rel=\"canonical\" href=\"https:\/\/acefootball.com\/da\/fodboldnyheder\/arsenal-legende-droemmer-om-hjemkomst-vil-endda-slaa-graesset\/\" \/>\n<meta property=\"og:locale\" content=\"en_US\" \/>\n<meta property=\"og:type\" content=\"article\" \/>\n<meta property=\"og:title\" content=\"Arsenal-legende dr\u00f8mmer om hjemkomst: Vil endda sl\u00e5 gr\u00e6sset\" \/>\n<meta property=\"og:description\" content=\"Arsenal-legenden Thierry Henry dr\u00f8mmer om en dag at vende tilbage til London-klubben, og det betyder mindre, hvilken funktion det bliver i\" \/>\n<meta property=\"og:url\" content=\"https:\/\/acefootball.com\/da\/fodboldnyheder\/arsenal-legende-droemmer-om-hjemkomst-vil-endda-slaa-graesset\/\" \/>\n<meta property=\"og:site_name\" content=\"Ace Football Danmark\" \/>\n<meta property=\"article:publisher\" content=\"https:\/\/www.facebook.com\/acefootballdk\" \/>\n<meta property=\"article:published_time\" content=\"2021-03-08T18:21:49+00:00\" \/>\n<meta property=\"article:modified_time\" content=\"2021-03-08T18:21:50+00:00\" \/>\n<meta property=\"og:image\" content=\"https:\/\/acefootball.com\/da\/wp-content\/uploads\/sites\/2\/2021\/02\/GettyImages-1209909900.jpg\" \/>\n\t<meta property=\"og:image:width\" content=\"1024\" \/>\n\t<meta property=\"og:image:height\" content=\"768\" \/>\n\t<meta property=\"og:image:type\" content=\"image\/jpeg\" \/>\n<meta name=\"twitter:card\" content=\"summary_large_image\" \/>\n<meta name=\"twitter:label1\" content=\"Written by\" \/>\n\t<meta name=\"twitter:data1\" content=\"Mads Dreyer\" \/>\n\t<meta name=\"twitter:label2\" content=\"Est. reading time\" \/>\n\t<meta name=\"twitter:data2\" content=\"1 minute\" \/>\n<script type=\"application\/ld+json\" class=\"yoast-schema-graph\">{\"@context\":\"https:\/\/schema.org\",\"@graph\":[{\"@type\":\"Organization\",\"@id\":\"https:\/\/acefootball.com\/da\/#organization\",\"name\":\"Ace Football\",\"url\":\"https:\/\/acefootball.com\/da\/\",\"sameAs\":[\"https:\/\/www.facebook.com\/acefootballdk\"],\"logo\":{\"@type\":\"ImageObject\",\"@id\":\"https:\/\/acefootball.com\/da\/#logo\",\"inLanguage\":\"en-US\",\"url\":\"https:\/\/acefootball.com\/da\/wp-content\/uploads\/sites\/2\/2020\/07\/Ace-Football-30-07-2020-2.png\",\"contentUrl\":\"https:\/\/acefootball.com\/da\/wp-content\/uploads\/sites\/2\/2020\/07\/Ace-Football-30-07-2020-2.png\",\"width\":1200,\"height\":600,\"caption\":\"Ace Football\"},\"image\":{\"@id\":\"https:\/\/acefootball.com\/da\/#logo\"}},{\"@type\":\"WebSite\",\"@id\":\"https:\/\/acefootball.com\/da\/#website\",\"url\":\"https:\/\/acefootball.com\/da\/\",\"name\":\"Ace Football Danmark\",\"description\":\"Nyheder, Spiltips &amp; Livescore\",\"publisher\":{\"@id\":\"https:\/\/acefootball.com\/da\/#organization\"},\"potentialAction\":[{\"@type\":\"SearchAction\",\"target\":{\"@type\":\"EntryPoint\",\"urlTemplate\":\"https:\/\/acefootball.com\/da\/?s={search_term_string}\"},\"query-input\":\"required name=search_term_string\"}],\"inLanguage\":\"en-US\"},{\"@type\":\"ImageObject\",\"@id\":\"https:\/\/acefootball.com\/da\/fodboldnyheder\/arsenal-legende-droemmer-om-hjemkomst-vil-endda-slaa-graesset\/#primaryimage\",\"inLanguage\":\"en-US\",\"url\":\"https:\/\/acefootball.com\/da\/wp-content\/uploads\/sites\/2\/2021\/02\/GettyImages-1209909900.jpg\",\"contentUrl\":\"https:\/\/acefootball.com\/da\/wp-content\/uploads\/sites\/2\/2021\/02\/GettyImages-1209909900.jpg\",\"width\":1024,\"height\":768,\"caption\":\"MONTREAL, QC - FEBRUARY 29: Montreal Impact head coach Thierry Henry looks on ahead of the MLS game against New England Revolution at Olympic Stadium on February 29, 2020 in Montreal, Quebec, Canada. The Montreal Impact defeated New England Revolution 2-1. (Photo by Minas Panagiotakis\/Getty Images)\"},{\"@type\":\"WebPage\",\"@id\":\"https:\/\/acefootball.com\/da\/fodboldnyheder\/arsenal-legende-droemmer-om-hjemkomst-vil-endda-slaa-graesset\/#webpage\",\"url\":\"https:\/\/acefootball.com\/da\/fodboldnyheder\/arsenal-legende-droemmer-om-hjemkomst-vil-endda-slaa-graesset\/\",\"name\":\"Arsenal-legende dr\u00f8mmer om hjemkomst: Vil endda sl\u00e5 gr\u00e6sset\",\"isPartOf\":{\"@id\":\"https:\/\/acefootball.com\/da\/#website\"},\"primaryImageOfPage\":{\"@id\":\"https:\/\/acefootball.com\/da\/fodboldnyheder\/arsenal-legende-droemmer-om-hjemkomst-vil-endda-slaa-graesset\/#primaryimage\"},\"datePublished\":\"2021-03-08T18:21:49+00:00\",\"dateModified\":\"2021-03-08T18:21:50+00:00\",\"description\":\"Arsenal-legenden Thierry Henry dr\u00f8mmer om en dag at vende tilbage til London-klubben, og det betyder mindre, hvilken funktion det bliver i\",\"breadcrumb\":{\"@id\":\"https:\/\/acefootball.com\/da\/fodboldnyheder\/arsenal-legende-droemmer-om-hjemkomst-vil-endda-slaa-graesset\/#breadcrumb\"},\"inLanguage\":\"en-US\",\"potentialAction\":[{\"@type\":\"ReadAction\",\"target\":[\"https:\/\/acefootball.com\/da\/fodboldnyheder\/arsenal-legende-droemmer-om-hjemkomst-vil-endda-slaa-graesset\/\"]}]},{\"@type\":\"BreadcrumbList\",\"@id\":\"https:\/\/acefootball.com\/da\/fodboldnyheder\/arsenal-legende-droemmer-om-hjemkomst-vil-endda-slaa-graesset\/#breadcrumb\",\"itemListElement\":[{\"@type\":\"ListItem\",\"position\":1,\"name\":\"Home\",\"item\":\"https:\/\/acefootball.com\/da\/\"},{\"@type\":\"ListItem\",\"position\":2,\"name\":\"Arsenal-legende dr\u00f8mmer om hjemkomst: Vil endda sl\u00e5 gr\u00e6sset\"}]},{\"@type\":\"Article\",\"@id\":\"https:\/\/acefootball.com\/da\/fodboldnyheder\/arsenal-legende-droemmer-om-hjemkomst-vil-endda-slaa-graesset\/#article\",\"isPartOf\":{\"@id\":\"https:\/\/acefootball.com\/da\/fodboldnyheder\/arsenal-legende-droemmer-om-hjemkomst-vil-endda-slaa-graesset\/#webpage\"},\"author\":{\"@id\":\"https:\/\/acefootball.com\/da\/#\/schema\/person\/ee67e9cf04a276f144100ffa722f10cd\"},\"headline\":\"Arsenal-legende dr\u00f8mmer om hjemkomst: Vil endda sl\u00e5 gr\u00e6sset\",\"datePublished\":\"2021-03-08T18:21:49+00:00\",\"dateModified\":\"2021-03-08T18:21:50+00:00\",\"mainEntityOfPage\":{\"@id\":\"https:\/\/acefootball.com\/da\/fodboldnyheder\/arsenal-legende-droemmer-om-hjemkomst-vil-endda-slaa-graesset\/#webpage\"},\"wordCount\":212,\"commentCount\":0,\"publisher\":{\"@id\":\"https:\/\/acefootball.com\/da\/#organization\"},\"image\":{\"@id\":\"https:\/\/acefootball.com\/da\/fodboldnyheder\/arsenal-legende-droemmer-om-hjemkomst-vil-endda-slaa-graesset\/#primaryimage\"},\"thumbnailUrl\":\"https:\/\/acefootball.com\/da\/wp-content\/uploads\/sites\/2\/2021\/02\/GettyImages-1209909900.jpg\",\"keywords\":[\"Arsenal\",\"Premier League\",\"Thierry Henry\"],\"articleSection\":[\"Udtalelse\"],\"inLanguage\":\"en-US\",\"potentialAction\":[{\"@type\":\"CommentAction\",\"name\":\"Comment\",\"target\":[\"https:\/\/acefootball.com\/da\/fodboldnyheder\/arsenal-legende-droemmer-om-hjemkomst-vil-endda-slaa-graesset\/#respond\"]}]},{\"@type\":\"Person\",\"@id\":\"https:\/\/acefootball.com\/da\/#\/schema\/person\/ee67e9cf04a276f144100ffa722f10cd\",\"name\":\"Mads Dreyer\",\"image\":{\"@type\":\"ImageObject\",\"@id\":\"https:\/\/acefootball.com\/da\/#personlogo\",\"inLanguage\":\"en-US\",\"url\":\"https:\/\/secure.gravatar.com\/avatar\/7c7abf72cfde9902b6a60efe60c88d4c?s=96&d=mm&r=g\",\"contentUrl\":\"https:\/\/secure.gravatar.com\/avatar\/7c7abf72cfde9902b6a60efe60c88d4c?s=96&d=mm&r=g\",\"caption\":\"Mads Dreyer\"},\"description\":\"Skribent og fodboldn\u00f8rd, der lige nu fort\u00e6ller om alt og intet i fodboldverdenen p\u00e5 acefootball.com. Uddannet i kommunikation fra Aalborg Universitet.\",\"sameAs\":[\"https:\/\/www.linkedin.com\/in\/mads-dreyer-b9b08266\/\"],\"url\":\"https:\/\/acefootball.com\/da\/fodboldnyheder\/author\/mdnronaldo\/\"}]}<\/script>\n<!-- \/ Yoast SEO plugin. -->","yoast_head_json":{"title":"Arsenal-legende dr\u00f8mmer om hjemkomst: Vil endda sl\u00e5 gr\u00e6sset","description":"Arsenal-legenden Thierry Henry dr\u00f8mmer om en dag at vende tilbage til London-klubben, og det betyder mindre, hvilken funktion det bliver i","robots":{"index":"index","follow":"follow","max-snippet":"max-snippet:-1","max-image-preview":"max-image-preview:large","max-video-preview":"max-video-preview:-1"},"canonical":"https:\/\/acefootball.com\/da\/fodboldnyheder\/arsenal-legende-droemmer-om-hjemkomst-vil-endda-slaa-graesset\/","og_locale":"en_US","og_type":"article","og_title":"Arsenal-legende dr\u00f8mmer om hjemkomst: Vil endda sl\u00e5 gr\u00e6sset","og_description":"Arsenal-legenden Thierry Henry dr\u00f8mmer om en dag at vende tilbage til London-klubben, og det betyder mindre, hvilken funktion det bliver i","og_url":"https:\/\/acefootball.com\/da\/fodboldnyheder\/arsenal-legende-droemmer-om-hjemkomst-vil-endda-slaa-graesset\/","og_site_name":"Ace Football Danmark","article_publisher":"https:\/\/www.facebook.com\/acefootballdk","article_published_time":"2021-03-08T18:21:49+00:00","article_modified_time":"2021-03-08T18:21:50+00:00","og_image":[{"width":1024,"height":768,"url":"https:\/\/acefootball.com\/da\/wp-content\/uploads\/sites\/2\/2021\/02\/GettyImages-1209909900.jpg","type":"image\/jpeg"}],"twitter_card":"summary_large_image","twitter_misc":{"Written by":"Mads Dreyer","Est. reading time":"1 minute"},"schema":{"@context":"https:\/\/schema.org","@graph":[{"@type":"Organization","@id":"https:\/\/acefootball.com\/da\/#organization","name":"Ace Football","url":"https:\/\/acefootball.com\/da\/","sameAs":["https:\/\/www.facebook.com\/acefootballdk"],"logo":{"@type":"ImageObject","@id":"https:\/\/acefootball.com\/da\/#logo","inLanguage":"en-US","url":"https:\/\/acefootball.com\/da\/wp-content\/uploads\/sites\/2\/2020\/07\/Ace-Football-30-07-2020-2.png","contentUrl":"https:\/\/acefootball.com\/da\/wp-content\/uploads\/sites\/2\/2020\/07\/Ace-Football-30-07-2020-2.png","width":1200,"height":600,"caption":"Ace Football"},"image":{"@id":"https:\/\/acefootball.com\/da\/#logo"}},{"@type":"WebSite","@id":"https:\/\/acefootball.com\/da\/#website","url":"https:\/\/acefootball.com\/da\/","name":"Ace Football Danmark","description":"Nyheder, Spiltips &amp; Livescore","publisher":{"@id":"https:\/\/acefootball.com\/da\/#organization"},"potentialAction":[{"@type":"SearchAction","target":{"@type":"EntryPoint","urlTemplate":"https:\/\/acefootball.com\/da\/?s={search_term_string}"},"query-input":"required name=search_term_string"}],"inLanguage":"en-US"},{"@type":"ImageObject","@id":"https:\/\/acefootball.com\/da\/fodboldnyheder\/arsenal-legende-droemmer-om-hjemkomst-vil-endda-slaa-graesset\/#primaryimage","inLanguage":"en-US","url":"https:\/\/acefootball.com\/da\/wp-content\/uploads\/sites\/2\/2021\/02\/GettyImages-1209909900.jpg","contentUrl":"https:\/\/acefootball.com\/da\/wp-content\/uploads\/sites\/2\/2021\/02\/GettyImages-1209909900.jpg","width":1024,"height":768,"caption":"MONTREAL, QC - FEBRUARY 29: Montreal Impact head coach Thierry Henry looks on ahead of the MLS game against New England Revolution at Olympic Stadium on February 29, 2020 in Montreal, Quebec, Canada. The Montreal Impact defeated New England Revolution 2-1. (Photo by Minas Panagiotakis\/Getty Images)"},{"@type":"WebPage","@id":"https:\/\/acefootball.com\/da\/fodboldnyheder\/arsenal-legende-droemmer-om-hjemkomst-vil-endda-slaa-graesset\/#webpage","url":"https:\/\/acefootball.com\/da\/fodboldnyheder\/arsenal-legende-droemmer-om-hjemkomst-vil-endda-slaa-graesset\/","name":"Arsenal-legende dr\u00f8mmer om hjemkomst: Vil endda sl\u00e5 gr\u00e6sset","isPartOf":{"@id":"https:\/\/acefootball.com\/da\/#website"},"primaryImageOfPage":{"@id":"https:\/\/acefootball.com\/da\/fodboldnyheder\/arsenal-legende-droemmer-om-hjemkomst-vil-endda-slaa-graesset\/#primaryimage"},"datePublished":"2021-03-08T18:21:49+00:00","dateModified":"2021-03-08T18:21:50+00:00","description":"Arsenal-legenden Thierry Henry dr\u00f8mmer om en dag at vende tilbage til London-klubben, og det betyder mindre, hvilken funktion det bliver i","breadcrumb":{"@id":"https:\/\/acefootball.com\/da\/fodboldnyheder\/arsenal-legende-droemmer-om-hjemkomst-vil-endda-slaa-graesset\/#breadcrumb"},"inLanguage":"en-US","potentialAction":[{"@type":"ReadAction","target":["https:\/\/acefootball.com\/da\/fodboldnyheder\/arsenal-legende-droemmer-om-hjemkomst-vil-endda-slaa-graesset\/"]}]},{"@type":"BreadcrumbList","@id":"https:\/\/acefootball.com\/da\/fodboldnyheder\/arsenal-legende-droemmer-om-hjemkomst-vil-endda-slaa-graesset\/#breadcrumb","itemListElement":[{"@type":"ListItem","position":1,"name":"Home","item":"https:\/\/acefootball.com\/da\/"},{"@type":"ListItem","position":2,"name":"Arsenal-legende dr\u00f8mmer om hjemkomst: Vil endda sl\u00e5 gr\u00e6sset"}]},{"@type":"Article","@id":"https:\/\/acefootball.com\/da\/fodboldnyheder\/arsenal-legende-droemmer-om-hjemkomst-vil-endda-slaa-graesset\/#article","isPartOf":{"@id":"https:\/\/acefootball.com\/da\/fodboldnyheder\/arsenal-legende-droemmer-om-hjemkomst-vil-endda-slaa-graesset\/#webpage"},"author":{"@id":"https:\/\/acefootball.com\/da\/#\/schema\/person\/ee67e9cf04a276f144100ffa722f10cd"},"headline":"Arsenal-legende dr\u00f8mmer om hjemkomst: Vil endda sl\u00e5 gr\u00e6sset","datePublished":"2021-03-08T18:21:49+00:00","dateModified":"2021-03-08T18:21:50+00:00","mainEntityOfPage":{"@id":"https:\/\/acefootball.com\/da\/fodboldnyheder\/arsenal-legende-droemmer-om-hjemkomst-vil-endda-slaa-graesset\/#webpage"},"wordCount":212,"commentCount":0,"publisher":{"@id":"https:\/\/acefootball.com\/da\/#organization"},"image":{"@id":"https:\/\/acefootball.com\/da\/fodboldnyheder\/arsenal-legende-droemmer-om-hjemkomst-vil-endda-slaa-graesset\/#primaryimage"},"thumbnailUrl":"https:\/\/acefootball.com\/da\/wp-content\/uploads\/sites\/2\/2021\/02\/GettyImages-1209909900.jpg","keywords":["Arsenal","Premier League","Thierry Henry"],"articleSection":["Udtalelse"],"inLanguage":"en-US","potentialAction":[{"@type":"CommentAction","name":"Comment","target":["https:\/\/acefootball.com\/da\/fodboldnyheder\/arsenal-legende-droemmer-om-hjemkomst-vil-endda-slaa-graesset\/#respond"]}]},{"@type":"Person","@id":"https:\/\/acefootball.com\/da\/#\/schema\/person\/ee67e9cf04a276f144100ffa722f10cd","name":"Mads Dreyer","image":{"@type":"ImageObject","@id":"https:\/\/acefootball.com\/da\/#personlogo","inLanguage":"en-US","url":"https:\/\/secure.gravatar.com\/avatar\/7c7abf72cfde9902b6a60efe60c88d4c?s=96&d=mm&r=g","contentUrl":"https:\/\/secure.gravatar.com\/avatar\/7c7abf72cfde9902b6a60efe60c88d4c?s=96&d=mm&r=g","caption":"Mads Dreyer"},"description":"Skribent og fodboldn\u00f8rd, der lige nu fort\u00e6ller om alt og intet i fodboldverdenen p\u00e5 acefootball.com. Uddannet i kommunikation fra Aalborg Universitet.","sameAs":["https:\/\/www.linkedin.com\/in\/mads-dreyer-b9b08266\/"],"url":"https:\/\/acefootball.com\/da\/fodboldnyheder\/author\/mdnronaldo\/"}]}},"fimg_url":"https:\/\/acefootball.com\/da\/wp-content\/uploads\/sites\/2\/2021\/02\/GettyImages-1209909900.jpg","_links":{"self":[{"href":"https:\/\/acefootball.com\/da\/wp-json\/wp\/v2\/posts\/253786"}],"collection":[{"href":"https:\/\/acefootball.com\/da\/wp-json\/wp\/v2\/posts"}],"about":[{"href":"https:\/\/acefootball.com\/da\/wp-json\/wp\/v2\/types\/post"}],"author":[{"embeddable":true,"href":"https:\/\/acefootball.com\/da\/wp-json\/wp\/v2\/users\/705"}],"replies":[{"embeddable":true,"href":"https:\/\/acefootball.com\/da\/wp-json\/wp\/v2\/comments?post=253786"}],"version-history":[{"count":0,"href":"https:\/\/acefootball.com\/da\/wp-json\/wp\/v2\/posts\/253786\/revisions"}],"wp:featuredmedia":[{"embeddable":true,"href":"https:\/\/acefootball.com\/da\/wp-json\/wp\/v2\/media\/252289"}],"wp:attachment":[{"href":"https:\/\/acefootball.com\/da\/wp-json\/wp\/v2\/media?parent=253786"}],"wp:term":[{"taxonomy":"category","embeddable":true,"href":"https:\/\/acefootball.com\/da\/wp-json\/wp\/v2\/categories?post=253786"},{"taxonomy":"post_tag","embeddable":true,"href":"https:\/\/acefootball.com\/da\/wp-json\/wp\/v2\/tags?post=253786"}],"curies":[{"name":"wp","href":"https:\/\/api.w.org\/{rel}","templated":true}]}}