{"id":253768,"date":"2021-03-08T16:27:13","date_gmt":"2021-03-08T15:27:13","guid":{"rendered":"https:\/\/acefootball.com\/da\/?p=253768"},"modified":"2021-03-08T17:26:03","modified_gmt":"2021-03-08T16:26:03","slug":"tidligere-superliga-profil-bekraefter-taet-paa-skifte-til-serie-a-klub","status":"publish","type":"post","link":"https:\/\/acefootball.com\/da\/fodboldnyheder\/tidligere-superliga-profil-bekraefter-taet-paa-skifte-til-serie-a-klub\/","title":{"rendered":"Tidligere Superliga-profil bekr\u00e6fter: T\u00e6t p\u00e5 skifte til Serie A-klub"},"content":{"rendered":"\n<h2 id=\"h-svensk-bosniske-anel-ahmedhodzic-bekr-fter-nu-selv-rygterne-om-en-snart-forest-ende-transfer-til-serie-a-klubben-atalanta\">Svensk-bosniske Anel Ahmedhodzic bekr\u00e6fter nu selv rygterne om en snart forest\u00e5ende transfer til Serie A-klubben Atalanta<\/h2>\n\n\n\n<p>Som ung lejesvend i Hobro IK gjorde Anel Ahmedhodzic det aldeles fremragende, og siden indtog midtstopperen en fremtr\u00e6dende rolle p\u00e5 Malm\u00f6 FF&#8217;s guldhold i sidste s\u00e6son.<\/p>\n\n\n\n<p>Derfor har rygterne om et stort klubskifte l\u00e6nge svirret, og senest har det forlydt, at den tidligere Superliga-profil var t\u00e6t p\u00e5 en transfer til Serie A-mandskabet Atalanta.<\/p>\n\n\n\n<p>Den historie bekr\u00e6fter Ahmedhodzic nu selv i et interview til <a href=\"https:\/\/gianlucadimarzio.com\/en\/ahmedhodzic-milan-was-after-me-but-atalanta-is-ideal-for-me\" target=\"_blank\" rel=\"noreferrer noopener\">Gianluca Di Marzio<\/a>.<\/p>\n\n\n\n<p>&#8220;Mit skifte til Atalanta er ikke officielt endnu. To klubber i Italien har set p\u00e5 mig, men der er nu fremskredne forhandlinger i gang med Atalanta,&#8221; udtaler han.<\/p>\n\n\n\n<p>Ahmedhodzic afsl\u00f8rer desuden, at den anden klub er AC Milan, men at han er blevet r\u00e5dgivet af blandt andre Juventus&#8217; Dejan Kulusevski til at tage til Bergamo-klubben.<\/p>\n\n\n\n<p>Der kan ogs\u00e5 snart v\u00e6re et klubskifte p\u00e5 vej til Diego Costa, som har tilbud fra en europ\u00e6isk storklub. L\u00e6s mere her:<\/p>\n\n\n\n<figure class=\"wp-block-embed is-type-wp-embed is-provider-ace-football-danmark wp-block-embed-ace-football-danmark\"><div class=\"wp-block-embed__wrapper\">\n<blockquote class=\"wp-embedded-content\" data-secret=\"WJDVn8zwtw\"><a href=\"https:\/\/acefootball.com\/da\/fodboldnyheder\/medie-storklub-vil-gafle-transferfri-diego-costa\/\">Medie: Storklub vil gafle transferfri Diego Costa<\/a><\/blockquote><iframe class=\"wp-embedded-content\" sandbox=\"allow-scripts\" security=\"restricted\" style=\"position: absolute; clip: rect(1px, 1px, 1px, 1px);\" title=\"&#8220;Medie: Storklub vil gafle transferfri Diego Costa&#8221; &#8212; Ace Football Danmark\" src=\"https:\/\/acefootball.com\/da\/fodboldnyheder\/medie-storklub-vil-gafle-transferfri-diego-costa\/embed\/#?secret=WJDVn8zwtw\" data-secret=\"WJDVn8zwtw\" width=\"600\" height=\"338\" frameborder=\"0\" marginwidth=\"0\" marginheight=\"0\" scrolling=\"no\"><\/iframe>\n<\/div><\/figure>\n","protected":false},"excerpt":{"rendered":"<p>Svensk-bosniske Anel Ahmedhodzic bekr\u00e6fter nu selv rygterne om en snart forest\u00e5ende transfer til Serie A-klubben Atalanta<\/p>\n","protected":false},"author":705,"featured_media":241894,"comment_status":"open","ping_status":"closed","sticky":false,"template":"","format":"standard","meta":{"om_disable_all_campaigns":false,"push_articles_ronaldo":{"active":false,"canonical":0,"publish":false},"force_updates":null},"categories":[7],"tags":[1073,8174,201,149,612,131],"enet_tags":{"league":["67","55"],"player":["793820"],"team":["8524","9950","10237"],"sport_events":[]},"yoast_head":"<!-- This site is optimized with the Yoast SEO plugin v18.3 - https:\/\/yoast.com\/wordpress\/plugins\/seo\/ -->\n<title>Tidligere Superliga-profil bekr\u00e6fter: T\u00e6t p\u00e5 skifte til Serie A-klub<\/title>\n<meta name=\"description\" content=\"Svensk-bosniske Anel Ahmedhodzic bekr\u00e6fter nu selv rygterne om en snart forest\u00e5ende transfer til Serie A-klubben Atalanta\" \/>\n<meta name=\"robots\" content=\"index, follow, max-snippet:-1, max-image-preview:large, max-video-preview:-1\" \/>\n<link rel=\"canonical\" href=\"https:\/\/acefootball.com\/da\/fodboldnyheder\/tidligere-superliga-profil-bekraefter-taet-paa-skifte-til-serie-a-klub\/\" \/>\n<meta property=\"og:locale\" content=\"en_US\" \/>\n<meta property=\"og:type\" content=\"article\" \/>\n<meta property=\"og:title\" content=\"Tidligere Superliga-profil bekr\u00e6fter: T\u00e6t p\u00e5 skifte til Serie A-klub\" \/>\n<meta property=\"og:description\" content=\"Svensk-bosniske Anel Ahmedhodzic bekr\u00e6fter nu selv rygterne om en snart forest\u00e5ende transfer til Serie A-klubben Atalanta\" \/>\n<meta property=\"og:url\" content=\"https:\/\/acefootball.com\/da\/fodboldnyheder\/tidligere-superliga-profil-bekraefter-taet-paa-skifte-til-serie-a-klub\/\" \/>\n<meta property=\"og:site_name\" content=\"Ace Football Danmark\" \/>\n<meta property=\"article:publisher\" content=\"https:\/\/www.facebook.com\/acefootballdk\" \/>\n<meta property=\"article:published_time\" content=\"2021-03-08T15:27:13+00:00\" \/>\n<meta property=\"article:modified_time\" content=\"2021-03-08T16:26:03+00:00\" \/>\n<meta property=\"og:image\" content=\"https:\/\/acefootball.com\/da\/wp-content\/uploads\/sites\/2\/2020\/10\/GettyImages-1168458537.jpg\" \/>\n\t<meta property=\"og:image:width\" content=\"1024\" \/>\n\t<meta property=\"og:image:height\" content=\"655\" \/>\n\t<meta property=\"og:image:type\" content=\"image\/jpeg\" \/>\n<meta name=\"twitter:card\" content=\"summary_large_image\" \/>\n<meta name=\"twitter:label1\" content=\"Written by\" \/>\n\t<meta name=\"twitter:data1\" content=\"Mads Dreyer\" \/>\n\t<meta name=\"twitter:label2\" content=\"Est. reading time\" \/>\n\t<meta name=\"twitter:data2\" content=\"1 minute\" \/>\n<script type=\"application\/ld+json\" class=\"yoast-schema-graph\">{\"@context\":\"https:\/\/schema.org\",\"@graph\":[{\"@type\":\"Organization\",\"@id\":\"https:\/\/acefootball.com\/da\/#organization\",\"name\":\"Ace Football\",\"url\":\"https:\/\/acefootball.com\/da\/\",\"sameAs\":[\"https:\/\/www.facebook.com\/acefootballdk\"],\"logo\":{\"@type\":\"ImageObject\",\"@id\":\"https:\/\/acefootball.com\/da\/#logo\",\"inLanguage\":\"en-US\",\"url\":\"https:\/\/acefootball.com\/da\/wp-content\/uploads\/sites\/2\/2020\/07\/Ace-Football-30-07-2020-2.png\",\"contentUrl\":\"https:\/\/acefootball.com\/da\/wp-content\/uploads\/sites\/2\/2020\/07\/Ace-Football-30-07-2020-2.png\",\"width\":1200,\"height\":600,\"caption\":\"Ace Football\"},\"image\":{\"@id\":\"https:\/\/acefootball.com\/da\/#logo\"}},{\"@type\":\"WebSite\",\"@id\":\"https:\/\/acefootball.com\/da\/#website\",\"url\":\"https:\/\/acefootball.com\/da\/\",\"name\":\"Ace Football Danmark\",\"description\":\"Nyheder, Spiltips &amp; Livescore\",\"publisher\":{\"@id\":\"https:\/\/acefootball.com\/da\/#organization\"},\"potentialAction\":[{\"@type\":\"SearchAction\",\"target\":{\"@type\":\"EntryPoint\",\"urlTemplate\":\"https:\/\/acefootball.com\/da\/?s={search_term_string}\"},\"query-input\":\"required name=search_term_string\"}],\"inLanguage\":\"en-US\"},{\"@type\":\"ImageObject\",\"@id\":\"https:\/\/acefootball.com\/da\/fodboldnyheder\/tidligere-superliga-profil-bekraefter-taet-paa-skifte-til-serie-a-klub\/#primaryimage\",\"inLanguage\":\"en-US\",\"url\":\"https:\/\/acefootball.com\/da\/wp-content\/uploads\/sites\/2\/2020\/10\/GettyImages-1168458537.jpg\",\"contentUrl\":\"https:\/\/acefootball.com\/da\/wp-content\/uploads\/sites\/2\/2020\/10\/GettyImages-1168458537.jpg\",\"width\":1024,\"height\":655,\"caption\":\"HOBRO, DENMARK - SEPTEMBER 15: Anel Ahmedhodzic of Hobro IK and Nicklas Bendtner of FC Copenhagen in the Danish 3F Superliga match between Hobro IK and FC Copenhagen at DS Arena on September 15, 2019 in Hobro, Denmark. (Photo by Rene Schutze \/ FrontZoneSport via Getty Images)\"},{\"@type\":\"WebPage\",\"@id\":\"https:\/\/acefootball.com\/da\/fodboldnyheder\/tidligere-superliga-profil-bekraefter-taet-paa-skifte-til-serie-a-klub\/#webpage\",\"url\":\"https:\/\/acefootball.com\/da\/fodboldnyheder\/tidligere-superliga-profil-bekraefter-taet-paa-skifte-til-serie-a-klub\/\",\"name\":\"Tidligere Superliga-profil bekr\u00e6fter: T\u00e6t p\u00e5 skifte til Serie A-klub\",\"isPartOf\":{\"@id\":\"https:\/\/acefootball.com\/da\/#website\"},\"primaryImageOfPage\":{\"@id\":\"https:\/\/acefootball.com\/da\/fodboldnyheder\/tidligere-superliga-profil-bekraefter-taet-paa-skifte-til-serie-a-klub\/#primaryimage\"},\"datePublished\":\"2021-03-08T15:27:13+00:00\",\"dateModified\":\"2021-03-08T16:26:03+00:00\",\"description\":\"Svensk-bosniske Anel Ahmedhodzic bekr\u00e6fter nu selv rygterne om en snart forest\u00e5ende transfer til Serie A-klubben Atalanta\",\"breadcrumb\":{\"@id\":\"https:\/\/acefootball.com\/da\/fodboldnyheder\/tidligere-superliga-profil-bekraefter-taet-paa-skifte-til-serie-a-klub\/#breadcrumb\"},\"inLanguage\":\"en-US\",\"potentialAction\":[{\"@type\":\"ReadAction\",\"target\":[\"https:\/\/acefootball.com\/da\/fodboldnyheder\/tidligere-superliga-profil-bekraefter-taet-paa-skifte-til-serie-a-klub\/\"]}]},{\"@type\":\"BreadcrumbList\",\"@id\":\"https:\/\/acefootball.com\/da\/fodboldnyheder\/tidligere-superliga-profil-bekraefter-taet-paa-skifte-til-serie-a-klub\/#breadcrumb\",\"itemListElement\":[{\"@type\":\"ListItem\",\"position\":1,\"name\":\"Home\",\"item\":\"https:\/\/acefootball.com\/da\/\"},{\"@type\":\"ListItem\",\"position\":2,\"name\":\"Tidligere Superliga-profil bekr\u00e6fter: T\u00e6t p\u00e5 skifte til Serie A-klub\"}]},{\"@type\":\"Article\",\"@id\":\"https:\/\/acefootball.com\/da\/fodboldnyheder\/tidligere-superliga-profil-bekraefter-taet-paa-skifte-til-serie-a-klub\/#article\",\"isPartOf\":{\"@id\":\"https:\/\/acefootball.com\/da\/fodboldnyheder\/tidligere-superliga-profil-bekraefter-taet-paa-skifte-til-serie-a-klub\/#webpage\"},\"author\":{\"@id\":\"https:\/\/acefootball.com\/da\/#\/schema\/person\/ee67e9cf04a276f144100ffa722f10cd\"},\"headline\":\"Tidligere Superliga-profil bekr\u00e6fter: T\u00e6t p\u00e5 skifte til Serie A-klub\",\"datePublished\":\"2021-03-08T15:27:13+00:00\",\"dateModified\":\"2021-03-08T16:26:03+00:00\",\"mainEntityOfPage\":{\"@id\":\"https:\/\/acefootball.com\/da\/fodboldnyheder\/tidligere-superliga-profil-bekraefter-taet-paa-skifte-til-serie-a-klub\/#webpage\"},\"wordCount\":188,\"commentCount\":0,\"publisher\":{\"@id\":\"https:\/\/acefootball.com\/da\/#organization\"},\"image\":{\"@id\":\"https:\/\/acefootball.com\/da\/fodboldnyheder\/tidligere-superliga-profil-bekraefter-taet-paa-skifte-til-serie-a-klub\/#primaryimage\"},\"thumbnailUrl\":\"https:\/\/acefootball.com\/da\/wp-content\/uploads\/sites\/2\/2020\/10\/GettyImages-1168458537.jpg\",\"keywords\":[\"Allsvenskan\",\"Anel Ahmedhodzic\",\"Atalanta\",\"Hobro IK\",\"Malm\u00f6 FF\",\"Serie A\"],\"articleSection\":[\"Transfer\"],\"inLanguage\":\"en-US\",\"potentialAction\":[{\"@type\":\"CommentAction\",\"name\":\"Comment\",\"target\":[\"https:\/\/acefootball.com\/da\/fodboldnyheder\/tidligere-superliga-profil-bekraefter-taet-paa-skifte-til-serie-a-klub\/#respond\"]}]},{\"@type\":\"Person\",\"@id\":\"https:\/\/acefootball.com\/da\/#\/schema\/person\/ee67e9cf04a276f144100ffa722f10cd\",\"name\":\"Mads Dreyer\",\"image\":{\"@type\":\"ImageObject\",\"@id\":\"https:\/\/acefootball.com\/da\/#personlogo\",\"inLanguage\":\"en-US\",\"url\":\"https:\/\/secure.gravatar.com\/avatar\/7c7abf72cfde9902b6a60efe60c88d4c?s=96&d=mm&r=g\",\"contentUrl\":\"https:\/\/secure.gravatar.com\/avatar\/7c7abf72cfde9902b6a60efe60c88d4c?s=96&d=mm&r=g\",\"caption\":\"Mads Dreyer\"},\"description\":\"Skribent og fodboldn\u00f8rd, der lige nu fort\u00e6ller om alt og intet i fodboldverdenen p\u00e5 acefootball.com. Uddannet i kommunikation fra Aalborg Universitet.\",\"sameAs\":[\"https:\/\/www.linkedin.com\/in\/mads-dreyer-b9b08266\/\"],\"url\":\"https:\/\/acefootball.com\/da\/fodboldnyheder\/author\/mdnronaldo\/\"}]}<\/script>\n<!-- \/ Yoast SEO plugin. -->","yoast_head_json":{"title":"Tidligere Superliga-profil bekr\u00e6fter: T\u00e6t p\u00e5 skifte til Serie A-klub","description":"Svensk-bosniske Anel Ahmedhodzic bekr\u00e6fter nu selv rygterne om en snart forest\u00e5ende transfer til Serie A-klubben Atalanta","robots":{"index":"index","follow":"follow","max-snippet":"max-snippet:-1","max-image-preview":"max-image-preview:large","max-video-preview":"max-video-preview:-1"},"canonical":"https:\/\/acefootball.com\/da\/fodboldnyheder\/tidligere-superliga-profil-bekraefter-taet-paa-skifte-til-serie-a-klub\/","og_locale":"en_US","og_type":"article","og_title":"Tidligere Superliga-profil bekr\u00e6fter: T\u00e6t p\u00e5 skifte til Serie A-klub","og_description":"Svensk-bosniske Anel Ahmedhodzic bekr\u00e6fter nu selv rygterne om en snart forest\u00e5ende transfer til Serie A-klubben Atalanta","og_url":"https:\/\/acefootball.com\/da\/fodboldnyheder\/tidligere-superliga-profil-bekraefter-taet-paa-skifte-til-serie-a-klub\/","og_site_name":"Ace Football Danmark","article_publisher":"https:\/\/www.facebook.com\/acefootballdk","article_published_time":"2021-03-08T15:27:13+00:00","article_modified_time":"2021-03-08T16:26:03+00:00","og_image":[{"width":1024,"height":655,"url":"https:\/\/acefootball.com\/da\/wp-content\/uploads\/sites\/2\/2020\/10\/GettyImages-1168458537.jpg","type":"image\/jpeg"}],"twitter_card":"summary_large_image","twitter_misc":{"Written by":"Mads Dreyer","Est. reading time":"1 minute"},"schema":{"@context":"https:\/\/schema.org","@graph":[{"@type":"Organization","@id":"https:\/\/acefootball.com\/da\/#organization","name":"Ace Football","url":"https:\/\/acefootball.com\/da\/","sameAs":["https:\/\/www.facebook.com\/acefootballdk"],"logo":{"@type":"ImageObject","@id":"https:\/\/acefootball.com\/da\/#logo","inLanguage":"en-US","url":"https:\/\/acefootball.com\/da\/wp-content\/uploads\/sites\/2\/2020\/07\/Ace-Football-30-07-2020-2.png","contentUrl":"https:\/\/acefootball.com\/da\/wp-content\/uploads\/sites\/2\/2020\/07\/Ace-Football-30-07-2020-2.png","width":1200,"height":600,"caption":"Ace Football"},"image":{"@id":"https:\/\/acefootball.com\/da\/#logo"}},{"@type":"WebSite","@id":"https:\/\/acefootball.com\/da\/#website","url":"https:\/\/acefootball.com\/da\/","name":"Ace Football Danmark","description":"Nyheder, Spiltips &amp; Livescore","publisher":{"@id":"https:\/\/acefootball.com\/da\/#organization"},"potentialAction":[{"@type":"SearchAction","target":{"@type":"EntryPoint","urlTemplate":"https:\/\/acefootball.com\/da\/?s={search_term_string}"},"query-input":"required name=search_term_string"}],"inLanguage":"en-US"},{"@type":"ImageObject","@id":"https:\/\/acefootball.com\/da\/fodboldnyheder\/tidligere-superliga-profil-bekraefter-taet-paa-skifte-til-serie-a-klub\/#primaryimage","inLanguage":"en-US","url":"https:\/\/acefootball.com\/da\/wp-content\/uploads\/sites\/2\/2020\/10\/GettyImages-1168458537.jpg","contentUrl":"https:\/\/acefootball.com\/da\/wp-content\/uploads\/sites\/2\/2020\/10\/GettyImages-1168458537.jpg","width":1024,"height":655,"caption":"HOBRO, DENMARK - SEPTEMBER 15: Anel Ahmedhodzic of Hobro IK and Nicklas Bendtner of FC Copenhagen in the Danish 3F Superliga match between Hobro IK and FC Copenhagen at DS Arena on September 15, 2019 in Hobro, Denmark. (Photo by Rene Schutze \/ FrontZoneSport via Getty Images)"},{"@type":"WebPage","@id":"https:\/\/acefootball.com\/da\/fodboldnyheder\/tidligere-superliga-profil-bekraefter-taet-paa-skifte-til-serie-a-klub\/#webpage","url":"https:\/\/acefootball.com\/da\/fodboldnyheder\/tidligere-superliga-profil-bekraefter-taet-paa-skifte-til-serie-a-klub\/","name":"Tidligere Superliga-profil bekr\u00e6fter: T\u00e6t p\u00e5 skifte til Serie A-klub","isPartOf":{"@id":"https:\/\/acefootball.com\/da\/#website"},"primaryImageOfPage":{"@id":"https:\/\/acefootball.com\/da\/fodboldnyheder\/tidligere-superliga-profil-bekraefter-taet-paa-skifte-til-serie-a-klub\/#primaryimage"},"datePublished":"2021-03-08T15:27:13+00:00","dateModified":"2021-03-08T16:26:03+00:00","description":"Svensk-bosniske Anel Ahmedhodzic bekr\u00e6fter nu selv rygterne om en snart forest\u00e5ende transfer til Serie A-klubben Atalanta","breadcrumb":{"@id":"https:\/\/acefootball.com\/da\/fodboldnyheder\/tidligere-superliga-profil-bekraefter-taet-paa-skifte-til-serie-a-klub\/#breadcrumb"},"inLanguage":"en-US","potentialAction":[{"@type":"ReadAction","target":["https:\/\/acefootball.com\/da\/fodboldnyheder\/tidligere-superliga-profil-bekraefter-taet-paa-skifte-til-serie-a-klub\/"]}]},{"@type":"BreadcrumbList","@id":"https:\/\/acefootball.com\/da\/fodboldnyheder\/tidligere-superliga-profil-bekraefter-taet-paa-skifte-til-serie-a-klub\/#breadcrumb","itemListElement":[{"@type":"ListItem","position":1,"name":"Home","item":"https:\/\/acefootball.com\/da\/"},{"@type":"ListItem","position":2,"name":"Tidligere Superliga-profil bekr\u00e6fter: T\u00e6t p\u00e5 skifte til Serie A-klub"}]},{"@type":"Article","@id":"https:\/\/acefootball.com\/da\/fodboldnyheder\/tidligere-superliga-profil-bekraefter-taet-paa-skifte-til-serie-a-klub\/#article","isPartOf":{"@id":"https:\/\/acefootball.com\/da\/fodboldnyheder\/tidligere-superliga-profil-bekraefter-taet-paa-skifte-til-serie-a-klub\/#webpage"},"author":{"@id":"https:\/\/acefootball.com\/da\/#\/schema\/person\/ee67e9cf04a276f144100ffa722f10cd"},"headline":"Tidligere Superliga-profil bekr\u00e6fter: T\u00e6t p\u00e5 skifte til Serie A-klub","datePublished":"2021-03-08T15:27:13+00:00","dateModified":"2021-03-08T16:26:03+00:00","mainEntityOfPage":{"@id":"https:\/\/acefootball.com\/da\/fodboldnyheder\/tidligere-superliga-profil-bekraefter-taet-paa-skifte-til-serie-a-klub\/#webpage"},"wordCount":188,"commentCount":0,"publisher":{"@id":"https:\/\/acefootball.com\/da\/#organization"},"image":{"@id":"https:\/\/acefootball.com\/da\/fodboldnyheder\/tidligere-superliga-profil-bekraefter-taet-paa-skifte-til-serie-a-klub\/#primaryimage"},"thumbnailUrl":"https:\/\/acefootball.com\/da\/wp-content\/uploads\/sites\/2\/2020\/10\/GettyImages-1168458537.jpg","keywords":["Allsvenskan","Anel Ahmedhodzic","Atalanta","Hobro IK","Malm\u00f6 FF","Serie A"],"articleSection":["Transfer"],"inLanguage":"en-US","potentialAction":[{"@type":"CommentAction","name":"Comment","target":["https:\/\/acefootball.com\/da\/fodboldnyheder\/tidligere-superliga-profil-bekraefter-taet-paa-skifte-til-serie-a-klub\/#respond"]}]},{"@type":"Person","@id":"https:\/\/acefootball.com\/da\/#\/schema\/person\/ee67e9cf04a276f144100ffa722f10cd","name":"Mads Dreyer","image":{"@type":"ImageObject","@id":"https:\/\/acefootball.com\/da\/#personlogo","inLanguage":"en-US","url":"https:\/\/secure.gravatar.com\/avatar\/7c7abf72cfde9902b6a60efe60c88d4c?s=96&d=mm&r=g","contentUrl":"https:\/\/secure.gravatar.com\/avatar\/7c7abf72cfde9902b6a60efe60c88d4c?s=96&d=mm&r=g","caption":"Mads Dreyer"},"description":"Skribent og fodboldn\u00f8rd, der lige nu fort\u00e6ller om alt og intet i fodboldverdenen p\u00e5 acefootball.com. Uddannet i kommunikation fra Aalborg Universitet.","sameAs":["https:\/\/www.linkedin.com\/in\/mads-dreyer-b9b08266\/"],"url":"https:\/\/acefootball.com\/da\/fodboldnyheder\/author\/mdnronaldo\/"}]}},"fimg_url":"https:\/\/acefootball.com\/da\/wp-content\/uploads\/sites\/2\/2020\/10\/GettyImages-1168458537.jpg","_links":{"self":[{"href":"https:\/\/acefootball.com\/da\/wp-json\/wp\/v2\/posts\/253768"}],"collection":[{"href":"https:\/\/acefootball.com\/da\/wp-json\/wp\/v2\/posts"}],"about":[{"href":"https:\/\/acefootball.com\/da\/wp-json\/wp\/v2\/types\/post"}],"author":[{"embeddable":true,"href":"https:\/\/acefootball.com\/da\/wp-json\/wp\/v2\/users\/705"}],"replies":[{"embeddable":true,"href":"https:\/\/acefootball.com\/da\/wp-json\/wp\/v2\/comments?post=253768"}],"version-history":[{"count":0,"href":"https:\/\/acefootball.com\/da\/wp-json\/wp\/v2\/posts\/253768\/revisions"}],"wp:featuredmedia":[{"embeddable":true,"href":"https:\/\/acefootball.com\/da\/wp-json\/wp\/v2\/media\/241894"}],"wp:attachment":[{"href":"https:\/\/acefootball.com\/da\/wp-json\/wp\/v2\/media?parent=253768"}],"wp:term":[{"taxonomy":"category","embeddable":true,"href":"https:\/\/acefootball.com\/da\/wp-json\/wp\/v2\/categories?post=253768"},{"taxonomy":"post_tag","embeddable":true,"href":"https:\/\/acefootball.com\/da\/wp-json\/wp\/v2\/tags?post=253768"}],"curies":[{"name":"wp","href":"https:\/\/api.w.org\/{rel}","templated":true}]}}