{"id":253764,"date":"2021-03-08T16:05:34","date_gmt":"2021-03-08T15:05:34","guid":{"rendered":"https:\/\/acefootball.com\/da\/?p=253764"},"modified":"2021-03-08T16:05:35","modified_gmt":"2021-03-08T15:05:35","slug":"medie-storklub-vil-gafle-transferfri-diego-costa","status":"publish","type":"post","link":"https:\/\/acefootball.com\/da\/fodboldnyheder\/medie-storklub-vil-gafle-transferfri-diego-costa\/","title":{"rendered":"Medie: Storklub vil gafle transferfri Diego Costa"},"content":{"rendered":"\n<h2 id=\"h-if-lge-goal-har-benfica-sendt-et-kontrakttilbud-afsted-til-diego-costa-der-i-starten-af-ret-br-d-med-atl-tico-madrid\">If\u00f8lge Goal har Benfica sendt et kontrakttilbud afsted til Diego Costa, der i starten af \u00e5ret br\u00f8d med Atl\u00e9tico Madrid<\/h2>\n\n\n\n<p>Ved starten af det nye \u00e5r meddelte Atl\u00e9tico Madrid, at man havde afbrudt kontrakten med Diego Costa, som havde d\u00f8jet med flere skader det seneste lange stykke tid.<\/p>\n\n\n\n<p>Siden har det v\u00e6ret rygtet i krogene, at 32-\u00e5rige Costa kunne v\u00e6re p\u00e5 vej tilbage til Brasilien, ligesom et Premier League-retur kunne lure, men nu er der angiveligt kommet en seri\u00f8s bejler p\u00e5 markedet.<\/p>\n\n\n\n<p>If\u00f8lge <a href=\"https:\/\/www.goal.com\/en\/news\/diego-costa-offered-3m-per-year-contract-at-benfica\/1m7ga085eum7x1v2hapyzs2e4d\" target=\"_blank\" rel=\"noreferrer noopener\">Goal <\/a>har den portugisiske storklub, Benfica, nemlig sendt et konkret kontrakttilbud afsted til Diego Costa-lejren.<\/p>\n\n\n\n<p>Mediet skriver, at Benfica er klar til at give Costa en to\u00e5rig kontrakt til en v\u00e6rdi af omkring 45 millioner kroner, og det er efter sigende noget, den tidligere spanske landsholdsspiller er ganske opsat p\u00e5.<\/p>\n\n\n\n<p>Helt s\u00e5 meget st\u00e5r Marek Hamsik ikke til at tjene p\u00e5 sit overraskende skifte til svensk fodbold. L\u00e6s mere her:<\/p>\n\n\n\n<figure class=\"wp-block-embed is-type-wp-embed is-provider-ace-football-danmark wp-block-embed-ace-football-danmark\"><div class=\"wp-block-embed__wrapper\">\n<blockquote class=\"wp-embedded-content\" data-secret=\"DnOELZ7t83\"><a href=\"https:\/\/acefootball.com\/da\/fodboldnyheder\/avis-afsloerer-saa-lidt-kommer-marek-hamsik-til-at-tjene-i-sverige\/\">Avis afsl\u00f8rer: S\u00e5 lidt kommer Marek Hamsik til at tjene i Sverige<\/a><\/blockquote><iframe class=\"wp-embedded-content\" sandbox=\"allow-scripts\" security=\"restricted\" style=\"position: absolute; clip: rect(1px, 1px, 1px, 1px);\" title=\"&#8220;Avis afsl\u00f8rer: S\u00e5 lidt kommer Marek Hamsik til at tjene i Sverige&#8221; &#8212; Ace Football Danmark\" src=\"https:\/\/acefootball.com\/da\/fodboldnyheder\/avis-afsloerer-saa-lidt-kommer-marek-hamsik-til-at-tjene-i-sverige\/embed\/#?secret=DnOELZ7t83\" data-secret=\"DnOELZ7t83\" width=\"600\" height=\"338\" frameborder=\"0\" marginwidth=\"0\" marginheight=\"0\" scrolling=\"no\"><\/iframe>\n<\/div><\/figure>\n","protected":false},"excerpt":{"rendered":"<p>If\u00f8lge Goal har Benfica sendt et kontrakttilbud afsted til Diego Costa, der i starten af \u00e5ret br\u00f8d med Atl\u00e9tico Madrid<\/p>\n","protected":false},"author":705,"featured_media":235455,"comment_status":"open","ping_status":"closed","sticky":false,"template":"","format":"standard","meta":{"om_disable_all_campaigns":false,"push_articles_ronaldo":{"active":false,"canonical":0,"publish":false},"force_updates":null},"categories":[7],"tags":[75,484,303,39],"enet_tags":{"team":["9906","9772"],"player":["19243"],"league":["87"],"sport_events":[]},"yoast_head":"<!-- This site is optimized with the Yoast SEO plugin v18.3 - https:\/\/yoast.com\/wordpress\/plugins\/seo\/ -->\n<title>Medie: Storklub vil gafle transferfri Diego Costa<\/title>\n<meta name=\"description\" content=\"If\u00f8lge Goal har Benfica sendt et kontrakttilbud afsted til Diego Costa, der i starten af \u00e5ret br\u00f8d med Atl\u00e9tico Madrid\" \/>\n<meta name=\"robots\" content=\"index, follow, max-snippet:-1, max-image-preview:large, max-video-preview:-1\" \/>\n<link rel=\"canonical\" href=\"https:\/\/acefootball.com\/da\/fodboldnyheder\/medie-storklub-vil-gafle-transferfri-diego-costa\/\" \/>\n<meta property=\"og:locale\" content=\"en_US\" \/>\n<meta property=\"og:type\" content=\"article\" \/>\n<meta property=\"og:title\" content=\"Medie: Storklub vil gafle transferfri Diego Costa\" \/>\n<meta property=\"og:description\" content=\"If\u00f8lge Goal har Benfica sendt et kontrakttilbud afsted til Diego Costa, der i starten af \u00e5ret br\u00f8d med Atl\u00e9tico Madrid\" \/>\n<meta property=\"og:url\" content=\"https:\/\/acefootball.com\/da\/fodboldnyheder\/medie-storklub-vil-gafle-transferfri-diego-costa\/\" \/>\n<meta property=\"og:site_name\" content=\"Ace Football Danmark\" \/>\n<meta property=\"article:publisher\" content=\"https:\/\/www.facebook.com\/acefootballdk\" \/>\n<meta property=\"article:published_time\" content=\"2021-03-08T15:05:34+00:00\" \/>\n<meta property=\"article:modified_time\" content=\"2021-03-08T15:05:35+00:00\" \/>\n<meta property=\"og:image\" content=\"https:\/\/acefootball.com\/da\/wp-content\/uploads\/sites\/2\/2020\/08\/GettyImages-1071877178.jpg\" \/>\n\t<meta property=\"og:image:width\" content=\"1024\" \/>\n\t<meta property=\"og:image:height\" content=\"689\" \/>\n\t<meta property=\"og:image:type\" content=\"image\/jpeg\" \/>\n<meta name=\"twitter:card\" content=\"summary_large_image\" \/>\n<meta name=\"twitter:label1\" content=\"Written by\" \/>\n\t<meta name=\"twitter:data1\" content=\"Mads Dreyer\" \/>\n\t<meta name=\"twitter:label2\" content=\"Est. reading time\" \/>\n\t<meta name=\"twitter:data2\" content=\"1 minute\" \/>\n<script type=\"application\/ld+json\" class=\"yoast-schema-graph\">{\"@context\":\"https:\/\/schema.org\",\"@graph\":[{\"@type\":\"Organization\",\"@id\":\"https:\/\/acefootball.com\/da\/#organization\",\"name\":\"Ace Football\",\"url\":\"https:\/\/acefootball.com\/da\/\",\"sameAs\":[\"https:\/\/www.facebook.com\/acefootballdk\"],\"logo\":{\"@type\":\"ImageObject\",\"@id\":\"https:\/\/acefootball.com\/da\/#logo\",\"inLanguage\":\"en-US\",\"url\":\"https:\/\/acefootball.com\/da\/wp-content\/uploads\/sites\/2\/2020\/07\/Ace-Football-30-07-2020-2.png\",\"contentUrl\":\"https:\/\/acefootball.com\/da\/wp-content\/uploads\/sites\/2\/2020\/07\/Ace-Football-30-07-2020-2.png\",\"width\":1200,\"height\":600,\"caption\":\"Ace Football\"},\"image\":{\"@id\":\"https:\/\/acefootball.com\/da\/#logo\"}},{\"@type\":\"WebSite\",\"@id\":\"https:\/\/acefootball.com\/da\/#website\",\"url\":\"https:\/\/acefootball.com\/da\/\",\"name\":\"Ace Football Danmark\",\"description\":\"Nyheder, Spiltips &amp; Livescore\",\"publisher\":{\"@id\":\"https:\/\/acefootball.com\/da\/#organization\"},\"potentialAction\":[{\"@type\":\"SearchAction\",\"target\":{\"@type\":\"EntryPoint\",\"urlTemplate\":\"https:\/\/acefootball.com\/da\/?s={search_term_string}\"},\"query-input\":\"required name=search_term_string\"}],\"inLanguage\":\"en-US\"},{\"@type\":\"ImageObject\",\"@id\":\"https:\/\/acefootball.com\/da\/fodboldnyheder\/medie-storklub-vil-gafle-transferfri-diego-costa\/#primaryimage\",\"inLanguage\":\"en-US\",\"url\":\"https:\/\/acefootball.com\/da\/wp-content\/uploads\/sites\/2\/2020\/08\/GettyImages-1071877178.jpg\",\"contentUrl\":\"https:\/\/acefootball.com\/da\/wp-content\/uploads\/sites\/2\/2020\/08\/GettyImages-1071877178.jpg\",\"width\":1024,\"height\":689,\"caption\":\"MADRID, SPAIN - NOVEMBER 24: Diego Costa of Atletico Madrid (R) celebrates as he scores his team's first goal wit hteam mates during the La Liga match between Club Atletico de Madrid and FC Barcelona at Wanda Metropolitano on November 24, 2018 in Madrid, Spain. (Photo by Denis Doyle\/Getty Images)\"},{\"@type\":\"WebPage\",\"@id\":\"https:\/\/acefootball.com\/da\/fodboldnyheder\/medie-storklub-vil-gafle-transferfri-diego-costa\/#webpage\",\"url\":\"https:\/\/acefootball.com\/da\/fodboldnyheder\/medie-storklub-vil-gafle-transferfri-diego-costa\/\",\"name\":\"Medie: Storklub vil gafle transferfri Diego Costa\",\"isPartOf\":{\"@id\":\"https:\/\/acefootball.com\/da\/#website\"},\"primaryImageOfPage\":{\"@id\":\"https:\/\/acefootball.com\/da\/fodboldnyheder\/medie-storklub-vil-gafle-transferfri-diego-costa\/#primaryimage\"},\"datePublished\":\"2021-03-08T15:05:34+00:00\",\"dateModified\":\"2021-03-08T15:05:35+00:00\",\"description\":\"If\u00f8lge Goal har Benfica sendt et kontrakttilbud afsted til Diego Costa, der i starten af \u00e5ret br\u00f8d med Atl\u00e9tico Madrid\",\"breadcrumb\":{\"@id\":\"https:\/\/acefootball.com\/da\/fodboldnyheder\/medie-storklub-vil-gafle-transferfri-diego-costa\/#breadcrumb\"},\"inLanguage\":\"en-US\",\"potentialAction\":[{\"@type\":\"ReadAction\",\"target\":[\"https:\/\/acefootball.com\/da\/fodboldnyheder\/medie-storklub-vil-gafle-transferfri-diego-costa\/\"]}]},{\"@type\":\"BreadcrumbList\",\"@id\":\"https:\/\/acefootball.com\/da\/fodboldnyheder\/medie-storklub-vil-gafle-transferfri-diego-costa\/#breadcrumb\",\"itemListElement\":[{\"@type\":\"ListItem\",\"position\":1,\"name\":\"Home\",\"item\":\"https:\/\/acefootball.com\/da\/\"},{\"@type\":\"ListItem\",\"position\":2,\"name\":\"Medie: Storklub vil gafle transferfri Diego Costa\"}]},{\"@type\":\"Article\",\"@id\":\"https:\/\/acefootball.com\/da\/fodboldnyheder\/medie-storklub-vil-gafle-transferfri-diego-costa\/#article\",\"isPartOf\":{\"@id\":\"https:\/\/acefootball.com\/da\/fodboldnyheder\/medie-storklub-vil-gafle-transferfri-diego-costa\/#webpage\"},\"author\":{\"@id\":\"https:\/\/acefootball.com\/da\/#\/schema\/person\/ee67e9cf04a276f144100ffa722f10cd\"},\"headline\":\"Medie: Storklub vil gafle transferfri Diego Costa\",\"datePublished\":\"2021-03-08T15:05:34+00:00\",\"dateModified\":\"2021-03-08T15:05:35+00:00\",\"mainEntityOfPage\":{\"@id\":\"https:\/\/acefootball.com\/da\/fodboldnyheder\/medie-storklub-vil-gafle-transferfri-diego-costa\/#webpage\"},\"wordCount\":179,\"commentCount\":0,\"publisher\":{\"@id\":\"https:\/\/acefootball.com\/da\/#organization\"},\"image\":{\"@id\":\"https:\/\/acefootball.com\/da\/fodboldnyheder\/medie-storklub-vil-gafle-transferfri-diego-costa\/#primaryimage\"},\"thumbnailUrl\":\"https:\/\/acefootball.com\/da\/wp-content\/uploads\/sites\/2\/2020\/08\/GettyImages-1071877178.jpg\",\"keywords\":[\"Atletico Madrid\",\"Diego Costa\",\"La Liga\",\"SL Benfica\"],\"articleSection\":[\"Transfer\"],\"inLanguage\":\"en-US\",\"potentialAction\":[{\"@type\":\"CommentAction\",\"name\":\"Comment\",\"target\":[\"https:\/\/acefootball.com\/da\/fodboldnyheder\/medie-storklub-vil-gafle-transferfri-diego-costa\/#respond\"]}]},{\"@type\":\"Person\",\"@id\":\"https:\/\/acefootball.com\/da\/#\/schema\/person\/ee67e9cf04a276f144100ffa722f10cd\",\"name\":\"Mads Dreyer\",\"image\":{\"@type\":\"ImageObject\",\"@id\":\"https:\/\/acefootball.com\/da\/#personlogo\",\"inLanguage\":\"en-US\",\"url\":\"https:\/\/secure.gravatar.com\/avatar\/7c7abf72cfde9902b6a60efe60c88d4c?s=96&d=mm&r=g\",\"contentUrl\":\"https:\/\/secure.gravatar.com\/avatar\/7c7abf72cfde9902b6a60efe60c88d4c?s=96&d=mm&r=g\",\"caption\":\"Mads Dreyer\"},\"description\":\"Skribent og fodboldn\u00f8rd, der lige nu fort\u00e6ller om alt og intet i fodboldverdenen p\u00e5 acefootball.com. Uddannet i kommunikation fra Aalborg Universitet.\",\"sameAs\":[\"https:\/\/www.linkedin.com\/in\/mads-dreyer-b9b08266\/\"],\"url\":\"https:\/\/acefootball.com\/da\/fodboldnyheder\/author\/mdnronaldo\/\"}]}<\/script>\n<!-- \/ Yoast SEO plugin. -->","yoast_head_json":{"title":"Medie: Storklub vil gafle transferfri Diego Costa","description":"If\u00f8lge Goal har Benfica sendt et kontrakttilbud afsted til Diego Costa, der i starten af \u00e5ret br\u00f8d med Atl\u00e9tico Madrid","robots":{"index":"index","follow":"follow","max-snippet":"max-snippet:-1","max-image-preview":"max-image-preview:large","max-video-preview":"max-video-preview:-1"},"canonical":"https:\/\/acefootball.com\/da\/fodboldnyheder\/medie-storklub-vil-gafle-transferfri-diego-costa\/","og_locale":"en_US","og_type":"article","og_title":"Medie: Storklub vil gafle transferfri Diego Costa","og_description":"If\u00f8lge Goal har Benfica sendt et kontrakttilbud afsted til Diego Costa, der i starten af \u00e5ret br\u00f8d med Atl\u00e9tico Madrid","og_url":"https:\/\/acefootball.com\/da\/fodboldnyheder\/medie-storklub-vil-gafle-transferfri-diego-costa\/","og_site_name":"Ace Football Danmark","article_publisher":"https:\/\/www.facebook.com\/acefootballdk","article_published_time":"2021-03-08T15:05:34+00:00","article_modified_time":"2021-03-08T15:05:35+00:00","og_image":[{"width":1024,"height":689,"url":"https:\/\/acefootball.com\/da\/wp-content\/uploads\/sites\/2\/2020\/08\/GettyImages-1071877178.jpg","type":"image\/jpeg"}],"twitter_card":"summary_large_image","twitter_misc":{"Written by":"Mads Dreyer","Est. reading time":"1 minute"},"schema":{"@context":"https:\/\/schema.org","@graph":[{"@type":"Organization","@id":"https:\/\/acefootball.com\/da\/#organization","name":"Ace Football","url":"https:\/\/acefootball.com\/da\/","sameAs":["https:\/\/www.facebook.com\/acefootballdk"],"logo":{"@type":"ImageObject","@id":"https:\/\/acefootball.com\/da\/#logo","inLanguage":"en-US","url":"https:\/\/acefootball.com\/da\/wp-content\/uploads\/sites\/2\/2020\/07\/Ace-Football-30-07-2020-2.png","contentUrl":"https:\/\/acefootball.com\/da\/wp-content\/uploads\/sites\/2\/2020\/07\/Ace-Football-30-07-2020-2.png","width":1200,"height":600,"caption":"Ace Football"},"image":{"@id":"https:\/\/acefootball.com\/da\/#logo"}},{"@type":"WebSite","@id":"https:\/\/acefootball.com\/da\/#website","url":"https:\/\/acefootball.com\/da\/","name":"Ace Football Danmark","description":"Nyheder, Spiltips &amp; Livescore","publisher":{"@id":"https:\/\/acefootball.com\/da\/#organization"},"potentialAction":[{"@type":"SearchAction","target":{"@type":"EntryPoint","urlTemplate":"https:\/\/acefootball.com\/da\/?s={search_term_string}"},"query-input":"required name=search_term_string"}],"inLanguage":"en-US"},{"@type":"ImageObject","@id":"https:\/\/acefootball.com\/da\/fodboldnyheder\/medie-storklub-vil-gafle-transferfri-diego-costa\/#primaryimage","inLanguage":"en-US","url":"https:\/\/acefootball.com\/da\/wp-content\/uploads\/sites\/2\/2020\/08\/GettyImages-1071877178.jpg","contentUrl":"https:\/\/acefootball.com\/da\/wp-content\/uploads\/sites\/2\/2020\/08\/GettyImages-1071877178.jpg","width":1024,"height":689,"caption":"MADRID, SPAIN - NOVEMBER 24: Diego Costa of Atletico Madrid (R) celebrates as he scores his team's first goal wit hteam mates during the La Liga match between Club Atletico de Madrid and FC Barcelona at Wanda Metropolitano on November 24, 2018 in Madrid, Spain. (Photo by Denis Doyle\/Getty Images)"},{"@type":"WebPage","@id":"https:\/\/acefootball.com\/da\/fodboldnyheder\/medie-storklub-vil-gafle-transferfri-diego-costa\/#webpage","url":"https:\/\/acefootball.com\/da\/fodboldnyheder\/medie-storklub-vil-gafle-transferfri-diego-costa\/","name":"Medie: Storklub vil gafle transferfri Diego Costa","isPartOf":{"@id":"https:\/\/acefootball.com\/da\/#website"},"primaryImageOfPage":{"@id":"https:\/\/acefootball.com\/da\/fodboldnyheder\/medie-storklub-vil-gafle-transferfri-diego-costa\/#primaryimage"},"datePublished":"2021-03-08T15:05:34+00:00","dateModified":"2021-03-08T15:05:35+00:00","description":"If\u00f8lge Goal har Benfica sendt et kontrakttilbud afsted til Diego Costa, der i starten af \u00e5ret br\u00f8d med Atl\u00e9tico Madrid","breadcrumb":{"@id":"https:\/\/acefootball.com\/da\/fodboldnyheder\/medie-storklub-vil-gafle-transferfri-diego-costa\/#breadcrumb"},"inLanguage":"en-US","potentialAction":[{"@type":"ReadAction","target":["https:\/\/acefootball.com\/da\/fodboldnyheder\/medie-storklub-vil-gafle-transferfri-diego-costa\/"]}]},{"@type":"BreadcrumbList","@id":"https:\/\/acefootball.com\/da\/fodboldnyheder\/medie-storklub-vil-gafle-transferfri-diego-costa\/#breadcrumb","itemListElement":[{"@type":"ListItem","position":1,"name":"Home","item":"https:\/\/acefootball.com\/da\/"},{"@type":"ListItem","position":2,"name":"Medie: Storklub vil gafle transferfri Diego Costa"}]},{"@type":"Article","@id":"https:\/\/acefootball.com\/da\/fodboldnyheder\/medie-storklub-vil-gafle-transferfri-diego-costa\/#article","isPartOf":{"@id":"https:\/\/acefootball.com\/da\/fodboldnyheder\/medie-storklub-vil-gafle-transferfri-diego-costa\/#webpage"},"author":{"@id":"https:\/\/acefootball.com\/da\/#\/schema\/person\/ee67e9cf04a276f144100ffa722f10cd"},"headline":"Medie: Storklub vil gafle transferfri Diego Costa","datePublished":"2021-03-08T15:05:34+00:00","dateModified":"2021-03-08T15:05:35+00:00","mainEntityOfPage":{"@id":"https:\/\/acefootball.com\/da\/fodboldnyheder\/medie-storklub-vil-gafle-transferfri-diego-costa\/#webpage"},"wordCount":179,"commentCount":0,"publisher":{"@id":"https:\/\/acefootball.com\/da\/#organization"},"image":{"@id":"https:\/\/acefootball.com\/da\/fodboldnyheder\/medie-storklub-vil-gafle-transferfri-diego-costa\/#primaryimage"},"thumbnailUrl":"https:\/\/acefootball.com\/da\/wp-content\/uploads\/sites\/2\/2020\/08\/GettyImages-1071877178.jpg","keywords":["Atletico Madrid","Diego Costa","La Liga","SL Benfica"],"articleSection":["Transfer"],"inLanguage":"en-US","potentialAction":[{"@type":"CommentAction","name":"Comment","target":["https:\/\/acefootball.com\/da\/fodboldnyheder\/medie-storklub-vil-gafle-transferfri-diego-costa\/#respond"]}]},{"@type":"Person","@id":"https:\/\/acefootball.com\/da\/#\/schema\/person\/ee67e9cf04a276f144100ffa722f10cd","name":"Mads Dreyer","image":{"@type":"ImageObject","@id":"https:\/\/acefootball.com\/da\/#personlogo","inLanguage":"en-US","url":"https:\/\/secure.gravatar.com\/avatar\/7c7abf72cfde9902b6a60efe60c88d4c?s=96&d=mm&r=g","contentUrl":"https:\/\/secure.gravatar.com\/avatar\/7c7abf72cfde9902b6a60efe60c88d4c?s=96&d=mm&r=g","caption":"Mads Dreyer"},"description":"Skribent og fodboldn\u00f8rd, der lige nu fort\u00e6ller om alt og intet i fodboldverdenen p\u00e5 acefootball.com. Uddannet i kommunikation fra Aalborg Universitet.","sameAs":["https:\/\/www.linkedin.com\/in\/mads-dreyer-b9b08266\/"],"url":"https:\/\/acefootball.com\/da\/fodboldnyheder\/author\/mdnronaldo\/"}]}},"fimg_url":"https:\/\/acefootball.com\/da\/wp-content\/uploads\/sites\/2\/2020\/08\/GettyImages-1071877178.jpg","_links":{"self":[{"href":"https:\/\/acefootball.com\/da\/wp-json\/wp\/v2\/posts\/253764"}],"collection":[{"href":"https:\/\/acefootball.com\/da\/wp-json\/wp\/v2\/posts"}],"about":[{"href":"https:\/\/acefootball.com\/da\/wp-json\/wp\/v2\/types\/post"}],"author":[{"embeddable":true,"href":"https:\/\/acefootball.com\/da\/wp-json\/wp\/v2\/users\/705"}],"replies":[{"embeddable":true,"href":"https:\/\/acefootball.com\/da\/wp-json\/wp\/v2\/comments?post=253764"}],"version-history":[{"count":0,"href":"https:\/\/acefootball.com\/da\/wp-json\/wp\/v2\/posts\/253764\/revisions"}],"wp:featuredmedia":[{"embeddable":true,"href":"https:\/\/acefootball.com\/da\/wp-json\/wp\/v2\/media\/235455"}],"wp:attachment":[{"href":"https:\/\/acefootball.com\/da\/wp-json\/wp\/v2\/media?parent=253764"}],"wp:term":[{"taxonomy":"category","embeddable":true,"href":"https:\/\/acefootball.com\/da\/wp-json\/wp\/v2\/categories?post=253764"},{"taxonomy":"post_tag","embeddable":true,"href":"https:\/\/acefootball.com\/da\/wp-json\/wp\/v2\/tags?post=253764"}],"curies":[{"name":"wp","href":"https:\/\/api.w.org\/{rel}","templated":true}]}}