{"id":253736,"date":"2021-03-08T14:31:40","date_gmt":"2021-03-08T13:31:40","guid":{"rendered":"https:\/\/acefootball.com\/da\/?p=253736"},"modified":"2021-03-08T14:31:41","modified_gmt":"2021-03-08T13:31:41","slug":"saa-er-laporta-landet-i-barca-vil-nappe-stjerne-for-naesen-af-real-madrid","status":"publish","type":"post","link":"https:\/\/acefootball.com\/da\/fodboldnyheder\/saa-er-laporta-landet-i-barca-vil-nappe-stjerne-for-naesen-af-real-madrid\/","title":{"rendered":"S\u00e5 er Laporta landet i Barca: Vil nappe stjerne for n\u00e6sen af Real Madrid"},"content":{"rendered":"\n<h2 id=\"h-if-lge-den-spanske-avis-as-har-den-nye-barcelona-pr-sident-joan-laporta-udset-sig-bayern-m-nchens-david-alaba-som-f-rste-transferm-l\">If\u00f8lge den spanske avis AS har den nye Barcelona-pr\u00e6sident Joan Laporta udset sig Bayern M\u00fcnchens David Alaba som f\u00f8rste transferm\u00e5l<\/h2>\n\n\n\n<p>I g\u00e5r blev det officielt, at Joan Laporta er tilbage som pr\u00e6sident i FC Barcelona, da han vandt pr\u00e6sidentvalget sikkert foran Viktor Font og Toni Freixa.<\/p>\n\n\n\n<figure class=\"wp-block-embed is-type-wp-embed is-provider-ace-football-danmark wp-block-embed-ace-football-danmark\"><div class=\"wp-block-embed__wrapper\">\n<blockquote class=\"wp-embedded-content\" data-secret=\"HAD65BzoMC\"><a href=\"https:\/\/acefootball.com\/da\/fodboldnyheder\/barca-fans-kan-ikke-faa-haenderne-ned-efter-praesidentvalg-nu-kan-terroren-mod-madrid-begynde\/\">Barca-fans kan ikke f\u00e5 h\u00e6nderne ned efter pr\u00e6sidentvalg: Nu kan terroren mod Madrid begynde<\/a><\/blockquote><iframe class=\"wp-embedded-content\" sandbox=\"allow-scripts\" security=\"restricted\" style=\"position: absolute; clip: rect(1px, 1px, 1px, 1px);\" title=\"&#8220;Barca-fans kan ikke f\u00e5 h\u00e6nderne ned efter pr\u00e6sidentvalg: Nu kan terroren mod Madrid begynde&#8221; &#8212; Ace Football Danmark\" src=\"https:\/\/acefootball.com\/da\/fodboldnyheder\/barca-fans-kan-ikke-faa-haenderne-ned-efter-praesidentvalg-nu-kan-terroren-mod-madrid-begynde\/embed\/#?secret=HAD65BzoMC\" data-secret=\"HAD65BzoMC\" width=\"600\" height=\"338\" frameborder=\"0\" marginwidth=\"0\" marginheight=\"0\" scrolling=\"no\"><\/iframe>\n<\/div><\/figure>\n\n\n\n<p>Den nye pr\u00e6sident har da heller ikke spildt tiden siden triumfen, for allerede i dag er der rygter om, hvem han vil hente til klubben som forst\u00e6rkning.<\/p>\n\n\n\n<p>Ikke overraskende har Laporta fokus p\u00e5 defensiven, der m\u00e5 siges at have haltet meget i denne s\u00e6son, og if\u00f8lge den store avis AS har han alts\u00e5 planer om at g\u00e5 benh\u00e5rdt efter David Alaba, der denne sommer kan skifte p\u00e5 en fri transfer.<\/p>\n\n\n\n<p>Der er dog en anden spansk avis, der mener at Alaba allerede har besluttet sig for at tage til Real Madrid, men m\u00e5ske den nye pr\u00e6sident har et es i \u00e6rmet?<\/p>\n\n\n\n<figure class=\"wp-block-embed is-type-wp-embed is-provider-ace-football-danmark wp-block-embed-ace-football-danmark\"><div class=\"wp-block-embed__wrapper\">\n<blockquote class=\"wp-embedded-content\" data-secret=\"xJarG9VL5A\"><a href=\"https:\/\/acefootball.com\/da\/fodboldnyheder\/kaempetransfer-paa-vej-david-alaba-har-valgt-sin-nye-klub\/\">K\u00e6mpetransfer p\u00e5 vej: David  Alaba har valgt sin nye klub<\/a><\/blockquote><iframe class=\"wp-embedded-content\" sandbox=\"allow-scripts\" security=\"restricted\" style=\"position: absolute; clip: rect(1px, 1px, 1px, 1px);\" title=\"&#8220;K\u00e6mpetransfer p\u00e5 vej: David  Alaba har valgt sin nye klub&#8221; &#8212; Ace Football Danmark\" src=\"https:\/\/acefootball.com\/da\/fodboldnyheder\/kaempetransfer-paa-vej-david-alaba-har-valgt-sin-nye-klub\/embed\/#?secret=xJarG9VL5A\" data-secret=\"xJarG9VL5A\" width=\"600\" height=\"338\" frameborder=\"0\" marginwidth=\"0\" marginheight=\"0\" scrolling=\"no\"><\/iframe>\n<\/div><\/figure>\n","protected":false},"excerpt":{"rendered":"<p>If\u00f8lge den spanske avis AS har den nye Barcelona-pr\u00e6sident Joan Laporta udset sig Bayern M\u00fcnchens David Alaba som f\u00f8rste transferm\u00e5l<\/p>\n","protected":false},"author":74,"featured_media":253690,"comment_status":"open","ping_status":"closed","sticky":false,"template":"","format":"standard","meta":{"om_disable_all_campaigns":false,"push_articles_ronaldo":{"active":false,"canonical":0,"publish":false},"force_updates":null},"categories":[7],"tags":[74,2357,41,303],"enet_tags":{"team":["9823","8634"],"player":["121633"],"league":["87"],"sport_events":[]},"yoast_head":"<!-- This site is optimized with the Yoast SEO plugin v18.3 - https:\/\/yoast.com\/wordpress\/plugins\/seo\/ -->\n<title>S\u00e5 er Laporta landet i Barca: Vil nappe stjerne for n\u00e6sen af Real Madrid<\/title>\n<meta name=\"description\" content=\"If\u00f8lge den spanske avis AS har den nye Barcelona-pr\u00e6sident Joan Laporta udset sig Bayern M\u00fcnchens David Alaba som f\u00f8rste transferm\u00e5l\" \/>\n<meta name=\"robots\" content=\"index, follow, max-snippet:-1, max-image-preview:large, max-video-preview:-1\" \/>\n<link rel=\"canonical\" href=\"https:\/\/acefootball.com\/da\/fodboldnyheder\/saa-er-laporta-landet-i-barca-vil-nappe-stjerne-for-naesen-af-real-madrid\/\" \/>\n<meta property=\"og:locale\" content=\"en_US\" \/>\n<meta property=\"og:type\" content=\"article\" \/>\n<meta property=\"og:title\" content=\"S\u00e5 er Laporta landet i Barca: Vil nappe stjerne for n\u00e6sen af Real Madrid\" \/>\n<meta property=\"og:description\" content=\"If\u00f8lge den spanske avis AS har den nye Barcelona-pr\u00e6sident Joan Laporta udset sig Bayern M\u00fcnchens David Alaba som f\u00f8rste transferm\u00e5l\" \/>\n<meta property=\"og:url\" content=\"https:\/\/acefootball.com\/da\/fodboldnyheder\/saa-er-laporta-landet-i-barca-vil-nappe-stjerne-for-naesen-af-real-madrid\/\" \/>\n<meta property=\"og:site_name\" content=\"Ace Football Danmark\" \/>\n<meta property=\"article:publisher\" content=\"https:\/\/www.facebook.com\/acefootballdk\" \/>\n<meta property=\"article:published_time\" content=\"2021-03-08T13:31:40+00:00\" \/>\n<meta property=\"article:modified_time\" content=\"2021-03-08T13:31:41+00:00\" \/>\n<meta property=\"og:image\" content=\"https:\/\/acefootball.com\/da\/wp-content\/uploads\/sites\/2\/2021\/03\/GettyImages-1305869229.jpg\" \/>\n\t<meta property=\"og:image:width\" content=\"1024\" \/>\n\t<meta property=\"og:image:height\" content=\"683\" \/>\n\t<meta property=\"og:image:type\" content=\"image\/jpeg\" \/>\n<meta name=\"twitter:card\" content=\"summary_large_image\" \/>\n<meta name=\"twitter:label1\" content=\"Written by\" \/>\n\t<meta name=\"twitter:data1\" content=\"Patrick Hesselb\u00e6k\" \/>\n\t<meta name=\"twitter:label2\" content=\"Est. reading time\" \/>\n\t<meta name=\"twitter:data2\" content=\"1 minute\" \/>\n<script type=\"application\/ld+json\" class=\"yoast-schema-graph\">{\"@context\":\"https:\/\/schema.org\",\"@graph\":[{\"@type\":\"Organization\",\"@id\":\"https:\/\/acefootball.com\/da\/#organization\",\"name\":\"Ace Football\",\"url\":\"https:\/\/acefootball.com\/da\/\",\"sameAs\":[\"https:\/\/www.facebook.com\/acefootballdk\"],\"logo\":{\"@type\":\"ImageObject\",\"@id\":\"https:\/\/acefootball.com\/da\/#logo\",\"inLanguage\":\"en-US\",\"url\":\"https:\/\/acefootball.com\/da\/wp-content\/uploads\/sites\/2\/2020\/07\/Ace-Football-30-07-2020-2.png\",\"contentUrl\":\"https:\/\/acefootball.com\/da\/wp-content\/uploads\/sites\/2\/2020\/07\/Ace-Football-30-07-2020-2.png\",\"width\":1200,\"height\":600,\"caption\":\"Ace Football\"},\"image\":{\"@id\":\"https:\/\/acefootball.com\/da\/#logo\"}},{\"@type\":\"WebSite\",\"@id\":\"https:\/\/acefootball.com\/da\/#website\",\"url\":\"https:\/\/acefootball.com\/da\/\",\"name\":\"Ace Football Danmark\",\"description\":\"Nyheder, Spiltips &amp; Livescore\",\"publisher\":{\"@id\":\"https:\/\/acefootball.com\/da\/#organization\"},\"potentialAction\":[{\"@type\":\"SearchAction\",\"target\":{\"@type\":\"EntryPoint\",\"urlTemplate\":\"https:\/\/acefootball.com\/da\/?s={search_term_string}\"},\"query-input\":\"required name=search_term_string\"}],\"inLanguage\":\"en-US\"},{\"@type\":\"ImageObject\",\"@id\":\"https:\/\/acefootball.com\/da\/fodboldnyheder\/saa-er-laporta-landet-i-barca-vil-nappe-stjerne-for-naesen-af-real-madrid\/#primaryimage\",\"inLanguage\":\"en-US\",\"url\":\"https:\/\/acefootball.com\/da\/wp-content\/uploads\/sites\/2\/2021\/03\/GettyImages-1305869229.jpg\",\"contentUrl\":\"https:\/\/acefootball.com\/da\/wp-content\/uploads\/sites\/2\/2021\/03\/GettyImages-1305869229.jpg\",\"width\":1024,\"height\":683,\"caption\":\"BARCELONA, SPAIN - MARCH 07: New FC Barcelona President Joan Laporta celebrates during a press conference following his victory in the FC Barcelona President Elections at Camp Nou on March 07, 2021 in Barcelona, Spain. (Photo by David Ramos\/Getty Images)\"},{\"@type\":\"WebPage\",\"@id\":\"https:\/\/acefootball.com\/da\/fodboldnyheder\/saa-er-laporta-landet-i-barca-vil-nappe-stjerne-for-naesen-af-real-madrid\/#webpage\",\"url\":\"https:\/\/acefootball.com\/da\/fodboldnyheder\/saa-er-laporta-landet-i-barca-vil-nappe-stjerne-for-naesen-af-real-madrid\/\",\"name\":\"S\u00e5 er Laporta landet i Barca: Vil nappe stjerne for n\u00e6sen af Real Madrid\",\"isPartOf\":{\"@id\":\"https:\/\/acefootball.com\/da\/#website\"},\"primaryImageOfPage\":{\"@id\":\"https:\/\/acefootball.com\/da\/fodboldnyheder\/saa-er-laporta-landet-i-barca-vil-nappe-stjerne-for-naesen-af-real-madrid\/#primaryimage\"},\"datePublished\":\"2021-03-08T13:31:40+00:00\",\"dateModified\":\"2021-03-08T13:31:41+00:00\",\"description\":\"If\u00f8lge den spanske avis AS har den nye Barcelona-pr\u00e6sident Joan Laporta udset sig Bayern M\u00fcnchens David Alaba som f\u00f8rste transferm\u00e5l\",\"breadcrumb\":{\"@id\":\"https:\/\/acefootball.com\/da\/fodboldnyheder\/saa-er-laporta-landet-i-barca-vil-nappe-stjerne-for-naesen-af-real-madrid\/#breadcrumb\"},\"inLanguage\":\"en-US\",\"potentialAction\":[{\"@type\":\"ReadAction\",\"target\":[\"https:\/\/acefootball.com\/da\/fodboldnyheder\/saa-er-laporta-landet-i-barca-vil-nappe-stjerne-for-naesen-af-real-madrid\/\"]}]},{\"@type\":\"BreadcrumbList\",\"@id\":\"https:\/\/acefootball.com\/da\/fodboldnyheder\/saa-er-laporta-landet-i-barca-vil-nappe-stjerne-for-naesen-af-real-madrid\/#breadcrumb\",\"itemListElement\":[{\"@type\":\"ListItem\",\"position\":1,\"name\":\"Home\",\"item\":\"https:\/\/acefootball.com\/da\/\"},{\"@type\":\"ListItem\",\"position\":2,\"name\":\"S\u00e5 er Laporta landet i Barca: Vil nappe stjerne for n\u00e6sen af Real Madrid\"}]},{\"@type\":\"Article\",\"@id\":\"https:\/\/acefootball.com\/da\/fodboldnyheder\/saa-er-laporta-landet-i-barca-vil-nappe-stjerne-for-naesen-af-real-madrid\/#article\",\"isPartOf\":{\"@id\":\"https:\/\/acefootball.com\/da\/fodboldnyheder\/saa-er-laporta-landet-i-barca-vil-nappe-stjerne-for-naesen-af-real-madrid\/#webpage\"},\"author\":{\"@id\":\"https:\/\/acefootball.com\/da\/#\/schema\/person\/fd6223a1c033400b41da7853ddf88c84\"},\"headline\":\"S\u00e5 er Laporta landet i Barca: Vil nappe stjerne for n\u00e6sen af Real Madrid\",\"datePublished\":\"2021-03-08T13:31:40+00:00\",\"dateModified\":\"2021-03-08T13:31:41+00:00\",\"mainEntityOfPage\":{\"@id\":\"https:\/\/acefootball.com\/da\/fodboldnyheder\/saa-er-laporta-landet-i-barca-vil-nappe-stjerne-for-naesen-af-real-madrid\/#webpage\"},\"wordCount\":189,\"commentCount\":0,\"publisher\":{\"@id\":\"https:\/\/acefootball.com\/da\/#organization\"},\"image\":{\"@id\":\"https:\/\/acefootball.com\/da\/fodboldnyheder\/saa-er-laporta-landet-i-barca-vil-nappe-stjerne-for-naesen-af-real-madrid\/#primaryimage\"},\"thumbnailUrl\":\"https:\/\/acefootball.com\/da\/wp-content\/uploads\/sites\/2\/2021\/03\/GettyImages-1305869229.jpg\",\"keywords\":[\"Bayern M\u00fcnchen\",\"David Alaba\",\"FC Barcelona\",\"La Liga\"],\"articleSection\":[\"Transfer\"],\"inLanguage\":\"en-US\",\"potentialAction\":[{\"@type\":\"CommentAction\",\"name\":\"Comment\",\"target\":[\"https:\/\/acefootball.com\/da\/fodboldnyheder\/saa-er-laporta-landet-i-barca-vil-nappe-stjerne-for-naesen-af-real-madrid\/#respond\"]}]},{\"@type\":\"Person\",\"@id\":\"https:\/\/acefootball.com\/da\/#\/schema\/person\/fd6223a1c033400b41da7853ddf88c84\",\"name\":\"Patrick Hesselb\u00e6k\",\"image\":{\"@type\":\"ImageObject\",\"@id\":\"https:\/\/acefootball.com\/da\/#personlogo\",\"inLanguage\":\"en-US\",\"url\":\"https:\/\/secure.gravatar.com\/avatar\/7919060992759bffbffb199d6cbdce6f?s=96&d=mm&r=g\",\"contentUrl\":\"https:\/\/secure.gravatar.com\/avatar\/7919060992759bffbffb199d6cbdce6f?s=96&d=mm&r=g\",\"caption\":\"Patrick Hesselb\u00e6k\"},\"description\":\"Redakt\u00f8r p\u00e5 den danske Ace Football-redaktion. Uddannet i kommunikation fra Aalborg Universitet. Prim\u00e6rt fokus p\u00e5 den danske 3F Superliga og de st\u00f8rste europ\u00e6iske turneringer.\",\"sameAs\":[\"https:\/\/www.linkedin.com\/in\/patrick-hesselbk-2a4b1711a\/\"],\"url\":\"https:\/\/acefootball.com\/da\/fodboldnyheder\/author\/patrickhesselbaek\/\"}]}<\/script>\n<!-- \/ Yoast SEO plugin. -->","yoast_head_json":{"title":"S\u00e5 er Laporta landet i Barca: Vil nappe stjerne for n\u00e6sen af Real Madrid","description":"If\u00f8lge den spanske avis AS har den nye Barcelona-pr\u00e6sident Joan Laporta udset sig Bayern M\u00fcnchens David Alaba som f\u00f8rste transferm\u00e5l","robots":{"index":"index","follow":"follow","max-snippet":"max-snippet:-1","max-image-preview":"max-image-preview:large","max-video-preview":"max-video-preview:-1"},"canonical":"https:\/\/acefootball.com\/da\/fodboldnyheder\/saa-er-laporta-landet-i-barca-vil-nappe-stjerne-for-naesen-af-real-madrid\/","og_locale":"en_US","og_type":"article","og_title":"S\u00e5 er Laporta landet i Barca: Vil nappe stjerne for n\u00e6sen af Real Madrid","og_description":"If\u00f8lge den spanske avis AS har den nye Barcelona-pr\u00e6sident Joan Laporta udset sig Bayern M\u00fcnchens David Alaba som f\u00f8rste transferm\u00e5l","og_url":"https:\/\/acefootball.com\/da\/fodboldnyheder\/saa-er-laporta-landet-i-barca-vil-nappe-stjerne-for-naesen-af-real-madrid\/","og_site_name":"Ace Football Danmark","article_publisher":"https:\/\/www.facebook.com\/acefootballdk","article_published_time":"2021-03-08T13:31:40+00:00","article_modified_time":"2021-03-08T13:31:41+00:00","og_image":[{"width":1024,"height":683,"url":"https:\/\/acefootball.com\/da\/wp-content\/uploads\/sites\/2\/2021\/03\/GettyImages-1305869229.jpg","type":"image\/jpeg"}],"twitter_card":"summary_large_image","twitter_misc":{"Written by":"Patrick Hesselb\u00e6k","Est. reading time":"1 minute"},"schema":{"@context":"https:\/\/schema.org","@graph":[{"@type":"Organization","@id":"https:\/\/acefootball.com\/da\/#organization","name":"Ace Football","url":"https:\/\/acefootball.com\/da\/","sameAs":["https:\/\/www.facebook.com\/acefootballdk"],"logo":{"@type":"ImageObject","@id":"https:\/\/acefootball.com\/da\/#logo","inLanguage":"en-US","url":"https:\/\/acefootball.com\/da\/wp-content\/uploads\/sites\/2\/2020\/07\/Ace-Football-30-07-2020-2.png","contentUrl":"https:\/\/acefootball.com\/da\/wp-content\/uploads\/sites\/2\/2020\/07\/Ace-Football-30-07-2020-2.png","width":1200,"height":600,"caption":"Ace Football"},"image":{"@id":"https:\/\/acefootball.com\/da\/#logo"}},{"@type":"WebSite","@id":"https:\/\/acefootball.com\/da\/#website","url":"https:\/\/acefootball.com\/da\/","name":"Ace Football Danmark","description":"Nyheder, Spiltips &amp; Livescore","publisher":{"@id":"https:\/\/acefootball.com\/da\/#organization"},"potentialAction":[{"@type":"SearchAction","target":{"@type":"EntryPoint","urlTemplate":"https:\/\/acefootball.com\/da\/?s={search_term_string}"},"query-input":"required name=search_term_string"}],"inLanguage":"en-US"},{"@type":"ImageObject","@id":"https:\/\/acefootball.com\/da\/fodboldnyheder\/saa-er-laporta-landet-i-barca-vil-nappe-stjerne-for-naesen-af-real-madrid\/#primaryimage","inLanguage":"en-US","url":"https:\/\/acefootball.com\/da\/wp-content\/uploads\/sites\/2\/2021\/03\/GettyImages-1305869229.jpg","contentUrl":"https:\/\/acefootball.com\/da\/wp-content\/uploads\/sites\/2\/2021\/03\/GettyImages-1305869229.jpg","width":1024,"height":683,"caption":"BARCELONA, SPAIN - MARCH 07: New FC Barcelona President Joan Laporta celebrates during a press conference following his victory in the FC Barcelona President Elections at Camp Nou on March 07, 2021 in Barcelona, Spain. (Photo by David Ramos\/Getty Images)"},{"@type":"WebPage","@id":"https:\/\/acefootball.com\/da\/fodboldnyheder\/saa-er-laporta-landet-i-barca-vil-nappe-stjerne-for-naesen-af-real-madrid\/#webpage","url":"https:\/\/acefootball.com\/da\/fodboldnyheder\/saa-er-laporta-landet-i-barca-vil-nappe-stjerne-for-naesen-af-real-madrid\/","name":"S\u00e5 er Laporta landet i Barca: Vil nappe stjerne for n\u00e6sen af Real Madrid","isPartOf":{"@id":"https:\/\/acefootball.com\/da\/#website"},"primaryImageOfPage":{"@id":"https:\/\/acefootball.com\/da\/fodboldnyheder\/saa-er-laporta-landet-i-barca-vil-nappe-stjerne-for-naesen-af-real-madrid\/#primaryimage"},"datePublished":"2021-03-08T13:31:40+00:00","dateModified":"2021-03-08T13:31:41+00:00","description":"If\u00f8lge den spanske avis AS har den nye Barcelona-pr\u00e6sident Joan Laporta udset sig Bayern M\u00fcnchens David Alaba som f\u00f8rste transferm\u00e5l","breadcrumb":{"@id":"https:\/\/acefootball.com\/da\/fodboldnyheder\/saa-er-laporta-landet-i-barca-vil-nappe-stjerne-for-naesen-af-real-madrid\/#breadcrumb"},"inLanguage":"en-US","potentialAction":[{"@type":"ReadAction","target":["https:\/\/acefootball.com\/da\/fodboldnyheder\/saa-er-laporta-landet-i-barca-vil-nappe-stjerne-for-naesen-af-real-madrid\/"]}]},{"@type":"BreadcrumbList","@id":"https:\/\/acefootball.com\/da\/fodboldnyheder\/saa-er-laporta-landet-i-barca-vil-nappe-stjerne-for-naesen-af-real-madrid\/#breadcrumb","itemListElement":[{"@type":"ListItem","position":1,"name":"Home","item":"https:\/\/acefootball.com\/da\/"},{"@type":"ListItem","position":2,"name":"S\u00e5 er Laporta landet i Barca: Vil nappe stjerne for n\u00e6sen af Real Madrid"}]},{"@type":"Article","@id":"https:\/\/acefootball.com\/da\/fodboldnyheder\/saa-er-laporta-landet-i-barca-vil-nappe-stjerne-for-naesen-af-real-madrid\/#article","isPartOf":{"@id":"https:\/\/acefootball.com\/da\/fodboldnyheder\/saa-er-laporta-landet-i-barca-vil-nappe-stjerne-for-naesen-af-real-madrid\/#webpage"},"author":{"@id":"https:\/\/acefootball.com\/da\/#\/schema\/person\/fd6223a1c033400b41da7853ddf88c84"},"headline":"S\u00e5 er Laporta landet i Barca: Vil nappe stjerne for n\u00e6sen af Real Madrid","datePublished":"2021-03-08T13:31:40+00:00","dateModified":"2021-03-08T13:31:41+00:00","mainEntityOfPage":{"@id":"https:\/\/acefootball.com\/da\/fodboldnyheder\/saa-er-laporta-landet-i-barca-vil-nappe-stjerne-for-naesen-af-real-madrid\/#webpage"},"wordCount":189,"commentCount":0,"publisher":{"@id":"https:\/\/acefootball.com\/da\/#organization"},"image":{"@id":"https:\/\/acefootball.com\/da\/fodboldnyheder\/saa-er-laporta-landet-i-barca-vil-nappe-stjerne-for-naesen-af-real-madrid\/#primaryimage"},"thumbnailUrl":"https:\/\/acefootball.com\/da\/wp-content\/uploads\/sites\/2\/2021\/03\/GettyImages-1305869229.jpg","keywords":["Bayern M\u00fcnchen","David Alaba","FC Barcelona","La Liga"],"articleSection":["Transfer"],"inLanguage":"en-US","potentialAction":[{"@type":"CommentAction","name":"Comment","target":["https:\/\/acefootball.com\/da\/fodboldnyheder\/saa-er-laporta-landet-i-barca-vil-nappe-stjerne-for-naesen-af-real-madrid\/#respond"]}]},{"@type":"Person","@id":"https:\/\/acefootball.com\/da\/#\/schema\/person\/fd6223a1c033400b41da7853ddf88c84","name":"Patrick Hesselb\u00e6k","image":{"@type":"ImageObject","@id":"https:\/\/acefootball.com\/da\/#personlogo","inLanguage":"en-US","url":"https:\/\/secure.gravatar.com\/avatar\/7919060992759bffbffb199d6cbdce6f?s=96&d=mm&r=g","contentUrl":"https:\/\/secure.gravatar.com\/avatar\/7919060992759bffbffb199d6cbdce6f?s=96&d=mm&r=g","caption":"Patrick Hesselb\u00e6k"},"description":"Redakt\u00f8r p\u00e5 den danske Ace Football-redaktion. Uddannet i kommunikation fra Aalborg Universitet. Prim\u00e6rt fokus p\u00e5 den danske 3F Superliga og de st\u00f8rste europ\u00e6iske turneringer.","sameAs":["https:\/\/www.linkedin.com\/in\/patrick-hesselbk-2a4b1711a\/"],"url":"https:\/\/acefootball.com\/da\/fodboldnyheder\/author\/patrickhesselbaek\/"}]}},"fimg_url":"https:\/\/acefootball.com\/da\/wp-content\/uploads\/sites\/2\/2021\/03\/GettyImages-1305869229.jpg","_links":{"self":[{"href":"https:\/\/acefootball.com\/da\/wp-json\/wp\/v2\/posts\/253736"}],"collection":[{"href":"https:\/\/acefootball.com\/da\/wp-json\/wp\/v2\/posts"}],"about":[{"href":"https:\/\/acefootball.com\/da\/wp-json\/wp\/v2\/types\/post"}],"author":[{"embeddable":true,"href":"https:\/\/acefootball.com\/da\/wp-json\/wp\/v2\/users\/74"}],"replies":[{"embeddable":true,"href":"https:\/\/acefootball.com\/da\/wp-json\/wp\/v2\/comments?post=253736"}],"version-history":[{"count":0,"href":"https:\/\/acefootball.com\/da\/wp-json\/wp\/v2\/posts\/253736\/revisions"}],"wp:featuredmedia":[{"embeddable":true,"href":"https:\/\/acefootball.com\/da\/wp-json\/wp\/v2\/media\/253690"}],"wp:attachment":[{"href":"https:\/\/acefootball.com\/da\/wp-json\/wp\/v2\/media?parent=253736"}],"wp:term":[{"taxonomy":"category","embeddable":true,"href":"https:\/\/acefootball.com\/da\/wp-json\/wp\/v2\/categories?post=253736"},{"taxonomy":"post_tag","embeddable":true,"href":"https:\/\/acefootball.com\/da\/wp-json\/wp\/v2\/tags?post=253736"}],"curies":[{"name":"wp","href":"https:\/\/api.w.org\/{rel}","templated":true}]}}