{"id":253735,"date":"2021-03-08T14:25:19","date_gmt":"2021-03-08T13:25:19","guid":{"rendered":"https:\/\/acefootball.com\/da\/?p=253735"},"modified":"2021-03-08T14:25:22","modified_gmt":"2021-03-08T13:25:22","slug":"kamil-grabara-goer-det-igen-gaar-viralt-paa-twitter-med-iskold-kommentar","status":"publish","type":"post","link":"https:\/\/acefootball.com\/da\/fodboldnyheder\/kamil-grabara-goer-det-igen-gaar-viralt-paa-twitter-med-iskold-kommentar\/","title":{"rendered":"Kamil Grabara g\u00f8r det igen: G\u00e5r viralt p\u00e5 Twitter med iskold kommentar"},"content":{"rendered":"\n<h2 id=\"h-agf-m-lmanden-kamil-grabara-fik-forleden-en-advarsel-for-et-illoyalt-opslag-p-twitter-og-nu-har-han-s-endnu-engang-v-ret-p-spil\">AGF-m\u00e5lmanden Kamil Grabara fik forleden en advarsel for et illoyalt opslag p\u00e5 Twitter, og nu har han s\u00e5 endnu engang v\u00e6ret p\u00e5 spil <\/h2>\n\n\n\n<p>Kamil Grabara form\u00e5r at g\u00f8re opm\u00e6rksom p\u00e5 sig selv p\u00e5 de sociale medier. Forleden fik han en advarsel af Fodboldens Disciplin\u00e6rinstans for et illoyalt tweet, hvor han skrev at han var tr\u00e6t af, uge efter uge at spille 11 mod 12 grundet de manglende fans.<\/p>\n\n\n\n<p>Advarslen har dog ikke holdt polakken fra tasterne, da han efter kampen mellem FC Midtjylland og AGF endnu var ude med en frisk kommentar:<\/p>\n\n\n\n<figure class=\"wp-block-embed is-type-rich is-provider-twitter wp-block-embed-twitter\"><div class=\"wp-block-embed__wrapper\">\n<blockquote class=\"twitter-tweet\" data-width=\"550\" data-dnt=\"true\"><p lang=\"en\" dir=\"ltr\">No. My team is too good to let opposition to have a chance.<\/p>&mdash; Kamil Grabara (@Kamil_Grabara1) <a href=\"https:\/\/twitter.com\/Kamil_Grabara1\/status\/1368612305936744453?ref_src=twsrc%5Etfw\">March 7, 2021<\/a><\/blockquote><script async src=\"https:\/\/platform.twitter.com\/widgets.js\" charset=\"utf-8\"><\/script>\n<\/div><\/figure>\n\n\n\n<p>Grabara f\u00e5r dog nok ikke problemer for ovenst\u00e5ende tweet, da FC Midtjylland rent faktisk ikke havde et eneste skud indenfor rammen, og AGF-m\u00e5lmanden derfor fik en utroligt rolig dag p\u00e5 kontoret.<\/p>\n\n\n\n<p>Du kan se Grabara brillere endnu mere p\u00e5 Twitter lige her:<\/p>\n\n\n\n<figure class=\"wp-block-embed is-type-wp-embed is-provider-ace-football-danmark wp-block-embed-ace-football-danmark\"><div class=\"wp-block-embed__wrapper\">\n<blockquote class=\"wp-embedded-content\" data-secret=\"U4cGdzZX91\"><a href=\"https:\/\/acefootball.com\/da\/fodboldnyheder\/klasse-agf-keeper-hyldes-for-koeligt-svar-til-kritiske-fans\/\">Klasse: AGF-keeper hyldes for k\u00f8ligt svar til kritiske fans<\/a><\/blockquote><iframe class=\"wp-embedded-content\" sandbox=\"allow-scripts\" security=\"restricted\" style=\"position: absolute; clip: rect(1px, 1px, 1px, 1px);\" title=\"&#8220;Klasse: AGF-keeper hyldes for k\u00f8ligt svar til kritiske fans&#8221; &#8212; Ace Football Danmark\" src=\"https:\/\/acefootball.com\/da\/fodboldnyheder\/klasse-agf-keeper-hyldes-for-koeligt-svar-til-kritiske-fans\/embed\/#?secret=U4cGdzZX91\" data-secret=\"U4cGdzZX91\" width=\"600\" height=\"338\" frameborder=\"0\" marginwidth=\"0\" marginheight=\"0\" scrolling=\"no\"><\/iframe>\n<\/div><\/figure>\n","protected":false},"excerpt":{"rendered":"<p>AGF-m\u00e5lmanden Kamil Grabara fik forleden en advarsel for et illoyalt opslag p\u00e5 Twitter, og nu har han s\u00e5 endnu engang v\u00e6ret p\u00e5 spil <\/p>\n","protected":false},"author":43,"featured_media":253737,"comment_status":"open","ping_status":"closed","sticky":false,"template":"","format":"standard","meta":{"om_disable_all_campaigns":false,"push_articles_ronaldo":{"active":false,"canonical":0,"publish":false},"force_updates":null},"categories":[1],"tags":[18,6781,588],"enet_tags":{"team":["8071"],"player":["760722"],"league":["46"],"sport_events":[]},"yoast_head":"<!-- This site is optimized with the Yoast SEO plugin v18.3 - https:\/\/yoast.com\/wordpress\/plugins\/seo\/ -->\n<title>Kamil Grabara g\u00f8r det igen: G\u00e5r viralt p\u00e5 Twitter med iskold kommentar<\/title>\n<meta name=\"description\" content=\"AGF-m\u00e5lmanden Kamil Grabara fik forleden en advarsel for et illoyalt opslag p\u00e5 Twitter, og nu har han s\u00e5 endnu engang v\u00e6ret p\u00e5 spil\" \/>\n<meta name=\"robots\" content=\"index, follow, max-snippet:-1, max-image-preview:large, max-video-preview:-1\" \/>\n<link rel=\"canonical\" href=\"https:\/\/acefootball.com\/da\/fodboldnyheder\/kamil-grabara-goer-det-igen-gaar-viralt-paa-twitter-med-iskold-kommentar\/\" \/>\n<meta property=\"og:locale\" content=\"en_US\" \/>\n<meta property=\"og:type\" content=\"article\" \/>\n<meta property=\"og:title\" content=\"Kamil Grabara g\u00f8r det igen: G\u00e5r viralt p\u00e5 Twitter med iskold kommentar\" \/>\n<meta property=\"og:description\" content=\"AGF-m\u00e5lmanden Kamil Grabara fik forleden en advarsel for et illoyalt opslag p\u00e5 Twitter, og nu har han s\u00e5 endnu engang v\u00e6ret p\u00e5 spil\" \/>\n<meta property=\"og:url\" content=\"https:\/\/acefootball.com\/da\/fodboldnyheder\/kamil-grabara-goer-det-igen-gaar-viralt-paa-twitter-med-iskold-kommentar\/\" \/>\n<meta property=\"og:site_name\" content=\"Ace Football Danmark\" \/>\n<meta property=\"article:publisher\" content=\"https:\/\/www.facebook.com\/acefootballdk\" \/>\n<meta property=\"article:published_time\" content=\"2021-03-08T13:25:19+00:00\" \/>\n<meta property=\"article:modified_time\" content=\"2021-03-08T13:25:22+00:00\" \/>\n<meta property=\"og:image\" content=\"https:\/\/acefootball.com\/da\/wp-content\/uploads\/sites\/2\/2021\/03\/Laes-mere-generel-2021-03-08T142215.912.jpg\" \/>\n\t<meta property=\"og:image:width\" content=\"1920\" \/>\n\t<meta property=\"og:image:height\" content=\"1008\" \/>\n\t<meta property=\"og:image:type\" content=\"image\/jpeg\" \/>\n<meta name=\"twitter:card\" content=\"summary_large_image\" \/>\n<meta name=\"twitter:label1\" content=\"Written by\" \/>\n\t<meta name=\"twitter:data1\" content=\"Mikki M\u00f8ller-Iversen\" \/>\n\t<meta name=\"twitter:label2\" content=\"Est. reading time\" \/>\n\t<meta name=\"twitter:data2\" content=\"1 minute\" \/>\n<script type=\"application\/ld+json\" class=\"yoast-schema-graph\">{\"@context\":\"https:\/\/schema.org\",\"@graph\":[{\"@type\":\"Organization\",\"@id\":\"https:\/\/acefootball.com\/da\/#organization\",\"name\":\"Ace Football\",\"url\":\"https:\/\/acefootball.com\/da\/\",\"sameAs\":[\"https:\/\/www.facebook.com\/acefootballdk\"],\"logo\":{\"@type\":\"ImageObject\",\"@id\":\"https:\/\/acefootball.com\/da\/#logo\",\"inLanguage\":\"en-US\",\"url\":\"https:\/\/acefootball.com\/da\/wp-content\/uploads\/sites\/2\/2020\/07\/Ace-Football-30-07-2020-2.png\",\"contentUrl\":\"https:\/\/acefootball.com\/da\/wp-content\/uploads\/sites\/2\/2020\/07\/Ace-Football-30-07-2020-2.png\",\"width\":1200,\"height\":600,\"caption\":\"Ace Football\"},\"image\":{\"@id\":\"https:\/\/acefootball.com\/da\/#logo\"}},{\"@type\":\"WebSite\",\"@id\":\"https:\/\/acefootball.com\/da\/#website\",\"url\":\"https:\/\/acefootball.com\/da\/\",\"name\":\"Ace Football Danmark\",\"description\":\"Nyheder, Spiltips &amp; Livescore\",\"publisher\":{\"@id\":\"https:\/\/acefootball.com\/da\/#organization\"},\"potentialAction\":[{\"@type\":\"SearchAction\",\"target\":{\"@type\":\"EntryPoint\",\"urlTemplate\":\"https:\/\/acefootball.com\/da\/?s={search_term_string}\"},\"query-input\":\"required name=search_term_string\"}],\"inLanguage\":\"en-US\"},{\"@type\":\"ImageObject\",\"@id\":\"https:\/\/acefootball.com\/da\/fodboldnyheder\/kamil-grabara-goer-det-igen-gaar-viralt-paa-twitter-med-iskold-kommentar\/#primaryimage\",\"inLanguage\":\"en-US\",\"url\":\"https:\/\/acefootball.com\/da\/wp-content\/uploads\/sites\/2\/2021\/03\/Laes-mere-generel-2021-03-08T142215.912.jpg\",\"contentUrl\":\"https:\/\/acefootball.com\/da\/wp-content\/uploads\/sites\/2\/2021\/03\/Laes-mere-generel-2021-03-08T142215.912.jpg\",\"width\":1920,\"height\":1008},{\"@type\":\"WebPage\",\"@id\":\"https:\/\/acefootball.com\/da\/fodboldnyheder\/kamil-grabara-goer-det-igen-gaar-viralt-paa-twitter-med-iskold-kommentar\/#webpage\",\"url\":\"https:\/\/acefootball.com\/da\/fodboldnyheder\/kamil-grabara-goer-det-igen-gaar-viralt-paa-twitter-med-iskold-kommentar\/\",\"name\":\"Kamil Grabara g\u00f8r det igen: G\u00e5r viralt p\u00e5 Twitter med iskold kommentar\",\"isPartOf\":{\"@id\":\"https:\/\/acefootball.com\/da\/#website\"},\"primaryImageOfPage\":{\"@id\":\"https:\/\/acefootball.com\/da\/fodboldnyheder\/kamil-grabara-goer-det-igen-gaar-viralt-paa-twitter-med-iskold-kommentar\/#primaryimage\"},\"datePublished\":\"2021-03-08T13:25:19+00:00\",\"dateModified\":\"2021-03-08T13:25:22+00:00\",\"description\":\"AGF-m\u00e5lmanden Kamil Grabara fik forleden en advarsel for et illoyalt opslag p\u00e5 Twitter, og nu har han s\u00e5 endnu engang v\u00e6ret p\u00e5 spil\",\"breadcrumb\":{\"@id\":\"https:\/\/acefootball.com\/da\/fodboldnyheder\/kamil-grabara-goer-det-igen-gaar-viralt-paa-twitter-med-iskold-kommentar\/#breadcrumb\"},\"inLanguage\":\"en-US\",\"potentialAction\":[{\"@type\":\"ReadAction\",\"target\":[\"https:\/\/acefootball.com\/da\/fodboldnyheder\/kamil-grabara-goer-det-igen-gaar-viralt-paa-twitter-med-iskold-kommentar\/\"]}]},{\"@type\":\"BreadcrumbList\",\"@id\":\"https:\/\/acefootball.com\/da\/fodboldnyheder\/kamil-grabara-goer-det-igen-gaar-viralt-paa-twitter-med-iskold-kommentar\/#breadcrumb\",\"itemListElement\":[{\"@type\":\"ListItem\",\"position\":1,\"name\":\"Home\",\"item\":\"https:\/\/acefootball.com\/da\/\"},{\"@type\":\"ListItem\",\"position\":2,\"name\":\"Kamil Grabara g\u00f8r det igen: G\u00e5r viralt p\u00e5 Twitter med iskold kommentar\"}]},{\"@type\":\"Article\",\"@id\":\"https:\/\/acefootball.com\/da\/fodboldnyheder\/kamil-grabara-goer-det-igen-gaar-viralt-paa-twitter-med-iskold-kommentar\/#article\",\"isPartOf\":{\"@id\":\"https:\/\/acefootball.com\/da\/fodboldnyheder\/kamil-grabara-goer-det-igen-gaar-viralt-paa-twitter-med-iskold-kommentar\/#webpage\"},\"author\":{\"@id\":\"https:\/\/acefootball.com\/da\/#\/schema\/person\/017c0abe4a8e92938220bf6c097dda93\"},\"headline\":\"Kamil Grabara g\u00f8r det igen: G\u00e5r viralt p\u00e5 Twitter med iskold kommentar\",\"datePublished\":\"2021-03-08T13:25:19+00:00\",\"dateModified\":\"2021-03-08T13:25:22+00:00\",\"mainEntityOfPage\":{\"@id\":\"https:\/\/acefootball.com\/da\/fodboldnyheder\/kamil-grabara-goer-det-igen-gaar-viralt-paa-twitter-med-iskold-kommentar\/#webpage\"},\"wordCount\":168,\"commentCount\":0,\"publisher\":{\"@id\":\"https:\/\/acefootball.com\/da\/#organization\"},\"image\":{\"@id\":\"https:\/\/acefootball.com\/da\/fodboldnyheder\/kamil-grabara-goer-det-igen-gaar-viralt-paa-twitter-med-iskold-kommentar\/#primaryimage\"},\"thumbnailUrl\":\"https:\/\/acefootball.com\/da\/wp-content\/uploads\/sites\/2\/2021\/03\/GettyImages-1229423446-1.jpg\",\"keywords\":[\"AGF\",\"Kamil Grabara\",\"Superligaen\"],\"articleSection\":[\"Nyhed\"],\"inLanguage\":\"en-US\",\"potentialAction\":[{\"@type\":\"CommentAction\",\"name\":\"Comment\",\"target\":[\"https:\/\/acefootball.com\/da\/fodboldnyheder\/kamil-grabara-goer-det-igen-gaar-viralt-paa-twitter-med-iskold-kommentar\/#respond\"]}]},{\"@type\":\"Person\",\"@id\":\"https:\/\/acefootball.com\/da\/#\/schema\/person\/017c0abe4a8e92938220bf6c097dda93\",\"name\":\"Mikki M\u00f8ller-Iversen\",\"image\":{\"@type\":\"ImageObject\",\"@id\":\"https:\/\/acefootball.com\/da\/#personlogo\",\"inLanguage\":\"en-US\",\"url\":\"https:\/\/secure.gravatar.com\/avatar\/e05b419e8b5ae5fcf516800181b96aa2?s=96&d=mm&r=g\",\"contentUrl\":\"https:\/\/secure.gravatar.com\/avatar\/e05b419e8b5ae5fcf516800181b96aa2?s=96&d=mm&r=g\",\"caption\":\"Mikki M\u00f8ller-Iversen\"},\"description\":\"Social Media Manager and writer at Ace Football. Main focus on Danish football and special stories.\",\"sameAs\":[\"https:\/\/www.linkedin.com\/in\/mikki-mller-iversen-26a3a689\/\"],\"url\":\"https:\/\/acefootball.com\/da\/fodboldnyheder\/author\/mmironaldo\/\"}]}<\/script>\n<!-- \/ Yoast SEO plugin. -->","yoast_head_json":{"title":"Kamil Grabara g\u00f8r det igen: G\u00e5r viralt p\u00e5 Twitter med iskold kommentar","description":"AGF-m\u00e5lmanden Kamil Grabara fik forleden en advarsel for et illoyalt opslag p\u00e5 Twitter, og nu har han s\u00e5 endnu engang v\u00e6ret p\u00e5 spil","robots":{"index":"index","follow":"follow","max-snippet":"max-snippet:-1","max-image-preview":"max-image-preview:large","max-video-preview":"max-video-preview:-1"},"canonical":"https:\/\/acefootball.com\/da\/fodboldnyheder\/kamil-grabara-goer-det-igen-gaar-viralt-paa-twitter-med-iskold-kommentar\/","og_locale":"en_US","og_type":"article","og_title":"Kamil Grabara g\u00f8r det igen: G\u00e5r viralt p\u00e5 Twitter med iskold kommentar","og_description":"AGF-m\u00e5lmanden Kamil Grabara fik forleden en advarsel for et illoyalt opslag p\u00e5 Twitter, og nu har han s\u00e5 endnu engang v\u00e6ret p\u00e5 spil","og_url":"https:\/\/acefootball.com\/da\/fodboldnyheder\/kamil-grabara-goer-det-igen-gaar-viralt-paa-twitter-med-iskold-kommentar\/","og_site_name":"Ace Football Danmark","article_publisher":"https:\/\/www.facebook.com\/acefootballdk","article_published_time":"2021-03-08T13:25:19+00:00","article_modified_time":"2021-03-08T13:25:22+00:00","og_image":[{"width":1920,"height":1008,"url":"https:\/\/acefootball.com\/da\/wp-content\/uploads\/sites\/2\/2021\/03\/Laes-mere-generel-2021-03-08T142215.912.jpg","type":"image\/jpeg"}],"twitter_card":"summary_large_image","twitter_misc":{"Written by":"Mikki M\u00f8ller-Iversen","Est. reading time":"1 minute"},"schema":{"@context":"https:\/\/schema.org","@graph":[{"@type":"Organization","@id":"https:\/\/acefootball.com\/da\/#organization","name":"Ace Football","url":"https:\/\/acefootball.com\/da\/","sameAs":["https:\/\/www.facebook.com\/acefootballdk"],"logo":{"@type":"ImageObject","@id":"https:\/\/acefootball.com\/da\/#logo","inLanguage":"en-US","url":"https:\/\/acefootball.com\/da\/wp-content\/uploads\/sites\/2\/2020\/07\/Ace-Football-30-07-2020-2.png","contentUrl":"https:\/\/acefootball.com\/da\/wp-content\/uploads\/sites\/2\/2020\/07\/Ace-Football-30-07-2020-2.png","width":1200,"height":600,"caption":"Ace Football"},"image":{"@id":"https:\/\/acefootball.com\/da\/#logo"}},{"@type":"WebSite","@id":"https:\/\/acefootball.com\/da\/#website","url":"https:\/\/acefootball.com\/da\/","name":"Ace Football Danmark","description":"Nyheder, Spiltips &amp; Livescore","publisher":{"@id":"https:\/\/acefootball.com\/da\/#organization"},"potentialAction":[{"@type":"SearchAction","target":{"@type":"EntryPoint","urlTemplate":"https:\/\/acefootball.com\/da\/?s={search_term_string}"},"query-input":"required name=search_term_string"}],"inLanguage":"en-US"},{"@type":"ImageObject","@id":"https:\/\/acefootball.com\/da\/fodboldnyheder\/kamil-grabara-goer-det-igen-gaar-viralt-paa-twitter-med-iskold-kommentar\/#primaryimage","inLanguage":"en-US","url":"https:\/\/acefootball.com\/da\/wp-content\/uploads\/sites\/2\/2021\/03\/Laes-mere-generel-2021-03-08T142215.912.jpg","contentUrl":"https:\/\/acefootball.com\/da\/wp-content\/uploads\/sites\/2\/2021\/03\/Laes-mere-generel-2021-03-08T142215.912.jpg","width":1920,"height":1008},{"@type":"WebPage","@id":"https:\/\/acefootball.com\/da\/fodboldnyheder\/kamil-grabara-goer-det-igen-gaar-viralt-paa-twitter-med-iskold-kommentar\/#webpage","url":"https:\/\/acefootball.com\/da\/fodboldnyheder\/kamil-grabara-goer-det-igen-gaar-viralt-paa-twitter-med-iskold-kommentar\/","name":"Kamil Grabara g\u00f8r det igen: G\u00e5r viralt p\u00e5 Twitter med iskold kommentar","isPartOf":{"@id":"https:\/\/acefootball.com\/da\/#website"},"primaryImageOfPage":{"@id":"https:\/\/acefootball.com\/da\/fodboldnyheder\/kamil-grabara-goer-det-igen-gaar-viralt-paa-twitter-med-iskold-kommentar\/#primaryimage"},"datePublished":"2021-03-08T13:25:19+00:00","dateModified":"2021-03-08T13:25:22+00:00","description":"AGF-m\u00e5lmanden Kamil Grabara fik forleden en advarsel for et illoyalt opslag p\u00e5 Twitter, og nu har han s\u00e5 endnu engang v\u00e6ret p\u00e5 spil","breadcrumb":{"@id":"https:\/\/acefootball.com\/da\/fodboldnyheder\/kamil-grabara-goer-det-igen-gaar-viralt-paa-twitter-med-iskold-kommentar\/#breadcrumb"},"inLanguage":"en-US","potentialAction":[{"@type":"ReadAction","target":["https:\/\/acefootball.com\/da\/fodboldnyheder\/kamil-grabara-goer-det-igen-gaar-viralt-paa-twitter-med-iskold-kommentar\/"]}]},{"@type":"BreadcrumbList","@id":"https:\/\/acefootball.com\/da\/fodboldnyheder\/kamil-grabara-goer-det-igen-gaar-viralt-paa-twitter-med-iskold-kommentar\/#breadcrumb","itemListElement":[{"@type":"ListItem","position":1,"name":"Home","item":"https:\/\/acefootball.com\/da\/"},{"@type":"ListItem","position":2,"name":"Kamil Grabara g\u00f8r det igen: G\u00e5r viralt p\u00e5 Twitter med iskold kommentar"}]},{"@type":"Article","@id":"https:\/\/acefootball.com\/da\/fodboldnyheder\/kamil-grabara-goer-det-igen-gaar-viralt-paa-twitter-med-iskold-kommentar\/#article","isPartOf":{"@id":"https:\/\/acefootball.com\/da\/fodboldnyheder\/kamil-grabara-goer-det-igen-gaar-viralt-paa-twitter-med-iskold-kommentar\/#webpage"},"author":{"@id":"https:\/\/acefootball.com\/da\/#\/schema\/person\/017c0abe4a8e92938220bf6c097dda93"},"headline":"Kamil Grabara g\u00f8r det igen: G\u00e5r viralt p\u00e5 Twitter med iskold kommentar","datePublished":"2021-03-08T13:25:19+00:00","dateModified":"2021-03-08T13:25:22+00:00","mainEntityOfPage":{"@id":"https:\/\/acefootball.com\/da\/fodboldnyheder\/kamil-grabara-goer-det-igen-gaar-viralt-paa-twitter-med-iskold-kommentar\/#webpage"},"wordCount":168,"commentCount":0,"publisher":{"@id":"https:\/\/acefootball.com\/da\/#organization"},"image":{"@id":"https:\/\/acefootball.com\/da\/fodboldnyheder\/kamil-grabara-goer-det-igen-gaar-viralt-paa-twitter-med-iskold-kommentar\/#primaryimage"},"thumbnailUrl":"https:\/\/acefootball.com\/da\/wp-content\/uploads\/sites\/2\/2021\/03\/GettyImages-1229423446-1.jpg","keywords":["AGF","Kamil Grabara","Superligaen"],"articleSection":["Nyhed"],"inLanguage":"en-US","potentialAction":[{"@type":"CommentAction","name":"Comment","target":["https:\/\/acefootball.com\/da\/fodboldnyheder\/kamil-grabara-goer-det-igen-gaar-viralt-paa-twitter-med-iskold-kommentar\/#respond"]}]},{"@type":"Person","@id":"https:\/\/acefootball.com\/da\/#\/schema\/person\/017c0abe4a8e92938220bf6c097dda93","name":"Mikki M\u00f8ller-Iversen","image":{"@type":"ImageObject","@id":"https:\/\/acefootball.com\/da\/#personlogo","inLanguage":"en-US","url":"https:\/\/secure.gravatar.com\/avatar\/e05b419e8b5ae5fcf516800181b96aa2?s=96&d=mm&r=g","contentUrl":"https:\/\/secure.gravatar.com\/avatar\/e05b419e8b5ae5fcf516800181b96aa2?s=96&d=mm&r=g","caption":"Mikki M\u00f8ller-Iversen"},"description":"Social Media Manager and writer at Ace Football. Main focus on Danish football and special stories.","sameAs":["https:\/\/www.linkedin.com\/in\/mikki-mller-iversen-26a3a689\/"],"url":"https:\/\/acefootball.com\/da\/fodboldnyheder\/author\/mmironaldo\/"}]}},"fimg_url":"https:\/\/acefootball.com\/da\/wp-content\/uploads\/sites\/2\/2021\/03\/GettyImages-1229423446-1.jpg","_links":{"self":[{"href":"https:\/\/acefootball.com\/da\/wp-json\/wp\/v2\/posts\/253735"}],"collection":[{"href":"https:\/\/acefootball.com\/da\/wp-json\/wp\/v2\/posts"}],"about":[{"href":"https:\/\/acefootball.com\/da\/wp-json\/wp\/v2\/types\/post"}],"author":[{"embeddable":true,"href":"https:\/\/acefootball.com\/da\/wp-json\/wp\/v2\/users\/43"}],"replies":[{"embeddable":true,"href":"https:\/\/acefootball.com\/da\/wp-json\/wp\/v2\/comments?post=253735"}],"version-history":[{"count":0,"href":"https:\/\/acefootball.com\/da\/wp-json\/wp\/v2\/posts\/253735\/revisions"}],"wp:featuredmedia":[{"embeddable":true,"href":"https:\/\/acefootball.com\/da\/wp-json\/wp\/v2\/media\/253737"}],"wp:attachment":[{"href":"https:\/\/acefootball.com\/da\/wp-json\/wp\/v2\/media?parent=253735"}],"wp:term":[{"taxonomy":"category","embeddable":true,"href":"https:\/\/acefootball.com\/da\/wp-json\/wp\/v2\/categories?post=253735"},{"taxonomy":"post_tag","embeddable":true,"href":"https:\/\/acefootball.com\/da\/wp-json\/wp\/v2\/tags?post=253735"}],"curies":[{"name":"wp","href":"https:\/\/api.w.org\/{rel}","templated":true}]}}