{"id":253683,"date":"2021-03-08T10:49:22","date_gmt":"2021-03-08T09:49:22","guid":{"rendered":"https:\/\/acefootball.com\/da\/?p=253683"},"modified":"2021-03-08T10:49:23","modified_gmt":"2021-03-08T09:49:23","slug":"barca-fans-kan-ikke-faa-haenderne-ned-efter-praesidentvalg-nu-kan-terroren-mod-madrid-begynde","status":"publish","type":"post","link":"https:\/\/acefootball.com\/da\/fodboldnyheder\/barca-fans-kan-ikke-faa-haenderne-ned-efter-praesidentvalg-nu-kan-terroren-mod-madrid-begynde\/","title":{"rendered":"Barca-fans kan ikke f\u00e5 h\u00e6nderne ned efter pr\u00e6sidentvalg: Nu kan terroren mod Madrid begynde"},"content":{"rendered":"\n<h2 id=\"h-fc-barcelona-afsluttede-i-g-r-en-fantastisk-uge-med-at-f-ny-pr-sident-og-klubbens-fans-kan-slet-ikke-v-re-i-sig-selv-af-begejstring\">FC Barcelona afsluttede i g\u00e5r en fantastisk uge med at f\u00e5 ny pr\u00e6sident, og klubbens fans kan slet ikke v\u00e6re i sig selv af begejstring<\/h2>\n\n\n\n<p>FC Barcelona har haft en historisk d\u00e5rlig s\u00e6son p\u00e5 flere parametre, og f\u00e5r bare lidt over en uge siden s\u00e5 alt h\u00e5b om en pokal ud til at v\u00e6re bristet.<\/p>\n\n\n\n<p>Et par sejre i La Liga og pointtab til Madrid-klubberne har dog \u00e5bnet titelkampen helt op igen, og derudover leverede Blaugrana et vildt comeback mod Sevilla, hvilket kvalificerede dem til finalen i Copa del Rey.<\/p>\n\n\n\n<figure class=\"wp-block-embed is-type-wp-embed is-provider-ace-football-danmark wp-block-embed-ace-football-danmark\"><div class=\"wp-block-embed__wrapper\">\n<blockquote class=\"wp-embedded-content\" data-secret=\"jNLoj5gx7x\"><a href=\"https:\/\/acefootball.com\/da\/fodboldnyheder\/video-skarpe-braithwaite-paa-pletten-for-barca-i-pokaldrama\/\">Video: Skarpe Braithwaite p\u00e5 pletten for Barca i pokaldrama<\/a><\/blockquote><iframe class=\"wp-embedded-content\" sandbox=\"allow-scripts\" security=\"restricted\" style=\"position: absolute; clip: rect(1px, 1px, 1px, 1px);\" title=\"&#8220;Video: Skarpe Braithwaite p\u00e5 pletten for Barca i pokaldrama&#8221; &#8212; Ace Football Danmark\" src=\"https:\/\/acefootball.com\/da\/fodboldnyheder\/video-skarpe-braithwaite-paa-pletten-for-barca-i-pokaldrama\/embed\/#?secret=jNLoj5gx7x\" data-secret=\"jNLoj5gx7x\" width=\"600\" height=\"338\" frameborder=\"0\" marginwidth=\"0\" marginheight=\"0\" scrolling=\"no\"><\/iframe>\n<\/div><\/figure>\n\n\n\n<p>Den fantastiske uge sluttede af med, at den popul\u00e6re Joan Laporta blev valgt ind som pr\u00e6sident efter en r\u00e6dselsperiode med Josep Bartomeu ved roret.<\/p>\n\n\n\n<figure class=\"wp-block-embed is-type-rich is-provider-twitter wp-block-embed-twitter\"><div class=\"wp-block-embed__wrapper\">\n<blockquote class=\"twitter-tweet\" data-width=\"550\" data-dnt=\"true\"><p lang=\"es\" dir=\"ltr\">\ud83d\uddf3 ELECCIONES 2021 \ud83d\uddf3<br><br>Joan Laporta, nuevo presidente del FC Barcelona <a href=\"https:\/\/t.co\/2GLtQBwWlq\">pic.twitter.com\/2GLtQBwWlq<\/a><\/p>&mdash; FC Barcelona (@FCBarcelona_es) <a href=\"https:\/\/twitter.com\/FCBarcelona_es\/status\/1368694576853245953?ref_src=twsrc%5Etfw\">March 7, 2021<\/a><\/blockquote><script async src=\"https:\/\/platform.twitter.com\/widgets.js\" charset=\"utf-8\"><\/script>\n<\/div><\/figure>\n\n\n\n<p>Derfor er ikke s\u00e5 under, at Barca-fansene er ualmindeligt glade i dag. Du kan se nogle af de mange kommentarer efter valgresultatet herunder.<\/p>\n\n\n\n<figure class=\"wp-block-image size-large\"><img loading=\"lazy\" width=\"602\" height=\"417\" src=\"https:\/\/acefootball.com\/da\/wp-content\/uploads\/sites\/2\/2021\/03\/image-48.png\" alt=\"\" class=\"wp-image-253684\" srcset=\"https:\/\/acefootball.com\/da\/wp-content\/uploads\/sites\/2\/2021\/03\/image-48.png 602w, https:\/\/acefootball.com\/da\/wp-content\/uploads\/sites\/2\/2021\/03\/image-48-300x208.png 300w, https:\/\/acefootball.com\/da\/wp-content\/uploads\/sites\/2\/2021\/03\/image-48-100x70.png 100w\" sizes=\"(max-width: 602px) 100vw, 602px\" \/><\/figure>\n\n\n\n<figure class=\"wp-block-image size-large\"><img loading=\"lazy\" width=\"597\" height=\"668\" src=\"https:\/\/acefootball.com\/da\/wp-content\/uploads\/sites\/2\/2021\/03\/image-49.png\" alt=\"\" class=\"wp-image-253685\" srcset=\"https:\/\/acefootball.com\/da\/wp-content\/uploads\/sites\/2\/2021\/03\/image-49.png 597w, https:\/\/acefootball.com\/da\/wp-content\/uploads\/sites\/2\/2021\/03\/image-49-268x300.png 268w\" sizes=\"(max-width: 597px) 100vw, 597px\" \/><\/figure>\n\n\n\n<figure class=\"wp-block-image size-large\"><img loading=\"lazy\" width=\"600\" height=\"517\" src=\"https:\/\/acefootball.com\/da\/wp-content\/uploads\/sites\/2\/2021\/03\/image-50.png\" alt=\"\" class=\"wp-image-253686\" srcset=\"https:\/\/acefootball.com\/da\/wp-content\/uploads\/sites\/2\/2021\/03\/image-50.png 600w, https:\/\/acefootball.com\/da\/wp-content\/uploads\/sites\/2\/2021\/03\/image-50-300x259.png 300w, https:\/\/acefootball.com\/da\/wp-content\/uploads\/sites\/2\/2021\/03\/image-50-536x462.png 536w\" sizes=\"(max-width: 600px) 100vw, 600px\" \/><\/figure>\n\n\n\n<figure class=\"wp-block-image size-large\"><img loading=\"lazy\" width=\"516\" height=\"408\" src=\"https:\/\/acefootball.com\/da\/wp-content\/uploads\/sites\/2\/2021\/03\/image-51.png\" alt=\"\" class=\"wp-image-253687\" srcset=\"https:\/\/acefootball.com\/da\/wp-content\/uploads\/sites\/2\/2021\/03\/image-51.png 516w, https:\/\/acefootball.com\/da\/wp-content\/uploads\/sites\/2\/2021\/03\/image-51-300x237.png 300w\" sizes=\"(max-width: 516px) 100vw, 516px\" \/><\/figure>\n\n\n\n<figure class=\"wp-block-embed is-type-wp-embed is-provider-ace-football-danmark wp-block-embed-ace-football-danmark\"><div class=\"wp-block-embed__wrapper\">\n<blockquote class=\"wp-embedded-content\" data-secret=\"Q6WPF3AvZt\"><a href=\"https:\/\/acefootball.com\/da\/fodboldnyheder\/barca-holdet-som-vandt-youth-league-i-2014-hvor-er-de-i-dag\/\">Barca-holdet som vandt Youth League i 2014: Hvor er de i dag?<\/a><\/blockquote><iframe class=\"wp-embedded-content\" sandbox=\"allow-scripts\" security=\"restricted\" style=\"position: absolute; clip: rect(1px, 1px, 1px, 1px);\" title=\"&#8220;Barca-holdet som vandt Youth League i 2014: Hvor er de i dag?&#8221; &#8212; Ace Football Danmark\" src=\"https:\/\/acefootball.com\/da\/fodboldnyheder\/barca-holdet-som-vandt-youth-league-i-2014-hvor-er-de-i-dag\/embed\/#?secret=Q6WPF3AvZt\" data-secret=\"Q6WPF3AvZt\" width=\"600\" height=\"338\" frameborder=\"0\" marginwidth=\"0\" marginheight=\"0\" scrolling=\"no\"><\/iframe>\n<\/div><\/figure>\n\n\n\n<p><\/p>\n","protected":false},"excerpt":{"rendered":"<p>FC Barcelona afsluttede i g\u00e5r en fantastisk uge med at f\u00e5 ny pr\u00e6sident, og klubbens fans kan slet ikke v\u00e6re i sig selv af begejstring<\/p>\n","protected":false},"author":74,"featured_media":253690,"comment_status":"open","ping_status":"closed","sticky":false,"template":"","format":"standard","meta":{"om_disable_all_campaigns":false,"push_articles_ronaldo":{"active":false,"canonical":0,"publish":false},"force_updates":null},"categories":[8060],"tags":[41,303],"enet_tags":{"team":["8634"],"league":["87"],"sport_events":[]},"yoast_head":"<!-- This site is optimized with the Yoast SEO plugin v18.3 - https:\/\/yoast.com\/wordpress\/plugins\/seo\/ -->\n<title>Barca-fans kan ikke f\u00e5 h\u00e6nderne ned efter pr\u00e6sidentvalg: Nu kan terroren mod Madrid begynde<\/title>\n<meta name=\"description\" content=\"FC Barcelona afsluttede i g\u00e5r en fantastisk uge med at f\u00e5 ny pr\u00e6sident, og klubbens fans kan slet ikke v\u00e6re i sig selv af begejstring\" \/>\n<meta name=\"robots\" content=\"index, follow, max-snippet:-1, max-image-preview:large, max-video-preview:-1\" \/>\n<link rel=\"canonical\" href=\"https:\/\/acefootball.com\/da\/fodboldnyheder\/barca-fans-kan-ikke-faa-haenderne-ned-efter-praesidentvalg-nu-kan-terroren-mod-madrid-begynde\/\" \/>\n<meta property=\"og:locale\" content=\"en_US\" \/>\n<meta property=\"og:type\" content=\"article\" \/>\n<meta property=\"og:title\" content=\"Barca-fans kan ikke f\u00e5 h\u00e6nderne ned efter pr\u00e6sidentvalg: Nu kan terroren mod Madrid begynde\" \/>\n<meta property=\"og:description\" content=\"FC Barcelona afsluttede i g\u00e5r en fantastisk uge med at f\u00e5 ny pr\u00e6sident, og klubbens fans kan slet ikke v\u00e6re i sig selv af begejstring\" \/>\n<meta property=\"og:url\" content=\"https:\/\/acefootball.com\/da\/fodboldnyheder\/barca-fans-kan-ikke-faa-haenderne-ned-efter-praesidentvalg-nu-kan-terroren-mod-madrid-begynde\/\" \/>\n<meta property=\"og:site_name\" content=\"Ace Football Danmark\" \/>\n<meta property=\"article:publisher\" content=\"https:\/\/www.facebook.com\/acefootballdk\" \/>\n<meta property=\"article:published_time\" content=\"2021-03-08T09:49:22+00:00\" \/>\n<meta property=\"article:modified_time\" content=\"2021-03-08T09:49:23+00:00\" \/>\n<meta property=\"og:image\" content=\"https:\/\/acefootball.com\/da\/wp-content\/uploads\/sites\/2\/2021\/03\/Laes-mere-generel-51-1.jpg\" \/>\n\t<meta property=\"og:image:width\" content=\"1920\" \/>\n\t<meta property=\"og:image:height\" content=\"1008\" \/>\n\t<meta property=\"og:image:type\" content=\"image\/jpeg\" \/>\n<meta name=\"twitter:card\" content=\"summary_large_image\" \/>\n<meta name=\"twitter:label1\" content=\"Written by\" \/>\n\t<meta name=\"twitter:data1\" content=\"Patrick Hesselb\u00e6k\" \/>\n\t<meta name=\"twitter:label2\" content=\"Est. reading time\" \/>\n\t<meta name=\"twitter:data2\" content=\"2 minutes\" \/>\n<script type=\"application\/ld+json\" class=\"yoast-schema-graph\">{\"@context\":\"https:\/\/schema.org\",\"@graph\":[{\"@type\":\"Organization\",\"@id\":\"https:\/\/acefootball.com\/da\/#organization\",\"name\":\"Ace Football\",\"url\":\"https:\/\/acefootball.com\/da\/\",\"sameAs\":[\"https:\/\/www.facebook.com\/acefootballdk\"],\"logo\":{\"@type\":\"ImageObject\",\"@id\":\"https:\/\/acefootball.com\/da\/#logo\",\"inLanguage\":\"en-US\",\"url\":\"https:\/\/acefootball.com\/da\/wp-content\/uploads\/sites\/2\/2020\/07\/Ace-Football-30-07-2020-2.png\",\"contentUrl\":\"https:\/\/acefootball.com\/da\/wp-content\/uploads\/sites\/2\/2020\/07\/Ace-Football-30-07-2020-2.png\",\"width\":1200,\"height\":600,\"caption\":\"Ace Football\"},\"image\":{\"@id\":\"https:\/\/acefootball.com\/da\/#logo\"}},{\"@type\":\"WebSite\",\"@id\":\"https:\/\/acefootball.com\/da\/#website\",\"url\":\"https:\/\/acefootball.com\/da\/\",\"name\":\"Ace Football Danmark\",\"description\":\"Nyheder, Spiltips &amp; Livescore\",\"publisher\":{\"@id\":\"https:\/\/acefootball.com\/da\/#organization\"},\"potentialAction\":[{\"@type\":\"SearchAction\",\"target\":{\"@type\":\"EntryPoint\",\"urlTemplate\":\"https:\/\/acefootball.com\/da\/?s={search_term_string}\"},\"query-input\":\"required name=search_term_string\"}],\"inLanguage\":\"en-US\"},{\"@type\":\"ImageObject\",\"@id\":\"https:\/\/acefootball.com\/da\/fodboldnyheder\/barca-fans-kan-ikke-faa-haenderne-ned-efter-praesidentvalg-nu-kan-terroren-mod-madrid-begynde\/#primaryimage\",\"inLanguage\":\"en-US\",\"url\":\"https:\/\/acefootball.com\/da\/wp-content\/uploads\/sites\/2\/2021\/03\/Laes-mere-generel-51-1.jpg\",\"contentUrl\":\"https:\/\/acefootball.com\/da\/wp-content\/uploads\/sites\/2\/2021\/03\/Laes-mere-generel-51-1.jpg\",\"width\":1920,\"height\":1008},{\"@type\":\"WebPage\",\"@id\":\"https:\/\/acefootball.com\/da\/fodboldnyheder\/barca-fans-kan-ikke-faa-haenderne-ned-efter-praesidentvalg-nu-kan-terroren-mod-madrid-begynde\/#webpage\",\"url\":\"https:\/\/acefootball.com\/da\/fodboldnyheder\/barca-fans-kan-ikke-faa-haenderne-ned-efter-praesidentvalg-nu-kan-terroren-mod-madrid-begynde\/\",\"name\":\"Barca-fans kan ikke f\u00e5 h\u00e6nderne ned efter pr\u00e6sidentvalg: Nu kan terroren mod Madrid begynde\",\"isPartOf\":{\"@id\":\"https:\/\/acefootball.com\/da\/#website\"},\"primaryImageOfPage\":{\"@id\":\"https:\/\/acefootball.com\/da\/fodboldnyheder\/barca-fans-kan-ikke-faa-haenderne-ned-efter-praesidentvalg-nu-kan-terroren-mod-madrid-begynde\/#primaryimage\"},\"datePublished\":\"2021-03-08T09:49:22+00:00\",\"dateModified\":\"2021-03-08T09:49:23+00:00\",\"description\":\"FC Barcelona afsluttede i g\u00e5r en fantastisk uge med at f\u00e5 ny pr\u00e6sident, og klubbens fans kan slet ikke v\u00e6re i sig selv af begejstring\",\"breadcrumb\":{\"@id\":\"https:\/\/acefootball.com\/da\/fodboldnyheder\/barca-fans-kan-ikke-faa-haenderne-ned-efter-praesidentvalg-nu-kan-terroren-mod-madrid-begynde\/#breadcrumb\"},\"inLanguage\":\"en-US\",\"potentialAction\":[{\"@type\":\"ReadAction\",\"target\":[\"https:\/\/acefootball.com\/da\/fodboldnyheder\/barca-fans-kan-ikke-faa-haenderne-ned-efter-praesidentvalg-nu-kan-terroren-mod-madrid-begynde\/\"]}]},{\"@type\":\"BreadcrumbList\",\"@id\":\"https:\/\/acefootball.com\/da\/fodboldnyheder\/barca-fans-kan-ikke-faa-haenderne-ned-efter-praesidentvalg-nu-kan-terroren-mod-madrid-begynde\/#breadcrumb\",\"itemListElement\":[{\"@type\":\"ListItem\",\"position\":1,\"name\":\"Home\",\"item\":\"https:\/\/acefootball.com\/da\/\"},{\"@type\":\"ListItem\",\"position\":2,\"name\":\"Barca-fans kan ikke f\u00e5 h\u00e6nderne ned efter pr\u00e6sidentvalg: Nu kan terroren mod Madrid begynde\"}]},{\"@type\":\"Article\",\"@id\":\"https:\/\/acefootball.com\/da\/fodboldnyheder\/barca-fans-kan-ikke-faa-haenderne-ned-efter-praesidentvalg-nu-kan-terroren-mod-madrid-begynde\/#article\",\"isPartOf\":{\"@id\":\"https:\/\/acefootball.com\/da\/fodboldnyheder\/barca-fans-kan-ikke-faa-haenderne-ned-efter-praesidentvalg-nu-kan-terroren-mod-madrid-begynde\/#webpage\"},\"author\":{\"@id\":\"https:\/\/acefootball.com\/da\/#\/schema\/person\/fd6223a1c033400b41da7853ddf88c84\"},\"headline\":\"Barca-fans kan ikke f\u00e5 h\u00e6nderne ned efter pr\u00e6sidentvalg: Nu kan terroren mod Madrid begynde\",\"datePublished\":\"2021-03-08T09:49:22+00:00\",\"dateModified\":\"2021-03-08T09:49:23+00:00\",\"mainEntityOfPage\":{\"@id\":\"https:\/\/acefootball.com\/da\/fodboldnyheder\/barca-fans-kan-ikke-faa-haenderne-ned-efter-praesidentvalg-nu-kan-terroren-mod-madrid-begynde\/#webpage\"},\"wordCount\":183,\"commentCount\":0,\"publisher\":{\"@id\":\"https:\/\/acefootball.com\/da\/#organization\"},\"image\":{\"@id\":\"https:\/\/acefootball.com\/da\/fodboldnyheder\/barca-fans-kan-ikke-faa-haenderne-ned-efter-praesidentvalg-nu-kan-terroren-mod-madrid-begynde\/#primaryimage\"},\"thumbnailUrl\":\"https:\/\/acefootball.com\/da\/wp-content\/uploads\/sites\/2\/2021\/03\/GettyImages-1305869229.jpg\",\"keywords\":[\"FC Barcelona\",\"La Liga\"],\"articleSection\":[\"Reaktion\"],\"inLanguage\":\"en-US\",\"potentialAction\":[{\"@type\":\"CommentAction\",\"name\":\"Comment\",\"target\":[\"https:\/\/acefootball.com\/da\/fodboldnyheder\/barca-fans-kan-ikke-faa-haenderne-ned-efter-praesidentvalg-nu-kan-terroren-mod-madrid-begynde\/#respond\"]}]},{\"@type\":\"Person\",\"@id\":\"https:\/\/acefootball.com\/da\/#\/schema\/person\/fd6223a1c033400b41da7853ddf88c84\",\"name\":\"Patrick Hesselb\u00e6k\",\"image\":{\"@type\":\"ImageObject\",\"@id\":\"https:\/\/acefootball.com\/da\/#personlogo\",\"inLanguage\":\"en-US\",\"url\":\"https:\/\/secure.gravatar.com\/avatar\/7919060992759bffbffb199d6cbdce6f?s=96&d=mm&r=g\",\"contentUrl\":\"https:\/\/secure.gravatar.com\/avatar\/7919060992759bffbffb199d6cbdce6f?s=96&d=mm&r=g\",\"caption\":\"Patrick Hesselb\u00e6k\"},\"description\":\"Redakt\u00f8r p\u00e5 den danske Ace Football-redaktion. Uddannet i kommunikation fra Aalborg Universitet. Prim\u00e6rt fokus p\u00e5 den danske 3F Superliga og de st\u00f8rste europ\u00e6iske turneringer.\",\"sameAs\":[\"https:\/\/www.linkedin.com\/in\/patrick-hesselbk-2a4b1711a\/\"],\"url\":\"https:\/\/acefootball.com\/da\/fodboldnyheder\/author\/patrickhesselbaek\/\"}]}<\/script>\n<!-- \/ Yoast SEO plugin. -->","yoast_head_json":{"title":"Barca-fans kan ikke f\u00e5 h\u00e6nderne ned efter pr\u00e6sidentvalg: Nu kan terroren mod Madrid begynde","description":"FC Barcelona afsluttede i g\u00e5r en fantastisk uge med at f\u00e5 ny pr\u00e6sident, og klubbens fans kan slet ikke v\u00e6re i sig selv af begejstring","robots":{"index":"index","follow":"follow","max-snippet":"max-snippet:-1","max-image-preview":"max-image-preview:large","max-video-preview":"max-video-preview:-1"},"canonical":"https:\/\/acefootball.com\/da\/fodboldnyheder\/barca-fans-kan-ikke-faa-haenderne-ned-efter-praesidentvalg-nu-kan-terroren-mod-madrid-begynde\/","og_locale":"en_US","og_type":"article","og_title":"Barca-fans kan ikke f\u00e5 h\u00e6nderne ned efter pr\u00e6sidentvalg: Nu kan terroren mod Madrid begynde","og_description":"FC Barcelona afsluttede i g\u00e5r en fantastisk uge med at f\u00e5 ny pr\u00e6sident, og klubbens fans kan slet ikke v\u00e6re i sig selv af begejstring","og_url":"https:\/\/acefootball.com\/da\/fodboldnyheder\/barca-fans-kan-ikke-faa-haenderne-ned-efter-praesidentvalg-nu-kan-terroren-mod-madrid-begynde\/","og_site_name":"Ace Football Danmark","article_publisher":"https:\/\/www.facebook.com\/acefootballdk","article_published_time":"2021-03-08T09:49:22+00:00","article_modified_time":"2021-03-08T09:49:23+00:00","og_image":[{"width":1920,"height":1008,"url":"https:\/\/acefootball.com\/da\/wp-content\/uploads\/sites\/2\/2021\/03\/Laes-mere-generel-51-1.jpg","type":"image\/jpeg"}],"twitter_card":"summary_large_image","twitter_misc":{"Written by":"Patrick Hesselb\u00e6k","Est. reading time":"2 minutes"},"schema":{"@context":"https:\/\/schema.org","@graph":[{"@type":"Organization","@id":"https:\/\/acefootball.com\/da\/#organization","name":"Ace Football","url":"https:\/\/acefootball.com\/da\/","sameAs":["https:\/\/www.facebook.com\/acefootballdk"],"logo":{"@type":"ImageObject","@id":"https:\/\/acefootball.com\/da\/#logo","inLanguage":"en-US","url":"https:\/\/acefootball.com\/da\/wp-content\/uploads\/sites\/2\/2020\/07\/Ace-Football-30-07-2020-2.png","contentUrl":"https:\/\/acefootball.com\/da\/wp-content\/uploads\/sites\/2\/2020\/07\/Ace-Football-30-07-2020-2.png","width":1200,"height":600,"caption":"Ace Football"},"image":{"@id":"https:\/\/acefootball.com\/da\/#logo"}},{"@type":"WebSite","@id":"https:\/\/acefootball.com\/da\/#website","url":"https:\/\/acefootball.com\/da\/","name":"Ace Football Danmark","description":"Nyheder, Spiltips &amp; Livescore","publisher":{"@id":"https:\/\/acefootball.com\/da\/#organization"},"potentialAction":[{"@type":"SearchAction","target":{"@type":"EntryPoint","urlTemplate":"https:\/\/acefootball.com\/da\/?s={search_term_string}"},"query-input":"required name=search_term_string"}],"inLanguage":"en-US"},{"@type":"ImageObject","@id":"https:\/\/acefootball.com\/da\/fodboldnyheder\/barca-fans-kan-ikke-faa-haenderne-ned-efter-praesidentvalg-nu-kan-terroren-mod-madrid-begynde\/#primaryimage","inLanguage":"en-US","url":"https:\/\/acefootball.com\/da\/wp-content\/uploads\/sites\/2\/2021\/03\/Laes-mere-generel-51-1.jpg","contentUrl":"https:\/\/acefootball.com\/da\/wp-content\/uploads\/sites\/2\/2021\/03\/Laes-mere-generel-51-1.jpg","width":1920,"height":1008},{"@type":"WebPage","@id":"https:\/\/acefootball.com\/da\/fodboldnyheder\/barca-fans-kan-ikke-faa-haenderne-ned-efter-praesidentvalg-nu-kan-terroren-mod-madrid-begynde\/#webpage","url":"https:\/\/acefootball.com\/da\/fodboldnyheder\/barca-fans-kan-ikke-faa-haenderne-ned-efter-praesidentvalg-nu-kan-terroren-mod-madrid-begynde\/","name":"Barca-fans kan ikke f\u00e5 h\u00e6nderne ned efter pr\u00e6sidentvalg: Nu kan terroren mod Madrid begynde","isPartOf":{"@id":"https:\/\/acefootball.com\/da\/#website"},"primaryImageOfPage":{"@id":"https:\/\/acefootball.com\/da\/fodboldnyheder\/barca-fans-kan-ikke-faa-haenderne-ned-efter-praesidentvalg-nu-kan-terroren-mod-madrid-begynde\/#primaryimage"},"datePublished":"2021-03-08T09:49:22+00:00","dateModified":"2021-03-08T09:49:23+00:00","description":"FC Barcelona afsluttede i g\u00e5r en fantastisk uge med at f\u00e5 ny pr\u00e6sident, og klubbens fans kan slet ikke v\u00e6re i sig selv af begejstring","breadcrumb":{"@id":"https:\/\/acefootball.com\/da\/fodboldnyheder\/barca-fans-kan-ikke-faa-haenderne-ned-efter-praesidentvalg-nu-kan-terroren-mod-madrid-begynde\/#breadcrumb"},"inLanguage":"en-US","potentialAction":[{"@type":"ReadAction","target":["https:\/\/acefootball.com\/da\/fodboldnyheder\/barca-fans-kan-ikke-faa-haenderne-ned-efter-praesidentvalg-nu-kan-terroren-mod-madrid-begynde\/"]}]},{"@type":"BreadcrumbList","@id":"https:\/\/acefootball.com\/da\/fodboldnyheder\/barca-fans-kan-ikke-faa-haenderne-ned-efter-praesidentvalg-nu-kan-terroren-mod-madrid-begynde\/#breadcrumb","itemListElement":[{"@type":"ListItem","position":1,"name":"Home","item":"https:\/\/acefootball.com\/da\/"},{"@type":"ListItem","position":2,"name":"Barca-fans kan ikke f\u00e5 h\u00e6nderne ned efter pr\u00e6sidentvalg: Nu kan terroren mod Madrid begynde"}]},{"@type":"Article","@id":"https:\/\/acefootball.com\/da\/fodboldnyheder\/barca-fans-kan-ikke-faa-haenderne-ned-efter-praesidentvalg-nu-kan-terroren-mod-madrid-begynde\/#article","isPartOf":{"@id":"https:\/\/acefootball.com\/da\/fodboldnyheder\/barca-fans-kan-ikke-faa-haenderne-ned-efter-praesidentvalg-nu-kan-terroren-mod-madrid-begynde\/#webpage"},"author":{"@id":"https:\/\/acefootball.com\/da\/#\/schema\/person\/fd6223a1c033400b41da7853ddf88c84"},"headline":"Barca-fans kan ikke f\u00e5 h\u00e6nderne ned efter pr\u00e6sidentvalg: Nu kan terroren mod Madrid begynde","datePublished":"2021-03-08T09:49:22+00:00","dateModified":"2021-03-08T09:49:23+00:00","mainEntityOfPage":{"@id":"https:\/\/acefootball.com\/da\/fodboldnyheder\/barca-fans-kan-ikke-faa-haenderne-ned-efter-praesidentvalg-nu-kan-terroren-mod-madrid-begynde\/#webpage"},"wordCount":183,"commentCount":0,"publisher":{"@id":"https:\/\/acefootball.com\/da\/#organization"},"image":{"@id":"https:\/\/acefootball.com\/da\/fodboldnyheder\/barca-fans-kan-ikke-faa-haenderne-ned-efter-praesidentvalg-nu-kan-terroren-mod-madrid-begynde\/#primaryimage"},"thumbnailUrl":"https:\/\/acefootball.com\/da\/wp-content\/uploads\/sites\/2\/2021\/03\/GettyImages-1305869229.jpg","keywords":["FC Barcelona","La Liga"],"articleSection":["Reaktion"],"inLanguage":"en-US","potentialAction":[{"@type":"CommentAction","name":"Comment","target":["https:\/\/acefootball.com\/da\/fodboldnyheder\/barca-fans-kan-ikke-faa-haenderne-ned-efter-praesidentvalg-nu-kan-terroren-mod-madrid-begynde\/#respond"]}]},{"@type":"Person","@id":"https:\/\/acefootball.com\/da\/#\/schema\/person\/fd6223a1c033400b41da7853ddf88c84","name":"Patrick Hesselb\u00e6k","image":{"@type":"ImageObject","@id":"https:\/\/acefootball.com\/da\/#personlogo","inLanguage":"en-US","url":"https:\/\/secure.gravatar.com\/avatar\/7919060992759bffbffb199d6cbdce6f?s=96&d=mm&r=g","contentUrl":"https:\/\/secure.gravatar.com\/avatar\/7919060992759bffbffb199d6cbdce6f?s=96&d=mm&r=g","caption":"Patrick Hesselb\u00e6k"},"description":"Redakt\u00f8r p\u00e5 den danske Ace Football-redaktion. Uddannet i kommunikation fra Aalborg Universitet. Prim\u00e6rt fokus p\u00e5 den danske 3F Superliga og de st\u00f8rste europ\u00e6iske turneringer.","sameAs":["https:\/\/www.linkedin.com\/in\/patrick-hesselbk-2a4b1711a\/"],"url":"https:\/\/acefootball.com\/da\/fodboldnyheder\/author\/patrickhesselbaek\/"}]}},"fimg_url":"https:\/\/acefootball.com\/da\/wp-content\/uploads\/sites\/2\/2021\/03\/GettyImages-1305869229.jpg","_links":{"self":[{"href":"https:\/\/acefootball.com\/da\/wp-json\/wp\/v2\/posts\/253683"}],"collection":[{"href":"https:\/\/acefootball.com\/da\/wp-json\/wp\/v2\/posts"}],"about":[{"href":"https:\/\/acefootball.com\/da\/wp-json\/wp\/v2\/types\/post"}],"author":[{"embeddable":true,"href":"https:\/\/acefootball.com\/da\/wp-json\/wp\/v2\/users\/74"}],"replies":[{"embeddable":true,"href":"https:\/\/acefootball.com\/da\/wp-json\/wp\/v2\/comments?post=253683"}],"version-history":[{"count":0,"href":"https:\/\/acefootball.com\/da\/wp-json\/wp\/v2\/posts\/253683\/revisions"}],"wp:featuredmedia":[{"embeddable":true,"href":"https:\/\/acefootball.com\/da\/wp-json\/wp\/v2\/media\/253690"}],"wp:attachment":[{"href":"https:\/\/acefootball.com\/da\/wp-json\/wp\/v2\/media?parent=253683"}],"wp:term":[{"taxonomy":"category","embeddable":true,"href":"https:\/\/acefootball.com\/da\/wp-json\/wp\/v2\/categories?post=253683"},{"taxonomy":"post_tag","embeddable":true,"href":"https:\/\/acefootball.com\/da\/wp-json\/wp\/v2\/tags?post=253683"}],"curies":[{"name":"wp","href":"https:\/\/api.w.org\/{rel}","templated":true}]}}