{"id":253641,"date":"2021-03-07T18:49:16","date_gmt":"2021-03-07T17:49:16","guid":{"rendered":"https:\/\/acefootball.com\/da\/?p=253641"},"modified":"2021-03-07T18:56:36","modified_gmt":"2021-03-07T17:56:36","slug":"ikke-brug-for-var-wolfsburg-spiller-traekker-aarets-vildeste-noedbremse","status":"publish","type":"post","link":"https:\/\/acefootball.com\/da\/fodboldnyheder\/ikke-brug-for-var-wolfsburg-spiller-traekker-aarets-vildeste-noedbremse\/","title":{"rendered":"Ikke brug for VAR: Wolfsburg-spiller tr\u00e6kker \u00e5rets vildeste n\u00f8dbremse"},"content":{"rendered":"\n<h2 id=\"h-wolfsburgs-paulo-otavio-trak-i-den-helt-store-n-dbremse-da-hoffenheims-munas-dabbur-gjorde-klar-til-at-l-gge-bolden-i-et-tomt-m-l\">Wolfsburgs Paulo Otavio trak i den helt store n\u00f8dbremse, da Hoffenheims Munas Dabbur gjorde klar til at l\u00e6gge bolden i et tomt m\u00e5l<\/h2>\n\n\n\n<div class=\"wp-block-si-widget wp-block-si-widget--center\"><si-lb-widget widget-id=\"MatchInfoWithOdds\" data-nopadding=\"true\" data-across-all-tournaments=\"false\" data-limit=\"5\" width=\"440\" data-event-id=\"3399365\" data-card=\"true\"><\/si-lb-widget><\/div>\n\n\n\n<p>Dommer Markus Schmidt havde ikke brug for hverken VAR eller andre former for hj\u00e6lp, da han skulle smide Paulo Otavio ud i kampen mellem Hoffenheim og Wolfsburg.<\/p>\n\n\n\n<p>Wofsburg-backen tacklede sig nemlig til et af \u00e5rets klareste r\u00f8de kort i indev\u00e6rende s\u00e6son, da han forhindrede Munas Dabbur i en stensikker scoring i kampens overtid.<\/p>\n\n\n\n<p>G\u00e6sterne var bagud 1-2, da de kastede alt frem p\u00e5 et sidste hj\u00f8rnespark, inklusiv m\u00e5lmand Koen Casteels, og det endte i et kontrast\u00f8d, hvor Hoffenheim-spidsen var alene i gennem mod m\u00e5l.<\/p>\n\n\n\n<p>Paulo Otavio n\u00e5ede dog at komme tilbage og bremse israeleren med en perfekt udf\u00f8relse af den klassiske saks. Se episoden her:<\/p>\n\n\n\n<figure class=\"wp-block-embed is-type-rich is-provider-twitter wp-block-embed-twitter\"><div class=\"wp-block-embed__wrapper\">\n<blockquote class=\"twitter-tweet\" data-width=\"550\" data-dnt=\"true\"><p lang=\"und\" dir=\"ltr\"><a href=\"https:\/\/t.co\/EMzlsXIl9u\">pic.twitter.com\/EMzlsXIl9u<\/a><\/p>&mdash; Football Shithousery (@FootyRustling) <a href=\"https:\/\/twitter.com\/FootyRustling\/status\/1368255499230187526?ref_src=twsrc%5Etfw\">March 6, 2021<\/a><\/blockquote><script async src=\"https:\/\/platform.twitter.com\/widgets.js\" charset=\"utf-8\"><\/script>\n<\/div><\/figure>\n\n\n\n<p>Den helt store VAR-lup skulle derimod frem i kampen mellem Br\u00f8ndby og FC K\u00f8benhavn. Se den meget omdiskuterede situation her:<\/p>\n\n\n\n<figure class=\"wp-block-embed is-type-wp-embed is-provider-ace-football-danmark wp-block-embed-ace-football-danmark\"><div class=\"wp-block-embed__wrapper\">\n<blockquote class=\"wp-embedded-content\" data-secret=\"6X4rDpZudq\"><a href=\"https:\/\/acefootball.com\/da\/fodboldnyheder\/kaempe-frustration-paa-twitter-rammer-bolden-en-broendby-spiller-foerst\/\">K\u00e6mpe frustration p\u00e5 Twitter: Rammer bolden en Br\u00f8ndby-spiller f\u00f8rst?<\/a><\/blockquote><iframe class=\"wp-embedded-content\" sandbox=\"allow-scripts\" security=\"restricted\" style=\"position: absolute; clip: rect(1px, 1px, 1px, 1px);\" title=\"&#8220;K\u00e6mpe frustration p\u00e5 Twitter: Rammer bolden en Br\u00f8ndby-spiller f\u00f8rst?&#8221; &#8212; Ace Football Danmark\" src=\"https:\/\/acefootball.com\/da\/fodboldnyheder\/kaempe-frustration-paa-twitter-rammer-bolden-en-broendby-spiller-foerst\/embed\/#?secret=6X4rDpZudq\" data-secret=\"6X4rDpZudq\" width=\"600\" height=\"338\" frameborder=\"0\" marginwidth=\"0\" marginheight=\"0\" scrolling=\"no\"><\/iframe>\n<\/div><\/figure>\n","protected":false},"excerpt":{"rendered":"<p>Wolfsburgs Paulo Otavio trak i den helt store n\u00f8dbremse, da Hoffenheims Munas Dabbur gjorde klar til at l\u00e6gge bolden i et tomt m\u00e5l<\/p>\n","protected":false},"author":705,"featured_media":253642,"comment_status":"open","ping_status":"closed","sticky":false,"template":"","format":"video","meta":{"om_disable_all_campaigns":false,"push_articles_ronaldo":{"active":false,"canonical":0,"publish":false},"force_updates":null},"categories":[8098],"tags":[143,766,1907],"enet_tags":{"league":["54"],"team":["8226","8721"],"sport_events":[3399365]},"yoast_head":"<!-- This site is optimized with the Yoast SEO plugin v18.3 - https:\/\/yoast.com\/wordpress\/plugins\/seo\/ -->\n<title>Ikke brug for VAR: Wolfsburg-spiller tr\u00e6kker \u00e5rets vildeste n\u00f8dbremse<\/title>\n<meta name=\"description\" content=\"Wolfsburgs Paulo Otavio trak i den helt store n\u00f8dbremse, da Hoffenheims Munas Dabbur gjorde klar til at l\u00e6gge bolden i et tomt m\u00e5l\" \/>\n<meta name=\"robots\" content=\"index, follow, max-snippet:-1, max-image-preview:large, max-video-preview:-1\" \/>\n<link rel=\"canonical\" href=\"https:\/\/acefootball.com\/da\/fodboldnyheder\/ikke-brug-for-var-wolfsburg-spiller-traekker-aarets-vildeste-noedbremse\/\" \/>\n<meta property=\"og:locale\" content=\"en_US\" \/>\n<meta property=\"og:type\" content=\"article\" \/>\n<meta property=\"og:title\" content=\"Ikke brug for VAR: Wolfsburg-spiller tr\u00e6kker \u00e5rets vildeste n\u00f8dbremse\" \/>\n<meta property=\"og:description\" content=\"Wolfsburgs Paulo Otavio trak i den helt store n\u00f8dbremse, da Hoffenheims Munas Dabbur gjorde klar til at l\u00e6gge bolden i et tomt m\u00e5l\" \/>\n<meta property=\"og:url\" content=\"https:\/\/acefootball.com\/da\/fodboldnyheder\/ikke-brug-for-var-wolfsburg-spiller-traekker-aarets-vildeste-noedbremse\/\" \/>\n<meta property=\"og:site_name\" content=\"Ace Football Danmark\" \/>\n<meta property=\"article:publisher\" content=\"https:\/\/www.facebook.com\/acefootballdk\" \/>\n<meta property=\"article:published_time\" content=\"2021-03-07T17:49:16+00:00\" \/>\n<meta property=\"article:modified_time\" content=\"2021-03-07T17:56:36+00:00\" \/>\n<meta property=\"og:image\" content=\"https:\/\/acefootball.com\/da\/wp-content\/uploads\/sites\/2\/2021\/03\/Video-generel-4-1.jpg\" \/>\n\t<meta property=\"og:image:width\" content=\"1920\" \/>\n\t<meta property=\"og:image:height\" content=\"1008\" \/>\n\t<meta property=\"og:image:type\" content=\"image\/jpeg\" \/>\n<meta name=\"twitter:card\" content=\"summary_large_image\" \/>\n<meta name=\"twitter:label1\" content=\"Written by\" \/>\n\t<meta name=\"twitter:data1\" content=\"Mads Dreyer\" \/>\n\t<meta name=\"twitter:label2\" content=\"Est. reading time\" \/>\n\t<meta name=\"twitter:data2\" content=\"1 minute\" \/>\n<script type=\"application\/ld+json\" class=\"yoast-schema-graph\">{\"@context\":\"https:\/\/schema.org\",\"@graph\":[{\"@type\":\"Organization\",\"@id\":\"https:\/\/acefootball.com\/da\/#organization\",\"name\":\"Ace Football\",\"url\":\"https:\/\/acefootball.com\/da\/\",\"sameAs\":[\"https:\/\/www.facebook.com\/acefootballdk\"],\"logo\":{\"@type\":\"ImageObject\",\"@id\":\"https:\/\/acefootball.com\/da\/#logo\",\"inLanguage\":\"en-US\",\"url\":\"https:\/\/acefootball.com\/da\/wp-content\/uploads\/sites\/2\/2020\/07\/Ace-Football-30-07-2020-2.png\",\"contentUrl\":\"https:\/\/acefootball.com\/da\/wp-content\/uploads\/sites\/2\/2020\/07\/Ace-Football-30-07-2020-2.png\",\"width\":1200,\"height\":600,\"caption\":\"Ace Football\"},\"image\":{\"@id\":\"https:\/\/acefootball.com\/da\/#logo\"}},{\"@type\":\"WebSite\",\"@id\":\"https:\/\/acefootball.com\/da\/#website\",\"url\":\"https:\/\/acefootball.com\/da\/\",\"name\":\"Ace Football Danmark\",\"description\":\"Nyheder, Spiltips &amp; Livescore\",\"publisher\":{\"@id\":\"https:\/\/acefootball.com\/da\/#organization\"},\"potentialAction\":[{\"@type\":\"SearchAction\",\"target\":{\"@type\":\"EntryPoint\",\"urlTemplate\":\"https:\/\/acefootball.com\/da\/?s={search_term_string}\"},\"query-input\":\"required name=search_term_string\"}],\"inLanguage\":\"en-US\"},{\"@type\":\"ImageObject\",\"@id\":\"https:\/\/acefootball.com\/da\/fodboldnyheder\/ikke-brug-for-var-wolfsburg-spiller-traekker-aarets-vildeste-noedbremse\/#primaryimage\",\"inLanguage\":\"en-US\",\"url\":\"https:\/\/acefootball.com\/da\/wp-content\/uploads\/sites\/2\/2021\/03\/Video-generel-4-1.jpg\",\"contentUrl\":\"https:\/\/acefootball.com\/da\/wp-content\/uploads\/sites\/2\/2021\/03\/Video-generel-4-1.jpg\",\"width\":1920,\"height\":1008},{\"@type\":\"WebPage\",\"@id\":\"https:\/\/acefootball.com\/da\/fodboldnyheder\/ikke-brug-for-var-wolfsburg-spiller-traekker-aarets-vildeste-noedbremse\/#webpage\",\"url\":\"https:\/\/acefootball.com\/da\/fodboldnyheder\/ikke-brug-for-var-wolfsburg-spiller-traekker-aarets-vildeste-noedbremse\/\",\"name\":\"Ikke brug for VAR: Wolfsburg-spiller tr\u00e6kker \u00e5rets vildeste n\u00f8dbremse\",\"isPartOf\":{\"@id\":\"https:\/\/acefootball.com\/da\/#website\"},\"primaryImageOfPage\":{\"@id\":\"https:\/\/acefootball.com\/da\/fodboldnyheder\/ikke-brug-for-var-wolfsburg-spiller-traekker-aarets-vildeste-noedbremse\/#primaryimage\"},\"datePublished\":\"2021-03-07T17:49:16+00:00\",\"dateModified\":\"2021-03-07T17:56:36+00:00\",\"description\":\"Wolfsburgs Paulo Otavio trak i den helt store n\u00f8dbremse, da Hoffenheims Munas Dabbur gjorde klar til at l\u00e6gge bolden i et tomt m\u00e5l\",\"breadcrumb\":{\"@id\":\"https:\/\/acefootball.com\/da\/fodboldnyheder\/ikke-brug-for-var-wolfsburg-spiller-traekker-aarets-vildeste-noedbremse\/#breadcrumb\"},\"inLanguage\":\"en-US\",\"potentialAction\":[{\"@type\":\"ReadAction\",\"target\":[\"https:\/\/acefootball.com\/da\/fodboldnyheder\/ikke-brug-for-var-wolfsburg-spiller-traekker-aarets-vildeste-noedbremse\/\"]}]},{\"@type\":\"BreadcrumbList\",\"@id\":\"https:\/\/acefootball.com\/da\/fodboldnyheder\/ikke-brug-for-var-wolfsburg-spiller-traekker-aarets-vildeste-noedbremse\/#breadcrumb\",\"itemListElement\":[{\"@type\":\"ListItem\",\"position\":1,\"name\":\"Home\",\"item\":\"https:\/\/acefootball.com\/da\/\"},{\"@type\":\"ListItem\",\"position\":2,\"name\":\"Ikke brug for VAR: Wolfsburg-spiller tr\u00e6kker \u00e5rets vildeste n\u00f8dbremse\"}]},{\"@type\":\"Article\",\"@id\":\"https:\/\/acefootball.com\/da\/fodboldnyheder\/ikke-brug-for-var-wolfsburg-spiller-traekker-aarets-vildeste-noedbremse\/#article\",\"isPartOf\":{\"@id\":\"https:\/\/acefootball.com\/da\/fodboldnyheder\/ikke-brug-for-var-wolfsburg-spiller-traekker-aarets-vildeste-noedbremse\/#webpage\"},\"author\":{\"@id\":\"https:\/\/acefootball.com\/da\/#\/schema\/person\/ee67e9cf04a276f144100ffa722f10cd\"},\"headline\":\"Ikke brug for VAR: Wolfsburg-spiller tr\u00e6kker \u00e5rets vildeste n\u00f8dbremse\",\"datePublished\":\"2021-03-07T17:49:16+00:00\",\"dateModified\":\"2021-03-07T17:56:36+00:00\",\"mainEntityOfPage\":{\"@id\":\"https:\/\/acefootball.com\/da\/fodboldnyheder\/ikke-brug-for-var-wolfsburg-spiller-traekker-aarets-vildeste-noedbremse\/#webpage\"},\"wordCount\":186,\"commentCount\":0,\"publisher\":{\"@id\":\"https:\/\/acefootball.com\/da\/#organization\"},\"image\":{\"@id\":\"https:\/\/acefootball.com\/da\/fodboldnyheder\/ikke-brug-for-var-wolfsburg-spiller-traekker-aarets-vildeste-noedbremse\/#primaryimage\"},\"thumbnailUrl\":\"https:\/\/acefootball.com\/da\/wp-content\/uploads\/sites\/2\/2021\/03\/GettyImages-1305664916.jpg\",\"keywords\":[\"Bundesliga\",\"Hoffenheim\",\"Wolfsburg\"],\"articleSection\":[\"Video\"],\"inLanguage\":\"en-US\",\"potentialAction\":[{\"@type\":\"CommentAction\",\"name\":\"Comment\",\"target\":[\"https:\/\/acefootball.com\/da\/fodboldnyheder\/ikke-brug-for-var-wolfsburg-spiller-traekker-aarets-vildeste-noedbremse\/#respond\"]}]},{\"@type\":\"Person\",\"@id\":\"https:\/\/acefootball.com\/da\/#\/schema\/person\/ee67e9cf04a276f144100ffa722f10cd\",\"name\":\"Mads Dreyer\",\"image\":{\"@type\":\"ImageObject\",\"@id\":\"https:\/\/acefootball.com\/da\/#personlogo\",\"inLanguage\":\"en-US\",\"url\":\"https:\/\/secure.gravatar.com\/avatar\/7c7abf72cfde9902b6a60efe60c88d4c?s=96&d=mm&r=g\",\"contentUrl\":\"https:\/\/secure.gravatar.com\/avatar\/7c7abf72cfde9902b6a60efe60c88d4c?s=96&d=mm&r=g\",\"caption\":\"Mads Dreyer\"},\"description\":\"Skribent og fodboldn\u00f8rd, der lige nu fort\u00e6ller om alt og intet i fodboldverdenen p\u00e5 acefootball.com. Uddannet i kommunikation fra Aalborg Universitet.\",\"sameAs\":[\"https:\/\/www.linkedin.com\/in\/mads-dreyer-b9b08266\/\"],\"url\":\"https:\/\/acefootball.com\/da\/fodboldnyheder\/author\/mdnronaldo\/\"}]}<\/script>\n<!-- \/ Yoast SEO plugin. -->","yoast_head_json":{"title":"Ikke brug for VAR: Wolfsburg-spiller tr\u00e6kker \u00e5rets vildeste n\u00f8dbremse","description":"Wolfsburgs Paulo Otavio trak i den helt store n\u00f8dbremse, da Hoffenheims Munas Dabbur gjorde klar til at l\u00e6gge bolden i et tomt m\u00e5l","robots":{"index":"index","follow":"follow","max-snippet":"max-snippet:-1","max-image-preview":"max-image-preview:large","max-video-preview":"max-video-preview:-1"},"canonical":"https:\/\/acefootball.com\/da\/fodboldnyheder\/ikke-brug-for-var-wolfsburg-spiller-traekker-aarets-vildeste-noedbremse\/","og_locale":"en_US","og_type":"article","og_title":"Ikke brug for VAR: Wolfsburg-spiller tr\u00e6kker \u00e5rets vildeste n\u00f8dbremse","og_description":"Wolfsburgs Paulo Otavio trak i den helt store n\u00f8dbremse, da Hoffenheims Munas Dabbur gjorde klar til at l\u00e6gge bolden i et tomt m\u00e5l","og_url":"https:\/\/acefootball.com\/da\/fodboldnyheder\/ikke-brug-for-var-wolfsburg-spiller-traekker-aarets-vildeste-noedbremse\/","og_site_name":"Ace Football Danmark","article_publisher":"https:\/\/www.facebook.com\/acefootballdk","article_published_time":"2021-03-07T17:49:16+00:00","article_modified_time":"2021-03-07T17:56:36+00:00","og_image":[{"width":1920,"height":1008,"url":"https:\/\/acefootball.com\/da\/wp-content\/uploads\/sites\/2\/2021\/03\/Video-generel-4-1.jpg","type":"image\/jpeg"}],"twitter_card":"summary_large_image","twitter_misc":{"Written by":"Mads Dreyer","Est. reading time":"1 minute"},"schema":{"@context":"https:\/\/schema.org","@graph":[{"@type":"Organization","@id":"https:\/\/acefootball.com\/da\/#organization","name":"Ace Football","url":"https:\/\/acefootball.com\/da\/","sameAs":["https:\/\/www.facebook.com\/acefootballdk"],"logo":{"@type":"ImageObject","@id":"https:\/\/acefootball.com\/da\/#logo","inLanguage":"en-US","url":"https:\/\/acefootball.com\/da\/wp-content\/uploads\/sites\/2\/2020\/07\/Ace-Football-30-07-2020-2.png","contentUrl":"https:\/\/acefootball.com\/da\/wp-content\/uploads\/sites\/2\/2020\/07\/Ace-Football-30-07-2020-2.png","width":1200,"height":600,"caption":"Ace Football"},"image":{"@id":"https:\/\/acefootball.com\/da\/#logo"}},{"@type":"WebSite","@id":"https:\/\/acefootball.com\/da\/#website","url":"https:\/\/acefootball.com\/da\/","name":"Ace Football Danmark","description":"Nyheder, Spiltips &amp; Livescore","publisher":{"@id":"https:\/\/acefootball.com\/da\/#organization"},"potentialAction":[{"@type":"SearchAction","target":{"@type":"EntryPoint","urlTemplate":"https:\/\/acefootball.com\/da\/?s={search_term_string}"},"query-input":"required name=search_term_string"}],"inLanguage":"en-US"},{"@type":"ImageObject","@id":"https:\/\/acefootball.com\/da\/fodboldnyheder\/ikke-brug-for-var-wolfsburg-spiller-traekker-aarets-vildeste-noedbremse\/#primaryimage","inLanguage":"en-US","url":"https:\/\/acefootball.com\/da\/wp-content\/uploads\/sites\/2\/2021\/03\/Video-generel-4-1.jpg","contentUrl":"https:\/\/acefootball.com\/da\/wp-content\/uploads\/sites\/2\/2021\/03\/Video-generel-4-1.jpg","width":1920,"height":1008},{"@type":"WebPage","@id":"https:\/\/acefootball.com\/da\/fodboldnyheder\/ikke-brug-for-var-wolfsburg-spiller-traekker-aarets-vildeste-noedbremse\/#webpage","url":"https:\/\/acefootball.com\/da\/fodboldnyheder\/ikke-brug-for-var-wolfsburg-spiller-traekker-aarets-vildeste-noedbremse\/","name":"Ikke brug for VAR: Wolfsburg-spiller tr\u00e6kker \u00e5rets vildeste n\u00f8dbremse","isPartOf":{"@id":"https:\/\/acefootball.com\/da\/#website"},"primaryImageOfPage":{"@id":"https:\/\/acefootball.com\/da\/fodboldnyheder\/ikke-brug-for-var-wolfsburg-spiller-traekker-aarets-vildeste-noedbremse\/#primaryimage"},"datePublished":"2021-03-07T17:49:16+00:00","dateModified":"2021-03-07T17:56:36+00:00","description":"Wolfsburgs Paulo Otavio trak i den helt store n\u00f8dbremse, da Hoffenheims Munas Dabbur gjorde klar til at l\u00e6gge bolden i et tomt m\u00e5l","breadcrumb":{"@id":"https:\/\/acefootball.com\/da\/fodboldnyheder\/ikke-brug-for-var-wolfsburg-spiller-traekker-aarets-vildeste-noedbremse\/#breadcrumb"},"inLanguage":"en-US","potentialAction":[{"@type":"ReadAction","target":["https:\/\/acefootball.com\/da\/fodboldnyheder\/ikke-brug-for-var-wolfsburg-spiller-traekker-aarets-vildeste-noedbremse\/"]}]},{"@type":"BreadcrumbList","@id":"https:\/\/acefootball.com\/da\/fodboldnyheder\/ikke-brug-for-var-wolfsburg-spiller-traekker-aarets-vildeste-noedbremse\/#breadcrumb","itemListElement":[{"@type":"ListItem","position":1,"name":"Home","item":"https:\/\/acefootball.com\/da\/"},{"@type":"ListItem","position":2,"name":"Ikke brug for VAR: Wolfsburg-spiller tr\u00e6kker \u00e5rets vildeste n\u00f8dbremse"}]},{"@type":"Article","@id":"https:\/\/acefootball.com\/da\/fodboldnyheder\/ikke-brug-for-var-wolfsburg-spiller-traekker-aarets-vildeste-noedbremse\/#article","isPartOf":{"@id":"https:\/\/acefootball.com\/da\/fodboldnyheder\/ikke-brug-for-var-wolfsburg-spiller-traekker-aarets-vildeste-noedbremse\/#webpage"},"author":{"@id":"https:\/\/acefootball.com\/da\/#\/schema\/person\/ee67e9cf04a276f144100ffa722f10cd"},"headline":"Ikke brug for VAR: Wolfsburg-spiller tr\u00e6kker \u00e5rets vildeste n\u00f8dbremse","datePublished":"2021-03-07T17:49:16+00:00","dateModified":"2021-03-07T17:56:36+00:00","mainEntityOfPage":{"@id":"https:\/\/acefootball.com\/da\/fodboldnyheder\/ikke-brug-for-var-wolfsburg-spiller-traekker-aarets-vildeste-noedbremse\/#webpage"},"wordCount":186,"commentCount":0,"publisher":{"@id":"https:\/\/acefootball.com\/da\/#organization"},"image":{"@id":"https:\/\/acefootball.com\/da\/fodboldnyheder\/ikke-brug-for-var-wolfsburg-spiller-traekker-aarets-vildeste-noedbremse\/#primaryimage"},"thumbnailUrl":"https:\/\/acefootball.com\/da\/wp-content\/uploads\/sites\/2\/2021\/03\/GettyImages-1305664916.jpg","keywords":["Bundesliga","Hoffenheim","Wolfsburg"],"articleSection":["Video"],"inLanguage":"en-US","potentialAction":[{"@type":"CommentAction","name":"Comment","target":["https:\/\/acefootball.com\/da\/fodboldnyheder\/ikke-brug-for-var-wolfsburg-spiller-traekker-aarets-vildeste-noedbremse\/#respond"]}]},{"@type":"Person","@id":"https:\/\/acefootball.com\/da\/#\/schema\/person\/ee67e9cf04a276f144100ffa722f10cd","name":"Mads Dreyer","image":{"@type":"ImageObject","@id":"https:\/\/acefootball.com\/da\/#personlogo","inLanguage":"en-US","url":"https:\/\/secure.gravatar.com\/avatar\/7c7abf72cfde9902b6a60efe60c88d4c?s=96&d=mm&r=g","contentUrl":"https:\/\/secure.gravatar.com\/avatar\/7c7abf72cfde9902b6a60efe60c88d4c?s=96&d=mm&r=g","caption":"Mads Dreyer"},"description":"Skribent og fodboldn\u00f8rd, der lige nu fort\u00e6ller om alt og intet i fodboldverdenen p\u00e5 acefootball.com. Uddannet i kommunikation fra Aalborg Universitet.","sameAs":["https:\/\/www.linkedin.com\/in\/mads-dreyer-b9b08266\/"],"url":"https:\/\/acefootball.com\/da\/fodboldnyheder\/author\/mdnronaldo\/"}]}},"fimg_url":"https:\/\/acefootball.com\/da\/wp-content\/uploads\/sites\/2\/2021\/03\/GettyImages-1305664916.jpg","_links":{"self":[{"href":"https:\/\/acefootball.com\/da\/wp-json\/wp\/v2\/posts\/253641"}],"collection":[{"href":"https:\/\/acefootball.com\/da\/wp-json\/wp\/v2\/posts"}],"about":[{"href":"https:\/\/acefootball.com\/da\/wp-json\/wp\/v2\/types\/post"}],"author":[{"embeddable":true,"href":"https:\/\/acefootball.com\/da\/wp-json\/wp\/v2\/users\/705"}],"replies":[{"embeddable":true,"href":"https:\/\/acefootball.com\/da\/wp-json\/wp\/v2\/comments?post=253641"}],"version-history":[{"count":0,"href":"https:\/\/acefootball.com\/da\/wp-json\/wp\/v2\/posts\/253641\/revisions"}],"wp:featuredmedia":[{"embeddable":true,"href":"https:\/\/acefootball.com\/da\/wp-json\/wp\/v2\/media\/253642"}],"wp:attachment":[{"href":"https:\/\/acefootball.com\/da\/wp-json\/wp\/v2\/media?parent=253641"}],"wp:term":[{"taxonomy":"category","embeddable":true,"href":"https:\/\/acefootball.com\/da\/wp-json\/wp\/v2\/categories?post=253641"},{"taxonomy":"post_tag","embeddable":true,"href":"https:\/\/acefootball.com\/da\/wp-json\/wp\/v2\/tags?post=253641"}],"curies":[{"name":"wp","href":"https:\/\/api.w.org\/{rel}","templated":true}]}}