{"id":253636,"date":"2021-03-07T17:33:28","date_gmt":"2021-03-07T16:33:28","guid":{"rendered":"https:\/\/acefootball.com\/da\/?p=253636"},"modified":"2021-03-07T17:33:28","modified_gmt":"2021-03-07T16:33:28","slug":"fck-traener-revset-for-interview-kan-han-ikke-reglerne","status":"publish","type":"post","link":"https:\/\/acefootball.com\/da\/fodboldnyheder\/fck-traener-revset-for-interview-kan-han-ikke-reglerne\/","title":{"rendered":"FCK-tr\u00e6ner revset for interview: &#8220;Kan han ikke reglerne?&#8221;"},"content":{"rendered":"\n<h2 id=\"h-fc-k-benhavn-fik-et-m-l-af-kamil-wilczek-underkendt-og-det-var-en-kendelse-cheftr-ner-jess-thorup-ikke-forstod-meget-af\">FC K\u00f8benhavn fik et m\u00e5l af Kamil Wilczek underkendt, og det var en kendelse, cheftr\u00e6ner Jess Thorup ikke forstod meget af<\/h2>\n\n\n\n<p>Det helt store samtaleemne efter s\u00f8ndagens derby mellem Br\u00f8ndby IF og FC K\u00f8benhavn, var det annullerede m\u00e5l fra g\u00e6sterne, som Kamil Wilczek satte i kassen.<\/p>\n\n\n\n<p>Bolden havde inden m\u00e5let ramt Jonas Wind p\u00e5 armen, men der blev hurtigt sat fokus p\u00e5, at Anis Ben Slimane ogs\u00e5 have h\u00e5nd p\u00e5 bolden i samme moment.<\/p>\n\n\n\n<p>TV3-eksperten Stig T\u00f8fting forklarede dog efterf\u00f8lgende, at Br\u00f8ndby-spillerens aktion, if\u00f8lge fodboldloven, ikke var kriminel, og derfor var annulleringen korrekt.<\/p>\n\n\n\n<p>Den regel l\u00f8d Jess Thorup dog ikke til at have kendskab til, da episoden blev gennemg\u00e5et i et interview efter kampen. Du kan se det her:<\/p>\n\n\n\n\n        <div class=\"svf-video-single only-video\">\n            <div class=\"svf-video-container svf-embedded embedded\">\n                <script>(function(){const el = document.createElement('iframe');el.allow = 'autoplay';el.frameBorder = '0';el.classList.add('svf-video');el.allowFullscreen = true;document.currentScript.parentNode.style.display = 'none';el.src = \"https:\/\/www.viafree.dk\/embed\/sport\/id\/4ed0560a-89e9-49d8-af9d-261f110d9b61?partnerId=a788403f-2c83-488f-adb0-2650ac7278a3\";el.addEventListener( 'load', function(){ this.parentNode.style.display = ''; });document.currentScript.parentNode.insertBefore(el, document.currentScript.nextSibling);})();<\/script>\n                <noscript><iframe allow=\"autoplay\" allowfullscreen frameborder=\"0\" class=\"svf-video\" src=\"https:\/\/www.viafree.dk\/embed\/sport\/id\/4ed0560a-89e9-49d8-af9d-261f110d9b61?partnerId=a788403f-2c83-488f-adb0-2650ac7278a3\"><\/iframe><\/noscript>\n            <\/div>\n                    <\/div>\n        \n\n\n\n<p><\/p>\n\n\n\n<p>Udtalelserne har f\u00e5et flere Twitter-brugere til at undre sig over, at FCK-tr\u00e6neren ikke kender til den omtalte regel. Du kan se nogle af kommentarerne her:<\/p>\n\n\n\n<figure class=\"wp-block-embed is-type-rich is-provider-twitter wp-block-embed-twitter\"><div class=\"wp-block-embed__wrapper\">\n<blockquote class=\"twitter-tweet\" data-width=\"550\" data-dnt=\"true\"><p lang=\"da\" dir=\"ltr\">Er der nogen fck fans der hj\u00e6lper Jess Thorup inden han dummer sig yderligere? Dum regel elller ej, s\u00e5 er eneste dommerfejl i dag vel kun at Stages m\u00e5l ikke blev annulleret? <a href=\"https:\/\/twitter.com\/hashtag\/biffck?src=hash&amp;ref_src=twsrc%5Etfw\">#biffck<\/a> <a href=\"https:\/\/twitter.com\/hashtag\/sldk?src=hash&amp;ref_src=twsrc%5Etfw\">#sldk<\/a><\/p>&mdash; FlymerDindler (@FlymerDindler) <a href=\"https:\/\/twitter.com\/FlymerDindler\/status\/1368586379442216964?ref_src=twsrc%5Etfw\">March 7, 2021<\/a><\/blockquote><script async src=\"https:\/\/platform.twitter.com\/widgets.js\" charset=\"utf-8\"><\/script>\n<\/div><\/figure>\n\n\n\n<figure class=\"wp-block-embed is-type-rich is-provider-twitter wp-block-embed-twitter\"><div class=\"wp-block-embed__wrapper\">\n<blockquote class=\"twitter-tweet\" data-width=\"550\" data-dnt=\"true\"><p lang=\"da\" dir=\"ltr\">VAR er lort, men kan Jes Thorup ikke fodboldreglerne?<\/p>&mdash; Lasse Bauer (@LBauerDK) <a href=\"https:\/\/twitter.com\/LBauerDK\/status\/1368586002852352001?ref_src=twsrc%5Etfw\">March 7, 2021<\/a><\/blockquote><script async src=\"https:\/\/platform.twitter.com\/widgets.js\" charset=\"utf-8\"><\/script>\n<\/div><\/figure>\n\n\n\n<figure class=\"wp-block-embed is-type-rich is-provider-twitter wp-block-embed-twitter\"><div class=\"wp-block-embed__wrapper\">\n<blockquote class=\"twitter-tweet\" data-width=\"550\" data-dnt=\"true\"><p lang=\"da\" dir=\"ltr\">Hvem starter en indsamling, til en rulle tudekiks og en pakke Kleenex, til Jess Thorup? <a href=\"https:\/\/twitter.com\/hashtag\/SLDK?src=hash&amp;ref_src=twsrc%5Etfw\">#SLDK<\/a> <a href=\"https:\/\/twitter.com\/hashtag\/BIFFCK?src=hash&amp;ref_src=twsrc%5Etfw\">#BIFFCK<\/a><\/p>&mdash; Andrew S. R. Antonsen (@Drew_aka_drew) <a href=\"https:\/\/twitter.com\/Drew_aka_drew\/status\/1368585785763594241?ref_src=twsrc%5Etfw\">March 7, 2021<\/a><\/blockquote><script async src=\"https:\/\/platform.twitter.com\/widgets.js\" charset=\"utf-8\"><\/script>\n<\/div><\/figure>\n\n\n\n<figure class=\"wp-block-embed is-type-rich is-provider-twitter wp-block-embed-twitter\"><div class=\"wp-block-embed__wrapper\">\n<blockquote class=\"twitter-tweet\" data-width=\"550\" data-dnt=\"true\"><p lang=\"da\" dir=\"ltr\">\ud83e\udd23\ud83e\udd23\ud83d\ude02\ud83d\ude02 kan FCK ikke lige give Jes Thorup et kursus i fodboldloven. Og s\u00e5 bede ham sende en uforbeholden undskyldning til dommeren som  fuldst\u00e6ndig korrekt annullerede et m\u00e5l.<\/p>&mdash; Uffe (@Uffewelander) <a href=\"https:\/\/twitter.com\/Uffewelander\/status\/1368584245250232321?ref_src=twsrc%5Etfw\">March 7, 2021<\/a><\/blockquote><script async src=\"https:\/\/platform.twitter.com\/widgets.js\" charset=\"utf-8\"><\/script>\n<\/div><\/figure>\n\n\n\n<p>I videoen her kan du h\u00f8re T\u00f8fting uddybende forklaring p\u00e5, hvorfor annulleringen af Wilczeks m\u00e5l er korrekt:<\/p>\n\n\n\n\n        <div class=\"svf-video-single only-video\">\n            <div class=\"svf-video-container svf-embedded embedded\">\n                <script>(function(){const el = document.createElement('iframe');el.allow = 'autoplay';el.frameBorder = '0';el.classList.add('svf-video');el.allowFullscreen = true;document.currentScript.parentNode.style.display = 'none';el.src = \"https:\/\/www.viafree.dk\/embed\/sport\/id\/486b9471-9cf9-477b-8070-bf1f622c3e38?partnerId=a788403f-2c83-488f-adb0-2650ac7278a3\";el.addEventListener( 'load', function(){ this.parentNode.style.display = ''; });document.currentScript.parentNode.insertBefore(el, document.currentScript.nextSibling);})();<\/script>\n                <noscript><iframe allow=\"autoplay\" allowfullscreen frameborder=\"0\" class=\"svf-video\" src=\"https:\/\/www.viafree.dk\/embed\/sport\/id\/486b9471-9cf9-477b-8070-bf1f622c3e38?partnerId=a788403f-2c83-488f-adb0-2650ac7278a3\"><\/iframe><\/noscript>\n            <\/div>\n                    <\/div>\n        \n\n\n\n<p><\/p>\n","protected":false},"excerpt":{"rendered":"<p>FC K\u00f8benhavn fik et m\u00e5l af Kamil Wilczek underkendt, og det var en kendelse, cheftr\u00e6ner Jess Thorup ikke forstod meget af<\/p>\n","protected":false},"author":705,"featured_media":244227,"comment_status":"open","ping_status":"closed","sticky":false,"template":"","format":"standard","meta":{"om_disable_all_campaigns":false,"push_articles_ronaldo":{"active":false,"canonical":0,"publish":false},"force_updates":null},"categories":[8060],"tags":[16,141,588],"enet_tags":{"team":["8391"],"player":["159885"],"league":["46"],"sport_events":[]},"yoast_head":"<!-- This site is optimized with the Yoast SEO plugin v18.3 - https:\/\/yoast.com\/wordpress\/plugins\/seo\/ -->\n<title>FCK-tr\u00e6ner revset for interview: &quot;Kan han ikke reglerne?&quot;<\/title>\n<meta name=\"description\" content=\"FC K\u00f8benhavn fik et m\u00e5l af Kamil Wilczek underkendt, og det var en kendelse, cheftr\u00e6ner Jess Thorup ikke forstod meget af\" \/>\n<meta name=\"robots\" content=\"index, follow, max-snippet:-1, max-image-preview:large, max-video-preview:-1\" \/>\n<link rel=\"canonical\" href=\"https:\/\/acefootball.com\/da\/fodboldnyheder\/fck-traener-revset-for-interview-kan-han-ikke-reglerne\/\" \/>\n<meta property=\"og:locale\" content=\"en_US\" \/>\n<meta property=\"og:type\" content=\"article\" \/>\n<meta property=\"og:title\" content=\"FCK-tr\u00e6ner revset for interview: &quot;Kan han ikke reglerne?&quot;\" \/>\n<meta property=\"og:description\" content=\"FC K\u00f8benhavn fik et m\u00e5l af Kamil Wilczek underkendt, og det var en kendelse, cheftr\u00e6ner Jess Thorup ikke forstod meget af\" \/>\n<meta property=\"og:url\" content=\"https:\/\/acefootball.com\/da\/fodboldnyheder\/fck-traener-revset-for-interview-kan-han-ikke-reglerne\/\" \/>\n<meta property=\"og:site_name\" content=\"Ace Football Danmark\" \/>\n<meta property=\"article:publisher\" content=\"https:\/\/www.facebook.com\/acefootballdk\" \/>\n<meta property=\"article:published_time\" content=\"2021-03-07T16:33:28+00:00\" \/>\n<meta property=\"og:image\" content=\"https:\/\/acefootball.com\/da\/wp-content\/uploads\/sites\/2\/2021\/01\/FCK-5.jpg\" \/>\n\t<meta property=\"og:image:width\" content=\"1920\" \/>\n\t<meta property=\"og:image:height\" content=\"1008\" \/>\n\t<meta property=\"og:image:type\" content=\"image\/jpeg\" \/>\n<meta name=\"twitter:card\" content=\"summary_large_image\" \/>\n<meta name=\"twitter:label1\" content=\"Written by\" \/>\n\t<meta name=\"twitter:data1\" content=\"Mads Dreyer\" \/>\n\t<meta name=\"twitter:label2\" content=\"Est. reading time\" \/>\n\t<meta name=\"twitter:data2\" content=\"1 minute\" \/>\n<script type=\"application\/ld+json\" class=\"yoast-schema-graph\">{\"@context\":\"https:\/\/schema.org\",\"@graph\":[{\"@type\":\"Organization\",\"@id\":\"https:\/\/acefootball.com\/da\/#organization\",\"name\":\"Ace Football\",\"url\":\"https:\/\/acefootball.com\/da\/\",\"sameAs\":[\"https:\/\/www.facebook.com\/acefootballdk\"],\"logo\":{\"@type\":\"ImageObject\",\"@id\":\"https:\/\/acefootball.com\/da\/#logo\",\"inLanguage\":\"en-US\",\"url\":\"https:\/\/acefootball.com\/da\/wp-content\/uploads\/sites\/2\/2020\/07\/Ace-Football-30-07-2020-2.png\",\"contentUrl\":\"https:\/\/acefootball.com\/da\/wp-content\/uploads\/sites\/2\/2020\/07\/Ace-Football-30-07-2020-2.png\",\"width\":1200,\"height\":600,\"caption\":\"Ace Football\"},\"image\":{\"@id\":\"https:\/\/acefootball.com\/da\/#logo\"}},{\"@type\":\"WebSite\",\"@id\":\"https:\/\/acefootball.com\/da\/#website\",\"url\":\"https:\/\/acefootball.com\/da\/\",\"name\":\"Ace Football Danmark\",\"description\":\"Nyheder, Spiltips &amp; Livescore\",\"publisher\":{\"@id\":\"https:\/\/acefootball.com\/da\/#organization\"},\"potentialAction\":[{\"@type\":\"SearchAction\",\"target\":{\"@type\":\"EntryPoint\",\"urlTemplate\":\"https:\/\/acefootball.com\/da\/?s={search_term_string}\"},\"query-input\":\"required name=search_term_string\"}],\"inLanguage\":\"en-US\"},{\"@type\":\"ImageObject\",\"@id\":\"https:\/\/acefootball.com\/da\/fodboldnyheder\/fck-traener-revset-for-interview-kan-han-ikke-reglerne\/#primaryimage\",\"inLanguage\":\"en-US\",\"url\":\"https:\/\/acefootball.com\/da\/wp-content\/uploads\/sites\/2\/2021\/01\/FCK-5.jpg\",\"contentUrl\":\"https:\/\/acefootball.com\/da\/wp-content\/uploads\/sites\/2\/2021\/01\/FCK-5.jpg\",\"width\":1920,\"height\":1008,\"caption\":\"thorup fck\"},{\"@type\":\"WebPage\",\"@id\":\"https:\/\/acefootball.com\/da\/fodboldnyheder\/fck-traener-revset-for-interview-kan-han-ikke-reglerne\/#webpage\",\"url\":\"https:\/\/acefootball.com\/da\/fodboldnyheder\/fck-traener-revset-for-interview-kan-han-ikke-reglerne\/\",\"name\":\"FCK-tr\u00e6ner revset for interview: \\\"Kan han ikke reglerne?\\\"\",\"isPartOf\":{\"@id\":\"https:\/\/acefootball.com\/da\/#website\"},\"primaryImageOfPage\":{\"@id\":\"https:\/\/acefootball.com\/da\/fodboldnyheder\/fck-traener-revset-for-interview-kan-han-ikke-reglerne\/#primaryimage\"},\"datePublished\":\"2021-03-07T16:33:28+00:00\",\"dateModified\":\"2021-03-07T16:33:28+00:00\",\"description\":\"FC K\u00f8benhavn fik et m\u00e5l af Kamil Wilczek underkendt, og det var en kendelse, cheftr\u00e6ner Jess Thorup ikke forstod meget af\",\"breadcrumb\":{\"@id\":\"https:\/\/acefootball.com\/da\/fodboldnyheder\/fck-traener-revset-for-interview-kan-han-ikke-reglerne\/#breadcrumb\"},\"inLanguage\":\"en-US\",\"potentialAction\":[{\"@type\":\"ReadAction\",\"target\":[\"https:\/\/acefootball.com\/da\/fodboldnyheder\/fck-traener-revset-for-interview-kan-han-ikke-reglerne\/\"]}]},{\"@type\":\"BreadcrumbList\",\"@id\":\"https:\/\/acefootball.com\/da\/fodboldnyheder\/fck-traener-revset-for-interview-kan-han-ikke-reglerne\/#breadcrumb\",\"itemListElement\":[{\"@type\":\"ListItem\",\"position\":1,\"name\":\"Home\",\"item\":\"https:\/\/acefootball.com\/da\/\"},{\"@type\":\"ListItem\",\"position\":2,\"name\":\"FCK-tr\u00e6ner revset for interview: &#8220;Kan han ikke reglerne?&#8221;\"}]},{\"@type\":\"Article\",\"@id\":\"https:\/\/acefootball.com\/da\/fodboldnyheder\/fck-traener-revset-for-interview-kan-han-ikke-reglerne\/#article\",\"isPartOf\":{\"@id\":\"https:\/\/acefootball.com\/da\/fodboldnyheder\/fck-traener-revset-for-interview-kan-han-ikke-reglerne\/#webpage\"},\"author\":{\"@id\":\"https:\/\/acefootball.com\/da\/#\/schema\/person\/ee67e9cf04a276f144100ffa722f10cd\"},\"headline\":\"FCK-tr\u00e6ner revset for interview: &#8220;Kan han ikke reglerne?&#8221;\",\"datePublished\":\"2021-03-07T16:33:28+00:00\",\"dateModified\":\"2021-03-07T16:33:28+00:00\",\"mainEntityOfPage\":{\"@id\":\"https:\/\/acefootball.com\/da\/fodboldnyheder\/fck-traener-revset-for-interview-kan-han-ikke-reglerne\/#webpage\"},\"wordCount\":243,\"commentCount\":0,\"publisher\":{\"@id\":\"https:\/\/acefootball.com\/da\/#organization\"},\"image\":{\"@id\":\"https:\/\/acefootball.com\/da\/fodboldnyheder\/fck-traener-revset-for-interview-kan-han-ikke-reglerne\/#primaryimage\"},\"thumbnailUrl\":\"https:\/\/acefootball.com\/da\/wp-content\/uploads\/sites\/2\/2020\/11\/GettyImages-1229458769.jpg\",\"keywords\":[\"FC K\u00f8benhavn\",\"Jess Thorup\",\"Superligaen\"],\"articleSection\":[\"Reaktion\"],\"inLanguage\":\"en-US\",\"potentialAction\":[{\"@type\":\"CommentAction\",\"name\":\"Comment\",\"target\":[\"https:\/\/acefootball.com\/da\/fodboldnyheder\/fck-traener-revset-for-interview-kan-han-ikke-reglerne\/#respond\"]}]},{\"@type\":\"Person\",\"@id\":\"https:\/\/acefootball.com\/da\/#\/schema\/person\/ee67e9cf04a276f144100ffa722f10cd\",\"name\":\"Mads Dreyer\",\"image\":{\"@type\":\"ImageObject\",\"@id\":\"https:\/\/acefootball.com\/da\/#personlogo\",\"inLanguage\":\"en-US\",\"url\":\"https:\/\/secure.gravatar.com\/avatar\/7c7abf72cfde9902b6a60efe60c88d4c?s=96&d=mm&r=g\",\"contentUrl\":\"https:\/\/secure.gravatar.com\/avatar\/7c7abf72cfde9902b6a60efe60c88d4c?s=96&d=mm&r=g\",\"caption\":\"Mads Dreyer\"},\"description\":\"Skribent og fodboldn\u00f8rd, der lige nu fort\u00e6ller om alt og intet i fodboldverdenen p\u00e5 acefootball.com. Uddannet i kommunikation fra Aalborg Universitet.\",\"sameAs\":[\"https:\/\/www.linkedin.com\/in\/mads-dreyer-b9b08266\/\"],\"url\":\"https:\/\/acefootball.com\/da\/fodboldnyheder\/author\/mdnronaldo\/\"}]}<\/script>\n<!-- \/ Yoast SEO plugin. -->","yoast_head_json":{"title":"FCK-tr\u00e6ner revset for interview: \"Kan han ikke reglerne?\"","description":"FC K\u00f8benhavn fik et m\u00e5l af Kamil Wilczek underkendt, og det var en kendelse, cheftr\u00e6ner Jess Thorup ikke forstod meget af","robots":{"index":"index","follow":"follow","max-snippet":"max-snippet:-1","max-image-preview":"max-image-preview:large","max-video-preview":"max-video-preview:-1"},"canonical":"https:\/\/acefootball.com\/da\/fodboldnyheder\/fck-traener-revset-for-interview-kan-han-ikke-reglerne\/","og_locale":"en_US","og_type":"article","og_title":"FCK-tr\u00e6ner revset for interview: \"Kan han ikke reglerne?\"","og_description":"FC K\u00f8benhavn fik et m\u00e5l af Kamil Wilczek underkendt, og det var en kendelse, cheftr\u00e6ner Jess Thorup ikke forstod meget af","og_url":"https:\/\/acefootball.com\/da\/fodboldnyheder\/fck-traener-revset-for-interview-kan-han-ikke-reglerne\/","og_site_name":"Ace Football Danmark","article_publisher":"https:\/\/www.facebook.com\/acefootballdk","article_published_time":"2021-03-07T16:33:28+00:00","og_image":[{"width":1920,"height":1008,"url":"https:\/\/acefootball.com\/da\/wp-content\/uploads\/sites\/2\/2021\/01\/FCK-5.jpg","type":"image\/jpeg"}],"twitter_card":"summary_large_image","twitter_misc":{"Written by":"Mads Dreyer","Est. reading time":"1 minute"},"schema":{"@context":"https:\/\/schema.org","@graph":[{"@type":"Organization","@id":"https:\/\/acefootball.com\/da\/#organization","name":"Ace Football","url":"https:\/\/acefootball.com\/da\/","sameAs":["https:\/\/www.facebook.com\/acefootballdk"],"logo":{"@type":"ImageObject","@id":"https:\/\/acefootball.com\/da\/#logo","inLanguage":"en-US","url":"https:\/\/acefootball.com\/da\/wp-content\/uploads\/sites\/2\/2020\/07\/Ace-Football-30-07-2020-2.png","contentUrl":"https:\/\/acefootball.com\/da\/wp-content\/uploads\/sites\/2\/2020\/07\/Ace-Football-30-07-2020-2.png","width":1200,"height":600,"caption":"Ace Football"},"image":{"@id":"https:\/\/acefootball.com\/da\/#logo"}},{"@type":"WebSite","@id":"https:\/\/acefootball.com\/da\/#website","url":"https:\/\/acefootball.com\/da\/","name":"Ace Football Danmark","description":"Nyheder, Spiltips &amp; Livescore","publisher":{"@id":"https:\/\/acefootball.com\/da\/#organization"},"potentialAction":[{"@type":"SearchAction","target":{"@type":"EntryPoint","urlTemplate":"https:\/\/acefootball.com\/da\/?s={search_term_string}"},"query-input":"required name=search_term_string"}],"inLanguage":"en-US"},{"@type":"ImageObject","@id":"https:\/\/acefootball.com\/da\/fodboldnyheder\/fck-traener-revset-for-interview-kan-han-ikke-reglerne\/#primaryimage","inLanguage":"en-US","url":"https:\/\/acefootball.com\/da\/wp-content\/uploads\/sites\/2\/2021\/01\/FCK-5.jpg","contentUrl":"https:\/\/acefootball.com\/da\/wp-content\/uploads\/sites\/2\/2021\/01\/FCK-5.jpg","width":1920,"height":1008,"caption":"thorup fck"},{"@type":"WebPage","@id":"https:\/\/acefootball.com\/da\/fodboldnyheder\/fck-traener-revset-for-interview-kan-han-ikke-reglerne\/#webpage","url":"https:\/\/acefootball.com\/da\/fodboldnyheder\/fck-traener-revset-for-interview-kan-han-ikke-reglerne\/","name":"FCK-tr\u00e6ner revset for interview: \"Kan han ikke reglerne?\"","isPartOf":{"@id":"https:\/\/acefootball.com\/da\/#website"},"primaryImageOfPage":{"@id":"https:\/\/acefootball.com\/da\/fodboldnyheder\/fck-traener-revset-for-interview-kan-han-ikke-reglerne\/#primaryimage"},"datePublished":"2021-03-07T16:33:28+00:00","dateModified":"2021-03-07T16:33:28+00:00","description":"FC K\u00f8benhavn fik et m\u00e5l af Kamil Wilczek underkendt, og det var en kendelse, cheftr\u00e6ner Jess Thorup ikke forstod meget af","breadcrumb":{"@id":"https:\/\/acefootball.com\/da\/fodboldnyheder\/fck-traener-revset-for-interview-kan-han-ikke-reglerne\/#breadcrumb"},"inLanguage":"en-US","potentialAction":[{"@type":"ReadAction","target":["https:\/\/acefootball.com\/da\/fodboldnyheder\/fck-traener-revset-for-interview-kan-han-ikke-reglerne\/"]}]},{"@type":"BreadcrumbList","@id":"https:\/\/acefootball.com\/da\/fodboldnyheder\/fck-traener-revset-for-interview-kan-han-ikke-reglerne\/#breadcrumb","itemListElement":[{"@type":"ListItem","position":1,"name":"Home","item":"https:\/\/acefootball.com\/da\/"},{"@type":"ListItem","position":2,"name":"FCK-tr\u00e6ner revset for interview: &#8220;Kan han ikke reglerne?&#8221;"}]},{"@type":"Article","@id":"https:\/\/acefootball.com\/da\/fodboldnyheder\/fck-traener-revset-for-interview-kan-han-ikke-reglerne\/#article","isPartOf":{"@id":"https:\/\/acefootball.com\/da\/fodboldnyheder\/fck-traener-revset-for-interview-kan-han-ikke-reglerne\/#webpage"},"author":{"@id":"https:\/\/acefootball.com\/da\/#\/schema\/person\/ee67e9cf04a276f144100ffa722f10cd"},"headline":"FCK-tr\u00e6ner revset for interview: &#8220;Kan han ikke reglerne?&#8221;","datePublished":"2021-03-07T16:33:28+00:00","dateModified":"2021-03-07T16:33:28+00:00","mainEntityOfPage":{"@id":"https:\/\/acefootball.com\/da\/fodboldnyheder\/fck-traener-revset-for-interview-kan-han-ikke-reglerne\/#webpage"},"wordCount":243,"commentCount":0,"publisher":{"@id":"https:\/\/acefootball.com\/da\/#organization"},"image":{"@id":"https:\/\/acefootball.com\/da\/fodboldnyheder\/fck-traener-revset-for-interview-kan-han-ikke-reglerne\/#primaryimage"},"thumbnailUrl":"https:\/\/acefootball.com\/da\/wp-content\/uploads\/sites\/2\/2020\/11\/GettyImages-1229458769.jpg","keywords":["FC K\u00f8benhavn","Jess Thorup","Superligaen"],"articleSection":["Reaktion"],"inLanguage":"en-US","potentialAction":[{"@type":"CommentAction","name":"Comment","target":["https:\/\/acefootball.com\/da\/fodboldnyheder\/fck-traener-revset-for-interview-kan-han-ikke-reglerne\/#respond"]}]},{"@type":"Person","@id":"https:\/\/acefootball.com\/da\/#\/schema\/person\/ee67e9cf04a276f144100ffa722f10cd","name":"Mads Dreyer","image":{"@type":"ImageObject","@id":"https:\/\/acefootball.com\/da\/#personlogo","inLanguage":"en-US","url":"https:\/\/secure.gravatar.com\/avatar\/7c7abf72cfde9902b6a60efe60c88d4c?s=96&d=mm&r=g","contentUrl":"https:\/\/secure.gravatar.com\/avatar\/7c7abf72cfde9902b6a60efe60c88d4c?s=96&d=mm&r=g","caption":"Mads Dreyer"},"description":"Skribent og fodboldn\u00f8rd, der lige nu fort\u00e6ller om alt og intet i fodboldverdenen p\u00e5 acefootball.com. Uddannet i kommunikation fra Aalborg Universitet.","sameAs":["https:\/\/www.linkedin.com\/in\/mads-dreyer-b9b08266\/"],"url":"https:\/\/acefootball.com\/da\/fodboldnyheder\/author\/mdnronaldo\/"}]}},"fimg_url":"https:\/\/acefootball.com\/da\/wp-content\/uploads\/sites\/2\/2020\/11\/GettyImages-1229458769.jpg","_links":{"self":[{"href":"https:\/\/acefootball.com\/da\/wp-json\/wp\/v2\/posts\/253636"}],"collection":[{"href":"https:\/\/acefootball.com\/da\/wp-json\/wp\/v2\/posts"}],"about":[{"href":"https:\/\/acefootball.com\/da\/wp-json\/wp\/v2\/types\/post"}],"author":[{"embeddable":true,"href":"https:\/\/acefootball.com\/da\/wp-json\/wp\/v2\/users\/705"}],"replies":[{"embeddable":true,"href":"https:\/\/acefootball.com\/da\/wp-json\/wp\/v2\/comments?post=253636"}],"version-history":[{"count":0,"href":"https:\/\/acefootball.com\/da\/wp-json\/wp\/v2\/posts\/253636\/revisions"}],"wp:featuredmedia":[{"embeddable":true,"href":"https:\/\/acefootball.com\/da\/wp-json\/wp\/v2\/media\/244227"}],"wp:attachment":[{"href":"https:\/\/acefootball.com\/da\/wp-json\/wp\/v2\/media?parent=253636"}],"wp:term":[{"taxonomy":"category","embeddable":true,"href":"https:\/\/acefootball.com\/da\/wp-json\/wp\/v2\/categories?post=253636"},{"taxonomy":"post_tag","embeddable":true,"href":"https:\/\/acefootball.com\/da\/wp-json\/wp\/v2\/tags?post=253636"}],"curies":[{"name":"wp","href":"https:\/\/api.w.org\/{rel}","templated":true}]}}