{"id":253635,"date":"2021-03-07T16:59:57","date_gmt":"2021-03-07T15:59:57","guid":{"rendered":"https:\/\/acefootball.com\/da\/?p=253635"},"modified":"2021-03-07T16:59:58","modified_gmt":"2021-03-07T15:59:58","slug":"fck-stjerner-er-traette-af-var-savner-fodbolden-fra-foer","status":"publish","type":"post","link":"https:\/\/acefootball.com\/da\/fodboldnyheder\/fck-stjerner-er-traette-af-var-savner-fodbolden-fra-foer\/","title":{"rendered":"FCK-stjerner er tr\u00e6tte af VAR: Savner fodbolden fra f\u00f8r"},"content":{"rendered":"\n<h2 id=\"h-b-de-carlos-zeca-og-rasmus-falk-er-ved-at-v-re-godt-tr-tte-af-den-indflydelse-var-efterh-nden-har-p-fodbolden\">B\u00e5de Carlos Zeca og Rasmus Falk er ved at v\u00e6re godt tr\u00e6tte af den indflydelse VAR efterh\u00e5nden har p\u00e5 fodbolden<\/h2>\n\n\n\n<div class=\"wp-block-si-widget wp-block-si-widget--center\"><si-lb-widget widget-id=\"MatchInfoWithOdds\" data-nopadding=\"true\" data-across-all-tournaments=\"false\" data-limit=\"5\" width=\"440\" data-event-id=\"3389186\" data-card=\"true\"><\/si-lb-widget><\/div>\n\n\n\n<p>S\u00f8ndag eftermiddag var FC K\u00f8benhavn endnu en gang involveret i en kamp med stor fokus p\u00e5 VAR-kendelser, da man tabte derbyet mod Br\u00f8ndby IF med 1-2.<\/p>\n\n\n\n<p>Denne gang var sk\u00e6bnen dog h\u00e5rdest ved k\u00f8benhavnerne, da man blandt andet fik en udligning af Kamil Wilczek annulleret, mens der blev d\u00f8mt et straffespark mod Jens Stage, som Andreas Maxs\u00f8 omsatte til m\u00e5l.<\/p>\n\n\n\n<p>Nu er FCK-profilerne Zeca og Rasmus Falk ved at v\u00e6re tr\u00e6tte af den magt, VAR efterh\u00e5nden har taget i fodboldenverdenen.<\/p>\n\n\n\n<p>&#8220;Vi spiller en god 1. halvleg, men vores missede chancer og vores fejl koster os kampen. Det er forskellen p\u00e5 at tabe og vinde. Jeg vil ikke sige s\u00e5 meget om VAR, men der skal \u00e6ndres nogle ting og der mangler nok lidt klarhed \u2013 og s\u00e5 er der for mange spilstop, s\u00e5 jo, jeg savner fodbolden fra f\u00f8r VAR,&#8221; lyder det fra Zeca if\u00f8lge FC K\u00f8benhavns <a href=\"https:\/\/www.fck.dk\/nyhed\/spillerreaktioner-vores-fejl-koster-os-kampen\" target=\"_blank\" rel=\"noreferrer noopener\">hjemmeside<\/a>.<\/p>\n\n\n\n<p>&#8220;Jeg er naturligvis frustreret, for jeg hader at tabe \u2013 og kampen i dag var ikke en kamp, vi skulle have tabt. Men vi begik nogle fejl, og dem straffede Br\u00f8ndby. Vi spillede en fornuftig kamp, men st\u00e5r tilbage med ingenting, og det er en tom f\u00f8lelse. VAR fylder for meget, og der skal strammes lidt op. I dag er der jo en tre-fire situationer, og udover at \u00f8del\u00e6gge ogs\u00e5 rytmen i kampen, er vi jo ogs\u00e5 i tvivl om, hvorvidt vi st\u00e5r tilbage med de rigtige kendelser, for det er jo hvad vi alle vil have, alts\u00e5 de rigtige kendelser,&#8221; fort\u00e6ller Falk.<\/p>\n\n\n\n<p>FC K\u00f8benhavn er nu syv point efter Br\u00f8ndby i Superliga-tabellen. Begge hold har to kampe tilbage af grundspillet.<\/p>\n\n\n\n<p>Specielt Wilczeks annullerede scoring har f\u00e5et seere til at koge over med raseri. L\u00e6s mere her:<\/p>\n\n\n\n<figure class=\"wp-block-embed is-type-wp-embed is-provider-ace-football-danmark wp-block-embed-ace-football-danmark\"><div class=\"wp-block-embed__wrapper\">\n<blockquote class=\"wp-embedded-content\" data-secret=\"b71e6fxgIj\"><a href=\"https:\/\/acefootball.com\/da\/fodboldnyheder\/kaempe-frustration-paa-twitter-rammer-bolden-en-broendby-spiller-foerst\/\">K\u00e6mpe frustration p\u00e5 Twitter: Rammer bolden en Br\u00f8ndby-spiller f\u00f8rst?<\/a><\/blockquote><iframe class=\"wp-embedded-content\" sandbox=\"allow-scripts\" security=\"restricted\" style=\"position: absolute; clip: rect(1px, 1px, 1px, 1px);\" title=\"&#8220;K\u00e6mpe frustration p\u00e5 Twitter: Rammer bolden en Br\u00f8ndby-spiller f\u00f8rst?&#8221; &#8212; Ace Football Danmark\" src=\"https:\/\/acefootball.com\/da\/fodboldnyheder\/kaempe-frustration-paa-twitter-rammer-bolden-en-broendby-spiller-foerst\/embed\/#?secret=b71e6fxgIj\" data-secret=\"b71e6fxgIj\" width=\"600\" height=\"338\" frameborder=\"0\" marginwidth=\"0\" marginheight=\"0\" scrolling=\"no\"><\/iframe>\n<\/div><\/figure>\n","protected":false},"excerpt":{"rendered":"<p>B\u00e5de Carlos Zeca og Rasmus Falk er ved at v\u00e6re godt tr\u00e6tte af den indflydelse VAR efterh\u00e5nden har p\u00e5 fodbolden<\/p>\n","protected":false},"author":705,"featured_media":239059,"comment_status":"open","ping_status":"closed","sticky":false,"template":"","format":"standard","meta":{"om_disable_all_campaigns":false,"push_articles_ronaldo":{"active":false,"canonical":0,"publish":false},"force_updates":null},"categories":[8060],"tags":[872,16,648,588],"enet_tags":{"player":["11798","199818"],"team":["8391"],"league":["46"],"sport_events":[3389186]},"yoast_head":"<!-- This site is optimized with the Yoast SEO plugin v18.3 - https:\/\/yoast.com\/wordpress\/plugins\/seo\/ -->\n<title>FCK-stjerner er tr\u00e6tte af VAR: Savner fodbolden fra f\u00f8r<\/title>\n<meta name=\"description\" content=\"B\u00e5de Carlos Zeca og Rasmus Falk er ved at v\u00e6re godt tr\u00e6tte af den indflydelse VAR efterh\u00e5nden har p\u00e5 fodbolden\" \/>\n<meta name=\"robots\" content=\"index, follow, max-snippet:-1, max-image-preview:large, max-video-preview:-1\" \/>\n<link rel=\"canonical\" href=\"https:\/\/acefootball.com\/da\/fodboldnyheder\/fck-stjerner-er-traette-af-var-savner-fodbolden-fra-foer\/\" \/>\n<meta property=\"og:locale\" content=\"en_US\" \/>\n<meta property=\"og:type\" content=\"article\" \/>\n<meta property=\"og:title\" content=\"FCK-stjerner er tr\u00e6tte af VAR: Savner fodbolden fra f\u00f8r\" \/>\n<meta property=\"og:description\" content=\"B\u00e5de Carlos Zeca og Rasmus Falk er ved at v\u00e6re godt tr\u00e6tte af den indflydelse VAR efterh\u00e5nden har p\u00e5 fodbolden\" \/>\n<meta property=\"og:url\" content=\"https:\/\/acefootball.com\/da\/fodboldnyheder\/fck-stjerner-er-traette-af-var-savner-fodbolden-fra-foer\/\" \/>\n<meta property=\"og:site_name\" content=\"Ace Football Danmark\" \/>\n<meta property=\"article:publisher\" content=\"https:\/\/www.facebook.com\/acefootballdk\" \/>\n<meta property=\"article:published_time\" content=\"2021-03-07T15:59:57+00:00\" \/>\n<meta property=\"article:modified_time\" content=\"2021-03-07T15:59:58+00:00\" \/>\n<meta property=\"og:image\" content=\"https:\/\/acefootball.com\/da\/wp-content\/uploads\/sites\/2\/2021\/02\/FCK-25-1.jpg\" \/>\n\t<meta property=\"og:image:width\" content=\"1920\" \/>\n\t<meta property=\"og:image:height\" content=\"1008\" \/>\n\t<meta property=\"og:image:type\" content=\"image\/jpeg\" \/>\n<meta name=\"twitter:card\" content=\"summary_large_image\" \/>\n<meta name=\"twitter:label1\" content=\"Written by\" \/>\n\t<meta name=\"twitter:data1\" content=\"Mads Dreyer\" \/>\n\t<meta name=\"twitter:label2\" content=\"Est. reading time\" \/>\n\t<meta name=\"twitter:data2\" content=\"2 minutes\" \/>\n<script type=\"application\/ld+json\" class=\"yoast-schema-graph\">{\"@context\":\"https:\/\/schema.org\",\"@graph\":[{\"@type\":\"Organization\",\"@id\":\"https:\/\/acefootball.com\/da\/#organization\",\"name\":\"Ace Football\",\"url\":\"https:\/\/acefootball.com\/da\/\",\"sameAs\":[\"https:\/\/www.facebook.com\/acefootballdk\"],\"logo\":{\"@type\":\"ImageObject\",\"@id\":\"https:\/\/acefootball.com\/da\/#logo\",\"inLanguage\":\"en-US\",\"url\":\"https:\/\/acefootball.com\/da\/wp-content\/uploads\/sites\/2\/2020\/07\/Ace-Football-30-07-2020-2.png\",\"contentUrl\":\"https:\/\/acefootball.com\/da\/wp-content\/uploads\/sites\/2\/2020\/07\/Ace-Football-30-07-2020-2.png\",\"width\":1200,\"height\":600,\"caption\":\"Ace Football\"},\"image\":{\"@id\":\"https:\/\/acefootball.com\/da\/#logo\"}},{\"@type\":\"WebSite\",\"@id\":\"https:\/\/acefootball.com\/da\/#website\",\"url\":\"https:\/\/acefootball.com\/da\/\",\"name\":\"Ace Football Danmark\",\"description\":\"Nyheder, Spiltips &amp; Livescore\",\"publisher\":{\"@id\":\"https:\/\/acefootball.com\/da\/#organization\"},\"potentialAction\":[{\"@type\":\"SearchAction\",\"target\":{\"@type\":\"EntryPoint\",\"urlTemplate\":\"https:\/\/acefootball.com\/da\/?s={search_term_string}\"},\"query-input\":\"required name=search_term_string\"}],\"inLanguage\":\"en-US\"},{\"@type\":\"ImageObject\",\"@id\":\"https:\/\/acefootball.com\/da\/fodboldnyheder\/fck-stjerner-er-traette-af-var-savner-fodbolden-fra-foer\/#primaryimage\",\"inLanguage\":\"en-US\",\"url\":\"https:\/\/acefootball.com\/da\/wp-content\/uploads\/sites\/2\/2021\/02\/FCK-25-1.jpg\",\"contentUrl\":\"https:\/\/acefootball.com\/da\/wp-content\/uploads\/sites\/2\/2021\/02\/FCK-25-1.jpg\",\"width\":1920,\"height\":1008,\"caption\":\"zeca\"},{\"@type\":\"WebPage\",\"@id\":\"https:\/\/acefootball.com\/da\/fodboldnyheder\/fck-stjerner-er-traette-af-var-savner-fodbolden-fra-foer\/#webpage\",\"url\":\"https:\/\/acefootball.com\/da\/fodboldnyheder\/fck-stjerner-er-traette-af-var-savner-fodbolden-fra-foer\/\",\"name\":\"FCK-stjerner er tr\u00e6tte af VAR: Savner fodbolden fra f\u00f8r\",\"isPartOf\":{\"@id\":\"https:\/\/acefootball.com\/da\/#website\"},\"primaryImageOfPage\":{\"@id\":\"https:\/\/acefootball.com\/da\/fodboldnyheder\/fck-stjerner-er-traette-af-var-savner-fodbolden-fra-foer\/#primaryimage\"},\"datePublished\":\"2021-03-07T15:59:57+00:00\",\"dateModified\":\"2021-03-07T15:59:58+00:00\",\"description\":\"B\u00e5de Carlos Zeca og Rasmus Falk er ved at v\u00e6re godt tr\u00e6tte af den indflydelse VAR efterh\u00e5nden har p\u00e5 fodbolden\",\"breadcrumb\":{\"@id\":\"https:\/\/acefootball.com\/da\/fodboldnyheder\/fck-stjerner-er-traette-af-var-savner-fodbolden-fra-foer\/#breadcrumb\"},\"inLanguage\":\"en-US\",\"potentialAction\":[{\"@type\":\"ReadAction\",\"target\":[\"https:\/\/acefootball.com\/da\/fodboldnyheder\/fck-stjerner-er-traette-af-var-savner-fodbolden-fra-foer\/\"]}]},{\"@type\":\"BreadcrumbList\",\"@id\":\"https:\/\/acefootball.com\/da\/fodboldnyheder\/fck-stjerner-er-traette-af-var-savner-fodbolden-fra-foer\/#breadcrumb\",\"itemListElement\":[{\"@type\":\"ListItem\",\"position\":1,\"name\":\"Home\",\"item\":\"https:\/\/acefootball.com\/da\/\"},{\"@type\":\"ListItem\",\"position\":2,\"name\":\"FCK-stjerner er tr\u00e6tte af VAR: Savner fodbolden fra f\u00f8r\"}]},{\"@type\":\"Article\",\"@id\":\"https:\/\/acefootball.com\/da\/fodboldnyheder\/fck-stjerner-er-traette-af-var-savner-fodbolden-fra-foer\/#article\",\"isPartOf\":{\"@id\":\"https:\/\/acefootball.com\/da\/fodboldnyheder\/fck-stjerner-er-traette-af-var-savner-fodbolden-fra-foer\/#webpage\"},\"author\":{\"@id\":\"https:\/\/acefootball.com\/da\/#\/schema\/person\/ee67e9cf04a276f144100ffa722f10cd\"},\"headline\":\"FCK-stjerner er tr\u00e6tte af VAR: Savner fodbolden fra f\u00f8r\",\"datePublished\":\"2021-03-07T15:59:57+00:00\",\"dateModified\":\"2021-03-07T15:59:58+00:00\",\"mainEntityOfPage\":{\"@id\":\"https:\/\/acefootball.com\/da\/fodboldnyheder\/fck-stjerner-er-traette-af-var-savner-fodbolden-fra-foer\/#webpage\"},\"wordCount\":347,\"commentCount\":0,\"publisher\":{\"@id\":\"https:\/\/acefootball.com\/da\/#organization\"},\"image\":{\"@id\":\"https:\/\/acefootball.com\/da\/fodboldnyheder\/fck-stjerner-er-traette-af-var-savner-fodbolden-fra-foer\/#primaryimage\"},\"thumbnailUrl\":\"https:\/\/acefootball.com\/da\/wp-content\/uploads\/sites\/2\/2020\/10\/GettyImages-1228833103.jpg\",\"keywords\":[\"Carlos Zeca\",\"FC K\u00f8benhavn\",\"Rasmus Falk\",\"Superligaen\"],\"articleSection\":[\"Reaktion\"],\"inLanguage\":\"en-US\",\"potentialAction\":[{\"@type\":\"CommentAction\",\"name\":\"Comment\",\"target\":[\"https:\/\/acefootball.com\/da\/fodboldnyheder\/fck-stjerner-er-traette-af-var-savner-fodbolden-fra-foer\/#respond\"]}]},{\"@type\":\"Person\",\"@id\":\"https:\/\/acefootball.com\/da\/#\/schema\/person\/ee67e9cf04a276f144100ffa722f10cd\",\"name\":\"Mads Dreyer\",\"image\":{\"@type\":\"ImageObject\",\"@id\":\"https:\/\/acefootball.com\/da\/#personlogo\",\"inLanguage\":\"en-US\",\"url\":\"https:\/\/secure.gravatar.com\/avatar\/7c7abf72cfde9902b6a60efe60c88d4c?s=96&d=mm&r=g\",\"contentUrl\":\"https:\/\/secure.gravatar.com\/avatar\/7c7abf72cfde9902b6a60efe60c88d4c?s=96&d=mm&r=g\",\"caption\":\"Mads Dreyer\"},\"description\":\"Skribent og fodboldn\u00f8rd, der lige nu fort\u00e6ller om alt og intet i fodboldverdenen p\u00e5 acefootball.com. Uddannet i kommunikation fra Aalborg Universitet.\",\"sameAs\":[\"https:\/\/www.linkedin.com\/in\/mads-dreyer-b9b08266\/\"],\"url\":\"https:\/\/acefootball.com\/da\/fodboldnyheder\/author\/mdnronaldo\/\"}]}<\/script>\n<!-- \/ Yoast SEO plugin. -->","yoast_head_json":{"title":"FCK-stjerner er tr\u00e6tte af VAR: Savner fodbolden fra f\u00f8r","description":"B\u00e5de Carlos Zeca og Rasmus Falk er ved at v\u00e6re godt tr\u00e6tte af den indflydelse VAR efterh\u00e5nden har p\u00e5 fodbolden","robots":{"index":"index","follow":"follow","max-snippet":"max-snippet:-1","max-image-preview":"max-image-preview:large","max-video-preview":"max-video-preview:-1"},"canonical":"https:\/\/acefootball.com\/da\/fodboldnyheder\/fck-stjerner-er-traette-af-var-savner-fodbolden-fra-foer\/","og_locale":"en_US","og_type":"article","og_title":"FCK-stjerner er tr\u00e6tte af VAR: Savner fodbolden fra f\u00f8r","og_description":"B\u00e5de Carlos Zeca og Rasmus Falk er ved at v\u00e6re godt tr\u00e6tte af den indflydelse VAR efterh\u00e5nden har p\u00e5 fodbolden","og_url":"https:\/\/acefootball.com\/da\/fodboldnyheder\/fck-stjerner-er-traette-af-var-savner-fodbolden-fra-foer\/","og_site_name":"Ace Football Danmark","article_publisher":"https:\/\/www.facebook.com\/acefootballdk","article_published_time":"2021-03-07T15:59:57+00:00","article_modified_time":"2021-03-07T15:59:58+00:00","og_image":[{"width":1920,"height":1008,"url":"https:\/\/acefootball.com\/da\/wp-content\/uploads\/sites\/2\/2021\/02\/FCK-25-1.jpg","type":"image\/jpeg"}],"twitter_card":"summary_large_image","twitter_misc":{"Written by":"Mads Dreyer","Est. reading time":"2 minutes"},"schema":{"@context":"https:\/\/schema.org","@graph":[{"@type":"Organization","@id":"https:\/\/acefootball.com\/da\/#organization","name":"Ace Football","url":"https:\/\/acefootball.com\/da\/","sameAs":["https:\/\/www.facebook.com\/acefootballdk"],"logo":{"@type":"ImageObject","@id":"https:\/\/acefootball.com\/da\/#logo","inLanguage":"en-US","url":"https:\/\/acefootball.com\/da\/wp-content\/uploads\/sites\/2\/2020\/07\/Ace-Football-30-07-2020-2.png","contentUrl":"https:\/\/acefootball.com\/da\/wp-content\/uploads\/sites\/2\/2020\/07\/Ace-Football-30-07-2020-2.png","width":1200,"height":600,"caption":"Ace Football"},"image":{"@id":"https:\/\/acefootball.com\/da\/#logo"}},{"@type":"WebSite","@id":"https:\/\/acefootball.com\/da\/#website","url":"https:\/\/acefootball.com\/da\/","name":"Ace Football Danmark","description":"Nyheder, Spiltips &amp; Livescore","publisher":{"@id":"https:\/\/acefootball.com\/da\/#organization"},"potentialAction":[{"@type":"SearchAction","target":{"@type":"EntryPoint","urlTemplate":"https:\/\/acefootball.com\/da\/?s={search_term_string}"},"query-input":"required name=search_term_string"}],"inLanguage":"en-US"},{"@type":"ImageObject","@id":"https:\/\/acefootball.com\/da\/fodboldnyheder\/fck-stjerner-er-traette-af-var-savner-fodbolden-fra-foer\/#primaryimage","inLanguage":"en-US","url":"https:\/\/acefootball.com\/da\/wp-content\/uploads\/sites\/2\/2021\/02\/FCK-25-1.jpg","contentUrl":"https:\/\/acefootball.com\/da\/wp-content\/uploads\/sites\/2\/2021\/02\/FCK-25-1.jpg","width":1920,"height":1008,"caption":"zeca"},{"@type":"WebPage","@id":"https:\/\/acefootball.com\/da\/fodboldnyheder\/fck-stjerner-er-traette-af-var-savner-fodbolden-fra-foer\/#webpage","url":"https:\/\/acefootball.com\/da\/fodboldnyheder\/fck-stjerner-er-traette-af-var-savner-fodbolden-fra-foer\/","name":"FCK-stjerner er tr\u00e6tte af VAR: Savner fodbolden fra f\u00f8r","isPartOf":{"@id":"https:\/\/acefootball.com\/da\/#website"},"primaryImageOfPage":{"@id":"https:\/\/acefootball.com\/da\/fodboldnyheder\/fck-stjerner-er-traette-af-var-savner-fodbolden-fra-foer\/#primaryimage"},"datePublished":"2021-03-07T15:59:57+00:00","dateModified":"2021-03-07T15:59:58+00:00","description":"B\u00e5de Carlos Zeca og Rasmus Falk er ved at v\u00e6re godt tr\u00e6tte af den indflydelse VAR efterh\u00e5nden har p\u00e5 fodbolden","breadcrumb":{"@id":"https:\/\/acefootball.com\/da\/fodboldnyheder\/fck-stjerner-er-traette-af-var-savner-fodbolden-fra-foer\/#breadcrumb"},"inLanguage":"en-US","potentialAction":[{"@type":"ReadAction","target":["https:\/\/acefootball.com\/da\/fodboldnyheder\/fck-stjerner-er-traette-af-var-savner-fodbolden-fra-foer\/"]}]},{"@type":"BreadcrumbList","@id":"https:\/\/acefootball.com\/da\/fodboldnyheder\/fck-stjerner-er-traette-af-var-savner-fodbolden-fra-foer\/#breadcrumb","itemListElement":[{"@type":"ListItem","position":1,"name":"Home","item":"https:\/\/acefootball.com\/da\/"},{"@type":"ListItem","position":2,"name":"FCK-stjerner er tr\u00e6tte af VAR: Savner fodbolden fra f\u00f8r"}]},{"@type":"Article","@id":"https:\/\/acefootball.com\/da\/fodboldnyheder\/fck-stjerner-er-traette-af-var-savner-fodbolden-fra-foer\/#article","isPartOf":{"@id":"https:\/\/acefootball.com\/da\/fodboldnyheder\/fck-stjerner-er-traette-af-var-savner-fodbolden-fra-foer\/#webpage"},"author":{"@id":"https:\/\/acefootball.com\/da\/#\/schema\/person\/ee67e9cf04a276f144100ffa722f10cd"},"headline":"FCK-stjerner er tr\u00e6tte af VAR: Savner fodbolden fra f\u00f8r","datePublished":"2021-03-07T15:59:57+00:00","dateModified":"2021-03-07T15:59:58+00:00","mainEntityOfPage":{"@id":"https:\/\/acefootball.com\/da\/fodboldnyheder\/fck-stjerner-er-traette-af-var-savner-fodbolden-fra-foer\/#webpage"},"wordCount":347,"commentCount":0,"publisher":{"@id":"https:\/\/acefootball.com\/da\/#organization"},"image":{"@id":"https:\/\/acefootball.com\/da\/fodboldnyheder\/fck-stjerner-er-traette-af-var-savner-fodbolden-fra-foer\/#primaryimage"},"thumbnailUrl":"https:\/\/acefootball.com\/da\/wp-content\/uploads\/sites\/2\/2020\/10\/GettyImages-1228833103.jpg","keywords":["Carlos Zeca","FC K\u00f8benhavn","Rasmus Falk","Superligaen"],"articleSection":["Reaktion"],"inLanguage":"en-US","potentialAction":[{"@type":"CommentAction","name":"Comment","target":["https:\/\/acefootball.com\/da\/fodboldnyheder\/fck-stjerner-er-traette-af-var-savner-fodbolden-fra-foer\/#respond"]}]},{"@type":"Person","@id":"https:\/\/acefootball.com\/da\/#\/schema\/person\/ee67e9cf04a276f144100ffa722f10cd","name":"Mads Dreyer","image":{"@type":"ImageObject","@id":"https:\/\/acefootball.com\/da\/#personlogo","inLanguage":"en-US","url":"https:\/\/secure.gravatar.com\/avatar\/7c7abf72cfde9902b6a60efe60c88d4c?s=96&d=mm&r=g","contentUrl":"https:\/\/secure.gravatar.com\/avatar\/7c7abf72cfde9902b6a60efe60c88d4c?s=96&d=mm&r=g","caption":"Mads Dreyer"},"description":"Skribent og fodboldn\u00f8rd, der lige nu fort\u00e6ller om alt og intet i fodboldverdenen p\u00e5 acefootball.com. Uddannet i kommunikation fra Aalborg Universitet.","sameAs":["https:\/\/www.linkedin.com\/in\/mads-dreyer-b9b08266\/"],"url":"https:\/\/acefootball.com\/da\/fodboldnyheder\/author\/mdnronaldo\/"}]}},"fimg_url":"https:\/\/acefootball.com\/da\/wp-content\/uploads\/sites\/2\/2020\/10\/GettyImages-1228833103.jpg","_links":{"self":[{"href":"https:\/\/acefootball.com\/da\/wp-json\/wp\/v2\/posts\/253635"}],"collection":[{"href":"https:\/\/acefootball.com\/da\/wp-json\/wp\/v2\/posts"}],"about":[{"href":"https:\/\/acefootball.com\/da\/wp-json\/wp\/v2\/types\/post"}],"author":[{"embeddable":true,"href":"https:\/\/acefootball.com\/da\/wp-json\/wp\/v2\/users\/705"}],"replies":[{"embeddable":true,"href":"https:\/\/acefootball.com\/da\/wp-json\/wp\/v2\/comments?post=253635"}],"version-history":[{"count":0,"href":"https:\/\/acefootball.com\/da\/wp-json\/wp\/v2\/posts\/253635\/revisions"}],"wp:featuredmedia":[{"embeddable":true,"href":"https:\/\/acefootball.com\/da\/wp-json\/wp\/v2\/media\/239059"}],"wp:attachment":[{"href":"https:\/\/acefootball.com\/da\/wp-json\/wp\/v2\/media?parent=253635"}],"wp:term":[{"taxonomy":"category","embeddable":true,"href":"https:\/\/acefootball.com\/da\/wp-json\/wp\/v2\/categories?post=253635"},{"taxonomy":"post_tag","embeddable":true,"href":"https:\/\/acefootball.com\/da\/wp-json\/wp\/v2\/tags?post=253635"}],"curies":[{"name":"wp","href":"https:\/\/api.w.org\/{rel}","templated":true}]}}