{"id":253620,"date":"2021-03-07T13:02:05","date_gmt":"2021-03-07T12:02:05","guid":{"rendered":"https:\/\/acefootball.com\/da\/?p=253620"},"modified":"2021-03-07T13:02:06","modified_gmt":"2021-03-07T12:02:06","slug":"derby-startopstillinger-saadan-stiller-broendby-og-fck-op","status":"publish","type":"post","link":"https:\/\/acefootball.com\/da\/fodboldnyheder\/derby-startopstillinger-saadan-stiller-broendby-og-fck-op\/","title":{"rendered":"Derby-startopstillinger: S\u00e5dan stiller Br\u00f8ndby og FCK op"},"content":{"rendered":"\n<h2 id=\"h-der-er-lagt-op-til-et-af-de-mest-interessante-derbyer-mellem-br-ndby-if-og-fc-k-benhavn-i-flere-r-se-startopstillingerne-her\">Der er lagt op til et af de mest interessante derbyer mellem Br\u00f8ndby IF og FC K\u00f8benhavn i flere \u00e5r. Se startopstillingerne her!<\/h2>\n\n\n\n<div class=\"wp-block-si-widget wp-block-si-widget--center\"><si-lb-widget widget-id=\"MatchInfoWithOdds\" data-nopadding=\"true\" data-across-all-tournaments=\"false\" data-limit=\"5\" width=\"440\" data-event-id=\"3389186\" data-card=\"true\"><\/si-lb-widget><\/div>\n\n\n\n<p>Det er tid til alletiders store derby i dansk fodbold, n\u00e5r Br\u00f8ndby IF og FC K\u00f8benhavn brager sammen p\u00e5 f\u00f8rstn\u00e6vntes hjemmebane.<\/p>\n\n\n\n<p>Som topping p\u00e5 kagen er begge klubber i denne s\u00e6son dybt involverede i mesterskabskampen for f\u00f8rste gang i mange \u00e5r, da kun fire point skiller dem, som grundspillet n\u00e6rmer sin afslutning.<\/p>\n\n\n\n<p>Derfor er der lagt op til et brag af et derby, og nu har de to cheftr\u00e6nere sat navn p\u00e5 de 22 spillere, der skal indlede duellen. Du kan se begge startopstillinger her:<\/p>\n\n\n\n<figure class=\"wp-block-embed is-type-rich is-provider-twitter wp-block-embed-twitter\"><div class=\"wp-block-embed__wrapper\">\n<blockquote class=\"twitter-tweet\" data-width=\"550\" data-dnt=\"true\"><p lang=\"da\" dir=\"ltr\">En time til Derby \ud83d\udc9b\ud83d\udc99\u23f1<br><br>Her er vores startopstilling til opg\u00f8ret mod FC K\u00f8benhavn \ud83d\udcaa  <a href=\"https:\/\/twitter.com\/hashtag\/BIFFCK?src=hash&amp;ref_src=twsrc%5Etfw\">#BIFFCK<\/a> <a href=\"https:\/\/t.co\/iV03dlFdrS\">pic.twitter.com\/iV03dlFdrS<\/a><\/p>&mdash; Br\u00f8ndby IF (@BrondbyIF) <a href=\"https:\/\/twitter.com\/BrondbyIF\/status\/1368532292558336001?ref_src=twsrc%5Etfw\">March 7, 2021<\/a><\/blockquote><script async src=\"https:\/\/platform.twitter.com\/widgets.js\" charset=\"utf-8\"><\/script>\n<\/div><\/figure>\n\n\n\n<figure class=\"wp-block-embed is-type-rich is-provider-twitter wp-block-embed-twitter\"><div class=\"wp-block-embed__wrapper\">\n<blockquote class=\"twitter-tweet\" data-width=\"550\" data-dnt=\"true\"><p lang=\"da\" dir=\"ltr\">Start-11 mod <a href=\"https:\/\/twitter.com\/BrondbyIF?ref_src=twsrc%5Etfw\">@BrondbyIF<\/a> pr\u00e6senteres i samarbejde med vores officielle samarbejdspartner <a href=\"https:\/\/twitter.com\/Unibet_Danmark?ref_src=twsrc%5Etfw\">@Unibet_Danmark<\/a> <a href=\"https:\/\/twitter.com\/hashtag\/fcklive?src=hash&amp;ref_src=twsrc%5Etfw\">#fcklive<\/a> <a href=\"https:\/\/twitter.com\/hashtag\/biffck?src=hash&amp;ref_src=twsrc%5Etfw\">#biffck<\/a> <a href=\"https:\/\/twitter.com\/hashtag\/sldk?src=hash&amp;ref_src=twsrc%5Etfw\">#sldk<\/a> <a href=\"https:\/\/t.co\/ZRtaQQJmd3\">pic.twitter.com\/ZRtaQQJmd3<\/a><\/p>&mdash; F.C. K\u00f8benhavn (@FCKobenhavn) <a href=\"https:\/\/twitter.com\/FCKobenhavn\/status\/1368530614509576196?ref_src=twsrc%5Etfw\">March 7, 2021<\/a><\/blockquote><script async src=\"https:\/\/platform.twitter.com\/widgets.js\" charset=\"utf-8\"><\/script>\n<\/div><\/figure>\n\n\n\n<p>En tidligere Br\u00f8ndby-stjerne fort\u00e6ller desuden om, hvordan Yussuf Poulsen var med p\u00e5 vestegnsbes\u00f8g. L\u00e6s mere her:<\/p>\n\n\n\n<figure class=\"wp-block-embed is-type-wp-embed is-provider-ace-football-danmark wp-block-embed-ace-football-danmark\"><div class=\"wp-block-embed__wrapper\">\n<blockquote class=\"wp-embedded-content\" data-secret=\"xLCnaZM9il\"><a href=\"https:\/\/acefootball.com\/da\/fodboldnyheder\/inden-klubskifte-tidligere-profil-besoegte-broendby-med-yussuf-poulsen\/\">Inden klubskifte: Tidligere profil bes\u00f8gte Br\u00f8ndby med Yussuf Poulsen<\/a><\/blockquote><iframe class=\"wp-embedded-content\" sandbox=\"allow-scripts\" security=\"restricted\" style=\"position: absolute; clip: rect(1px, 1px, 1px, 1px);\" title=\"&#8220;Inden klubskifte: Tidligere profil bes\u00f8gte Br\u00f8ndby med Yussuf Poulsen&#8221; &#8212; Ace Football Danmark\" src=\"https:\/\/acefootball.com\/da\/fodboldnyheder\/inden-klubskifte-tidligere-profil-besoegte-broendby-med-yussuf-poulsen\/embed\/#?secret=xLCnaZM9il\" data-secret=\"xLCnaZM9il\" width=\"600\" height=\"338\" frameborder=\"0\" marginwidth=\"0\" marginheight=\"0\" scrolling=\"no\"><\/iframe>\n<\/div><\/figure>\n","protected":false},"excerpt":{"rendered":"<p>Der er lagt op til et af de mest interessante derbyer mellem Br\u00f8ndby IF og FC K\u00f8benhavn i flere \u00e5r. Se startopstillingerne her!<\/p>\n","protected":false},"author":705,"featured_media":252910,"comment_status":"open","ping_status":"closed","sticky":false,"template":"","format":"standard","meta":{"om_disable_all_campaigns":false,"push_articles_ronaldo":{"active":false,"canonical":0,"publish":false},"force_updates":null},"categories":[8062],"tags":[53,16,588],"enet_tags":{"team":["8595","8391"],"league":["46"],"sport_events":[3389186]},"yoast_head":"<!-- This site is optimized with the Yoast SEO plugin v18.3 - https:\/\/yoast.com\/wordpress\/plugins\/seo\/ -->\n<title>Derby-startopstillinger: S\u00e5dan stiller Br\u00f8ndby og FCK op<\/title>\n<meta name=\"description\" content=\"Der er lagt op til et af de mest interessante derbyer mellem Br\u00f8ndby IF og FC K\u00f8benhavn i flere \u00e5r. Se startopstillingerne her!\" \/>\n<meta name=\"robots\" content=\"index, follow, max-snippet:-1, max-image-preview:large, max-video-preview:-1\" \/>\n<link rel=\"canonical\" href=\"https:\/\/acefootball.com\/da\/fodboldnyheder\/derby-startopstillinger-saadan-stiller-broendby-og-fck-op\/\" \/>\n<meta property=\"og:locale\" content=\"en_US\" \/>\n<meta property=\"og:type\" content=\"article\" \/>\n<meta property=\"og:title\" content=\"Derby-startopstillinger: S\u00e5dan stiller Br\u00f8ndby og FCK op\" \/>\n<meta property=\"og:description\" content=\"Der er lagt op til et af de mest interessante derbyer mellem Br\u00f8ndby IF og FC K\u00f8benhavn i flere \u00e5r. Se startopstillingerne her!\" \/>\n<meta property=\"og:url\" content=\"https:\/\/acefootball.com\/da\/fodboldnyheder\/derby-startopstillinger-saadan-stiller-broendby-og-fck-op\/\" \/>\n<meta property=\"og:site_name\" content=\"Ace Football Danmark\" \/>\n<meta property=\"article:publisher\" content=\"https:\/\/www.facebook.com\/acefootballdk\" \/>\n<meta property=\"article:published_time\" content=\"2021-03-07T12:02:05+00:00\" \/>\n<meta property=\"article:modified_time\" content=\"2021-03-07T12:02:06+00:00\" \/>\n<meta property=\"og:image\" content=\"https:\/\/acefootball.com\/da\/wp-content\/uploads\/sites\/2\/2021\/03\/Laes-mere-generel-7.jpg\" \/>\n\t<meta property=\"og:image:width\" content=\"1920\" \/>\n\t<meta property=\"og:image:height\" content=\"1008\" \/>\n\t<meta property=\"og:image:type\" content=\"image\/jpeg\" \/>\n<meta name=\"twitter:card\" content=\"summary_large_image\" \/>\n<meta name=\"twitter:label1\" content=\"Written by\" \/>\n\t<meta name=\"twitter:data1\" content=\"Mads Dreyer\" \/>\n\t<meta name=\"twitter:label2\" content=\"Est. reading time\" \/>\n\t<meta name=\"twitter:data2\" content=\"1 minute\" \/>\n<script type=\"application\/ld+json\" class=\"yoast-schema-graph\">{\"@context\":\"https:\/\/schema.org\",\"@graph\":[{\"@type\":\"Organization\",\"@id\":\"https:\/\/acefootball.com\/da\/#organization\",\"name\":\"Ace Football\",\"url\":\"https:\/\/acefootball.com\/da\/\",\"sameAs\":[\"https:\/\/www.facebook.com\/acefootballdk\"],\"logo\":{\"@type\":\"ImageObject\",\"@id\":\"https:\/\/acefootball.com\/da\/#logo\",\"inLanguage\":\"en-US\",\"url\":\"https:\/\/acefootball.com\/da\/wp-content\/uploads\/sites\/2\/2020\/07\/Ace-Football-30-07-2020-2.png\",\"contentUrl\":\"https:\/\/acefootball.com\/da\/wp-content\/uploads\/sites\/2\/2020\/07\/Ace-Football-30-07-2020-2.png\",\"width\":1200,\"height\":600,\"caption\":\"Ace Football\"},\"image\":{\"@id\":\"https:\/\/acefootball.com\/da\/#logo\"}},{\"@type\":\"WebSite\",\"@id\":\"https:\/\/acefootball.com\/da\/#website\",\"url\":\"https:\/\/acefootball.com\/da\/\",\"name\":\"Ace Football Danmark\",\"description\":\"Nyheder, Spiltips &amp; Livescore\",\"publisher\":{\"@id\":\"https:\/\/acefootball.com\/da\/#organization\"},\"potentialAction\":[{\"@type\":\"SearchAction\",\"target\":{\"@type\":\"EntryPoint\",\"urlTemplate\":\"https:\/\/acefootball.com\/da\/?s={search_term_string}\"},\"query-input\":\"required name=search_term_string\"}],\"inLanguage\":\"en-US\"},{\"@type\":\"ImageObject\",\"@id\":\"https:\/\/acefootball.com\/da\/fodboldnyheder\/derby-startopstillinger-saadan-stiller-broendby-og-fck-op\/#primaryimage\",\"inLanguage\":\"en-US\",\"url\":\"https:\/\/acefootball.com\/da\/wp-content\/uploads\/sites\/2\/2021\/03\/Laes-mere-generel-7.jpg\",\"contentUrl\":\"https:\/\/acefootball.com\/da\/wp-content\/uploads\/sites\/2\/2021\/03\/Laes-mere-generel-7.jpg\",\"width\":1920,\"height\":1008,\"caption\":\"br\u00f8ndby og fck\"},{\"@type\":\"WebPage\",\"@id\":\"https:\/\/acefootball.com\/da\/fodboldnyheder\/derby-startopstillinger-saadan-stiller-broendby-og-fck-op\/#webpage\",\"url\":\"https:\/\/acefootball.com\/da\/fodboldnyheder\/derby-startopstillinger-saadan-stiller-broendby-og-fck-op\/\",\"name\":\"Derby-startopstillinger: S\u00e5dan stiller Br\u00f8ndby og FCK op\",\"isPartOf\":{\"@id\":\"https:\/\/acefootball.com\/da\/#website\"},\"primaryImageOfPage\":{\"@id\":\"https:\/\/acefootball.com\/da\/fodboldnyheder\/derby-startopstillinger-saadan-stiller-broendby-og-fck-op\/#primaryimage\"},\"datePublished\":\"2021-03-07T12:02:05+00:00\",\"dateModified\":\"2021-03-07T12:02:06+00:00\",\"description\":\"Der er lagt op til et af de mest interessante derbyer mellem Br\u00f8ndby IF og FC K\u00f8benhavn i flere \u00e5r. Se startopstillingerne her!\",\"breadcrumb\":{\"@id\":\"https:\/\/acefootball.com\/da\/fodboldnyheder\/derby-startopstillinger-saadan-stiller-broendby-og-fck-op\/#breadcrumb\"},\"inLanguage\":\"en-US\",\"potentialAction\":[{\"@type\":\"ReadAction\",\"target\":[\"https:\/\/acefootball.com\/da\/fodboldnyheder\/derby-startopstillinger-saadan-stiller-broendby-og-fck-op\/\"]}]},{\"@type\":\"BreadcrumbList\",\"@id\":\"https:\/\/acefootball.com\/da\/fodboldnyheder\/derby-startopstillinger-saadan-stiller-broendby-og-fck-op\/#breadcrumb\",\"itemListElement\":[{\"@type\":\"ListItem\",\"position\":1,\"name\":\"Home\",\"item\":\"https:\/\/acefootball.com\/da\/\"},{\"@type\":\"ListItem\",\"position\":2,\"name\":\"Derby-startopstillinger: S\u00e5dan stiller Br\u00f8ndby og FCK op\"}]},{\"@type\":\"Article\",\"@id\":\"https:\/\/acefootball.com\/da\/fodboldnyheder\/derby-startopstillinger-saadan-stiller-broendby-og-fck-op\/#article\",\"isPartOf\":{\"@id\":\"https:\/\/acefootball.com\/da\/fodboldnyheder\/derby-startopstillinger-saadan-stiller-broendby-og-fck-op\/#webpage\"},\"author\":{\"@id\":\"https:\/\/acefootball.com\/da\/#\/schema\/person\/ee67e9cf04a276f144100ffa722f10cd\"},\"headline\":\"Derby-startopstillinger: S\u00e5dan stiller Br\u00f8ndby og FCK op\",\"datePublished\":\"2021-03-07T12:02:05+00:00\",\"dateModified\":\"2021-03-07T12:02:06+00:00\",\"mainEntityOfPage\":{\"@id\":\"https:\/\/acefootball.com\/da\/fodboldnyheder\/derby-startopstillinger-saadan-stiller-broendby-og-fck-op\/#webpage\"},\"wordCount\":163,\"commentCount\":0,\"publisher\":{\"@id\":\"https:\/\/acefootball.com\/da\/#organization\"},\"image\":{\"@id\":\"https:\/\/acefootball.com\/da\/fodboldnyheder\/derby-startopstillinger-saadan-stiller-broendby-og-fck-op\/#primaryimage\"},\"thumbnailUrl\":\"https:\/\/acefootball.com\/da\/wp-content\/uploads\/sites\/2\/2021\/02\/GettyImages-1228616073.jpg\",\"keywords\":[\"Br\u00f8ndby IF\",\"FC K\u00f8benhavn\",\"Superligaen\"],\"articleSection\":[\"Kamp\"],\"inLanguage\":\"en-US\",\"potentialAction\":[{\"@type\":\"CommentAction\",\"name\":\"Comment\",\"target\":[\"https:\/\/acefootball.com\/da\/fodboldnyheder\/derby-startopstillinger-saadan-stiller-broendby-og-fck-op\/#respond\"]}]},{\"@type\":\"Person\",\"@id\":\"https:\/\/acefootball.com\/da\/#\/schema\/person\/ee67e9cf04a276f144100ffa722f10cd\",\"name\":\"Mads Dreyer\",\"image\":{\"@type\":\"ImageObject\",\"@id\":\"https:\/\/acefootball.com\/da\/#personlogo\",\"inLanguage\":\"en-US\",\"url\":\"https:\/\/secure.gravatar.com\/avatar\/7c7abf72cfde9902b6a60efe60c88d4c?s=96&d=mm&r=g\",\"contentUrl\":\"https:\/\/secure.gravatar.com\/avatar\/7c7abf72cfde9902b6a60efe60c88d4c?s=96&d=mm&r=g\",\"caption\":\"Mads Dreyer\"},\"description\":\"Skribent og fodboldn\u00f8rd, der lige nu fort\u00e6ller om alt og intet i fodboldverdenen p\u00e5 acefootball.com. Uddannet i kommunikation fra Aalborg Universitet.\",\"sameAs\":[\"https:\/\/www.linkedin.com\/in\/mads-dreyer-b9b08266\/\"],\"url\":\"https:\/\/acefootball.com\/da\/fodboldnyheder\/author\/mdnronaldo\/\"}]}<\/script>\n<!-- \/ Yoast SEO plugin. -->","yoast_head_json":{"title":"Derby-startopstillinger: S\u00e5dan stiller Br\u00f8ndby og FCK op","description":"Der er lagt op til et af de mest interessante derbyer mellem Br\u00f8ndby IF og FC K\u00f8benhavn i flere \u00e5r. Se startopstillingerne her!","robots":{"index":"index","follow":"follow","max-snippet":"max-snippet:-1","max-image-preview":"max-image-preview:large","max-video-preview":"max-video-preview:-1"},"canonical":"https:\/\/acefootball.com\/da\/fodboldnyheder\/derby-startopstillinger-saadan-stiller-broendby-og-fck-op\/","og_locale":"en_US","og_type":"article","og_title":"Derby-startopstillinger: S\u00e5dan stiller Br\u00f8ndby og FCK op","og_description":"Der er lagt op til et af de mest interessante derbyer mellem Br\u00f8ndby IF og FC K\u00f8benhavn i flere \u00e5r. Se startopstillingerne her!","og_url":"https:\/\/acefootball.com\/da\/fodboldnyheder\/derby-startopstillinger-saadan-stiller-broendby-og-fck-op\/","og_site_name":"Ace Football Danmark","article_publisher":"https:\/\/www.facebook.com\/acefootballdk","article_published_time":"2021-03-07T12:02:05+00:00","article_modified_time":"2021-03-07T12:02:06+00:00","og_image":[{"width":1920,"height":1008,"url":"https:\/\/acefootball.com\/da\/wp-content\/uploads\/sites\/2\/2021\/03\/Laes-mere-generel-7.jpg","type":"image\/jpeg"}],"twitter_card":"summary_large_image","twitter_misc":{"Written by":"Mads Dreyer","Est. reading time":"1 minute"},"schema":{"@context":"https:\/\/schema.org","@graph":[{"@type":"Organization","@id":"https:\/\/acefootball.com\/da\/#organization","name":"Ace Football","url":"https:\/\/acefootball.com\/da\/","sameAs":["https:\/\/www.facebook.com\/acefootballdk"],"logo":{"@type":"ImageObject","@id":"https:\/\/acefootball.com\/da\/#logo","inLanguage":"en-US","url":"https:\/\/acefootball.com\/da\/wp-content\/uploads\/sites\/2\/2020\/07\/Ace-Football-30-07-2020-2.png","contentUrl":"https:\/\/acefootball.com\/da\/wp-content\/uploads\/sites\/2\/2020\/07\/Ace-Football-30-07-2020-2.png","width":1200,"height":600,"caption":"Ace Football"},"image":{"@id":"https:\/\/acefootball.com\/da\/#logo"}},{"@type":"WebSite","@id":"https:\/\/acefootball.com\/da\/#website","url":"https:\/\/acefootball.com\/da\/","name":"Ace Football Danmark","description":"Nyheder, Spiltips &amp; Livescore","publisher":{"@id":"https:\/\/acefootball.com\/da\/#organization"},"potentialAction":[{"@type":"SearchAction","target":{"@type":"EntryPoint","urlTemplate":"https:\/\/acefootball.com\/da\/?s={search_term_string}"},"query-input":"required name=search_term_string"}],"inLanguage":"en-US"},{"@type":"ImageObject","@id":"https:\/\/acefootball.com\/da\/fodboldnyheder\/derby-startopstillinger-saadan-stiller-broendby-og-fck-op\/#primaryimage","inLanguage":"en-US","url":"https:\/\/acefootball.com\/da\/wp-content\/uploads\/sites\/2\/2021\/03\/Laes-mere-generel-7.jpg","contentUrl":"https:\/\/acefootball.com\/da\/wp-content\/uploads\/sites\/2\/2021\/03\/Laes-mere-generel-7.jpg","width":1920,"height":1008,"caption":"br\u00f8ndby og fck"},{"@type":"WebPage","@id":"https:\/\/acefootball.com\/da\/fodboldnyheder\/derby-startopstillinger-saadan-stiller-broendby-og-fck-op\/#webpage","url":"https:\/\/acefootball.com\/da\/fodboldnyheder\/derby-startopstillinger-saadan-stiller-broendby-og-fck-op\/","name":"Derby-startopstillinger: S\u00e5dan stiller Br\u00f8ndby og FCK op","isPartOf":{"@id":"https:\/\/acefootball.com\/da\/#website"},"primaryImageOfPage":{"@id":"https:\/\/acefootball.com\/da\/fodboldnyheder\/derby-startopstillinger-saadan-stiller-broendby-og-fck-op\/#primaryimage"},"datePublished":"2021-03-07T12:02:05+00:00","dateModified":"2021-03-07T12:02:06+00:00","description":"Der er lagt op til et af de mest interessante derbyer mellem Br\u00f8ndby IF og FC K\u00f8benhavn i flere \u00e5r. Se startopstillingerne her!","breadcrumb":{"@id":"https:\/\/acefootball.com\/da\/fodboldnyheder\/derby-startopstillinger-saadan-stiller-broendby-og-fck-op\/#breadcrumb"},"inLanguage":"en-US","potentialAction":[{"@type":"ReadAction","target":["https:\/\/acefootball.com\/da\/fodboldnyheder\/derby-startopstillinger-saadan-stiller-broendby-og-fck-op\/"]}]},{"@type":"BreadcrumbList","@id":"https:\/\/acefootball.com\/da\/fodboldnyheder\/derby-startopstillinger-saadan-stiller-broendby-og-fck-op\/#breadcrumb","itemListElement":[{"@type":"ListItem","position":1,"name":"Home","item":"https:\/\/acefootball.com\/da\/"},{"@type":"ListItem","position":2,"name":"Derby-startopstillinger: S\u00e5dan stiller Br\u00f8ndby og FCK op"}]},{"@type":"Article","@id":"https:\/\/acefootball.com\/da\/fodboldnyheder\/derby-startopstillinger-saadan-stiller-broendby-og-fck-op\/#article","isPartOf":{"@id":"https:\/\/acefootball.com\/da\/fodboldnyheder\/derby-startopstillinger-saadan-stiller-broendby-og-fck-op\/#webpage"},"author":{"@id":"https:\/\/acefootball.com\/da\/#\/schema\/person\/ee67e9cf04a276f144100ffa722f10cd"},"headline":"Derby-startopstillinger: S\u00e5dan stiller Br\u00f8ndby og FCK op","datePublished":"2021-03-07T12:02:05+00:00","dateModified":"2021-03-07T12:02:06+00:00","mainEntityOfPage":{"@id":"https:\/\/acefootball.com\/da\/fodboldnyheder\/derby-startopstillinger-saadan-stiller-broendby-og-fck-op\/#webpage"},"wordCount":163,"commentCount":0,"publisher":{"@id":"https:\/\/acefootball.com\/da\/#organization"},"image":{"@id":"https:\/\/acefootball.com\/da\/fodboldnyheder\/derby-startopstillinger-saadan-stiller-broendby-og-fck-op\/#primaryimage"},"thumbnailUrl":"https:\/\/acefootball.com\/da\/wp-content\/uploads\/sites\/2\/2021\/02\/GettyImages-1228616073.jpg","keywords":["Br\u00f8ndby IF","FC K\u00f8benhavn","Superligaen"],"articleSection":["Kamp"],"inLanguage":"en-US","potentialAction":[{"@type":"CommentAction","name":"Comment","target":["https:\/\/acefootball.com\/da\/fodboldnyheder\/derby-startopstillinger-saadan-stiller-broendby-og-fck-op\/#respond"]}]},{"@type":"Person","@id":"https:\/\/acefootball.com\/da\/#\/schema\/person\/ee67e9cf04a276f144100ffa722f10cd","name":"Mads Dreyer","image":{"@type":"ImageObject","@id":"https:\/\/acefootball.com\/da\/#personlogo","inLanguage":"en-US","url":"https:\/\/secure.gravatar.com\/avatar\/7c7abf72cfde9902b6a60efe60c88d4c?s=96&d=mm&r=g","contentUrl":"https:\/\/secure.gravatar.com\/avatar\/7c7abf72cfde9902b6a60efe60c88d4c?s=96&d=mm&r=g","caption":"Mads Dreyer"},"description":"Skribent og fodboldn\u00f8rd, der lige nu fort\u00e6ller om alt og intet i fodboldverdenen p\u00e5 acefootball.com. Uddannet i kommunikation fra Aalborg Universitet.","sameAs":["https:\/\/www.linkedin.com\/in\/mads-dreyer-b9b08266\/"],"url":"https:\/\/acefootball.com\/da\/fodboldnyheder\/author\/mdnronaldo\/"}]}},"fimg_url":"https:\/\/acefootball.com\/da\/wp-content\/uploads\/sites\/2\/2021\/02\/GettyImages-1228616073.jpg","_links":{"self":[{"href":"https:\/\/acefootball.com\/da\/wp-json\/wp\/v2\/posts\/253620"}],"collection":[{"href":"https:\/\/acefootball.com\/da\/wp-json\/wp\/v2\/posts"}],"about":[{"href":"https:\/\/acefootball.com\/da\/wp-json\/wp\/v2\/types\/post"}],"author":[{"embeddable":true,"href":"https:\/\/acefootball.com\/da\/wp-json\/wp\/v2\/users\/705"}],"replies":[{"embeddable":true,"href":"https:\/\/acefootball.com\/da\/wp-json\/wp\/v2\/comments?post=253620"}],"version-history":[{"count":0,"href":"https:\/\/acefootball.com\/da\/wp-json\/wp\/v2\/posts\/253620\/revisions"}],"wp:featuredmedia":[{"embeddable":true,"href":"https:\/\/acefootball.com\/da\/wp-json\/wp\/v2\/media\/252910"}],"wp:attachment":[{"href":"https:\/\/acefootball.com\/da\/wp-json\/wp\/v2\/media?parent=253620"}],"wp:term":[{"taxonomy":"category","embeddable":true,"href":"https:\/\/acefootball.com\/da\/wp-json\/wp\/v2\/categories?post=253620"},{"taxonomy":"post_tag","embeddable":true,"href":"https:\/\/acefootball.com\/da\/wp-json\/wp\/v2\/tags?post=253620"}],"curies":[{"name":"wp","href":"https:\/\/api.w.org\/{rel}","templated":true}]}}