{"id":253470,"date":"2021-03-04T21:26:40","date_gmt":"2021-03-04T20:26:40","guid":{"rendered":"https:\/\/acefootball.com\/da\/?p=253470"},"modified":"2021-03-04T21:28:18","modified_gmt":"2021-03-04T20:28:18","slug":"broendby-fans-chokerede-over-debutant-dumpet-med-et-brag","status":"publish","type":"post","link":"https:\/\/acefootball.com\/da\/fodboldnyheder\/broendby-fans-chokerede-over-debutant-dumpet-med-et-brag\/","title":{"rendered":"Br\u00f8ndby-fans chokerede over debutant: &#8220;Dumpet med et brag&#8221;"},"content":{"rendered":"\n<h2 id=\"h-michael-lumb-fik-ingen-dr-mmedebut-for-br-ndby-if-i-kampen-mod-randers-fc-og-blev-pillet-ud-igen-allerede-i-halvlegen\">Michael Lumb fik ingen dr\u00f8mmedebut for Br\u00f8ndby IF i kampen mod Randers FC og blev pillet ud igen allerede i halvlegen<\/h2>\n\n\n\n<div class=\"wp-block-si-widget wp-block-si-widget--center\"><si-lb-widget widget-id=\"MatchInfoWithOdds\" data-nopadding=\"true\" data-across-all-tournaments=\"false\" data-limit=\"5\" width=\"440\" data-event-id=\"3389181\" data-card=\"true\"><\/si-lb-widget><\/div>\n\n\n\n<p>Det var for mange Br\u00f8ndby-fans en lettelse, da dommer Mads-Kristoffer Kristoffersen fl\u00f8jtede til pause i torsdagens kamp mod Randers FC.<\/p>\n\n\n\n<p>Udeholdet dominerede t\u00e6t p\u00e5 alle parametre i f\u00f8rste halvleg, hvor flere af de bl\u00e5gule slet ikke lignede sig selv.<\/p>\n\n\n\n<p>Specielt debutanten Michael Lumb havde det sv\u00e6rt p\u00e5 sin venstre wingback, og det var da ogs\u00e5 sigende for indsatsen, da cheftr\u00e6ner Niels Frederiksen pillede ham ud efter de f\u00f8rste 45 minutter.<\/p>\n\n\n\n<p>Flere af Br\u00f8ndbys fans er heller ikke imponerede over, hvad de har set fra klubbens nye spiller. Du kan se nogle af kommentarerne p\u00e5 Twitter her:<\/p>\n\n\n\n<figure class=\"wp-block-embed is-type-rich is-provider-twitter wp-block-embed-twitter\"><div class=\"wp-block-embed__wrapper\">\n<blockquote class=\"twitter-tweet\" data-width=\"550\" data-dnt=\"true\"><p lang=\"da\" dir=\"ltr\">0-0. Antallet af vundne dueller og succesfulde f\u00f8rstegangsafleveringer. Jeg forst\u00e5r det simpelthen ikke. <br>Michael Lumb har f\u00e5et en marginalt bedre debut end Asbj\u00f8rn Sennels.<\/p>&mdash; Jan Wen (@jtailangw) <a href=\"https:\/\/twitter.com\/jtailangw\/status\/1367563104922591241?ref_src=twsrc%5Etfw\">March 4, 2021<\/a><\/blockquote><script async src=\"https:\/\/platform.twitter.com\/widgets.js\" charset=\"utf-8\"><\/script>\n<\/div><\/figure>\n\n\n\n<figure class=\"wp-block-embed is-type-rich is-provider-twitter wp-block-embed-twitter\"><div class=\"wp-block-embed__wrapper\">\n<blockquote class=\"twitter-tweet\" data-width=\"550\" data-dnt=\"true\"><p lang=\"da\" dir=\"ltr\">Bruus har da v\u00e6ret ok. Men Lumb. Puha det er skidt. Vigen ogs\u00e5 sl\u00f8v<\/p>&mdash; Ole Mikkelsen (@wollmaestro) <a href=\"https:\/\/twitter.com\/wollmaestro\/status\/1367563034961543173?ref_src=twsrc%5Etfw\">March 4, 2021<\/a><\/blockquote><script async src=\"https:\/\/platform.twitter.com\/widgets.js\" charset=\"utf-8\"><\/script>\n<\/div><\/figure>\n\n\n\n<figure class=\"wp-block-embed is-type-rich is-provider-twitter wp-block-embed-twitter\"><div class=\"wp-block-embed__wrapper\">\n<blockquote class=\"twitter-tweet\" data-width=\"550\" data-dnt=\"true\"><p lang=\"da\" dir=\"ltr\">Absurd ringe f\u00f8rste halvleg \ud83d\ude2c V\u00e6rste pr\u00e6station indtil videre denne s\u00e6son. Hehe, og driftsikre Lumb har godt noget v\u00e6ret katastrofalt d\u00e5rlig \ud83d\ude02\ud83d\ude02\ud83d\ude02 N\u00e5h, men Niller fikser lortet i pausen. Vi vinder 2-0 \ud83e\udd1e\ud83d\ude09<\/p>&mdash; uloto79 (@LundOugaard) <a href=\"https:\/\/twitter.com\/LundOugaard\/status\/1367562863867486210?ref_src=twsrc%5Etfw\">March 4, 2021<\/a><\/blockquote><script async src=\"https:\/\/platform.twitter.com\/widgets.js\" charset=\"utf-8\"><\/script>\n<\/div><\/figure>\n\n\n\n<figure class=\"wp-block-embed is-type-rich is-provider-twitter wp-block-embed-twitter\"><div class=\"wp-block-embed__wrapper\">\n<blockquote class=\"twitter-tweet\" data-width=\"550\" data-dnt=\"true\"><p lang=\"da\" dir=\"ltr\">Nej. Lumb har ikke sat en fod rigtigt. Det er direkte synd.<\/p>&mdash; Peter Froulund (@PEF40) <a href=\"https:\/\/twitter.com\/PEF40\/status\/1367562793227010052?ref_src=twsrc%5Etfw\">March 4, 2021<\/a><\/blockquote><script async src=\"https:\/\/platform.twitter.com\/widgets.js\" charset=\"utf-8\"><\/script>\n<\/div><\/figure>\n\n\n\n<figure class=\"wp-block-embed is-type-rich is-provider-twitter wp-block-embed-twitter\"><div class=\"wp-block-embed__wrapper\">\n<blockquote class=\"twitter-tweet\" data-width=\"550\" data-dnt=\"true\"><p lang=\"da\" dir=\"ltr\">R\u00e6dderlig 1. halvleg. <br>Lumb dumpet med et brag. Bringer intet. Vi fors\u00f8mmer at spille den hurtige bold fladt op i rummene de f\u00e5 gange de har v\u00e6ret der. Jobbe med for mange ber\u00f8ringer hele tiden. <br>Der skal \u00e6ndres noget markant<\/p>&mdash; Jimmi Nielsen (@jimnielsen74) <a href=\"https:\/\/twitter.com\/jimnielsen74\/status\/1367562789905178625?ref_src=twsrc%5Etfw\">March 4, 2021<\/a><\/blockquote><script async src=\"https:\/\/platform.twitter.com\/widgets.js\" charset=\"utf-8\"><\/script>\n<\/div><\/figure>\n\n\n\n<p>Br\u00f8ndby har for nylig m\u00e5tte tage afsked med et mange\u00e5rigt medlem af klubben. L\u00e6s hans afskedshilsen her:<\/p>\n\n\n\n<figure class=\"wp-block-embed is-type-wp-embed is-provider-ace-football-danmark wp-block-embed-ace-football-danmark\"><div class=\"wp-block-embed__wrapper\">\n<blockquote class=\"wp-embedded-content\" data-secret=\"GU7tJ3MvgL\"><a href=\"https:\/\/acefootball.com\/da\/fodboldnyheder\/efter-graadkvalt-afsked-med-broendby-jeg-er-100-aerlig\/\">Efter gr\u00e5dkvalt afsked med Br\u00f8ndby: Jeg er 100 % \u00e6rlig<\/a><\/blockquote><iframe class=\"wp-embedded-content\" sandbox=\"allow-scripts\" security=\"restricted\" style=\"position: absolute; clip: rect(1px, 1px, 1px, 1px);\" title=\"&#8220;Efter gr\u00e5dkvalt afsked med Br\u00f8ndby: Jeg er 100 % \u00e6rlig&#8221; &#8212; Ace Football Danmark\" src=\"https:\/\/acefootball.com\/da\/fodboldnyheder\/efter-graadkvalt-afsked-med-broendby-jeg-er-100-aerlig\/embed\/#?secret=GU7tJ3MvgL\" data-secret=\"GU7tJ3MvgL\" width=\"600\" height=\"338\" frameborder=\"0\" marginwidth=\"0\" marginheight=\"0\" scrolling=\"no\"><\/iframe>\n<\/div><\/figure>\n","protected":false},"excerpt":{"rendered":"<p>Michael Lumb fik ingen dr\u00f8mmedebut for Br\u00f8ndby IF i kampen mod Randers FC og blev pillet ud igen allerede i halvlegen<\/p>\n","protected":false},"author":705,"featured_media":252879,"comment_status":"open","ping_status":"closed","sticky":false,"template":"","format":"standard","meta":{"om_disable_all_campaigns":false,"push_articles_ronaldo":{"active":false,"canonical":0,"publish":false},"force_updates":null},"categories":[8060],"tags":[53,373,588],"enet_tags":{"team":["8595"],"player":["34698"],"league":["46"],"sport_events":[3389181]},"yoast_head":"<!-- This site is optimized with the Yoast SEO plugin v18.3 - https:\/\/yoast.com\/wordpress\/plugins\/seo\/ -->\n<title>Br\u00f8ndby-fans chokerede over debutant: &quot;Dumpet med et brag&quot;<\/title>\n<meta name=\"description\" content=\"Michael Lumb fik ingen dr\u00f8mmedebut for Br\u00f8ndby IF i kampen mod Randers FC og blev pillet ud igen allerede i halvlegen\" \/>\n<meta name=\"robots\" content=\"index, follow, max-snippet:-1, max-image-preview:large, max-video-preview:-1\" \/>\n<link rel=\"canonical\" href=\"https:\/\/acefootball.com\/da\/fodboldnyheder\/broendby-fans-chokerede-over-debutant-dumpet-med-et-brag\/\" \/>\n<meta property=\"og:locale\" content=\"en_US\" \/>\n<meta property=\"og:type\" content=\"article\" \/>\n<meta property=\"og:title\" content=\"Br\u00f8ndby-fans chokerede over debutant: &quot;Dumpet med et brag&quot;\" \/>\n<meta property=\"og:description\" content=\"Michael Lumb fik ingen dr\u00f8mmedebut for Br\u00f8ndby IF i kampen mod Randers FC og blev pillet ud igen allerede i halvlegen\" \/>\n<meta property=\"og:url\" content=\"https:\/\/acefootball.com\/da\/fodboldnyheder\/broendby-fans-chokerede-over-debutant-dumpet-med-et-brag\/\" \/>\n<meta property=\"og:site_name\" content=\"Ace Football Danmark\" \/>\n<meta property=\"article:publisher\" content=\"https:\/\/www.facebook.com\/acefootballdk\" \/>\n<meta property=\"article:published_time\" content=\"2021-03-04T20:26:40+00:00\" \/>\n<meta property=\"article:modified_time\" content=\"2021-03-04T20:28:18+00:00\" \/>\n<meta property=\"og:image\" content=\"https:\/\/acefootball.com\/da\/wp-content\/uploads\/sites\/2\/2021\/03\/Brondby-45.jpg\" \/>\n\t<meta property=\"og:image:width\" content=\"1920\" \/>\n\t<meta property=\"og:image:height\" content=\"1008\" \/>\n\t<meta property=\"og:image:type\" content=\"image\/jpeg\" \/>\n<meta name=\"twitter:card\" content=\"summary_large_image\" \/>\n<meta name=\"twitter:label1\" content=\"Written by\" \/>\n\t<meta name=\"twitter:data1\" content=\"Mads Dreyer\" \/>\n\t<meta name=\"twitter:label2\" content=\"Est. reading time\" \/>\n\t<meta name=\"twitter:data2\" content=\"1 minute\" \/>\n<script type=\"application\/ld+json\" class=\"yoast-schema-graph\">{\"@context\":\"https:\/\/schema.org\",\"@graph\":[{\"@type\":\"Organization\",\"@id\":\"https:\/\/acefootball.com\/da\/#organization\",\"name\":\"Ace Football\",\"url\":\"https:\/\/acefootball.com\/da\/\",\"sameAs\":[\"https:\/\/www.facebook.com\/acefootballdk\"],\"logo\":{\"@type\":\"ImageObject\",\"@id\":\"https:\/\/acefootball.com\/da\/#logo\",\"inLanguage\":\"en-US\",\"url\":\"https:\/\/acefootball.com\/da\/wp-content\/uploads\/sites\/2\/2020\/07\/Ace-Football-30-07-2020-2.png\",\"contentUrl\":\"https:\/\/acefootball.com\/da\/wp-content\/uploads\/sites\/2\/2020\/07\/Ace-Football-30-07-2020-2.png\",\"width\":1200,\"height\":600,\"caption\":\"Ace Football\"},\"image\":{\"@id\":\"https:\/\/acefootball.com\/da\/#logo\"}},{\"@type\":\"WebSite\",\"@id\":\"https:\/\/acefootball.com\/da\/#website\",\"url\":\"https:\/\/acefootball.com\/da\/\",\"name\":\"Ace Football Danmark\",\"description\":\"Nyheder, Spiltips &amp; Livescore\",\"publisher\":{\"@id\":\"https:\/\/acefootball.com\/da\/#organization\"},\"potentialAction\":[{\"@type\":\"SearchAction\",\"target\":{\"@type\":\"EntryPoint\",\"urlTemplate\":\"https:\/\/acefootball.com\/da\/?s={search_term_string}\"},\"query-input\":\"required name=search_term_string\"}],\"inLanguage\":\"en-US\"},{\"@type\":\"ImageObject\",\"@id\":\"https:\/\/acefootball.com\/da\/fodboldnyheder\/broendby-fans-chokerede-over-debutant-dumpet-med-et-brag\/#primaryimage\",\"inLanguage\":\"en-US\",\"url\":\"https:\/\/acefootball.com\/da\/wp-content\/uploads\/sites\/2\/2021\/03\/Brondby-45.jpg\",\"contentUrl\":\"https:\/\/acefootball.com\/da\/wp-content\/uploads\/sites\/2\/2021\/03\/Brondby-45.jpg\",\"width\":1920,\"height\":1008},{\"@type\":\"WebPage\",\"@id\":\"https:\/\/acefootball.com\/da\/fodboldnyheder\/broendby-fans-chokerede-over-debutant-dumpet-med-et-brag\/#webpage\",\"url\":\"https:\/\/acefootball.com\/da\/fodboldnyheder\/broendby-fans-chokerede-over-debutant-dumpet-med-et-brag\/\",\"name\":\"Br\u00f8ndby-fans chokerede over debutant: \\\"Dumpet med et brag\\\"\",\"isPartOf\":{\"@id\":\"https:\/\/acefootball.com\/da\/#website\"},\"primaryImageOfPage\":{\"@id\":\"https:\/\/acefootball.com\/da\/fodboldnyheder\/broendby-fans-chokerede-over-debutant-dumpet-med-et-brag\/#primaryimage\"},\"datePublished\":\"2021-03-04T20:26:40+00:00\",\"dateModified\":\"2021-03-04T20:28:18+00:00\",\"description\":\"Michael Lumb fik ingen dr\u00f8mmedebut for Br\u00f8ndby IF i kampen mod Randers FC og blev pillet ud igen allerede i halvlegen\",\"breadcrumb\":{\"@id\":\"https:\/\/acefootball.com\/da\/fodboldnyheder\/broendby-fans-chokerede-over-debutant-dumpet-med-et-brag\/#breadcrumb\"},\"inLanguage\":\"en-US\",\"potentialAction\":[{\"@type\":\"ReadAction\",\"target\":[\"https:\/\/acefootball.com\/da\/fodboldnyheder\/broendby-fans-chokerede-over-debutant-dumpet-med-et-brag\/\"]}]},{\"@type\":\"BreadcrumbList\",\"@id\":\"https:\/\/acefootball.com\/da\/fodboldnyheder\/broendby-fans-chokerede-over-debutant-dumpet-med-et-brag\/#breadcrumb\",\"itemListElement\":[{\"@type\":\"ListItem\",\"position\":1,\"name\":\"Home\",\"item\":\"https:\/\/acefootball.com\/da\/\"},{\"@type\":\"ListItem\",\"position\":2,\"name\":\"Br\u00f8ndby-fans chokerede over debutant: &#8220;Dumpet med et brag&#8221;\"}]},{\"@type\":\"Article\",\"@id\":\"https:\/\/acefootball.com\/da\/fodboldnyheder\/broendby-fans-chokerede-over-debutant-dumpet-med-et-brag\/#article\",\"isPartOf\":{\"@id\":\"https:\/\/acefootball.com\/da\/fodboldnyheder\/broendby-fans-chokerede-over-debutant-dumpet-med-et-brag\/#webpage\"},\"author\":{\"@id\":\"https:\/\/acefootball.com\/da\/#\/schema\/person\/ee67e9cf04a276f144100ffa722f10cd\"},\"headline\":\"Br\u00f8ndby-fans chokerede over debutant: &#8220;Dumpet med et brag&#8221;\",\"datePublished\":\"2021-03-04T20:26:40+00:00\",\"dateModified\":\"2021-03-04T20:28:18+00:00\",\"mainEntityOfPage\":{\"@id\":\"https:\/\/acefootball.com\/da\/fodboldnyheder\/broendby-fans-chokerede-over-debutant-dumpet-med-et-brag\/#webpage\"},\"wordCount\":189,\"commentCount\":0,\"publisher\":{\"@id\":\"https:\/\/acefootball.com\/da\/#organization\"},\"image\":{\"@id\":\"https:\/\/acefootball.com\/da\/fodboldnyheder\/broendby-fans-chokerede-over-debutant-dumpet-med-et-brag\/#primaryimage\"},\"thumbnailUrl\":\"https:\/\/acefootball.com\/da\/wp-content\/uploads\/sites\/2\/2021\/02\/GettyImages-1230744931.jpg\",\"keywords\":[\"Br\u00f8ndby IF\",\"Michael Lumb\",\"Superligaen\"],\"articleSection\":[\"Reaktion\"],\"inLanguage\":\"en-US\",\"potentialAction\":[{\"@type\":\"CommentAction\",\"name\":\"Comment\",\"target\":[\"https:\/\/acefootball.com\/da\/fodboldnyheder\/broendby-fans-chokerede-over-debutant-dumpet-med-et-brag\/#respond\"]}]},{\"@type\":\"Person\",\"@id\":\"https:\/\/acefootball.com\/da\/#\/schema\/person\/ee67e9cf04a276f144100ffa722f10cd\",\"name\":\"Mads Dreyer\",\"image\":{\"@type\":\"ImageObject\",\"@id\":\"https:\/\/acefootball.com\/da\/#personlogo\",\"inLanguage\":\"en-US\",\"url\":\"https:\/\/secure.gravatar.com\/avatar\/7c7abf72cfde9902b6a60efe60c88d4c?s=96&d=mm&r=g\",\"contentUrl\":\"https:\/\/secure.gravatar.com\/avatar\/7c7abf72cfde9902b6a60efe60c88d4c?s=96&d=mm&r=g\",\"caption\":\"Mads Dreyer\"},\"description\":\"Skribent og fodboldn\u00f8rd, der lige nu fort\u00e6ller om alt og intet i fodboldverdenen p\u00e5 acefootball.com. Uddannet i kommunikation fra Aalborg Universitet.\",\"sameAs\":[\"https:\/\/www.linkedin.com\/in\/mads-dreyer-b9b08266\/\"],\"url\":\"https:\/\/acefootball.com\/da\/fodboldnyheder\/author\/mdnronaldo\/\"}]}<\/script>\n<!-- \/ Yoast SEO plugin. -->","yoast_head_json":{"title":"Br\u00f8ndby-fans chokerede over debutant: \"Dumpet med et brag\"","description":"Michael Lumb fik ingen dr\u00f8mmedebut for Br\u00f8ndby IF i kampen mod Randers FC og blev pillet ud igen allerede i halvlegen","robots":{"index":"index","follow":"follow","max-snippet":"max-snippet:-1","max-image-preview":"max-image-preview:large","max-video-preview":"max-video-preview:-1"},"canonical":"https:\/\/acefootball.com\/da\/fodboldnyheder\/broendby-fans-chokerede-over-debutant-dumpet-med-et-brag\/","og_locale":"en_US","og_type":"article","og_title":"Br\u00f8ndby-fans chokerede over debutant: \"Dumpet med et brag\"","og_description":"Michael Lumb fik ingen dr\u00f8mmedebut for Br\u00f8ndby IF i kampen mod Randers FC og blev pillet ud igen allerede i halvlegen","og_url":"https:\/\/acefootball.com\/da\/fodboldnyheder\/broendby-fans-chokerede-over-debutant-dumpet-med-et-brag\/","og_site_name":"Ace Football Danmark","article_publisher":"https:\/\/www.facebook.com\/acefootballdk","article_published_time":"2021-03-04T20:26:40+00:00","article_modified_time":"2021-03-04T20:28:18+00:00","og_image":[{"width":1920,"height":1008,"url":"https:\/\/acefootball.com\/da\/wp-content\/uploads\/sites\/2\/2021\/03\/Brondby-45.jpg","type":"image\/jpeg"}],"twitter_card":"summary_large_image","twitter_misc":{"Written by":"Mads Dreyer","Est. reading time":"1 minute"},"schema":{"@context":"https:\/\/schema.org","@graph":[{"@type":"Organization","@id":"https:\/\/acefootball.com\/da\/#organization","name":"Ace Football","url":"https:\/\/acefootball.com\/da\/","sameAs":["https:\/\/www.facebook.com\/acefootballdk"],"logo":{"@type":"ImageObject","@id":"https:\/\/acefootball.com\/da\/#logo","inLanguage":"en-US","url":"https:\/\/acefootball.com\/da\/wp-content\/uploads\/sites\/2\/2020\/07\/Ace-Football-30-07-2020-2.png","contentUrl":"https:\/\/acefootball.com\/da\/wp-content\/uploads\/sites\/2\/2020\/07\/Ace-Football-30-07-2020-2.png","width":1200,"height":600,"caption":"Ace Football"},"image":{"@id":"https:\/\/acefootball.com\/da\/#logo"}},{"@type":"WebSite","@id":"https:\/\/acefootball.com\/da\/#website","url":"https:\/\/acefootball.com\/da\/","name":"Ace Football Danmark","description":"Nyheder, Spiltips &amp; Livescore","publisher":{"@id":"https:\/\/acefootball.com\/da\/#organization"},"potentialAction":[{"@type":"SearchAction","target":{"@type":"EntryPoint","urlTemplate":"https:\/\/acefootball.com\/da\/?s={search_term_string}"},"query-input":"required name=search_term_string"}],"inLanguage":"en-US"},{"@type":"ImageObject","@id":"https:\/\/acefootball.com\/da\/fodboldnyheder\/broendby-fans-chokerede-over-debutant-dumpet-med-et-brag\/#primaryimage","inLanguage":"en-US","url":"https:\/\/acefootball.com\/da\/wp-content\/uploads\/sites\/2\/2021\/03\/Brondby-45.jpg","contentUrl":"https:\/\/acefootball.com\/da\/wp-content\/uploads\/sites\/2\/2021\/03\/Brondby-45.jpg","width":1920,"height":1008},{"@type":"WebPage","@id":"https:\/\/acefootball.com\/da\/fodboldnyheder\/broendby-fans-chokerede-over-debutant-dumpet-med-et-brag\/#webpage","url":"https:\/\/acefootball.com\/da\/fodboldnyheder\/broendby-fans-chokerede-over-debutant-dumpet-med-et-brag\/","name":"Br\u00f8ndby-fans chokerede over debutant: \"Dumpet med et brag\"","isPartOf":{"@id":"https:\/\/acefootball.com\/da\/#website"},"primaryImageOfPage":{"@id":"https:\/\/acefootball.com\/da\/fodboldnyheder\/broendby-fans-chokerede-over-debutant-dumpet-med-et-brag\/#primaryimage"},"datePublished":"2021-03-04T20:26:40+00:00","dateModified":"2021-03-04T20:28:18+00:00","description":"Michael Lumb fik ingen dr\u00f8mmedebut for Br\u00f8ndby IF i kampen mod Randers FC og blev pillet ud igen allerede i halvlegen","breadcrumb":{"@id":"https:\/\/acefootball.com\/da\/fodboldnyheder\/broendby-fans-chokerede-over-debutant-dumpet-med-et-brag\/#breadcrumb"},"inLanguage":"en-US","potentialAction":[{"@type":"ReadAction","target":["https:\/\/acefootball.com\/da\/fodboldnyheder\/broendby-fans-chokerede-over-debutant-dumpet-med-et-brag\/"]}]},{"@type":"BreadcrumbList","@id":"https:\/\/acefootball.com\/da\/fodboldnyheder\/broendby-fans-chokerede-over-debutant-dumpet-med-et-brag\/#breadcrumb","itemListElement":[{"@type":"ListItem","position":1,"name":"Home","item":"https:\/\/acefootball.com\/da\/"},{"@type":"ListItem","position":2,"name":"Br\u00f8ndby-fans chokerede over debutant: &#8220;Dumpet med et brag&#8221;"}]},{"@type":"Article","@id":"https:\/\/acefootball.com\/da\/fodboldnyheder\/broendby-fans-chokerede-over-debutant-dumpet-med-et-brag\/#article","isPartOf":{"@id":"https:\/\/acefootball.com\/da\/fodboldnyheder\/broendby-fans-chokerede-over-debutant-dumpet-med-et-brag\/#webpage"},"author":{"@id":"https:\/\/acefootball.com\/da\/#\/schema\/person\/ee67e9cf04a276f144100ffa722f10cd"},"headline":"Br\u00f8ndby-fans chokerede over debutant: &#8220;Dumpet med et brag&#8221;","datePublished":"2021-03-04T20:26:40+00:00","dateModified":"2021-03-04T20:28:18+00:00","mainEntityOfPage":{"@id":"https:\/\/acefootball.com\/da\/fodboldnyheder\/broendby-fans-chokerede-over-debutant-dumpet-med-et-brag\/#webpage"},"wordCount":189,"commentCount":0,"publisher":{"@id":"https:\/\/acefootball.com\/da\/#organization"},"image":{"@id":"https:\/\/acefootball.com\/da\/fodboldnyheder\/broendby-fans-chokerede-over-debutant-dumpet-med-et-brag\/#primaryimage"},"thumbnailUrl":"https:\/\/acefootball.com\/da\/wp-content\/uploads\/sites\/2\/2021\/02\/GettyImages-1230744931.jpg","keywords":["Br\u00f8ndby IF","Michael Lumb","Superligaen"],"articleSection":["Reaktion"],"inLanguage":"en-US","potentialAction":[{"@type":"CommentAction","name":"Comment","target":["https:\/\/acefootball.com\/da\/fodboldnyheder\/broendby-fans-chokerede-over-debutant-dumpet-med-et-brag\/#respond"]}]},{"@type":"Person","@id":"https:\/\/acefootball.com\/da\/#\/schema\/person\/ee67e9cf04a276f144100ffa722f10cd","name":"Mads Dreyer","image":{"@type":"ImageObject","@id":"https:\/\/acefootball.com\/da\/#personlogo","inLanguage":"en-US","url":"https:\/\/secure.gravatar.com\/avatar\/7c7abf72cfde9902b6a60efe60c88d4c?s=96&d=mm&r=g","contentUrl":"https:\/\/secure.gravatar.com\/avatar\/7c7abf72cfde9902b6a60efe60c88d4c?s=96&d=mm&r=g","caption":"Mads Dreyer"},"description":"Skribent og fodboldn\u00f8rd, der lige nu fort\u00e6ller om alt og intet i fodboldverdenen p\u00e5 acefootball.com. Uddannet i kommunikation fra Aalborg Universitet.","sameAs":["https:\/\/www.linkedin.com\/in\/mads-dreyer-b9b08266\/"],"url":"https:\/\/acefootball.com\/da\/fodboldnyheder\/author\/mdnronaldo\/"}]}},"fimg_url":"https:\/\/acefootball.com\/da\/wp-content\/uploads\/sites\/2\/2021\/02\/GettyImages-1230744931.jpg","_links":{"self":[{"href":"https:\/\/acefootball.com\/da\/wp-json\/wp\/v2\/posts\/253470"}],"collection":[{"href":"https:\/\/acefootball.com\/da\/wp-json\/wp\/v2\/posts"}],"about":[{"href":"https:\/\/acefootball.com\/da\/wp-json\/wp\/v2\/types\/post"}],"author":[{"embeddable":true,"href":"https:\/\/acefootball.com\/da\/wp-json\/wp\/v2\/users\/705"}],"replies":[{"embeddable":true,"href":"https:\/\/acefootball.com\/da\/wp-json\/wp\/v2\/comments?post=253470"}],"version-history":[{"count":0,"href":"https:\/\/acefootball.com\/da\/wp-json\/wp\/v2\/posts\/253470\/revisions"}],"wp:featuredmedia":[{"embeddable":true,"href":"https:\/\/acefootball.com\/da\/wp-json\/wp\/v2\/media\/252879"}],"wp:attachment":[{"href":"https:\/\/acefootball.com\/da\/wp-json\/wp\/v2\/media?parent=253470"}],"wp:term":[{"taxonomy":"category","embeddable":true,"href":"https:\/\/acefootball.com\/da\/wp-json\/wp\/v2\/categories?post=253470"},{"taxonomy":"post_tag","embeddable":true,"href":"https:\/\/acefootball.com\/da\/wp-json\/wp\/v2\/tags?post=253470"}],"curies":[{"name":"wp","href":"https:\/\/api.w.org\/{rel}","templated":true}]}}