{"id":253402,"date":"2021-03-04T10:12:16","date_gmt":"2021-03-04T09:12:16","guid":{"rendered":"https:\/\/acefootball.com\/da\/?p=253402"},"modified":"2021-03-04T10:12:17","modified_gmt":"2021-03-04T09:12:17","slug":"efter-graadkvalt-afsked-med-broendby-jeg-er-100-aerlig","status":"publish","type":"post","link":"https:\/\/acefootball.com\/da\/fodboldnyheder\/efter-graadkvalt-afsked-med-broendby-jeg-er-100-aerlig\/","title":{"rendered":"Efter gr\u00e5dkvalt afsked med Br\u00f8ndby: Jeg er 100 % \u00e6rlig"},"content":{"rendered":"\n<h2 id=\"h-i-en-besked-har-br-ndbys-nu-tidligere-fysiske-tr-ner-ahron-thode-at-han-dybt-fra-hjertet-elsker-klubben-og-at-han-h-ber-at-vende-tilbage-en-dag\">I en besked har Br\u00f8ndbys nu tidligere fysiske tr\u00e6ner Ahron Thode, at han dybt fra hjertet elsker klubben, og at han h\u00e5ber at vende tilbage en dag<\/h2>\n\n\n\n<p>Tidligere p\u00e5 ugen blev det officielt, at den fysiske tr\u00e6ner Ahron Thode stopper i Br\u00f8ndby IF efter at have v\u00e6ret i klubben i 10 \u00e5r. <\/p>\n\n\n\n<figure class=\"wp-block-embed is-type-wp-embed is-provider-ace-football-danmark wp-block-embed-ace-football-danmark\"><div class=\"wp-block-embed__wrapper\">\n<blockquote class=\"wp-embedded-content\" data-secret=\"ZDAOOwCsiK\"><a href=\"https:\/\/acefootball.com\/da\/fodboldnyheder\/broendby-traener-siger-farvel-det-har-vaeret-en-livsstil\/\">Br\u00f8ndby-tr\u00e6ner siger farvel: Henter afl\u00f8ser med FCK-fortid<\/a><\/blockquote><iframe class=\"wp-embedded-content\" sandbox=\"allow-scripts\" security=\"restricted\" style=\"position: absolute; clip: rect(1px, 1px, 1px, 1px);\" title=\"&#8220;Br\u00f8ndby-tr\u00e6ner siger farvel: Henter afl\u00f8ser med FCK-fortid&#8221; &#8212; Ace Football Danmark\" src=\"https:\/\/acefootball.com\/da\/fodboldnyheder\/broendby-traener-siger-farvel-det-har-vaeret-en-livsstil\/embed\/#?secret=ZDAOOwCsiK\" data-secret=\"ZDAOOwCsiK\" width=\"600\" height=\"338\" frameborder=\"0\" marginwidth=\"0\" marginheight=\"0\" scrolling=\"no\"><\/iframe>\n<\/div><\/figure>\n\n\n\n<p>Dette gjorde han, da der opstod en mulighed for at vende hjem til USA, men det har bestemt ikke v\u00e6ret noget let farvel for Thode, der har v\u00e6ret tydeligt p\u00e5virket af beslutningen.<\/p>\n\n\n\n<p>Den fysiske tr\u00e6ner har i en besked, der er blevet delt p\u00e5 Twitter afsl\u00f8ret, at han er 100 % \u00e6rlig, n\u00e5r han fort\u00e6ller, at han elsker klubben, fansene og hele f\u00e6llesskabet omkring Br\u00f8ndby, hvorfor han ogs\u00e5 h\u00e5ber at kunne vende tilbage en dag.<\/p>\n\n\n\n<p>Du kan l\u00e6se hans besked i Tweetet herunder.<\/p>\n\n\n\n<figure class=\"wp-block-embed is-type-rich is-provider-twitter wp-block-embed-twitter\"><div class=\"wp-block-embed__wrapper\">\n<blockquote class=\"twitter-tweet\" data-width=\"550\" data-dnt=\"true\"><p lang=\"en\" dir=\"ltr\">Ahron Thode\ud83e\udd7a<a href=\"https:\/\/twitter.com\/hashtag\/sldk?src=hash&amp;ref_src=twsrc%5Etfw\">#sldk<\/a> <a href=\"https:\/\/twitter.com\/hashtag\/broendby?src=hash&amp;ref_src=twsrc%5Etfw\">#broendby<\/a> <a href=\"https:\/\/twitter.com\/hashtag\/bif?src=hash&amp;ref_src=twsrc%5Etfw\">#bif<\/a> <a href=\"https:\/\/t.co\/r0s7hQUYqX\">pic.twitter.com\/r0s7hQUYqX<\/a><\/p>&mdash; Michelle (@MichDenbak) <a href=\"https:\/\/twitter.com\/MichDenbak\/status\/1367258419716120578?ref_src=twsrc%5Etfw\">March 3, 2021<\/a><\/blockquote><script async src=\"https:\/\/platform.twitter.com\/widgets.js\" charset=\"utf-8\"><\/script>\n<\/div><\/figure>\n\n\n\n<p>Tidligere i dag offentliggjorde Br\u00f8ndby deres regnskab for 2020, og her er det tydeligt, at der er sket en stor udvikling. Dette kan du l\u00e6se mere om i artiklen herunder.<\/p>\n\n\n\n<figure class=\"wp-block-embed is-type-wp-embed is-provider-ace-football-danmark wp-block-embed-ace-football-danmark\"><div class=\"wp-block-embed__wrapper\">\n<blockquote class=\"wp-embedded-content\" data-secret=\"QcTckXHa3u\"><a href=\"https:\/\/acefootball.com\/da\/fodboldnyheder\/helt-vildt-saa-mange-penge-har-broendby-sparet-paa-loenninger\/\">Helt vildt: S\u00e5 mange penge har Br\u00f8ndby sparet p\u00e5 l\u00f8nninger<\/a><\/blockquote><iframe class=\"wp-embedded-content\" sandbox=\"allow-scripts\" security=\"restricted\" style=\"position: absolute; clip: rect(1px, 1px, 1px, 1px);\" title=\"&#8220;Helt vildt: S\u00e5 mange penge har Br\u00f8ndby sparet p\u00e5 l\u00f8nninger&#8221; &#8212; Ace Football Danmark\" src=\"https:\/\/acefootball.com\/da\/fodboldnyheder\/helt-vildt-saa-mange-penge-har-broendby-sparet-paa-loenninger\/embed\/#?secret=QcTckXHa3u\" data-secret=\"QcTckXHa3u\" width=\"600\" height=\"338\" frameborder=\"0\" marginwidth=\"0\" marginheight=\"0\" scrolling=\"no\"><\/iframe>\n<\/div><\/figure>\n","protected":false},"excerpt":{"rendered":"<p>I en besked har Br\u00f8ndbys nu tidligere fysiske tr\u00e6ner Ahron Thode, at han dybt fra hjertet elsker klubben, og at han h\u00e5ber at vende tilbage en dag<\/p>\n","protected":false},"author":74,"featured_media":239335,"comment_status":"open","ping_status":"closed","sticky":false,"template":"","format":"standard","meta":{"om_disable_all_campaigns":false,"push_articles_ronaldo":{"active":false,"canonical":0,"publish":false},"force_updates":null},"categories":[1],"tags":[53,588],"enet_tags":{"team":["8595"],"league":["46"],"sport_events":[]},"yoast_head":"<!-- This site is optimized with the Yoast SEO plugin v18.3 - https:\/\/yoast.com\/wordpress\/plugins\/seo\/ -->\n<title>Efter gr\u00e5dkvalt afsked med Br\u00f8ndby: Jeg er 100 % \u00e6rlig<\/title>\n<meta name=\"description\" content=\"I en besked har Br\u00f8ndbys nu tidligere fysiske tr\u00e6ner Ahron Thode, at han dybt fra hjertet elsker klubben, og at han h\u00e5ber at vende tilbage en dag\" \/>\n<meta name=\"robots\" content=\"index, follow, max-snippet:-1, max-image-preview:large, max-video-preview:-1\" \/>\n<link rel=\"canonical\" href=\"https:\/\/acefootball.com\/da\/fodboldnyheder\/efter-graadkvalt-afsked-med-broendby-jeg-er-100-aerlig\/\" \/>\n<meta property=\"og:locale\" content=\"en_US\" \/>\n<meta property=\"og:type\" content=\"article\" \/>\n<meta property=\"og:title\" content=\"Efter gr\u00e5dkvalt afsked med Br\u00f8ndby: Jeg er 100 % \u00e6rlig\" \/>\n<meta property=\"og:description\" content=\"I en besked har Br\u00f8ndbys nu tidligere fysiske tr\u00e6ner Ahron Thode, at han dybt fra hjertet elsker klubben, og at han h\u00e5ber at vende tilbage en dag\" \/>\n<meta property=\"og:url\" content=\"https:\/\/acefootball.com\/da\/fodboldnyheder\/efter-graadkvalt-afsked-med-broendby-jeg-er-100-aerlig\/\" \/>\n<meta property=\"og:site_name\" content=\"Ace Football Danmark\" \/>\n<meta property=\"article:publisher\" content=\"https:\/\/www.facebook.com\/acefootballdk\" \/>\n<meta property=\"article:published_time\" content=\"2021-03-04T09:12:16+00:00\" \/>\n<meta property=\"article:modified_time\" content=\"2021-03-04T09:12:17+00:00\" \/>\n<meta property=\"og:image\" content=\"https:\/\/acefootball.com\/da\/wp-content\/uploads\/sites\/2\/2021\/03\/Brondby-1.jpg\" \/>\n\t<meta property=\"og:image:width\" content=\"1920\" \/>\n\t<meta property=\"og:image:height\" content=\"1008\" \/>\n\t<meta property=\"og:image:type\" content=\"image\/jpeg\" \/>\n<meta name=\"twitter:card\" content=\"summary_large_image\" \/>\n<meta name=\"twitter:label1\" content=\"Written by\" \/>\n\t<meta name=\"twitter:data1\" content=\"Patrick Hesselb\u00e6k\" \/>\n\t<meta name=\"twitter:label2\" content=\"Est. reading time\" \/>\n\t<meta name=\"twitter:data2\" content=\"1 minute\" \/>\n<script type=\"application\/ld+json\" class=\"yoast-schema-graph\">{\"@context\":\"https:\/\/schema.org\",\"@graph\":[{\"@type\":\"Organization\",\"@id\":\"https:\/\/acefootball.com\/da\/#organization\",\"name\":\"Ace Football\",\"url\":\"https:\/\/acefootball.com\/da\/\",\"sameAs\":[\"https:\/\/www.facebook.com\/acefootballdk\"],\"logo\":{\"@type\":\"ImageObject\",\"@id\":\"https:\/\/acefootball.com\/da\/#logo\",\"inLanguage\":\"en-US\",\"url\":\"https:\/\/acefootball.com\/da\/wp-content\/uploads\/sites\/2\/2020\/07\/Ace-Football-30-07-2020-2.png\",\"contentUrl\":\"https:\/\/acefootball.com\/da\/wp-content\/uploads\/sites\/2\/2020\/07\/Ace-Football-30-07-2020-2.png\",\"width\":1200,\"height\":600,\"caption\":\"Ace Football\"},\"image\":{\"@id\":\"https:\/\/acefootball.com\/da\/#logo\"}},{\"@type\":\"WebSite\",\"@id\":\"https:\/\/acefootball.com\/da\/#website\",\"url\":\"https:\/\/acefootball.com\/da\/\",\"name\":\"Ace Football Danmark\",\"description\":\"Nyheder, Spiltips &amp; Livescore\",\"publisher\":{\"@id\":\"https:\/\/acefootball.com\/da\/#organization\"},\"potentialAction\":[{\"@type\":\"SearchAction\",\"target\":{\"@type\":\"EntryPoint\",\"urlTemplate\":\"https:\/\/acefootball.com\/da\/?s={search_term_string}\"},\"query-input\":\"required name=search_term_string\"}],\"inLanguage\":\"en-US\"},{\"@type\":\"ImageObject\",\"@id\":\"https:\/\/acefootball.com\/da\/fodboldnyheder\/efter-graadkvalt-afsked-med-broendby-jeg-er-100-aerlig\/#primaryimage\",\"inLanguage\":\"en-US\",\"url\":\"https:\/\/acefootball.com\/da\/wp-content\/uploads\/sites\/2\/2021\/03\/Brondby-1.jpg\",\"contentUrl\":\"https:\/\/acefootball.com\/da\/wp-content\/uploads\/sites\/2\/2021\/03\/Brondby-1.jpg\",\"width\":1920,\"height\":1008,\"caption\":\"Br\u00f8ndby Stadion\"},{\"@type\":\"WebPage\",\"@id\":\"https:\/\/acefootball.com\/da\/fodboldnyheder\/efter-graadkvalt-afsked-med-broendby-jeg-er-100-aerlig\/#webpage\",\"url\":\"https:\/\/acefootball.com\/da\/fodboldnyheder\/efter-graadkvalt-afsked-med-broendby-jeg-er-100-aerlig\/\",\"name\":\"Efter gr\u00e5dkvalt afsked med Br\u00f8ndby: Jeg er 100 % \u00e6rlig\",\"isPartOf\":{\"@id\":\"https:\/\/acefootball.com\/da\/#website\"},\"primaryImageOfPage\":{\"@id\":\"https:\/\/acefootball.com\/da\/fodboldnyheder\/efter-graadkvalt-afsked-med-broendby-jeg-er-100-aerlig\/#primaryimage\"},\"datePublished\":\"2021-03-04T09:12:16+00:00\",\"dateModified\":\"2021-03-04T09:12:17+00:00\",\"description\":\"I en besked har Br\u00f8ndbys nu tidligere fysiske tr\u00e6ner Ahron Thode, at han dybt fra hjertet elsker klubben, og at han h\u00e5ber at vende tilbage en dag\",\"breadcrumb\":{\"@id\":\"https:\/\/acefootball.com\/da\/fodboldnyheder\/efter-graadkvalt-afsked-med-broendby-jeg-er-100-aerlig\/#breadcrumb\"},\"inLanguage\":\"en-US\",\"potentialAction\":[{\"@type\":\"ReadAction\",\"target\":[\"https:\/\/acefootball.com\/da\/fodboldnyheder\/efter-graadkvalt-afsked-med-broendby-jeg-er-100-aerlig\/\"]}]},{\"@type\":\"BreadcrumbList\",\"@id\":\"https:\/\/acefootball.com\/da\/fodboldnyheder\/efter-graadkvalt-afsked-med-broendby-jeg-er-100-aerlig\/#breadcrumb\",\"itemListElement\":[{\"@type\":\"ListItem\",\"position\":1,\"name\":\"Home\",\"item\":\"https:\/\/acefootball.com\/da\/\"},{\"@type\":\"ListItem\",\"position\":2,\"name\":\"Efter gr\u00e5dkvalt afsked med Br\u00f8ndby: Jeg er 100 % \u00e6rlig\"}]},{\"@type\":\"Article\",\"@id\":\"https:\/\/acefootball.com\/da\/fodboldnyheder\/efter-graadkvalt-afsked-med-broendby-jeg-er-100-aerlig\/#article\",\"isPartOf\":{\"@id\":\"https:\/\/acefootball.com\/da\/fodboldnyheder\/efter-graadkvalt-afsked-med-broendby-jeg-er-100-aerlig\/#webpage\"},\"author\":{\"@id\":\"https:\/\/acefootball.com\/da\/#\/schema\/person\/fd6223a1c033400b41da7853ddf88c84\"},\"headline\":\"Efter gr\u00e5dkvalt afsked med Br\u00f8ndby: Jeg er 100 % \u00e6rlig\",\"datePublished\":\"2021-03-04T09:12:16+00:00\",\"dateModified\":\"2021-03-04T09:12:17+00:00\",\"mainEntityOfPage\":{\"@id\":\"https:\/\/acefootball.com\/da\/fodboldnyheder\/efter-graadkvalt-afsked-med-broendby-jeg-er-100-aerlig\/#webpage\"},\"wordCount\":207,\"commentCount\":0,\"publisher\":{\"@id\":\"https:\/\/acefootball.com\/da\/#organization\"},\"image\":{\"@id\":\"https:\/\/acefootball.com\/da\/fodboldnyheder\/efter-graadkvalt-afsked-med-broendby-jeg-er-100-aerlig\/#primaryimage\"},\"thumbnailUrl\":\"https:\/\/acefootball.com\/da\/wp-content\/uploads\/sites\/2\/2020\/10\/GettyImages-514445320-1.jpg\",\"keywords\":[\"Br\u00f8ndby IF\",\"Superligaen\"],\"articleSection\":[\"Nyhed\"],\"inLanguage\":\"en-US\",\"potentialAction\":[{\"@type\":\"CommentAction\",\"name\":\"Comment\",\"target\":[\"https:\/\/acefootball.com\/da\/fodboldnyheder\/efter-graadkvalt-afsked-med-broendby-jeg-er-100-aerlig\/#respond\"]}]},{\"@type\":\"Person\",\"@id\":\"https:\/\/acefootball.com\/da\/#\/schema\/person\/fd6223a1c033400b41da7853ddf88c84\",\"name\":\"Patrick Hesselb\u00e6k\",\"image\":{\"@type\":\"ImageObject\",\"@id\":\"https:\/\/acefootball.com\/da\/#personlogo\",\"inLanguage\":\"en-US\",\"url\":\"https:\/\/secure.gravatar.com\/avatar\/7919060992759bffbffb199d6cbdce6f?s=96&d=mm&r=g\",\"contentUrl\":\"https:\/\/secure.gravatar.com\/avatar\/7919060992759bffbffb199d6cbdce6f?s=96&d=mm&r=g\",\"caption\":\"Patrick Hesselb\u00e6k\"},\"description\":\"Redakt\u00f8r p\u00e5 den danske Ace Football-redaktion. Uddannet i kommunikation fra Aalborg Universitet. Prim\u00e6rt fokus p\u00e5 den danske 3F Superliga og de st\u00f8rste europ\u00e6iske turneringer.\",\"sameAs\":[\"https:\/\/www.linkedin.com\/in\/patrick-hesselbk-2a4b1711a\/\"],\"url\":\"https:\/\/acefootball.com\/da\/fodboldnyheder\/author\/patrickhesselbaek\/\"}]}<\/script>\n<!-- \/ Yoast SEO plugin. -->","yoast_head_json":{"title":"Efter gr\u00e5dkvalt afsked med Br\u00f8ndby: Jeg er 100 % \u00e6rlig","description":"I en besked har Br\u00f8ndbys nu tidligere fysiske tr\u00e6ner Ahron Thode, at han dybt fra hjertet elsker klubben, og at han h\u00e5ber at vende tilbage en dag","robots":{"index":"index","follow":"follow","max-snippet":"max-snippet:-1","max-image-preview":"max-image-preview:large","max-video-preview":"max-video-preview:-1"},"canonical":"https:\/\/acefootball.com\/da\/fodboldnyheder\/efter-graadkvalt-afsked-med-broendby-jeg-er-100-aerlig\/","og_locale":"en_US","og_type":"article","og_title":"Efter gr\u00e5dkvalt afsked med Br\u00f8ndby: Jeg er 100 % \u00e6rlig","og_description":"I en besked har Br\u00f8ndbys nu tidligere fysiske tr\u00e6ner Ahron Thode, at han dybt fra hjertet elsker klubben, og at han h\u00e5ber at vende tilbage en dag","og_url":"https:\/\/acefootball.com\/da\/fodboldnyheder\/efter-graadkvalt-afsked-med-broendby-jeg-er-100-aerlig\/","og_site_name":"Ace Football Danmark","article_publisher":"https:\/\/www.facebook.com\/acefootballdk","article_published_time":"2021-03-04T09:12:16+00:00","article_modified_time":"2021-03-04T09:12:17+00:00","og_image":[{"width":1920,"height":1008,"url":"https:\/\/acefootball.com\/da\/wp-content\/uploads\/sites\/2\/2021\/03\/Brondby-1.jpg","type":"image\/jpeg"}],"twitter_card":"summary_large_image","twitter_misc":{"Written by":"Patrick Hesselb\u00e6k","Est. reading time":"1 minute"},"schema":{"@context":"https:\/\/schema.org","@graph":[{"@type":"Organization","@id":"https:\/\/acefootball.com\/da\/#organization","name":"Ace Football","url":"https:\/\/acefootball.com\/da\/","sameAs":["https:\/\/www.facebook.com\/acefootballdk"],"logo":{"@type":"ImageObject","@id":"https:\/\/acefootball.com\/da\/#logo","inLanguage":"en-US","url":"https:\/\/acefootball.com\/da\/wp-content\/uploads\/sites\/2\/2020\/07\/Ace-Football-30-07-2020-2.png","contentUrl":"https:\/\/acefootball.com\/da\/wp-content\/uploads\/sites\/2\/2020\/07\/Ace-Football-30-07-2020-2.png","width":1200,"height":600,"caption":"Ace Football"},"image":{"@id":"https:\/\/acefootball.com\/da\/#logo"}},{"@type":"WebSite","@id":"https:\/\/acefootball.com\/da\/#website","url":"https:\/\/acefootball.com\/da\/","name":"Ace Football Danmark","description":"Nyheder, Spiltips &amp; Livescore","publisher":{"@id":"https:\/\/acefootball.com\/da\/#organization"},"potentialAction":[{"@type":"SearchAction","target":{"@type":"EntryPoint","urlTemplate":"https:\/\/acefootball.com\/da\/?s={search_term_string}"},"query-input":"required name=search_term_string"}],"inLanguage":"en-US"},{"@type":"ImageObject","@id":"https:\/\/acefootball.com\/da\/fodboldnyheder\/efter-graadkvalt-afsked-med-broendby-jeg-er-100-aerlig\/#primaryimage","inLanguage":"en-US","url":"https:\/\/acefootball.com\/da\/wp-content\/uploads\/sites\/2\/2021\/03\/Brondby-1.jpg","contentUrl":"https:\/\/acefootball.com\/da\/wp-content\/uploads\/sites\/2\/2021\/03\/Brondby-1.jpg","width":1920,"height":1008,"caption":"Br\u00f8ndby Stadion"},{"@type":"WebPage","@id":"https:\/\/acefootball.com\/da\/fodboldnyheder\/efter-graadkvalt-afsked-med-broendby-jeg-er-100-aerlig\/#webpage","url":"https:\/\/acefootball.com\/da\/fodboldnyheder\/efter-graadkvalt-afsked-med-broendby-jeg-er-100-aerlig\/","name":"Efter gr\u00e5dkvalt afsked med Br\u00f8ndby: Jeg er 100 % \u00e6rlig","isPartOf":{"@id":"https:\/\/acefootball.com\/da\/#website"},"primaryImageOfPage":{"@id":"https:\/\/acefootball.com\/da\/fodboldnyheder\/efter-graadkvalt-afsked-med-broendby-jeg-er-100-aerlig\/#primaryimage"},"datePublished":"2021-03-04T09:12:16+00:00","dateModified":"2021-03-04T09:12:17+00:00","description":"I en besked har Br\u00f8ndbys nu tidligere fysiske tr\u00e6ner Ahron Thode, at han dybt fra hjertet elsker klubben, og at han h\u00e5ber at vende tilbage en dag","breadcrumb":{"@id":"https:\/\/acefootball.com\/da\/fodboldnyheder\/efter-graadkvalt-afsked-med-broendby-jeg-er-100-aerlig\/#breadcrumb"},"inLanguage":"en-US","potentialAction":[{"@type":"ReadAction","target":["https:\/\/acefootball.com\/da\/fodboldnyheder\/efter-graadkvalt-afsked-med-broendby-jeg-er-100-aerlig\/"]}]},{"@type":"BreadcrumbList","@id":"https:\/\/acefootball.com\/da\/fodboldnyheder\/efter-graadkvalt-afsked-med-broendby-jeg-er-100-aerlig\/#breadcrumb","itemListElement":[{"@type":"ListItem","position":1,"name":"Home","item":"https:\/\/acefootball.com\/da\/"},{"@type":"ListItem","position":2,"name":"Efter gr\u00e5dkvalt afsked med Br\u00f8ndby: Jeg er 100 % \u00e6rlig"}]},{"@type":"Article","@id":"https:\/\/acefootball.com\/da\/fodboldnyheder\/efter-graadkvalt-afsked-med-broendby-jeg-er-100-aerlig\/#article","isPartOf":{"@id":"https:\/\/acefootball.com\/da\/fodboldnyheder\/efter-graadkvalt-afsked-med-broendby-jeg-er-100-aerlig\/#webpage"},"author":{"@id":"https:\/\/acefootball.com\/da\/#\/schema\/person\/fd6223a1c033400b41da7853ddf88c84"},"headline":"Efter gr\u00e5dkvalt afsked med Br\u00f8ndby: Jeg er 100 % \u00e6rlig","datePublished":"2021-03-04T09:12:16+00:00","dateModified":"2021-03-04T09:12:17+00:00","mainEntityOfPage":{"@id":"https:\/\/acefootball.com\/da\/fodboldnyheder\/efter-graadkvalt-afsked-med-broendby-jeg-er-100-aerlig\/#webpage"},"wordCount":207,"commentCount":0,"publisher":{"@id":"https:\/\/acefootball.com\/da\/#organization"},"image":{"@id":"https:\/\/acefootball.com\/da\/fodboldnyheder\/efter-graadkvalt-afsked-med-broendby-jeg-er-100-aerlig\/#primaryimage"},"thumbnailUrl":"https:\/\/acefootball.com\/da\/wp-content\/uploads\/sites\/2\/2020\/10\/GettyImages-514445320-1.jpg","keywords":["Br\u00f8ndby IF","Superligaen"],"articleSection":["Nyhed"],"inLanguage":"en-US","potentialAction":[{"@type":"CommentAction","name":"Comment","target":["https:\/\/acefootball.com\/da\/fodboldnyheder\/efter-graadkvalt-afsked-med-broendby-jeg-er-100-aerlig\/#respond"]}]},{"@type":"Person","@id":"https:\/\/acefootball.com\/da\/#\/schema\/person\/fd6223a1c033400b41da7853ddf88c84","name":"Patrick Hesselb\u00e6k","image":{"@type":"ImageObject","@id":"https:\/\/acefootball.com\/da\/#personlogo","inLanguage":"en-US","url":"https:\/\/secure.gravatar.com\/avatar\/7919060992759bffbffb199d6cbdce6f?s=96&d=mm&r=g","contentUrl":"https:\/\/secure.gravatar.com\/avatar\/7919060992759bffbffb199d6cbdce6f?s=96&d=mm&r=g","caption":"Patrick Hesselb\u00e6k"},"description":"Redakt\u00f8r p\u00e5 den danske Ace Football-redaktion. Uddannet i kommunikation fra Aalborg Universitet. Prim\u00e6rt fokus p\u00e5 den danske 3F Superliga og de st\u00f8rste europ\u00e6iske turneringer.","sameAs":["https:\/\/www.linkedin.com\/in\/patrick-hesselbk-2a4b1711a\/"],"url":"https:\/\/acefootball.com\/da\/fodboldnyheder\/author\/patrickhesselbaek\/"}]}},"fimg_url":"https:\/\/acefootball.com\/da\/wp-content\/uploads\/sites\/2\/2020\/10\/GettyImages-514445320-1.jpg","_links":{"self":[{"href":"https:\/\/acefootball.com\/da\/wp-json\/wp\/v2\/posts\/253402"}],"collection":[{"href":"https:\/\/acefootball.com\/da\/wp-json\/wp\/v2\/posts"}],"about":[{"href":"https:\/\/acefootball.com\/da\/wp-json\/wp\/v2\/types\/post"}],"author":[{"embeddable":true,"href":"https:\/\/acefootball.com\/da\/wp-json\/wp\/v2\/users\/74"}],"replies":[{"embeddable":true,"href":"https:\/\/acefootball.com\/da\/wp-json\/wp\/v2\/comments?post=253402"}],"version-history":[{"count":0,"href":"https:\/\/acefootball.com\/da\/wp-json\/wp\/v2\/posts\/253402\/revisions"}],"wp:featuredmedia":[{"embeddable":true,"href":"https:\/\/acefootball.com\/da\/wp-json\/wp\/v2\/media\/239335"}],"wp:attachment":[{"href":"https:\/\/acefootball.com\/da\/wp-json\/wp\/v2\/media?parent=253402"}],"wp:term":[{"taxonomy":"category","embeddable":true,"href":"https:\/\/acefootball.com\/da\/wp-json\/wp\/v2\/categories?post=253402"},{"taxonomy":"post_tag","embeddable":true,"href":"https:\/\/acefootball.com\/da\/wp-json\/wp\/v2\/tags?post=253402"}],"curies":[{"name":"wp","href":"https:\/\/api.w.org\/{rel}","templated":true}]}}