{"id":253284,"date":"2021-03-03T11:21:16","date_gmt":"2021-03-03T10:21:16","guid":{"rendered":"https:\/\/acefootball.com\/da\/?p=253284"},"modified":"2021-03-03T11:21:16","modified_gmt":"2021-03-03T10:21:16","slug":"inter-fans-goer-grin-med-eriksen-hvor-mange-skal-han-bruge","status":"publish","type":"post","link":"https:\/\/acefootball.com\/da\/fodboldnyheder\/inter-fans-goer-grin-med-eriksen-hvor-mange-skal-han-bruge\/","title":{"rendered":"Inter-fans g\u00f8r grin med Eriksen: Hvor mange skal han bruge?"},"content":{"rendered":"\n<h2 id=\"h-christian-eriksen-g-r-ikke-ned-p-sit-udstyr-hvilket-flere-inter-fans-har-bem-rket-is-r-fodt-jet-har-danskeren-i-den-grad-styr-p\">Christian Eriksen g\u00e5r ikke ned p\u00e5 sit udstyr, hvilket flere Inter-fans har bem\u00e6rket. Is\u00e6r fodt\u00f8jet har danskeren i den grad styr p\u00e5<\/h2>\n\n\n\n<p>Danske Christian Eriksen er i den grad ved at finde sig til rette i italienske Inter, hvor han er g\u00e5et hen og blevet en vigtig spiller under manager Antonio Conte.<\/p>\n\n\n\n<figure class=\"wp-block-embed is-type-wp-embed is-provider-ace-football-danmark wp-block-embed-ace-football-danmark\"><div class=\"wp-block-embed__wrapper\">\n<blockquote class=\"wp-embedded-content\" data-secret=\"oXmY30WDmH\"><a href=\"https:\/\/acefootball.com\/da\/fodboldnyheder\/stor-optur-christian-eriksen-er-maanedens-bedste-i-inter\/\">Stor optur: Christian Eriksen er m\u00e5nedens bedste i Inter<\/a><\/blockquote><iframe class=\"wp-embedded-content\" sandbox=\"allow-scripts\" security=\"restricted\" style=\"position: absolute; clip: rect(1px, 1px, 1px, 1px);\" title=\"&#8220;Stor optur: Christian Eriksen er m\u00e5nedens bedste i Inter&#8221; &#8212; Ace Football Danmark\" src=\"https:\/\/acefootball.com\/da\/fodboldnyheder\/stor-optur-christian-eriksen-er-maanedens-bedste-i-inter\/embed\/#?secret=oXmY30WDmH\" data-secret=\"oXmY30WDmH\" width=\"600\" height=\"338\" frameborder=\"0\" marginwidth=\"0\" marginheight=\"0\" scrolling=\"no\"><\/iframe>\n<\/div><\/figure>\n\n\n\n<p>Ogs\u00e5 udenfor banen ser den danske landsholdsstjerne ud til at f\u00f8le sig bedre til rette, i hvert fald hvis man sp\u00f8rger Inter-fansene, der har bem\u00e6rket en sjov detalje fra Inters omkl\u00e6dningsrum.<\/p>\n\n\n\n<p>Her har Eriksen nemlig en stor samling af fodt\u00f8j i forhold til sine medspillere, og det er nu blevet kommenteret p\u00e5 de sociale medier:<\/p>\n\n\n\n<ul><li>Hvor mange sko har Christian Eriksen lige?<\/li><li>L\u00e6g m\u00e6rke til m\u00e6ngden af Christian Eriksens sko<\/li><li>Godt klaret! Eriksen er den med flest sko<\/li><\/ul>\n\n\n\n<figure class=\"wp-block-embed is-type-rich is-provider-twitter wp-block-embed-twitter\"><div class=\"wp-block-embed__wrapper\">\n<blockquote class=\"twitter-tweet\" data-width=\"550\" data-dnt=\"true\"><p lang=\"da\" dir=\"ltr\">Ma quante scarpe ha Christian Eriksen? <a href=\"https:\/\/t.co\/K9uHMlNZg4\">pic.twitter.com\/K9uHMlNZg4<\/a><\/p>&mdash; Vale&#8230; o no? \u2728 (@Vtwenty4) <a href=\"https:\/\/twitter.com\/Vtwenty4\/status\/1366007115312205824?ref_src=twsrc%5Etfw\">February 28, 2021<\/a><\/blockquote><script async src=\"https:\/\/platform.twitter.com\/widgets.js\" charset=\"utf-8\"><\/script>\n<\/div><\/figure>\n\n\n\n<figure class=\"wp-block-embed is-type-rich is-provider-twitter wp-block-embed-twitter\"><div class=\"wp-block-embed__wrapper\">\n<blockquote class=\"twitter-tweet\" data-width=\"550\" data-dnt=\"true\"><p lang=\"it\" dir=\"ltr\">Notare la quantit\u00e0 di scarpe di Eriksen <a href=\"https:\/\/t.co\/6MsGtMsLsq\">pic.twitter.com\/6MsGtMsLsq<\/a><\/p>&mdash; Lady Eriksen in lutto per Newt \ud83c\udde9\ud83c\uddf0 \ud83c\udff4\udb40\udc67\udb40\udc62\udb40\udc65\udb40\udc6e\udb40\udc67\udb40\udc7f (@gxallavichx) <a href=\"https:\/\/twitter.com\/gxallavichx\/status\/1336738679436533760?ref_src=twsrc%5Etfw\">December 9, 2020<\/a><\/blockquote><script async src=\"https:\/\/platform.twitter.com\/widgets.js\" charset=\"utf-8\"><\/script>\n<\/div><\/figure>\n\n\n\n<figure class=\"wp-block-embed is-type-rich is-provider-twitter wp-block-embed-twitter\"><div class=\"wp-block-embed__wrapper\">\n<blockquote class=\"twitter-tweet\" data-width=\"550\" data-dnt=\"true\"><p lang=\"it\" dir=\"ltr\">Bravi!!! <a href=\"https:\/\/twitter.com\/hashtag\/Eriksen?src=hash&amp;ref_src=twsrc%5Etfw\">#Eriksen<\/a> &#8230;quello con pi\u00f9 scarpe!!!\u26ab\ud83d\udd35 <a href=\"https:\/\/t.co\/ybRnmLR1ZG\">pic.twitter.com\/ybRnmLR1ZG<\/a><\/p>&mdash; Magiogioh (@magiogioh) <a href=\"https:\/\/twitter.com\/magiogioh\/status\/1355632333316091907?ref_src=twsrc%5Etfw\">January 30, 2021<\/a><\/blockquote><script async src=\"https:\/\/platform.twitter.com\/widgets.js\" charset=\"utf-8\"><\/script>\n<\/div><\/figure>\n\n\n\n<p>Den danske midtbanespiller har faktisk sneget sig ind p\u00e5 en s\u00e6rdeles fornem liste, hvor han kun bliver overg\u00e5et af navne som Ronaldinho, Kak\u00e1 og Frank Lampard. Det kan du l\u00e6se mere om herunder:<\/p>\n\n\n\n<figure class=\"wp-block-embed is-type-wp-embed is-provider-ace-football-danmark wp-block-embed-ace-football-danmark\"><div class=\"wp-block-embed__wrapper\">\n<blockquote class=\"wp-embedded-content\" data-secret=\"1GO0qLuZtM\"><a href=\"https:\/\/acefootball.com\/da\/fodboldnyheder\/christian-eriksen-sniger-sig-med-paa-flot-rangliste\/\">Christian Eriksen sniger sig med p\u00e5 flot rangliste<\/a><\/blockquote><iframe class=\"wp-embedded-content\" sandbox=\"allow-scripts\" security=\"restricted\" style=\"position: absolute; clip: rect(1px, 1px, 1px, 1px);\" title=\"&#8220;Christian Eriksen sniger sig med p\u00e5 flot rangliste&#8221; &#8212; Ace Football Danmark\" src=\"https:\/\/acefootball.com\/da\/fodboldnyheder\/christian-eriksen-sniger-sig-med-paa-flot-rangliste\/embed\/#?secret=1GO0qLuZtM\" data-secret=\"1GO0qLuZtM\" width=\"600\" height=\"338\" frameborder=\"0\" marginwidth=\"0\" marginheight=\"0\" scrolling=\"no\"><\/iframe>\n<\/div><\/figure>\n","protected":false},"excerpt":{"rendered":"<p>Christian Eriksen g\u00e5r ikke ned p\u00e5 sit udstyr, hvilket flere Inter-fans har bem\u00e6rket. Is\u00e6r fodt\u00f8jet hat danskeren i den grad styr p\u00e5<\/p>\n","protected":false},"author":43,"featured_media":243715,"comment_status":"open","ping_status":"closed","sticky":false,"template":"","format":"standard","meta":{"om_disable_all_campaigns":false,"push_articles_ronaldo":{"active":false,"canonical":0,"publish":false},"force_updates":null},"categories":[2470],"tags":[478,692,8570],"enet_tags":{"player":["157723"],"team":["8238"],"sport_events":[]},"yoast_head":"<!-- This site is optimized with the Yoast SEO plugin v18.3 - https:\/\/yoast.com\/wordpress\/plugins\/seo\/ -->\n<title>Inter-fans g\u00f8r grin med Eriksen: Hvor mange skal han bruge?<\/title>\n<meta name=\"description\" content=\"Christian Eriksen g\u00e5r ikke ned p\u00e5 sit udstyr, hvilket flere Inter-fans har bem\u00e6rket. Is\u00e6r fodt\u00f8jet hat danskeren i den grad styr p\u00e5\" \/>\n<meta name=\"robots\" content=\"index, follow, max-snippet:-1, max-image-preview:large, max-video-preview:-1\" \/>\n<link rel=\"canonical\" href=\"https:\/\/acefootball.com\/da\/fodboldnyheder\/inter-fans-goer-grin-med-eriksen-hvor-mange-skal-han-bruge\/\" \/>\n<meta property=\"og:locale\" content=\"en_US\" \/>\n<meta property=\"og:type\" content=\"article\" \/>\n<meta property=\"og:title\" content=\"Inter-fans g\u00f8r grin med Eriksen: Hvor mange skal han bruge?\" \/>\n<meta property=\"og:description\" content=\"Christian Eriksen g\u00e5r ikke ned p\u00e5 sit udstyr, hvilket flere Inter-fans har bem\u00e6rket. Is\u00e6r fodt\u00f8jet hat danskeren i den grad styr p\u00e5\" \/>\n<meta property=\"og:url\" content=\"https:\/\/acefootball.com\/da\/fodboldnyheder\/inter-fans-goer-grin-med-eriksen-hvor-mange-skal-han-bruge\/\" \/>\n<meta property=\"og:site_name\" content=\"Ace Football Danmark\" \/>\n<meta property=\"article:publisher\" content=\"https:\/\/www.facebook.com\/acefootballdk\" \/>\n<meta property=\"article:published_time\" content=\"2021-03-03T10:21:16+00:00\" \/>\n<meta property=\"og:image\" content=\"https:\/\/acefootball.com\/da\/wp-content\/uploads\/sites\/2\/2021\/03\/Laes-mere-generel-98.jpg\" \/>\n\t<meta property=\"og:image:width\" content=\"1920\" \/>\n\t<meta property=\"og:image:height\" content=\"1008\" \/>\n\t<meta property=\"og:image:type\" content=\"image\/jpeg\" \/>\n<meta name=\"twitter:card\" content=\"summary_large_image\" \/>\n<meta name=\"twitter:label1\" content=\"Written by\" \/>\n\t<meta name=\"twitter:data1\" content=\"Mikki M\u00f8ller-Iversen\" \/>\n\t<meta name=\"twitter:label2\" content=\"Est. reading time\" \/>\n\t<meta name=\"twitter:data2\" content=\"1 minute\" \/>\n<script type=\"application\/ld+json\" class=\"yoast-schema-graph\">{\"@context\":\"https:\/\/schema.org\",\"@graph\":[{\"@type\":\"Organization\",\"@id\":\"https:\/\/acefootball.com\/da\/#organization\",\"name\":\"Ace Football\",\"url\":\"https:\/\/acefootball.com\/da\/\",\"sameAs\":[\"https:\/\/www.facebook.com\/acefootballdk\"],\"logo\":{\"@type\":\"ImageObject\",\"@id\":\"https:\/\/acefootball.com\/da\/#logo\",\"inLanguage\":\"en-US\",\"url\":\"https:\/\/acefootball.com\/da\/wp-content\/uploads\/sites\/2\/2020\/07\/Ace-Football-30-07-2020-2.png\",\"contentUrl\":\"https:\/\/acefootball.com\/da\/wp-content\/uploads\/sites\/2\/2020\/07\/Ace-Football-30-07-2020-2.png\",\"width\":1200,\"height\":600,\"caption\":\"Ace Football\"},\"image\":{\"@id\":\"https:\/\/acefootball.com\/da\/#logo\"}},{\"@type\":\"WebSite\",\"@id\":\"https:\/\/acefootball.com\/da\/#website\",\"url\":\"https:\/\/acefootball.com\/da\/\",\"name\":\"Ace Football Danmark\",\"description\":\"Nyheder, Spiltips &amp; Livescore\",\"publisher\":{\"@id\":\"https:\/\/acefootball.com\/da\/#organization\"},\"potentialAction\":[{\"@type\":\"SearchAction\",\"target\":{\"@type\":\"EntryPoint\",\"urlTemplate\":\"https:\/\/acefootball.com\/da\/?s={search_term_string}\"},\"query-input\":\"required name=search_term_string\"}],\"inLanguage\":\"en-US\"},{\"@type\":\"ImageObject\",\"@id\":\"https:\/\/acefootball.com\/da\/fodboldnyheder\/inter-fans-goer-grin-med-eriksen-hvor-mange-skal-han-bruge\/#primaryimage\",\"inLanguage\":\"en-US\",\"url\":\"https:\/\/acefootball.com\/da\/wp-content\/uploads\/sites\/2\/2021\/03\/Laes-mere-generel-98.jpg\",\"contentUrl\":\"https:\/\/acefootball.com\/da\/wp-content\/uploads\/sites\/2\/2021\/03\/Laes-mere-generel-98.jpg\",\"width\":1920,\"height\":1008},{\"@type\":\"WebPage\",\"@id\":\"https:\/\/acefootball.com\/da\/fodboldnyheder\/inter-fans-goer-grin-med-eriksen-hvor-mange-skal-han-bruge\/#webpage\",\"url\":\"https:\/\/acefootball.com\/da\/fodboldnyheder\/inter-fans-goer-grin-med-eriksen-hvor-mange-skal-han-bruge\/\",\"name\":\"Inter-fans g\u00f8r grin med Eriksen: Hvor mange skal han bruge?\",\"isPartOf\":{\"@id\":\"https:\/\/acefootball.com\/da\/#website\"},\"primaryImageOfPage\":{\"@id\":\"https:\/\/acefootball.com\/da\/fodboldnyheder\/inter-fans-goer-grin-med-eriksen-hvor-mange-skal-han-bruge\/#primaryimage\"},\"datePublished\":\"2021-03-03T10:21:16+00:00\",\"dateModified\":\"2021-03-03T10:21:16+00:00\",\"description\":\"Christian Eriksen g\u00e5r ikke ned p\u00e5 sit udstyr, hvilket flere Inter-fans har bem\u00e6rket. Is\u00e6r fodt\u00f8jet hat danskeren i den grad styr p\u00e5\",\"breadcrumb\":{\"@id\":\"https:\/\/acefootball.com\/da\/fodboldnyheder\/inter-fans-goer-grin-med-eriksen-hvor-mange-skal-han-bruge\/#breadcrumb\"},\"inLanguage\":\"en-US\",\"potentialAction\":[{\"@type\":\"ReadAction\",\"target\":[\"https:\/\/acefootball.com\/da\/fodboldnyheder\/inter-fans-goer-grin-med-eriksen-hvor-mange-skal-han-bruge\/\"]}]},{\"@type\":\"BreadcrumbList\",\"@id\":\"https:\/\/acefootball.com\/da\/fodboldnyheder\/inter-fans-goer-grin-med-eriksen-hvor-mange-skal-han-bruge\/#breadcrumb\",\"itemListElement\":[{\"@type\":\"ListItem\",\"position\":1,\"name\":\"Home\",\"item\":\"https:\/\/acefootball.com\/da\/\"},{\"@type\":\"ListItem\",\"position\":2,\"name\":\"Inter-fans g\u00f8r grin med Eriksen: Hvor mange skal han bruge?\"}]},{\"@type\":\"Article\",\"@id\":\"https:\/\/acefootball.com\/da\/fodboldnyheder\/inter-fans-goer-grin-med-eriksen-hvor-mange-skal-han-bruge\/#article\",\"isPartOf\":{\"@id\":\"https:\/\/acefootball.com\/da\/fodboldnyheder\/inter-fans-goer-grin-med-eriksen-hvor-mange-skal-han-bruge\/#webpage\"},\"author\":{\"@id\":\"https:\/\/acefootball.com\/da\/#\/schema\/person\/017c0abe4a8e92938220bf6c097dda93\"},\"headline\":\"Inter-fans g\u00f8r grin med Eriksen: Hvor mange skal han bruge?\",\"datePublished\":\"2021-03-03T10:21:16+00:00\",\"dateModified\":\"2021-03-03T10:21:16+00:00\",\"mainEntityOfPage\":{\"@id\":\"https:\/\/acefootball.com\/da\/fodboldnyheder\/inter-fans-goer-grin-med-eriksen-hvor-mange-skal-han-bruge\/#webpage\"},\"wordCount\":216,\"commentCount\":0,\"publisher\":{\"@id\":\"https:\/\/acefootball.com\/da\/#organization\"},\"image\":{\"@id\":\"https:\/\/acefootball.com\/da\/fodboldnyheder\/inter-fans-goer-grin-med-eriksen-hvor-mange-skal-han-bruge\/#primaryimage\"},\"thumbnailUrl\":\"https:\/\/acefootball.com\/da\/wp-content\/uploads\/sites\/2\/2020\/11\/GettyImages-1227741178-2.jpg\",\"keywords\":[\"Christian Eriksen\",\"Danmark\",\"Inter\"],\"articleSection\":[\"Offsite\"],\"inLanguage\":\"en-US\",\"potentialAction\":[{\"@type\":\"CommentAction\",\"name\":\"Comment\",\"target\":[\"https:\/\/acefootball.com\/da\/fodboldnyheder\/inter-fans-goer-grin-med-eriksen-hvor-mange-skal-han-bruge\/#respond\"]}]},{\"@type\":\"Person\",\"@id\":\"https:\/\/acefootball.com\/da\/#\/schema\/person\/017c0abe4a8e92938220bf6c097dda93\",\"name\":\"Mikki M\u00f8ller-Iversen\",\"image\":{\"@type\":\"ImageObject\",\"@id\":\"https:\/\/acefootball.com\/da\/#personlogo\",\"inLanguage\":\"en-US\",\"url\":\"https:\/\/secure.gravatar.com\/avatar\/e05b419e8b5ae5fcf516800181b96aa2?s=96&d=mm&r=g\",\"contentUrl\":\"https:\/\/secure.gravatar.com\/avatar\/e05b419e8b5ae5fcf516800181b96aa2?s=96&d=mm&r=g\",\"caption\":\"Mikki M\u00f8ller-Iversen\"},\"description\":\"Social Media Manager and writer at Ace Football. Main focus on Danish football and special stories.\",\"sameAs\":[\"https:\/\/www.linkedin.com\/in\/mikki-mller-iversen-26a3a689\/\"],\"url\":\"https:\/\/acefootball.com\/da\/fodboldnyheder\/author\/mmironaldo\/\"}]}<\/script>\n<!-- \/ Yoast SEO plugin. -->","yoast_head_json":{"title":"Inter-fans g\u00f8r grin med Eriksen: Hvor mange skal han bruge?","description":"Christian Eriksen g\u00e5r ikke ned p\u00e5 sit udstyr, hvilket flere Inter-fans har bem\u00e6rket. Is\u00e6r fodt\u00f8jet hat danskeren i den grad styr p\u00e5","robots":{"index":"index","follow":"follow","max-snippet":"max-snippet:-1","max-image-preview":"max-image-preview:large","max-video-preview":"max-video-preview:-1"},"canonical":"https:\/\/acefootball.com\/da\/fodboldnyheder\/inter-fans-goer-grin-med-eriksen-hvor-mange-skal-han-bruge\/","og_locale":"en_US","og_type":"article","og_title":"Inter-fans g\u00f8r grin med Eriksen: Hvor mange skal han bruge?","og_description":"Christian Eriksen g\u00e5r ikke ned p\u00e5 sit udstyr, hvilket flere Inter-fans har bem\u00e6rket. Is\u00e6r fodt\u00f8jet hat danskeren i den grad styr p\u00e5","og_url":"https:\/\/acefootball.com\/da\/fodboldnyheder\/inter-fans-goer-grin-med-eriksen-hvor-mange-skal-han-bruge\/","og_site_name":"Ace Football Danmark","article_publisher":"https:\/\/www.facebook.com\/acefootballdk","article_published_time":"2021-03-03T10:21:16+00:00","og_image":[{"width":1920,"height":1008,"url":"https:\/\/acefootball.com\/da\/wp-content\/uploads\/sites\/2\/2021\/03\/Laes-mere-generel-98.jpg","type":"image\/jpeg"}],"twitter_card":"summary_large_image","twitter_misc":{"Written by":"Mikki M\u00f8ller-Iversen","Est. reading time":"1 minute"},"schema":{"@context":"https:\/\/schema.org","@graph":[{"@type":"Organization","@id":"https:\/\/acefootball.com\/da\/#organization","name":"Ace Football","url":"https:\/\/acefootball.com\/da\/","sameAs":["https:\/\/www.facebook.com\/acefootballdk"],"logo":{"@type":"ImageObject","@id":"https:\/\/acefootball.com\/da\/#logo","inLanguage":"en-US","url":"https:\/\/acefootball.com\/da\/wp-content\/uploads\/sites\/2\/2020\/07\/Ace-Football-30-07-2020-2.png","contentUrl":"https:\/\/acefootball.com\/da\/wp-content\/uploads\/sites\/2\/2020\/07\/Ace-Football-30-07-2020-2.png","width":1200,"height":600,"caption":"Ace Football"},"image":{"@id":"https:\/\/acefootball.com\/da\/#logo"}},{"@type":"WebSite","@id":"https:\/\/acefootball.com\/da\/#website","url":"https:\/\/acefootball.com\/da\/","name":"Ace Football Danmark","description":"Nyheder, Spiltips &amp; Livescore","publisher":{"@id":"https:\/\/acefootball.com\/da\/#organization"},"potentialAction":[{"@type":"SearchAction","target":{"@type":"EntryPoint","urlTemplate":"https:\/\/acefootball.com\/da\/?s={search_term_string}"},"query-input":"required name=search_term_string"}],"inLanguage":"en-US"},{"@type":"ImageObject","@id":"https:\/\/acefootball.com\/da\/fodboldnyheder\/inter-fans-goer-grin-med-eriksen-hvor-mange-skal-han-bruge\/#primaryimage","inLanguage":"en-US","url":"https:\/\/acefootball.com\/da\/wp-content\/uploads\/sites\/2\/2021\/03\/Laes-mere-generel-98.jpg","contentUrl":"https:\/\/acefootball.com\/da\/wp-content\/uploads\/sites\/2\/2021\/03\/Laes-mere-generel-98.jpg","width":1920,"height":1008},{"@type":"WebPage","@id":"https:\/\/acefootball.com\/da\/fodboldnyheder\/inter-fans-goer-grin-med-eriksen-hvor-mange-skal-han-bruge\/#webpage","url":"https:\/\/acefootball.com\/da\/fodboldnyheder\/inter-fans-goer-grin-med-eriksen-hvor-mange-skal-han-bruge\/","name":"Inter-fans g\u00f8r grin med Eriksen: Hvor mange skal han bruge?","isPartOf":{"@id":"https:\/\/acefootball.com\/da\/#website"},"primaryImageOfPage":{"@id":"https:\/\/acefootball.com\/da\/fodboldnyheder\/inter-fans-goer-grin-med-eriksen-hvor-mange-skal-han-bruge\/#primaryimage"},"datePublished":"2021-03-03T10:21:16+00:00","dateModified":"2021-03-03T10:21:16+00:00","description":"Christian Eriksen g\u00e5r ikke ned p\u00e5 sit udstyr, hvilket flere Inter-fans har bem\u00e6rket. Is\u00e6r fodt\u00f8jet hat danskeren i den grad styr p\u00e5","breadcrumb":{"@id":"https:\/\/acefootball.com\/da\/fodboldnyheder\/inter-fans-goer-grin-med-eriksen-hvor-mange-skal-han-bruge\/#breadcrumb"},"inLanguage":"en-US","potentialAction":[{"@type":"ReadAction","target":["https:\/\/acefootball.com\/da\/fodboldnyheder\/inter-fans-goer-grin-med-eriksen-hvor-mange-skal-han-bruge\/"]}]},{"@type":"BreadcrumbList","@id":"https:\/\/acefootball.com\/da\/fodboldnyheder\/inter-fans-goer-grin-med-eriksen-hvor-mange-skal-han-bruge\/#breadcrumb","itemListElement":[{"@type":"ListItem","position":1,"name":"Home","item":"https:\/\/acefootball.com\/da\/"},{"@type":"ListItem","position":2,"name":"Inter-fans g\u00f8r grin med Eriksen: Hvor mange skal han bruge?"}]},{"@type":"Article","@id":"https:\/\/acefootball.com\/da\/fodboldnyheder\/inter-fans-goer-grin-med-eriksen-hvor-mange-skal-han-bruge\/#article","isPartOf":{"@id":"https:\/\/acefootball.com\/da\/fodboldnyheder\/inter-fans-goer-grin-med-eriksen-hvor-mange-skal-han-bruge\/#webpage"},"author":{"@id":"https:\/\/acefootball.com\/da\/#\/schema\/person\/017c0abe4a8e92938220bf6c097dda93"},"headline":"Inter-fans g\u00f8r grin med Eriksen: Hvor mange skal han bruge?","datePublished":"2021-03-03T10:21:16+00:00","dateModified":"2021-03-03T10:21:16+00:00","mainEntityOfPage":{"@id":"https:\/\/acefootball.com\/da\/fodboldnyheder\/inter-fans-goer-grin-med-eriksen-hvor-mange-skal-han-bruge\/#webpage"},"wordCount":216,"commentCount":0,"publisher":{"@id":"https:\/\/acefootball.com\/da\/#organization"},"image":{"@id":"https:\/\/acefootball.com\/da\/fodboldnyheder\/inter-fans-goer-grin-med-eriksen-hvor-mange-skal-han-bruge\/#primaryimage"},"thumbnailUrl":"https:\/\/acefootball.com\/da\/wp-content\/uploads\/sites\/2\/2020\/11\/GettyImages-1227741178-2.jpg","keywords":["Christian Eriksen","Danmark","Inter"],"articleSection":["Offsite"],"inLanguage":"en-US","potentialAction":[{"@type":"CommentAction","name":"Comment","target":["https:\/\/acefootball.com\/da\/fodboldnyheder\/inter-fans-goer-grin-med-eriksen-hvor-mange-skal-han-bruge\/#respond"]}]},{"@type":"Person","@id":"https:\/\/acefootball.com\/da\/#\/schema\/person\/017c0abe4a8e92938220bf6c097dda93","name":"Mikki M\u00f8ller-Iversen","image":{"@type":"ImageObject","@id":"https:\/\/acefootball.com\/da\/#personlogo","inLanguage":"en-US","url":"https:\/\/secure.gravatar.com\/avatar\/e05b419e8b5ae5fcf516800181b96aa2?s=96&d=mm&r=g","contentUrl":"https:\/\/secure.gravatar.com\/avatar\/e05b419e8b5ae5fcf516800181b96aa2?s=96&d=mm&r=g","caption":"Mikki M\u00f8ller-Iversen"},"description":"Social Media Manager and writer at Ace Football. Main focus on Danish football and special stories.","sameAs":["https:\/\/www.linkedin.com\/in\/mikki-mller-iversen-26a3a689\/"],"url":"https:\/\/acefootball.com\/da\/fodboldnyheder\/author\/mmironaldo\/"}]}},"fimg_url":"https:\/\/acefootball.com\/da\/wp-content\/uploads\/sites\/2\/2020\/11\/GettyImages-1227741178-2.jpg","_links":{"self":[{"href":"https:\/\/acefootball.com\/da\/wp-json\/wp\/v2\/posts\/253284"}],"collection":[{"href":"https:\/\/acefootball.com\/da\/wp-json\/wp\/v2\/posts"}],"about":[{"href":"https:\/\/acefootball.com\/da\/wp-json\/wp\/v2\/types\/post"}],"author":[{"embeddable":true,"href":"https:\/\/acefootball.com\/da\/wp-json\/wp\/v2\/users\/43"}],"replies":[{"embeddable":true,"href":"https:\/\/acefootball.com\/da\/wp-json\/wp\/v2\/comments?post=253284"}],"version-history":[{"count":0,"href":"https:\/\/acefootball.com\/da\/wp-json\/wp\/v2\/posts\/253284\/revisions"}],"wp:featuredmedia":[{"embeddable":true,"href":"https:\/\/acefootball.com\/da\/wp-json\/wp\/v2\/media\/243715"}],"wp:attachment":[{"href":"https:\/\/acefootball.com\/da\/wp-json\/wp\/v2\/media?parent=253284"}],"wp:term":[{"taxonomy":"category","embeddable":true,"href":"https:\/\/acefootball.com\/da\/wp-json\/wp\/v2\/categories?post=253284"},{"taxonomy":"post_tag","embeddable":true,"href":"https:\/\/acefootball.com\/da\/wp-json\/wp\/v2\/tags?post=253284"}],"curies":[{"name":"wp","href":"https:\/\/api.w.org\/{rel}","templated":true}]}}