{"id":253232,"date":"2021-03-02T12:09:08","date_gmt":"2021-03-02T11:09:08","guid":{"rendered":"https:\/\/acefootball.com\/da\/?p=253232"},"modified":"2021-03-02T12:11:12","modified_gmt":"2021-03-02T11:11:12","slug":"genoplivet-rygte-tvivl-om-ny-broendby-traeners-fck-exit","status":"publish","type":"post","link":"https:\/\/acefootball.com\/da\/fodboldnyheder\/genoplivet-rygte-tvivl-om-ny-broendby-traeners-fck-exit\/","title":{"rendered":"Genoplivet rygte: Tvivl om ny Br\u00f8ndby-tr\u00e6ners FCK-exit"},"content":{"rendered":"\n<h2 id=\"h-br-ndby-har-erstattet-deres-fysiske-tr-ner-ahron-thode-med-anders-storskov-der-sidste-sommer-blev-fyret-i-fc-k-benhavn\">Br\u00f8ndby har erstattet deres fysiske tr\u00e6ner, Ahron Thode, med Anders Storskov, der sidste sommer blev fyret i FC K\u00f8benhavn<\/h2>\n\n\n\n<p>Br\u00f8ndby IF meddelte for kort tid siden, at fysisk tr\u00e6ner Ahron Thode forlader klubben til april for at tage hjem til USA.<\/p>\n\n\n\n<p>I stedet har de bl\u00e5gule hentet Anders Storskov ind som konsulent til det fysiske team, p\u00e5 en aftale der l\u00f8ber for resten af s\u00e6sonen.<\/p>\n\n\n\n<p>50-\u00e5rige Anders Storskov har masser af erfaring i Superliga-regi fra en periode p\u00e5 20 \u00e5r som fysisk tr\u00e6ner i FC K\u00f8benhavn &#8211; en stilling han blev fritaget for i sommer.<\/p>\n\n\n\n<p>Forklaringen fra FC K\u00f8benhavn var, at man omrokerede i sundhedssektoren og derigennem fandt en anden profil til Storskovs arbejdsomr\u00e5der.<\/p>\n\n\n\n<figure class=\"wp-block-embed is-type-wp-embed is-provider-ace-football-danmark wp-block-embed-ace-football-danmark\"><div class=\"wp-block-embed__wrapper\">\n<blockquote class=\"wp-embedded-content\" data-secret=\"hMXUzzEdGS\"><a href=\"https:\/\/acefootball.com\/da\/fodboldnyheder\/broendby-traener-siger-farvel-det-har-vaeret-en-livsstil\/\">Br\u00f8ndby-tr\u00e6ner siger farvel: Henter afl\u00f8ser med FCK-fortid<\/a><\/blockquote><iframe class=\"wp-embedded-content\" sandbox=\"allow-scripts\" security=\"restricted\" style=\"position: absolute; clip: rect(1px, 1px, 1px, 1px);\" title=\"&#8220;Br\u00f8ndby-tr\u00e6ner siger farvel: Henter afl\u00f8ser med FCK-fortid&#8221; &#8212; Ace Football Danmark\" src=\"https:\/\/acefootball.com\/da\/fodboldnyheder\/broendby-traener-siger-farvel-det-har-vaeret-en-livsstil\/embed\/#?secret=hMXUzzEdGS\" data-secret=\"hMXUzzEdGS\" width=\"600\" height=\"338\" frameborder=\"0\" marginwidth=\"0\" marginheight=\"0\" scrolling=\"no\"><\/iframe>\n<\/div><\/figure>\n\n\n\n<p>P\u00e5 dav\u00e6rende tidspunkt var der dog snak i medierne om, at \u00e5rsagen i stedet l\u00e5 i de mange langvarige skader, klubben k\u00e6mpede med i sidste s\u00e6son.<\/p>\n\n\n\n<p>Profiler som Dame N&#8217;Doye, Jonas Wind, Nicolai Boilesen og Viktor Fischer var alle ude i store perioder af 2019\/20-s\u00e6sonen, hvilket har v\u00e6ret betegnet som en af forklaringerne p\u00e5, at man ikke kunne f\u00f8lge med FC Midtjylland i titelr\u00e6set.<\/p>\n\n\n\n<p>Tvivlen om den egentlige grund til opsigelsen i FC K\u00f8benhavn er nu blomstret en smule op igen p\u00e5 Twitter efter Storskovs ans\u00e6ttelse i Br\u00f8ndby.<\/p>\n\n\n\n<p>En spiller, Anders Storskov skal hj\u00e6lpe tilbage i kampform, er Blas Riveros, der g\u00f8r fremskridt efter sin alvorlige kn\u00e6skade:<\/p>\n\n\n\n<figure class=\"wp-block-embed is-type-wp-embed is-provider-ace-football-danmark wp-block-embed-ace-football-danmark\"><div class=\"wp-block-embed__wrapper\">\n<blockquote class=\"wp-embedded-content\" data-secret=\"pquIIAejD3\"><a href=\"https:\/\/acefootball.com\/da\/fodboldnyheder\/broendby-fans-i-ekstase-over-riveros-video-hvor-er-det-vildt\/\">Br\u00f8ndby-fans i ekstase over Riveros-video: Hvor er det vildt!<\/a><\/blockquote><iframe class=\"wp-embedded-content\" sandbox=\"allow-scripts\" security=\"restricted\" style=\"position: absolute; clip: rect(1px, 1px, 1px, 1px);\" title=\"&#8220;Br\u00f8ndby-fans i ekstase over Riveros-video: Hvor er det vildt!&#8221; &#8212; Ace Football Danmark\" src=\"https:\/\/acefootball.com\/da\/fodboldnyheder\/broendby-fans-i-ekstase-over-riveros-video-hvor-er-det-vildt\/embed\/#?secret=pquIIAejD3\" data-secret=\"pquIIAejD3\" width=\"600\" height=\"338\" frameborder=\"0\" marginwidth=\"0\" marginheight=\"0\" scrolling=\"no\"><\/iframe>\n<\/div><\/figure>\n","protected":false},"excerpt":{"rendered":"<p>Br\u00f8ndby har erstattet deres fysiske tr\u00e6ner, Ahron Thode, med Anders Storskov, der sidste sommer blev fyret i FC K\u00f8benhavn<\/p>\n","protected":false},"author":705,"featured_media":253233,"comment_status":"open","ping_status":"closed","sticky":false,"template":"","format":"standard","meta":{"om_disable_all_campaigns":false,"push_articles_ronaldo":{"active":false,"canonical":0,"publish":false},"force_updates":null},"categories":[2470],"tags":[53,16,588],"enet_tags":{"team":["8595","8391"],"league":["46"],"sport_events":[]},"yoast_head":"<!-- This site is optimized with the Yoast SEO plugin v18.3 - https:\/\/yoast.com\/wordpress\/plugins\/seo\/ -->\n<title>Genoplivet rygte: Tvivl om ny Br\u00f8ndby-tr\u00e6ners FCK-exit<\/title>\n<meta name=\"description\" content=\"Br\u00f8ndby har erstattet deres fysiske tr\u00e6ner, Ahron Thode, med Anders Storskov, der sidste sommer blev fyret i FC K\u00f8benhavn\" \/>\n<meta name=\"robots\" content=\"index, follow, max-snippet:-1, max-image-preview:large, max-video-preview:-1\" \/>\n<link rel=\"canonical\" href=\"https:\/\/acefootball.com\/da\/fodboldnyheder\/genoplivet-rygte-tvivl-om-ny-broendby-traeners-fck-exit\/\" \/>\n<meta property=\"og:locale\" content=\"en_US\" \/>\n<meta property=\"og:type\" content=\"article\" \/>\n<meta property=\"og:title\" content=\"Genoplivet rygte: Tvivl om ny Br\u00f8ndby-tr\u00e6ners FCK-exit\" \/>\n<meta property=\"og:description\" content=\"Br\u00f8ndby har erstattet deres fysiske tr\u00e6ner, Ahron Thode, med Anders Storskov, der sidste sommer blev fyret i FC K\u00f8benhavn\" \/>\n<meta property=\"og:url\" content=\"https:\/\/acefootball.com\/da\/fodboldnyheder\/genoplivet-rygte-tvivl-om-ny-broendby-traeners-fck-exit\/\" \/>\n<meta property=\"og:site_name\" content=\"Ace Football Danmark\" \/>\n<meta property=\"article:publisher\" content=\"https:\/\/www.facebook.com\/acefootballdk\" \/>\n<meta property=\"article:published_time\" content=\"2021-03-02T11:09:08+00:00\" \/>\n<meta property=\"article:modified_time\" content=\"2021-03-02T11:11:12+00:00\" \/>\n<meta property=\"og:image\" content=\"https:\/\/acefootball.com\/da\/wp-content\/uploads\/sites\/2\/2021\/03\/Laes-mere-generel-50.jpg\" \/>\n\t<meta property=\"og:image:width\" content=\"1920\" \/>\n\t<meta property=\"og:image:height\" content=\"1008\" \/>\n\t<meta property=\"og:image:type\" content=\"image\/jpeg\" \/>\n<meta name=\"twitter:card\" content=\"summary_large_image\" \/>\n<meta name=\"twitter:label1\" content=\"Written by\" \/>\n\t<meta name=\"twitter:data1\" content=\"Mads Dreyer\" \/>\n\t<meta name=\"twitter:label2\" content=\"Est. reading time\" \/>\n\t<meta name=\"twitter:data2\" content=\"1 minute\" \/>\n<script type=\"application\/ld+json\" class=\"yoast-schema-graph\">{\"@context\":\"https:\/\/schema.org\",\"@graph\":[{\"@type\":\"Organization\",\"@id\":\"https:\/\/acefootball.com\/da\/#organization\",\"name\":\"Ace Football\",\"url\":\"https:\/\/acefootball.com\/da\/\",\"sameAs\":[\"https:\/\/www.facebook.com\/acefootballdk\"],\"logo\":{\"@type\":\"ImageObject\",\"@id\":\"https:\/\/acefootball.com\/da\/#logo\",\"inLanguage\":\"en-US\",\"url\":\"https:\/\/acefootball.com\/da\/wp-content\/uploads\/sites\/2\/2020\/07\/Ace-Football-30-07-2020-2.png\",\"contentUrl\":\"https:\/\/acefootball.com\/da\/wp-content\/uploads\/sites\/2\/2020\/07\/Ace-Football-30-07-2020-2.png\",\"width\":1200,\"height\":600,\"caption\":\"Ace Football\"},\"image\":{\"@id\":\"https:\/\/acefootball.com\/da\/#logo\"}},{\"@type\":\"WebSite\",\"@id\":\"https:\/\/acefootball.com\/da\/#website\",\"url\":\"https:\/\/acefootball.com\/da\/\",\"name\":\"Ace Football Danmark\",\"description\":\"Nyheder, Spiltips &amp; Livescore\",\"publisher\":{\"@id\":\"https:\/\/acefootball.com\/da\/#organization\"},\"potentialAction\":[{\"@type\":\"SearchAction\",\"target\":{\"@type\":\"EntryPoint\",\"urlTemplate\":\"https:\/\/acefootball.com\/da\/?s={search_term_string}\"},\"query-input\":\"required name=search_term_string\"}],\"inLanguage\":\"en-US\"},{\"@type\":\"ImageObject\",\"@id\":\"https:\/\/acefootball.com\/da\/fodboldnyheder\/genoplivet-rygte-tvivl-om-ny-broendby-traeners-fck-exit\/#primaryimage\",\"inLanguage\":\"en-US\",\"url\":\"https:\/\/acefootball.com\/da\/wp-content\/uploads\/sites\/2\/2021\/03\/Laes-mere-generel-50.jpg\",\"contentUrl\":\"https:\/\/acefootball.com\/da\/wp-content\/uploads\/sites\/2\/2021\/03\/Laes-mere-generel-50.jpg\",\"width\":1920,\"height\":1008,\"caption\":\"storskov\"},{\"@type\":\"WebPage\",\"@id\":\"https:\/\/acefootball.com\/da\/fodboldnyheder\/genoplivet-rygte-tvivl-om-ny-broendby-traeners-fck-exit\/#webpage\",\"url\":\"https:\/\/acefootball.com\/da\/fodboldnyheder\/genoplivet-rygte-tvivl-om-ny-broendby-traeners-fck-exit\/\",\"name\":\"Genoplivet rygte: Tvivl om ny Br\u00f8ndby-tr\u00e6ners FCK-exit\",\"isPartOf\":{\"@id\":\"https:\/\/acefootball.com\/da\/#website\"},\"primaryImageOfPage\":{\"@id\":\"https:\/\/acefootball.com\/da\/fodboldnyheder\/genoplivet-rygte-tvivl-om-ny-broendby-traeners-fck-exit\/#primaryimage\"},\"datePublished\":\"2021-03-02T11:09:08+00:00\",\"dateModified\":\"2021-03-02T11:11:12+00:00\",\"description\":\"Br\u00f8ndby har erstattet deres fysiske tr\u00e6ner, Ahron Thode, med Anders Storskov, der sidste sommer blev fyret i FC K\u00f8benhavn\",\"breadcrumb\":{\"@id\":\"https:\/\/acefootball.com\/da\/fodboldnyheder\/genoplivet-rygte-tvivl-om-ny-broendby-traeners-fck-exit\/#breadcrumb\"},\"inLanguage\":\"en-US\",\"potentialAction\":[{\"@type\":\"ReadAction\",\"target\":[\"https:\/\/acefootball.com\/da\/fodboldnyheder\/genoplivet-rygte-tvivl-om-ny-broendby-traeners-fck-exit\/\"]}]},{\"@type\":\"BreadcrumbList\",\"@id\":\"https:\/\/acefootball.com\/da\/fodboldnyheder\/genoplivet-rygte-tvivl-om-ny-broendby-traeners-fck-exit\/#breadcrumb\",\"itemListElement\":[{\"@type\":\"ListItem\",\"position\":1,\"name\":\"Home\",\"item\":\"https:\/\/acefootball.com\/da\/\"},{\"@type\":\"ListItem\",\"position\":2,\"name\":\"Genoplivet rygte: Tvivl om ny Br\u00f8ndby-tr\u00e6ners FCK-exit\"}]},{\"@type\":\"Article\",\"@id\":\"https:\/\/acefootball.com\/da\/fodboldnyheder\/genoplivet-rygte-tvivl-om-ny-broendby-traeners-fck-exit\/#article\",\"isPartOf\":{\"@id\":\"https:\/\/acefootball.com\/da\/fodboldnyheder\/genoplivet-rygte-tvivl-om-ny-broendby-traeners-fck-exit\/#webpage\"},\"author\":{\"@id\":\"https:\/\/acefootball.com\/da\/#\/schema\/person\/ee67e9cf04a276f144100ffa722f10cd\"},\"headline\":\"Genoplivet rygte: Tvivl om ny Br\u00f8ndby-tr\u00e6ners FCK-exit\",\"datePublished\":\"2021-03-02T11:09:08+00:00\",\"dateModified\":\"2021-03-02T11:11:12+00:00\",\"mainEntityOfPage\":{\"@id\":\"https:\/\/acefootball.com\/da\/fodboldnyheder\/genoplivet-rygte-tvivl-om-ny-broendby-traeners-fck-exit\/#webpage\"},\"wordCount\":267,\"commentCount\":0,\"publisher\":{\"@id\":\"https:\/\/acefootball.com\/da\/#organization\"},\"image\":{\"@id\":\"https:\/\/acefootball.com\/da\/fodboldnyheder\/genoplivet-rygte-tvivl-om-ny-broendby-traeners-fck-exit\/#primaryimage\"},\"thumbnailUrl\":\"https:\/\/acefootball.com\/da\/wp-content\/uploads\/sites\/2\/2021\/03\/GettyImages-952172660.jpg\",\"keywords\":[\"Br\u00f8ndby IF\",\"FC K\u00f8benhavn\",\"Superligaen\"],\"articleSection\":[\"Offsite\"],\"inLanguage\":\"en-US\",\"potentialAction\":[{\"@type\":\"CommentAction\",\"name\":\"Comment\",\"target\":[\"https:\/\/acefootball.com\/da\/fodboldnyheder\/genoplivet-rygte-tvivl-om-ny-broendby-traeners-fck-exit\/#respond\"]}]},{\"@type\":\"Person\",\"@id\":\"https:\/\/acefootball.com\/da\/#\/schema\/person\/ee67e9cf04a276f144100ffa722f10cd\",\"name\":\"Mads Dreyer\",\"image\":{\"@type\":\"ImageObject\",\"@id\":\"https:\/\/acefootball.com\/da\/#personlogo\",\"inLanguage\":\"en-US\",\"url\":\"https:\/\/secure.gravatar.com\/avatar\/7c7abf72cfde9902b6a60efe60c88d4c?s=96&d=mm&r=g\",\"contentUrl\":\"https:\/\/secure.gravatar.com\/avatar\/7c7abf72cfde9902b6a60efe60c88d4c?s=96&d=mm&r=g\",\"caption\":\"Mads Dreyer\"},\"description\":\"Skribent og fodboldn\u00f8rd, der lige nu fort\u00e6ller om alt og intet i fodboldverdenen p\u00e5 acefootball.com. Uddannet i kommunikation fra Aalborg Universitet.\",\"sameAs\":[\"https:\/\/www.linkedin.com\/in\/mads-dreyer-b9b08266\/\"],\"url\":\"https:\/\/acefootball.com\/da\/fodboldnyheder\/author\/mdnronaldo\/\"}]}<\/script>\n<!-- \/ Yoast SEO plugin. -->","yoast_head_json":{"title":"Genoplivet rygte: Tvivl om ny Br\u00f8ndby-tr\u00e6ners FCK-exit","description":"Br\u00f8ndby har erstattet deres fysiske tr\u00e6ner, Ahron Thode, med Anders Storskov, der sidste sommer blev fyret i FC K\u00f8benhavn","robots":{"index":"index","follow":"follow","max-snippet":"max-snippet:-1","max-image-preview":"max-image-preview:large","max-video-preview":"max-video-preview:-1"},"canonical":"https:\/\/acefootball.com\/da\/fodboldnyheder\/genoplivet-rygte-tvivl-om-ny-broendby-traeners-fck-exit\/","og_locale":"en_US","og_type":"article","og_title":"Genoplivet rygte: Tvivl om ny Br\u00f8ndby-tr\u00e6ners FCK-exit","og_description":"Br\u00f8ndby har erstattet deres fysiske tr\u00e6ner, Ahron Thode, med Anders Storskov, der sidste sommer blev fyret i FC K\u00f8benhavn","og_url":"https:\/\/acefootball.com\/da\/fodboldnyheder\/genoplivet-rygte-tvivl-om-ny-broendby-traeners-fck-exit\/","og_site_name":"Ace Football Danmark","article_publisher":"https:\/\/www.facebook.com\/acefootballdk","article_published_time":"2021-03-02T11:09:08+00:00","article_modified_time":"2021-03-02T11:11:12+00:00","og_image":[{"width":1920,"height":1008,"url":"https:\/\/acefootball.com\/da\/wp-content\/uploads\/sites\/2\/2021\/03\/Laes-mere-generel-50.jpg","type":"image\/jpeg"}],"twitter_card":"summary_large_image","twitter_misc":{"Written by":"Mads Dreyer","Est. reading time":"1 minute"},"schema":{"@context":"https:\/\/schema.org","@graph":[{"@type":"Organization","@id":"https:\/\/acefootball.com\/da\/#organization","name":"Ace Football","url":"https:\/\/acefootball.com\/da\/","sameAs":["https:\/\/www.facebook.com\/acefootballdk"],"logo":{"@type":"ImageObject","@id":"https:\/\/acefootball.com\/da\/#logo","inLanguage":"en-US","url":"https:\/\/acefootball.com\/da\/wp-content\/uploads\/sites\/2\/2020\/07\/Ace-Football-30-07-2020-2.png","contentUrl":"https:\/\/acefootball.com\/da\/wp-content\/uploads\/sites\/2\/2020\/07\/Ace-Football-30-07-2020-2.png","width":1200,"height":600,"caption":"Ace Football"},"image":{"@id":"https:\/\/acefootball.com\/da\/#logo"}},{"@type":"WebSite","@id":"https:\/\/acefootball.com\/da\/#website","url":"https:\/\/acefootball.com\/da\/","name":"Ace Football Danmark","description":"Nyheder, Spiltips &amp; Livescore","publisher":{"@id":"https:\/\/acefootball.com\/da\/#organization"},"potentialAction":[{"@type":"SearchAction","target":{"@type":"EntryPoint","urlTemplate":"https:\/\/acefootball.com\/da\/?s={search_term_string}"},"query-input":"required name=search_term_string"}],"inLanguage":"en-US"},{"@type":"ImageObject","@id":"https:\/\/acefootball.com\/da\/fodboldnyheder\/genoplivet-rygte-tvivl-om-ny-broendby-traeners-fck-exit\/#primaryimage","inLanguage":"en-US","url":"https:\/\/acefootball.com\/da\/wp-content\/uploads\/sites\/2\/2021\/03\/Laes-mere-generel-50.jpg","contentUrl":"https:\/\/acefootball.com\/da\/wp-content\/uploads\/sites\/2\/2021\/03\/Laes-mere-generel-50.jpg","width":1920,"height":1008,"caption":"storskov"},{"@type":"WebPage","@id":"https:\/\/acefootball.com\/da\/fodboldnyheder\/genoplivet-rygte-tvivl-om-ny-broendby-traeners-fck-exit\/#webpage","url":"https:\/\/acefootball.com\/da\/fodboldnyheder\/genoplivet-rygte-tvivl-om-ny-broendby-traeners-fck-exit\/","name":"Genoplivet rygte: Tvivl om ny Br\u00f8ndby-tr\u00e6ners FCK-exit","isPartOf":{"@id":"https:\/\/acefootball.com\/da\/#website"},"primaryImageOfPage":{"@id":"https:\/\/acefootball.com\/da\/fodboldnyheder\/genoplivet-rygte-tvivl-om-ny-broendby-traeners-fck-exit\/#primaryimage"},"datePublished":"2021-03-02T11:09:08+00:00","dateModified":"2021-03-02T11:11:12+00:00","description":"Br\u00f8ndby har erstattet deres fysiske tr\u00e6ner, Ahron Thode, med Anders Storskov, der sidste sommer blev fyret i FC K\u00f8benhavn","breadcrumb":{"@id":"https:\/\/acefootball.com\/da\/fodboldnyheder\/genoplivet-rygte-tvivl-om-ny-broendby-traeners-fck-exit\/#breadcrumb"},"inLanguage":"en-US","potentialAction":[{"@type":"ReadAction","target":["https:\/\/acefootball.com\/da\/fodboldnyheder\/genoplivet-rygte-tvivl-om-ny-broendby-traeners-fck-exit\/"]}]},{"@type":"BreadcrumbList","@id":"https:\/\/acefootball.com\/da\/fodboldnyheder\/genoplivet-rygte-tvivl-om-ny-broendby-traeners-fck-exit\/#breadcrumb","itemListElement":[{"@type":"ListItem","position":1,"name":"Home","item":"https:\/\/acefootball.com\/da\/"},{"@type":"ListItem","position":2,"name":"Genoplivet rygte: Tvivl om ny Br\u00f8ndby-tr\u00e6ners FCK-exit"}]},{"@type":"Article","@id":"https:\/\/acefootball.com\/da\/fodboldnyheder\/genoplivet-rygte-tvivl-om-ny-broendby-traeners-fck-exit\/#article","isPartOf":{"@id":"https:\/\/acefootball.com\/da\/fodboldnyheder\/genoplivet-rygte-tvivl-om-ny-broendby-traeners-fck-exit\/#webpage"},"author":{"@id":"https:\/\/acefootball.com\/da\/#\/schema\/person\/ee67e9cf04a276f144100ffa722f10cd"},"headline":"Genoplivet rygte: Tvivl om ny Br\u00f8ndby-tr\u00e6ners FCK-exit","datePublished":"2021-03-02T11:09:08+00:00","dateModified":"2021-03-02T11:11:12+00:00","mainEntityOfPage":{"@id":"https:\/\/acefootball.com\/da\/fodboldnyheder\/genoplivet-rygte-tvivl-om-ny-broendby-traeners-fck-exit\/#webpage"},"wordCount":267,"commentCount":0,"publisher":{"@id":"https:\/\/acefootball.com\/da\/#organization"},"image":{"@id":"https:\/\/acefootball.com\/da\/fodboldnyheder\/genoplivet-rygte-tvivl-om-ny-broendby-traeners-fck-exit\/#primaryimage"},"thumbnailUrl":"https:\/\/acefootball.com\/da\/wp-content\/uploads\/sites\/2\/2021\/03\/GettyImages-952172660.jpg","keywords":["Br\u00f8ndby IF","FC K\u00f8benhavn","Superligaen"],"articleSection":["Offsite"],"inLanguage":"en-US","potentialAction":[{"@type":"CommentAction","name":"Comment","target":["https:\/\/acefootball.com\/da\/fodboldnyheder\/genoplivet-rygte-tvivl-om-ny-broendby-traeners-fck-exit\/#respond"]}]},{"@type":"Person","@id":"https:\/\/acefootball.com\/da\/#\/schema\/person\/ee67e9cf04a276f144100ffa722f10cd","name":"Mads Dreyer","image":{"@type":"ImageObject","@id":"https:\/\/acefootball.com\/da\/#personlogo","inLanguage":"en-US","url":"https:\/\/secure.gravatar.com\/avatar\/7c7abf72cfde9902b6a60efe60c88d4c?s=96&d=mm&r=g","contentUrl":"https:\/\/secure.gravatar.com\/avatar\/7c7abf72cfde9902b6a60efe60c88d4c?s=96&d=mm&r=g","caption":"Mads Dreyer"},"description":"Skribent og fodboldn\u00f8rd, der lige nu fort\u00e6ller om alt og intet i fodboldverdenen p\u00e5 acefootball.com. Uddannet i kommunikation fra Aalborg Universitet.","sameAs":["https:\/\/www.linkedin.com\/in\/mads-dreyer-b9b08266\/"],"url":"https:\/\/acefootball.com\/da\/fodboldnyheder\/author\/mdnronaldo\/"}]}},"fimg_url":"https:\/\/acefootball.com\/da\/wp-content\/uploads\/sites\/2\/2021\/03\/GettyImages-952172660.jpg","_links":{"self":[{"href":"https:\/\/acefootball.com\/da\/wp-json\/wp\/v2\/posts\/253232"}],"collection":[{"href":"https:\/\/acefootball.com\/da\/wp-json\/wp\/v2\/posts"}],"about":[{"href":"https:\/\/acefootball.com\/da\/wp-json\/wp\/v2\/types\/post"}],"author":[{"embeddable":true,"href":"https:\/\/acefootball.com\/da\/wp-json\/wp\/v2\/users\/705"}],"replies":[{"embeddable":true,"href":"https:\/\/acefootball.com\/da\/wp-json\/wp\/v2\/comments?post=253232"}],"version-history":[{"count":0,"href":"https:\/\/acefootball.com\/da\/wp-json\/wp\/v2\/posts\/253232\/revisions"}],"wp:featuredmedia":[{"embeddable":true,"href":"https:\/\/acefootball.com\/da\/wp-json\/wp\/v2\/media\/253233"}],"wp:attachment":[{"href":"https:\/\/acefootball.com\/da\/wp-json\/wp\/v2\/media?parent=253232"}],"wp:term":[{"taxonomy":"category","embeddable":true,"href":"https:\/\/acefootball.com\/da\/wp-json\/wp\/v2\/categories?post=253232"},{"taxonomy":"post_tag","embeddable":true,"href":"https:\/\/acefootball.com\/da\/wp-json\/wp\/v2\/tags?post=253232"}],"curies":[{"name":"wp","href":"https:\/\/api.w.org\/{rel}","templated":true}]}}