{"id":253217,"date":"2021-03-02T10:54:31","date_gmt":"2021-03-02T09:54:31","guid":{"rendered":"https:\/\/acefootball.com\/da\/?p=253217"},"modified":"2021-03-02T10:56:23","modified_gmt":"2021-03-02T09:56:23","slug":"broendby-traener-siger-farvel-det-har-vaeret-en-livsstil","status":"publish","type":"post","link":"https:\/\/acefootball.com\/da\/fodboldnyheder\/broendby-traener-siger-farvel-det-har-vaeret-en-livsstil\/","title":{"rendered":"Br\u00f8ndby-tr\u00e6ner siger farvel: Henter afl\u00f8ser med FCK-fortid"},"content":{"rendered":"\n<h2 id=\"h-br-ndbys-fysiske-tr-ner-ahron-thode-stopper-efter-ti-r-i-klubben-da-muligheden-har-budt-sig-for-at-tage-hjem-til-usa\">Br\u00f8ndbys fysiske tr\u00e6ner, Ahron Thode, stopper efter ti \u00e5r i klubben, da muligheden har budt sig for at tage hjem til USA<\/h2>\n\n\n\n<p>Br\u00f8ndby IF skal p\u00e5 udkig efter en ny fysisk tr\u00e6ner, da Ahron Thode stopper i klubben til april.<\/p>\n\n\n\n<p>Den 38-\u00e5rige amerikaner har f\u00e5et job i hjembyen i USA, og det er en mulighed, han ikke kunne sige nej til, selvom det har v\u00e6ret gode ti \u00e5r p\u00e5 vestegnen.<\/p>\n\n\n\n<p>&#8220;Jeg er taknemmelig for alt hvad denne klub og Danmark har givet mig. At v\u00e6re i Br\u00f8ndby IF er ikke et arbejde, men det har v\u00e6ret en livsstil for mig, og samh\u00f8righeden i klubben er noget unikt. Min familie og jeg har f\u00e5et en mulighed for at vende hjem til min hjemby i USA til et sp\u00e6ndende job og den oplevelse vil vi gerne forf\u00f8lge selvom det har v\u00e6ret en utrolig sv\u00e6r beslutning og meget h\u00e5rdt at sige farvel til klubben,&#8221; udtaler Thode til Br\u00f8ndbys <a href=\"https:\/\/brondby.com\/nyhed\/2021\/03\/02\/farvel-til-ahron-thode\" target=\"_blank\" rel=\"noreferrer noopener\">hjemmeside<\/a>.<\/p>\n\n\n\n<p>Afl\u00f8seren bliver Anders Storskov, der bliver tilknyttet som konsulent for resten af s\u00e6sonen. Han forlod i sommer en lignende stilling i FC k\u00f8benhavn.<\/p>\n\n\n\n<p>Der er gode r\u00e5de til sommerens transfermarked i Br\u00f8ndby, der formentlig skal p\u00e5 udkig efter en midterforsvarer:<\/p>\n\n\n\n<figure class=\"wp-block-embed is-type-wp-embed is-provider-ace-football-danmark wp-block-embed-ace-football-danmark\"><div class=\"wp-block-embed__wrapper\">\n<blockquote class=\"wp-embedded-content\" data-secret=\"xTOKgPoUMf\"><a href=\"https:\/\/acefootball.com\/da\/fodboldnyheder\/ekspert-med-raad-til-broendby-hent-denne-superliga-profil\/\">Ekspert med r\u00e5d til Br\u00f8ndby: Hent denne Superliga-profil<\/a><\/blockquote><iframe class=\"wp-embedded-content\" sandbox=\"allow-scripts\" security=\"restricted\" style=\"position: absolute; clip: rect(1px, 1px, 1px, 1px);\" title=\"&#8220;Ekspert med r\u00e5d til Br\u00f8ndby: Hent denne Superliga-profil&#8221; &#8212; Ace Football Danmark\" src=\"https:\/\/acefootball.com\/da\/fodboldnyheder\/ekspert-med-raad-til-broendby-hent-denne-superliga-profil\/embed\/#?secret=xTOKgPoUMf\" data-secret=\"xTOKgPoUMf\" width=\"600\" height=\"338\" frameborder=\"0\" marginwidth=\"0\" marginheight=\"0\" scrolling=\"no\"><\/iframe>\n<\/div><\/figure>\n","protected":false},"excerpt":{"rendered":"<p>Br\u00f8ndbys fysiske tr\u00e6ner, Ahron Thode, stopper efter ti \u00e5r i klubben, da muligheden har budt sig for at tage hjem til USA<\/p>\n","protected":false},"author":705,"featured_media":253223,"comment_status":"open","ping_status":"closed","sticky":false,"template":"","format":"standard","meta":{"om_disable_all_campaigns":false,"push_articles_ronaldo":{"active":false,"canonical":0,"publish":false},"force_updates":null},"categories":[1],"tags":[53,588],"enet_tags":{"team":["8595"],"league":["46"],"sport_events":[]},"yoast_head":"<!-- This site is optimized with the Yoast SEO plugin v18.3 - https:\/\/yoast.com\/wordpress\/plugins\/seo\/ -->\n<title>Br\u00f8ndby-tr\u00e6ner siger farvel: Henter afl\u00f8ser med FCK-fortid<\/title>\n<meta name=\"description\" content=\"Br\u00f8ndbys fysiske tr\u00e6ner, Ahron Thode, stopper efter ti \u00e5r i klubben, da muligheden har budt sig for at tage hjem til USA\" \/>\n<meta name=\"robots\" content=\"index, follow, max-snippet:-1, max-image-preview:large, max-video-preview:-1\" \/>\n<link rel=\"canonical\" href=\"https:\/\/acefootball.com\/da\/fodboldnyheder\/broendby-traener-siger-farvel-det-har-vaeret-en-livsstil\/\" \/>\n<meta property=\"og:locale\" content=\"en_US\" \/>\n<meta property=\"og:type\" content=\"article\" \/>\n<meta property=\"og:title\" content=\"Br\u00f8ndby-tr\u00e6ner siger farvel: Henter afl\u00f8ser med FCK-fortid\" \/>\n<meta property=\"og:description\" content=\"Br\u00f8ndbys fysiske tr\u00e6ner, Ahron Thode, stopper efter ti \u00e5r i klubben, da muligheden har budt sig for at tage hjem til USA\" \/>\n<meta property=\"og:url\" content=\"https:\/\/acefootball.com\/da\/fodboldnyheder\/broendby-traener-siger-farvel-det-har-vaeret-en-livsstil\/\" \/>\n<meta property=\"og:site_name\" content=\"Ace Football Danmark\" \/>\n<meta property=\"article:publisher\" content=\"https:\/\/www.facebook.com\/acefootballdk\" \/>\n<meta property=\"article:published_time\" content=\"2021-03-02T09:54:31+00:00\" \/>\n<meta property=\"article:modified_time\" content=\"2021-03-02T09:56:23+00:00\" \/>\n<meta property=\"og:image\" content=\"https:\/\/acefootball.com\/da\/wp-content\/uploads\/sites\/2\/2021\/02\/Brondby-29.jpg\" \/>\n\t<meta property=\"og:image:width\" content=\"1920\" \/>\n\t<meta property=\"og:image:height\" content=\"1008\" \/>\n\t<meta property=\"og:image:type\" content=\"image\/jpeg\" \/>\n<meta name=\"twitter:card\" content=\"summary_large_image\" \/>\n<meta name=\"twitter:label1\" content=\"Written by\" \/>\n\t<meta name=\"twitter:data1\" content=\"Mads Dreyer\" \/>\n\t<meta name=\"twitter:label2\" content=\"Est. reading time\" \/>\n\t<meta name=\"twitter:data2\" content=\"1 minute\" \/>\n<script type=\"application\/ld+json\" class=\"yoast-schema-graph\">{\"@context\":\"https:\/\/schema.org\",\"@graph\":[{\"@type\":\"Organization\",\"@id\":\"https:\/\/acefootball.com\/da\/#organization\",\"name\":\"Ace Football\",\"url\":\"https:\/\/acefootball.com\/da\/\",\"sameAs\":[\"https:\/\/www.facebook.com\/acefootballdk\"],\"logo\":{\"@type\":\"ImageObject\",\"@id\":\"https:\/\/acefootball.com\/da\/#logo\",\"inLanguage\":\"en-US\",\"url\":\"https:\/\/acefootball.com\/da\/wp-content\/uploads\/sites\/2\/2020\/07\/Ace-Football-30-07-2020-2.png\",\"contentUrl\":\"https:\/\/acefootball.com\/da\/wp-content\/uploads\/sites\/2\/2020\/07\/Ace-Football-30-07-2020-2.png\",\"width\":1200,\"height\":600,\"caption\":\"Ace Football\"},\"image\":{\"@id\":\"https:\/\/acefootball.com\/da\/#logo\"}},{\"@type\":\"WebSite\",\"@id\":\"https:\/\/acefootball.com\/da\/#website\",\"url\":\"https:\/\/acefootball.com\/da\/\",\"name\":\"Ace Football Danmark\",\"description\":\"Nyheder, Spiltips &amp; Livescore\",\"publisher\":{\"@id\":\"https:\/\/acefootball.com\/da\/#organization\"},\"potentialAction\":[{\"@type\":\"SearchAction\",\"target\":{\"@type\":\"EntryPoint\",\"urlTemplate\":\"https:\/\/acefootball.com\/da\/?s={search_term_string}\"},\"query-input\":\"required name=search_term_string\"}],\"inLanguage\":\"en-US\"},{\"@type\":\"ImageObject\",\"@id\":\"https:\/\/acefootball.com\/da\/fodboldnyheder\/broendby-traener-siger-farvel-det-har-vaeret-en-livsstil\/#primaryimage\",\"inLanguage\":\"en-US\",\"url\":\"https:\/\/acefootball.com\/da\/wp-content\/uploads\/sites\/2\/2021\/02\/Brondby-29.jpg\",\"contentUrl\":\"https:\/\/acefootball.com\/da\/wp-content\/uploads\/sites\/2\/2021\/02\/Brondby-29.jpg\",\"width\":1920,\"height\":1008},{\"@type\":\"WebPage\",\"@id\":\"https:\/\/acefootball.com\/da\/fodboldnyheder\/broendby-traener-siger-farvel-det-har-vaeret-en-livsstil\/#webpage\",\"url\":\"https:\/\/acefootball.com\/da\/fodboldnyheder\/broendby-traener-siger-farvel-det-har-vaeret-en-livsstil\/\",\"name\":\"Br\u00f8ndby-tr\u00e6ner siger farvel: Henter afl\u00f8ser med FCK-fortid\",\"isPartOf\":{\"@id\":\"https:\/\/acefootball.com\/da\/#website\"},\"primaryImageOfPage\":{\"@id\":\"https:\/\/acefootball.com\/da\/fodboldnyheder\/broendby-traener-siger-farvel-det-har-vaeret-en-livsstil\/#primaryimage\"},\"datePublished\":\"2021-03-02T09:54:31+00:00\",\"dateModified\":\"2021-03-02T09:56:23+00:00\",\"description\":\"Br\u00f8ndbys fysiske tr\u00e6ner, Ahron Thode, stopper efter ti \u00e5r i klubben, da muligheden har budt sig for at tage hjem til USA\",\"breadcrumb\":{\"@id\":\"https:\/\/acefootball.com\/da\/fodboldnyheder\/broendby-traener-siger-farvel-det-har-vaeret-en-livsstil\/#breadcrumb\"},\"inLanguage\":\"en-US\",\"potentialAction\":[{\"@type\":\"ReadAction\",\"target\":[\"https:\/\/acefootball.com\/da\/fodboldnyheder\/broendby-traener-siger-farvel-det-har-vaeret-en-livsstil\/\"]}]},{\"@type\":\"BreadcrumbList\",\"@id\":\"https:\/\/acefootball.com\/da\/fodboldnyheder\/broendby-traener-siger-farvel-det-har-vaeret-en-livsstil\/#breadcrumb\",\"itemListElement\":[{\"@type\":\"ListItem\",\"position\":1,\"name\":\"Home\",\"item\":\"https:\/\/acefootball.com\/da\/\"},{\"@type\":\"ListItem\",\"position\":2,\"name\":\"Br\u00f8ndby-tr\u00e6ner siger farvel: Henter afl\u00f8ser med FCK-fortid\"}]},{\"@type\":\"Article\",\"@id\":\"https:\/\/acefootball.com\/da\/fodboldnyheder\/broendby-traener-siger-farvel-det-har-vaeret-en-livsstil\/#article\",\"isPartOf\":{\"@id\":\"https:\/\/acefootball.com\/da\/fodboldnyheder\/broendby-traener-siger-farvel-det-har-vaeret-en-livsstil\/#webpage\"},\"author\":{\"@id\":\"https:\/\/acefootball.com\/da\/#\/schema\/person\/ee67e9cf04a276f144100ffa722f10cd\"},\"headline\":\"Br\u00f8ndby-tr\u00e6ner siger farvel: Henter afl\u00f8ser med FCK-fortid\",\"datePublished\":\"2021-03-02T09:54:31+00:00\",\"dateModified\":\"2021-03-02T09:56:23+00:00\",\"mainEntityOfPage\":{\"@id\":\"https:\/\/acefootball.com\/da\/fodboldnyheder\/broendby-traener-siger-farvel-det-har-vaeret-en-livsstil\/#webpage\"},\"wordCount\":235,\"commentCount\":0,\"publisher\":{\"@id\":\"https:\/\/acefootball.com\/da\/#organization\"},\"image\":{\"@id\":\"https:\/\/acefootball.com\/da\/fodboldnyheder\/broendby-traener-siger-farvel-det-har-vaeret-en-livsstil\/#primaryimage\"},\"thumbnailUrl\":\"https:\/\/acefootball.com\/da\/wp-content\/uploads\/sites\/2\/2021\/03\/Untitled-design-46.jpg\",\"keywords\":[\"Br\u00f8ndby IF\",\"Superligaen\"],\"articleSection\":[\"Nyhed\"],\"inLanguage\":\"en-US\",\"potentialAction\":[{\"@type\":\"CommentAction\",\"name\":\"Comment\",\"target\":[\"https:\/\/acefootball.com\/da\/fodboldnyheder\/broendby-traener-siger-farvel-det-har-vaeret-en-livsstil\/#respond\"]}]},{\"@type\":\"Person\",\"@id\":\"https:\/\/acefootball.com\/da\/#\/schema\/person\/ee67e9cf04a276f144100ffa722f10cd\",\"name\":\"Mads Dreyer\",\"image\":{\"@type\":\"ImageObject\",\"@id\":\"https:\/\/acefootball.com\/da\/#personlogo\",\"inLanguage\":\"en-US\",\"url\":\"https:\/\/secure.gravatar.com\/avatar\/7c7abf72cfde9902b6a60efe60c88d4c?s=96&d=mm&r=g\",\"contentUrl\":\"https:\/\/secure.gravatar.com\/avatar\/7c7abf72cfde9902b6a60efe60c88d4c?s=96&d=mm&r=g\",\"caption\":\"Mads Dreyer\"},\"description\":\"Skribent og fodboldn\u00f8rd, der lige nu fort\u00e6ller om alt og intet i fodboldverdenen p\u00e5 acefootball.com. Uddannet i kommunikation fra Aalborg Universitet.\",\"sameAs\":[\"https:\/\/www.linkedin.com\/in\/mads-dreyer-b9b08266\/\"],\"url\":\"https:\/\/acefootball.com\/da\/fodboldnyheder\/author\/mdnronaldo\/\"}]}<\/script>\n<!-- \/ Yoast SEO plugin. -->","yoast_head_json":{"title":"Br\u00f8ndby-tr\u00e6ner siger farvel: Henter afl\u00f8ser med FCK-fortid","description":"Br\u00f8ndbys fysiske tr\u00e6ner, Ahron Thode, stopper efter ti \u00e5r i klubben, da muligheden har budt sig for at tage hjem til USA","robots":{"index":"index","follow":"follow","max-snippet":"max-snippet:-1","max-image-preview":"max-image-preview:large","max-video-preview":"max-video-preview:-1"},"canonical":"https:\/\/acefootball.com\/da\/fodboldnyheder\/broendby-traener-siger-farvel-det-har-vaeret-en-livsstil\/","og_locale":"en_US","og_type":"article","og_title":"Br\u00f8ndby-tr\u00e6ner siger farvel: Henter afl\u00f8ser med FCK-fortid","og_description":"Br\u00f8ndbys fysiske tr\u00e6ner, Ahron Thode, stopper efter ti \u00e5r i klubben, da muligheden har budt sig for at tage hjem til USA","og_url":"https:\/\/acefootball.com\/da\/fodboldnyheder\/broendby-traener-siger-farvel-det-har-vaeret-en-livsstil\/","og_site_name":"Ace Football Danmark","article_publisher":"https:\/\/www.facebook.com\/acefootballdk","article_published_time":"2021-03-02T09:54:31+00:00","article_modified_time":"2021-03-02T09:56:23+00:00","og_image":[{"width":1920,"height":1008,"url":"https:\/\/acefootball.com\/da\/wp-content\/uploads\/sites\/2\/2021\/02\/Brondby-29.jpg","type":"image\/jpeg"}],"twitter_card":"summary_large_image","twitter_misc":{"Written by":"Mads Dreyer","Est. reading time":"1 minute"},"schema":{"@context":"https:\/\/schema.org","@graph":[{"@type":"Organization","@id":"https:\/\/acefootball.com\/da\/#organization","name":"Ace Football","url":"https:\/\/acefootball.com\/da\/","sameAs":["https:\/\/www.facebook.com\/acefootballdk"],"logo":{"@type":"ImageObject","@id":"https:\/\/acefootball.com\/da\/#logo","inLanguage":"en-US","url":"https:\/\/acefootball.com\/da\/wp-content\/uploads\/sites\/2\/2020\/07\/Ace-Football-30-07-2020-2.png","contentUrl":"https:\/\/acefootball.com\/da\/wp-content\/uploads\/sites\/2\/2020\/07\/Ace-Football-30-07-2020-2.png","width":1200,"height":600,"caption":"Ace Football"},"image":{"@id":"https:\/\/acefootball.com\/da\/#logo"}},{"@type":"WebSite","@id":"https:\/\/acefootball.com\/da\/#website","url":"https:\/\/acefootball.com\/da\/","name":"Ace Football Danmark","description":"Nyheder, Spiltips &amp; Livescore","publisher":{"@id":"https:\/\/acefootball.com\/da\/#organization"},"potentialAction":[{"@type":"SearchAction","target":{"@type":"EntryPoint","urlTemplate":"https:\/\/acefootball.com\/da\/?s={search_term_string}"},"query-input":"required name=search_term_string"}],"inLanguage":"en-US"},{"@type":"ImageObject","@id":"https:\/\/acefootball.com\/da\/fodboldnyheder\/broendby-traener-siger-farvel-det-har-vaeret-en-livsstil\/#primaryimage","inLanguage":"en-US","url":"https:\/\/acefootball.com\/da\/wp-content\/uploads\/sites\/2\/2021\/02\/Brondby-29.jpg","contentUrl":"https:\/\/acefootball.com\/da\/wp-content\/uploads\/sites\/2\/2021\/02\/Brondby-29.jpg","width":1920,"height":1008},{"@type":"WebPage","@id":"https:\/\/acefootball.com\/da\/fodboldnyheder\/broendby-traener-siger-farvel-det-har-vaeret-en-livsstil\/#webpage","url":"https:\/\/acefootball.com\/da\/fodboldnyheder\/broendby-traener-siger-farvel-det-har-vaeret-en-livsstil\/","name":"Br\u00f8ndby-tr\u00e6ner siger farvel: Henter afl\u00f8ser med FCK-fortid","isPartOf":{"@id":"https:\/\/acefootball.com\/da\/#website"},"primaryImageOfPage":{"@id":"https:\/\/acefootball.com\/da\/fodboldnyheder\/broendby-traener-siger-farvel-det-har-vaeret-en-livsstil\/#primaryimage"},"datePublished":"2021-03-02T09:54:31+00:00","dateModified":"2021-03-02T09:56:23+00:00","description":"Br\u00f8ndbys fysiske tr\u00e6ner, Ahron Thode, stopper efter ti \u00e5r i klubben, da muligheden har budt sig for at tage hjem til USA","breadcrumb":{"@id":"https:\/\/acefootball.com\/da\/fodboldnyheder\/broendby-traener-siger-farvel-det-har-vaeret-en-livsstil\/#breadcrumb"},"inLanguage":"en-US","potentialAction":[{"@type":"ReadAction","target":["https:\/\/acefootball.com\/da\/fodboldnyheder\/broendby-traener-siger-farvel-det-har-vaeret-en-livsstil\/"]}]},{"@type":"BreadcrumbList","@id":"https:\/\/acefootball.com\/da\/fodboldnyheder\/broendby-traener-siger-farvel-det-har-vaeret-en-livsstil\/#breadcrumb","itemListElement":[{"@type":"ListItem","position":1,"name":"Home","item":"https:\/\/acefootball.com\/da\/"},{"@type":"ListItem","position":2,"name":"Br\u00f8ndby-tr\u00e6ner siger farvel: Henter afl\u00f8ser med FCK-fortid"}]},{"@type":"Article","@id":"https:\/\/acefootball.com\/da\/fodboldnyheder\/broendby-traener-siger-farvel-det-har-vaeret-en-livsstil\/#article","isPartOf":{"@id":"https:\/\/acefootball.com\/da\/fodboldnyheder\/broendby-traener-siger-farvel-det-har-vaeret-en-livsstil\/#webpage"},"author":{"@id":"https:\/\/acefootball.com\/da\/#\/schema\/person\/ee67e9cf04a276f144100ffa722f10cd"},"headline":"Br\u00f8ndby-tr\u00e6ner siger farvel: Henter afl\u00f8ser med FCK-fortid","datePublished":"2021-03-02T09:54:31+00:00","dateModified":"2021-03-02T09:56:23+00:00","mainEntityOfPage":{"@id":"https:\/\/acefootball.com\/da\/fodboldnyheder\/broendby-traener-siger-farvel-det-har-vaeret-en-livsstil\/#webpage"},"wordCount":235,"commentCount":0,"publisher":{"@id":"https:\/\/acefootball.com\/da\/#organization"},"image":{"@id":"https:\/\/acefootball.com\/da\/fodboldnyheder\/broendby-traener-siger-farvel-det-har-vaeret-en-livsstil\/#primaryimage"},"thumbnailUrl":"https:\/\/acefootball.com\/da\/wp-content\/uploads\/sites\/2\/2021\/03\/Untitled-design-46.jpg","keywords":["Br\u00f8ndby IF","Superligaen"],"articleSection":["Nyhed"],"inLanguage":"en-US","potentialAction":[{"@type":"CommentAction","name":"Comment","target":["https:\/\/acefootball.com\/da\/fodboldnyheder\/broendby-traener-siger-farvel-det-har-vaeret-en-livsstil\/#respond"]}]},{"@type":"Person","@id":"https:\/\/acefootball.com\/da\/#\/schema\/person\/ee67e9cf04a276f144100ffa722f10cd","name":"Mads Dreyer","image":{"@type":"ImageObject","@id":"https:\/\/acefootball.com\/da\/#personlogo","inLanguage":"en-US","url":"https:\/\/secure.gravatar.com\/avatar\/7c7abf72cfde9902b6a60efe60c88d4c?s=96&d=mm&r=g","contentUrl":"https:\/\/secure.gravatar.com\/avatar\/7c7abf72cfde9902b6a60efe60c88d4c?s=96&d=mm&r=g","caption":"Mads Dreyer"},"description":"Skribent og fodboldn\u00f8rd, der lige nu fort\u00e6ller om alt og intet i fodboldverdenen p\u00e5 acefootball.com. Uddannet i kommunikation fra Aalborg Universitet.","sameAs":["https:\/\/www.linkedin.com\/in\/mads-dreyer-b9b08266\/"],"url":"https:\/\/acefootball.com\/da\/fodboldnyheder\/author\/mdnronaldo\/"}]}},"fimg_url":"https:\/\/acefootball.com\/da\/wp-content\/uploads\/sites\/2\/2021\/03\/Untitled-design-46.jpg","_links":{"self":[{"href":"https:\/\/acefootball.com\/da\/wp-json\/wp\/v2\/posts\/253217"}],"collection":[{"href":"https:\/\/acefootball.com\/da\/wp-json\/wp\/v2\/posts"}],"about":[{"href":"https:\/\/acefootball.com\/da\/wp-json\/wp\/v2\/types\/post"}],"author":[{"embeddable":true,"href":"https:\/\/acefootball.com\/da\/wp-json\/wp\/v2\/users\/705"}],"replies":[{"embeddable":true,"href":"https:\/\/acefootball.com\/da\/wp-json\/wp\/v2\/comments?post=253217"}],"version-history":[{"count":0,"href":"https:\/\/acefootball.com\/da\/wp-json\/wp\/v2\/posts\/253217\/revisions"}],"wp:featuredmedia":[{"embeddable":true,"href":"https:\/\/acefootball.com\/da\/wp-json\/wp\/v2\/media\/253223"}],"wp:attachment":[{"href":"https:\/\/acefootball.com\/da\/wp-json\/wp\/v2\/media?parent=253217"}],"wp:term":[{"taxonomy":"category","embeddable":true,"href":"https:\/\/acefootball.com\/da\/wp-json\/wp\/v2\/categories?post=253217"},{"taxonomy":"post_tag","embeddable":true,"href":"https:\/\/acefootball.com\/da\/wp-json\/wp\/v2\/tags?post=253217"}],"curies":[{"name":"wp","href":"https:\/\/api.w.org\/{rel}","templated":true}]}}