{"id":253159,"date":"2021-03-01T17:03:40","date_gmt":"2021-03-01T16:03:40","guid":{"rendered":"https:\/\/acefootball.com\/da\/?p=253159"},"modified":"2021-03-01T17:03:41","modified_gmt":"2021-03-01T16:03:41","slug":"efter-41-aar-broendby-koryfae-skifter-til-1-division","status":"publish","type":"post","link":"https:\/\/acefootball.com\/da\/fodboldnyheder\/efter-41-aar-broendby-koryfae-skifter-til-1-division\/","title":{"rendered":"Efter 41 \u00e5r: Br\u00f8ndby-koryf\u00e6 skifter til 1. division"},"content":{"rendered":"\n<h2 id=\"h-br-ndby-if-vinker-farvel-til-sin-mange-rige-ungdomstr-ner-john-ranum-som-forts-tter-karrieren-i-fremad-amager\">Br\u00f8ndby IF vinker farvel til sin mange\u00e5rige ungdomstr\u00e6ner, John Ranum, som forts\u00e6tter karrieren i Fremad Amager<\/h2>\n\n\n\n<p>For 41 \u00e5r siden startede John Ranum som ungdomstr\u00e6ner i Br\u00f8ndby IF, men nu er tiden inde til at pr\u00f8ve noget nyt.<\/p>\n\n\n\n<p>Karrieren forts\u00e6tter i stedet i 1. divisionsklubben Fremad Amager, hvor Br\u00f8ndby-koryf\u00e6et skal agere som individuel tr\u00e6ner p\u00e5 klubbens akademi. Det oplyser amagerkanerne p\u00e5 deres <a href=\"https:\/\/www.fremadamagerelite.dk\/single-post\/stor-forst%C3%A6rkning-til-akademiet-p%C3%A5-de-interne-linjer\" target=\"_blank\" rel=\"noreferrer noopener\">hjemmeside<\/a>.<\/p>\n\n\n\n<p>&#8220;Jeg har jo n\u00e5et den alder, hvor jeg regnede med et livslangt \u00e6gteskab med Br\u00f8ndby IF og s\u00e5 ellers p\u00e5 pension. Tingene g\u00e5r st\u00e6rkt i fodbolden, og alt omkring fodbolden udvikler sig konstant. Jeg havde spekuleret lidt over, hvad mit n\u00e6ste projekt skulle v\u00e6re. I den forbindelse talte jeg lidt l\u00f8st med Fremad Amager, som jeg kender rigtig godt til, udtaler Ranum.<\/p>\n\n\n\n<p>&#8220;Det er en klub, jeg altid har haft stor respekt for. Tilbage fra starten af min Br\u00f8ndby-tid, havde vi l\u00f8bende dramatiske dueller p\u00e5 Amager, og det har altid v\u00e6ret fantastisk at komme i Sundby. Klubben mindede og minder stadig en hel del om dyderne i Br\u00f8ndby. Kammeratskab og f\u00e6llesskab, og de v\u00e6rdier er en stor del af mig som menneske. Derfor var det ikke s\u00e5 sv\u00e6rt at se mig selv i en rolle i Fremad Amager.&#8221;<\/p>\n\n\n\n<p>Br\u00f8ndby har haft sn\u00f8ren ude efter ny blod til ungdomsafdelingen. L\u00e6s mere her:<\/p>\n\n\n\n<figure class=\"wp-block-embed is-type-wp-embed is-provider-ace-football-danmark wp-block-embed-ace-football-danmark\"><div class=\"wp-block-embed__wrapper\">\n<blockquote class=\"wp-embedded-content\" data-secret=\"1TJjW4gGTZ\"><a href=\"https:\/\/acefootball.com\/da\/fodboldnyheder\/svensk-talent-afsloerer-fck-broendby-og-united-har-henvendt-sig\/\">Svensk talent afsl\u00f8rer: FCK, Br\u00f8ndby og United har henvendt sig<\/a><\/blockquote><iframe class=\"wp-embedded-content\" sandbox=\"allow-scripts\" security=\"restricted\" style=\"position: absolute; clip: rect(1px, 1px, 1px, 1px);\" title=\"&#8220;Svensk talent afsl\u00f8rer: FCK, Br\u00f8ndby og United har henvendt sig&#8221; &#8212; Ace Football Danmark\" src=\"https:\/\/acefootball.com\/da\/fodboldnyheder\/svensk-talent-afsloerer-fck-broendby-og-united-har-henvendt-sig\/embed\/#?secret=1TJjW4gGTZ\" data-secret=\"1TJjW4gGTZ\" width=\"600\" height=\"338\" frameborder=\"0\" marginwidth=\"0\" marginheight=\"0\" scrolling=\"no\"><\/iframe>\n<\/div><\/figure>\n","protected":false},"excerpt":{"rendered":"<p>Br\u00f8ndby IF vinker farvel til sin mange\u00e5rige ungdomstr\u00e6ner, John Ranum, som forts\u00e6tter karrieren i Fremad Amager<\/p>\n","protected":false},"author":705,"featured_media":253161,"comment_status":"open","ping_status":"closed","sticky":false,"template":"","format":"standard","meta":{"om_disable_all_campaigns":false,"push_articles_ronaldo":{"active":false,"canonical":0,"publish":false},"force_updates":null},"categories":[1],"tags":[750,53,1229,588],"enet_tags":{"league":["862329","46"],"team":["8595","8108"],"sport_events":[]},"yoast_head":"<!-- This site is optimized with the Yoast SEO plugin v18.3 - https:\/\/yoast.com\/wordpress\/plugins\/seo\/ -->\n<title>Efter 41 \u00e5r: Br\u00f8ndby-koryf\u00e6 skifter til 1. division<\/title>\n<meta name=\"description\" content=\"Br\u00f8ndby IF vinker farvel til sin mange\u00e5rige ungdomstr\u00e6ner, John Ranum, som forts\u00e6tter karrieren i Fremad Amager\" \/>\n<meta name=\"robots\" content=\"index, follow, max-snippet:-1, max-image-preview:large, max-video-preview:-1\" \/>\n<link rel=\"canonical\" href=\"https:\/\/acefootball.com\/da\/fodboldnyheder\/efter-41-aar-broendby-koryfae-skifter-til-1-division\/\" \/>\n<meta property=\"og:locale\" content=\"en_US\" \/>\n<meta property=\"og:type\" content=\"article\" \/>\n<meta property=\"og:title\" content=\"Efter 41 \u00e5r: Br\u00f8ndby-koryf\u00e6 skifter til 1. division\" \/>\n<meta property=\"og:description\" content=\"Br\u00f8ndby IF vinker farvel til sin mange\u00e5rige ungdomstr\u00e6ner, John Ranum, som forts\u00e6tter karrieren i Fremad Amager\" \/>\n<meta property=\"og:url\" content=\"https:\/\/acefootball.com\/da\/fodboldnyheder\/efter-41-aar-broendby-koryfae-skifter-til-1-division\/\" \/>\n<meta property=\"og:site_name\" content=\"Ace Football Danmark\" \/>\n<meta property=\"article:publisher\" content=\"https:\/\/www.facebook.com\/acefootballdk\" \/>\n<meta property=\"article:published_time\" content=\"2021-03-01T16:03:40+00:00\" \/>\n<meta property=\"article:modified_time\" content=\"2021-03-01T16:03:41+00:00\" \/>\n<meta property=\"og:image\" content=\"https:\/\/acefootball.com\/da\/wp-content\/uploads\/sites\/2\/2021\/01\/Brondby-3-1.jpg\" \/>\n\t<meta property=\"og:image:width\" content=\"1920\" \/>\n\t<meta property=\"og:image:height\" content=\"1008\" \/>\n\t<meta property=\"og:image:type\" content=\"image\/jpeg\" \/>\n<meta name=\"twitter:card\" content=\"summary_large_image\" \/>\n<meta name=\"twitter:label1\" content=\"Written by\" \/>\n\t<meta name=\"twitter:data1\" content=\"Mads Dreyer\" \/>\n\t<meta name=\"twitter:label2\" content=\"Est. reading time\" \/>\n\t<meta name=\"twitter:data2\" content=\"1 minute\" \/>\n<script type=\"application\/ld+json\" class=\"yoast-schema-graph\">{\"@context\":\"https:\/\/schema.org\",\"@graph\":[{\"@type\":\"Organization\",\"@id\":\"https:\/\/acefootball.com\/da\/#organization\",\"name\":\"Ace Football\",\"url\":\"https:\/\/acefootball.com\/da\/\",\"sameAs\":[\"https:\/\/www.facebook.com\/acefootballdk\"],\"logo\":{\"@type\":\"ImageObject\",\"@id\":\"https:\/\/acefootball.com\/da\/#logo\",\"inLanguage\":\"en-US\",\"url\":\"https:\/\/acefootball.com\/da\/wp-content\/uploads\/sites\/2\/2020\/07\/Ace-Football-30-07-2020-2.png\",\"contentUrl\":\"https:\/\/acefootball.com\/da\/wp-content\/uploads\/sites\/2\/2020\/07\/Ace-Football-30-07-2020-2.png\",\"width\":1200,\"height\":600,\"caption\":\"Ace Football\"},\"image\":{\"@id\":\"https:\/\/acefootball.com\/da\/#logo\"}},{\"@type\":\"WebSite\",\"@id\":\"https:\/\/acefootball.com\/da\/#website\",\"url\":\"https:\/\/acefootball.com\/da\/\",\"name\":\"Ace Football Danmark\",\"description\":\"Nyheder, Spiltips &amp; Livescore\",\"publisher\":{\"@id\":\"https:\/\/acefootball.com\/da\/#organization\"},\"potentialAction\":[{\"@type\":\"SearchAction\",\"target\":{\"@type\":\"EntryPoint\",\"urlTemplate\":\"https:\/\/acefootball.com\/da\/?s={search_term_string}\"},\"query-input\":\"required name=search_term_string\"}],\"inLanguage\":\"en-US\"},{\"@type\":\"ImageObject\",\"@id\":\"https:\/\/acefootball.com\/da\/fodboldnyheder\/efter-41-aar-broendby-koryfae-skifter-til-1-division\/#primaryimage\",\"inLanguage\":\"en-US\",\"url\":\"https:\/\/acefootball.com\/da\/wp-content\/uploads\/sites\/2\/2021\/01\/Brondby-3-1.jpg\",\"contentUrl\":\"https:\/\/acefootball.com\/da\/wp-content\/uploads\/sites\/2\/2021\/01\/Brondby-3-1.jpg\",\"width\":1920,\"height\":1008,\"caption\":\"br\u00f8ndby stadion\"},{\"@type\":\"WebPage\",\"@id\":\"https:\/\/acefootball.com\/da\/fodboldnyheder\/efter-41-aar-broendby-koryfae-skifter-til-1-division\/#webpage\",\"url\":\"https:\/\/acefootball.com\/da\/fodboldnyheder\/efter-41-aar-broendby-koryfae-skifter-til-1-division\/\",\"name\":\"Efter 41 \u00e5r: Br\u00f8ndby-koryf\u00e6 skifter til 1. division\",\"isPartOf\":{\"@id\":\"https:\/\/acefootball.com\/da\/#website\"},\"primaryImageOfPage\":{\"@id\":\"https:\/\/acefootball.com\/da\/fodboldnyheder\/efter-41-aar-broendby-koryfae-skifter-til-1-division\/#primaryimage\"},\"datePublished\":\"2021-03-01T16:03:40+00:00\",\"dateModified\":\"2021-03-01T16:03:41+00:00\",\"description\":\"Br\u00f8ndby IF vinker farvel til sin mange\u00e5rige ungdomstr\u00e6ner, John Ranum, som forts\u00e6tter karrieren i Fremad Amager\",\"breadcrumb\":{\"@id\":\"https:\/\/acefootball.com\/da\/fodboldnyheder\/efter-41-aar-broendby-koryfae-skifter-til-1-division\/#breadcrumb\"},\"inLanguage\":\"en-US\",\"potentialAction\":[{\"@type\":\"ReadAction\",\"target\":[\"https:\/\/acefootball.com\/da\/fodboldnyheder\/efter-41-aar-broendby-koryfae-skifter-til-1-division\/\"]}]},{\"@type\":\"BreadcrumbList\",\"@id\":\"https:\/\/acefootball.com\/da\/fodboldnyheder\/efter-41-aar-broendby-koryfae-skifter-til-1-division\/#breadcrumb\",\"itemListElement\":[{\"@type\":\"ListItem\",\"position\":1,\"name\":\"Home\",\"item\":\"https:\/\/acefootball.com\/da\/\"},{\"@type\":\"ListItem\",\"position\":2,\"name\":\"Efter 41 \u00e5r: Br\u00f8ndby-koryf\u00e6 skifter til 1. division\"}]},{\"@type\":\"Article\",\"@id\":\"https:\/\/acefootball.com\/da\/fodboldnyheder\/efter-41-aar-broendby-koryfae-skifter-til-1-division\/#article\",\"isPartOf\":{\"@id\":\"https:\/\/acefootball.com\/da\/fodboldnyheder\/efter-41-aar-broendby-koryfae-skifter-til-1-division\/#webpage\"},\"author\":{\"@id\":\"https:\/\/acefootball.com\/da\/#\/schema\/person\/ee67e9cf04a276f144100ffa722f10cd\"},\"headline\":\"Efter 41 \u00e5r: Br\u00f8ndby-koryf\u00e6 skifter til 1. division\",\"datePublished\":\"2021-03-01T16:03:40+00:00\",\"dateModified\":\"2021-03-01T16:03:41+00:00\",\"mainEntityOfPage\":{\"@id\":\"https:\/\/acefootball.com\/da\/fodboldnyheder\/efter-41-aar-broendby-koryfae-skifter-til-1-division\/#webpage\"},\"wordCount\":253,\"commentCount\":0,\"publisher\":{\"@id\":\"https:\/\/acefootball.com\/da\/#organization\"},\"image\":{\"@id\":\"https:\/\/acefootball.com\/da\/fodboldnyheder\/efter-41-aar-broendby-koryfae-skifter-til-1-division\/#primaryimage\"},\"thumbnailUrl\":\"https:\/\/acefootball.com\/da\/wp-content\/uploads\/sites\/2\/2021\/03\/John-Ranum-Fremad-Amager.jpg\",\"keywords\":[\"1. Division\",\"Br\u00f8ndby IF\",\"Fremad Amager\",\"Superligaen\"],\"articleSection\":[\"Nyhed\"],\"inLanguage\":\"en-US\",\"potentialAction\":[{\"@type\":\"CommentAction\",\"name\":\"Comment\",\"target\":[\"https:\/\/acefootball.com\/da\/fodboldnyheder\/efter-41-aar-broendby-koryfae-skifter-til-1-division\/#respond\"]}]},{\"@type\":\"Person\",\"@id\":\"https:\/\/acefootball.com\/da\/#\/schema\/person\/ee67e9cf04a276f144100ffa722f10cd\",\"name\":\"Mads Dreyer\",\"image\":{\"@type\":\"ImageObject\",\"@id\":\"https:\/\/acefootball.com\/da\/#personlogo\",\"inLanguage\":\"en-US\",\"url\":\"https:\/\/secure.gravatar.com\/avatar\/7c7abf72cfde9902b6a60efe60c88d4c?s=96&d=mm&r=g\",\"contentUrl\":\"https:\/\/secure.gravatar.com\/avatar\/7c7abf72cfde9902b6a60efe60c88d4c?s=96&d=mm&r=g\",\"caption\":\"Mads Dreyer\"},\"description\":\"Skribent og fodboldn\u00f8rd, der lige nu fort\u00e6ller om alt og intet i fodboldverdenen p\u00e5 acefootball.com. Uddannet i kommunikation fra Aalborg Universitet.\",\"sameAs\":[\"https:\/\/www.linkedin.com\/in\/mads-dreyer-b9b08266\/\"],\"url\":\"https:\/\/acefootball.com\/da\/fodboldnyheder\/author\/mdnronaldo\/\"}]}<\/script>\n<!-- \/ Yoast SEO plugin. -->","yoast_head_json":{"title":"Efter 41 \u00e5r: Br\u00f8ndby-koryf\u00e6 skifter til 1. division","description":"Br\u00f8ndby IF vinker farvel til sin mange\u00e5rige ungdomstr\u00e6ner, John Ranum, som forts\u00e6tter karrieren i Fremad Amager","robots":{"index":"index","follow":"follow","max-snippet":"max-snippet:-1","max-image-preview":"max-image-preview:large","max-video-preview":"max-video-preview:-1"},"canonical":"https:\/\/acefootball.com\/da\/fodboldnyheder\/efter-41-aar-broendby-koryfae-skifter-til-1-division\/","og_locale":"en_US","og_type":"article","og_title":"Efter 41 \u00e5r: Br\u00f8ndby-koryf\u00e6 skifter til 1. division","og_description":"Br\u00f8ndby IF vinker farvel til sin mange\u00e5rige ungdomstr\u00e6ner, John Ranum, som forts\u00e6tter karrieren i Fremad Amager","og_url":"https:\/\/acefootball.com\/da\/fodboldnyheder\/efter-41-aar-broendby-koryfae-skifter-til-1-division\/","og_site_name":"Ace Football Danmark","article_publisher":"https:\/\/www.facebook.com\/acefootballdk","article_published_time":"2021-03-01T16:03:40+00:00","article_modified_time":"2021-03-01T16:03:41+00:00","og_image":[{"width":1920,"height":1008,"url":"https:\/\/acefootball.com\/da\/wp-content\/uploads\/sites\/2\/2021\/01\/Brondby-3-1.jpg","type":"image\/jpeg"}],"twitter_card":"summary_large_image","twitter_misc":{"Written by":"Mads Dreyer","Est. reading time":"1 minute"},"schema":{"@context":"https:\/\/schema.org","@graph":[{"@type":"Organization","@id":"https:\/\/acefootball.com\/da\/#organization","name":"Ace Football","url":"https:\/\/acefootball.com\/da\/","sameAs":["https:\/\/www.facebook.com\/acefootballdk"],"logo":{"@type":"ImageObject","@id":"https:\/\/acefootball.com\/da\/#logo","inLanguage":"en-US","url":"https:\/\/acefootball.com\/da\/wp-content\/uploads\/sites\/2\/2020\/07\/Ace-Football-30-07-2020-2.png","contentUrl":"https:\/\/acefootball.com\/da\/wp-content\/uploads\/sites\/2\/2020\/07\/Ace-Football-30-07-2020-2.png","width":1200,"height":600,"caption":"Ace Football"},"image":{"@id":"https:\/\/acefootball.com\/da\/#logo"}},{"@type":"WebSite","@id":"https:\/\/acefootball.com\/da\/#website","url":"https:\/\/acefootball.com\/da\/","name":"Ace Football Danmark","description":"Nyheder, Spiltips &amp; Livescore","publisher":{"@id":"https:\/\/acefootball.com\/da\/#organization"},"potentialAction":[{"@type":"SearchAction","target":{"@type":"EntryPoint","urlTemplate":"https:\/\/acefootball.com\/da\/?s={search_term_string}"},"query-input":"required name=search_term_string"}],"inLanguage":"en-US"},{"@type":"ImageObject","@id":"https:\/\/acefootball.com\/da\/fodboldnyheder\/efter-41-aar-broendby-koryfae-skifter-til-1-division\/#primaryimage","inLanguage":"en-US","url":"https:\/\/acefootball.com\/da\/wp-content\/uploads\/sites\/2\/2021\/01\/Brondby-3-1.jpg","contentUrl":"https:\/\/acefootball.com\/da\/wp-content\/uploads\/sites\/2\/2021\/01\/Brondby-3-1.jpg","width":1920,"height":1008,"caption":"br\u00f8ndby stadion"},{"@type":"WebPage","@id":"https:\/\/acefootball.com\/da\/fodboldnyheder\/efter-41-aar-broendby-koryfae-skifter-til-1-division\/#webpage","url":"https:\/\/acefootball.com\/da\/fodboldnyheder\/efter-41-aar-broendby-koryfae-skifter-til-1-division\/","name":"Efter 41 \u00e5r: Br\u00f8ndby-koryf\u00e6 skifter til 1. division","isPartOf":{"@id":"https:\/\/acefootball.com\/da\/#website"},"primaryImageOfPage":{"@id":"https:\/\/acefootball.com\/da\/fodboldnyheder\/efter-41-aar-broendby-koryfae-skifter-til-1-division\/#primaryimage"},"datePublished":"2021-03-01T16:03:40+00:00","dateModified":"2021-03-01T16:03:41+00:00","description":"Br\u00f8ndby IF vinker farvel til sin mange\u00e5rige ungdomstr\u00e6ner, John Ranum, som forts\u00e6tter karrieren i Fremad Amager","breadcrumb":{"@id":"https:\/\/acefootball.com\/da\/fodboldnyheder\/efter-41-aar-broendby-koryfae-skifter-til-1-division\/#breadcrumb"},"inLanguage":"en-US","potentialAction":[{"@type":"ReadAction","target":["https:\/\/acefootball.com\/da\/fodboldnyheder\/efter-41-aar-broendby-koryfae-skifter-til-1-division\/"]}]},{"@type":"BreadcrumbList","@id":"https:\/\/acefootball.com\/da\/fodboldnyheder\/efter-41-aar-broendby-koryfae-skifter-til-1-division\/#breadcrumb","itemListElement":[{"@type":"ListItem","position":1,"name":"Home","item":"https:\/\/acefootball.com\/da\/"},{"@type":"ListItem","position":2,"name":"Efter 41 \u00e5r: Br\u00f8ndby-koryf\u00e6 skifter til 1. division"}]},{"@type":"Article","@id":"https:\/\/acefootball.com\/da\/fodboldnyheder\/efter-41-aar-broendby-koryfae-skifter-til-1-division\/#article","isPartOf":{"@id":"https:\/\/acefootball.com\/da\/fodboldnyheder\/efter-41-aar-broendby-koryfae-skifter-til-1-division\/#webpage"},"author":{"@id":"https:\/\/acefootball.com\/da\/#\/schema\/person\/ee67e9cf04a276f144100ffa722f10cd"},"headline":"Efter 41 \u00e5r: Br\u00f8ndby-koryf\u00e6 skifter til 1. division","datePublished":"2021-03-01T16:03:40+00:00","dateModified":"2021-03-01T16:03:41+00:00","mainEntityOfPage":{"@id":"https:\/\/acefootball.com\/da\/fodboldnyheder\/efter-41-aar-broendby-koryfae-skifter-til-1-division\/#webpage"},"wordCount":253,"commentCount":0,"publisher":{"@id":"https:\/\/acefootball.com\/da\/#organization"},"image":{"@id":"https:\/\/acefootball.com\/da\/fodboldnyheder\/efter-41-aar-broendby-koryfae-skifter-til-1-division\/#primaryimage"},"thumbnailUrl":"https:\/\/acefootball.com\/da\/wp-content\/uploads\/sites\/2\/2021\/03\/John-Ranum-Fremad-Amager.jpg","keywords":["1. Division","Br\u00f8ndby IF","Fremad Amager","Superligaen"],"articleSection":["Nyhed"],"inLanguage":"en-US","potentialAction":[{"@type":"CommentAction","name":"Comment","target":["https:\/\/acefootball.com\/da\/fodboldnyheder\/efter-41-aar-broendby-koryfae-skifter-til-1-division\/#respond"]}]},{"@type":"Person","@id":"https:\/\/acefootball.com\/da\/#\/schema\/person\/ee67e9cf04a276f144100ffa722f10cd","name":"Mads Dreyer","image":{"@type":"ImageObject","@id":"https:\/\/acefootball.com\/da\/#personlogo","inLanguage":"en-US","url":"https:\/\/secure.gravatar.com\/avatar\/7c7abf72cfde9902b6a60efe60c88d4c?s=96&d=mm&r=g","contentUrl":"https:\/\/secure.gravatar.com\/avatar\/7c7abf72cfde9902b6a60efe60c88d4c?s=96&d=mm&r=g","caption":"Mads Dreyer"},"description":"Skribent og fodboldn\u00f8rd, der lige nu fort\u00e6ller om alt og intet i fodboldverdenen p\u00e5 acefootball.com. Uddannet i kommunikation fra Aalborg Universitet.","sameAs":["https:\/\/www.linkedin.com\/in\/mads-dreyer-b9b08266\/"],"url":"https:\/\/acefootball.com\/da\/fodboldnyheder\/author\/mdnronaldo\/"}]}},"fimg_url":"https:\/\/acefootball.com\/da\/wp-content\/uploads\/sites\/2\/2021\/03\/John-Ranum-Fremad-Amager.jpg","_links":{"self":[{"href":"https:\/\/acefootball.com\/da\/wp-json\/wp\/v2\/posts\/253159"}],"collection":[{"href":"https:\/\/acefootball.com\/da\/wp-json\/wp\/v2\/posts"}],"about":[{"href":"https:\/\/acefootball.com\/da\/wp-json\/wp\/v2\/types\/post"}],"author":[{"embeddable":true,"href":"https:\/\/acefootball.com\/da\/wp-json\/wp\/v2\/users\/705"}],"replies":[{"embeddable":true,"href":"https:\/\/acefootball.com\/da\/wp-json\/wp\/v2\/comments?post=253159"}],"version-history":[{"count":0,"href":"https:\/\/acefootball.com\/da\/wp-json\/wp\/v2\/posts\/253159\/revisions"}],"wp:featuredmedia":[{"embeddable":true,"href":"https:\/\/acefootball.com\/da\/wp-json\/wp\/v2\/media\/253161"}],"wp:attachment":[{"href":"https:\/\/acefootball.com\/da\/wp-json\/wp\/v2\/media?parent=253159"}],"wp:term":[{"taxonomy":"category","embeddable":true,"href":"https:\/\/acefootball.com\/da\/wp-json\/wp\/v2\/categories?post=253159"},{"taxonomy":"post_tag","embeddable":true,"href":"https:\/\/acefootball.com\/da\/wp-json\/wp\/v2\/tags?post=253159"}],"curies":[{"name":"wp","href":"https:\/\/api.w.org\/{rel}","templated":true}]}}