{"id":253150,"date":"2021-03-01T15:55:38","date_gmt":"2021-03-01T14:55:38","guid":{"rendered":"https:\/\/acefootball.com\/da\/?p=253150"},"modified":"2021-03-01T15:58:17","modified_gmt":"2021-03-01T14:58:17","slug":"vild-historie-holdkammerat-var-taet-paa-at-draebe-zlatan-med-en-saks","status":"publish","type":"post","link":"https:\/\/acefootball.com\/da\/fodboldnyheder\/vild-historie-holdkammerat-var-taet-paa-at-draebe-zlatan-med-en-saks\/","title":{"rendered":"Vild historie: Holdkammerat var t\u00e6t p\u00e5 at dr\u00e6be Zlatan med en saks"},"content":{"rendered":"\n<h2 id=\"h-det-gik-heftigt-for-sig-i-omkl-dningsrummet-efter-en-kamp-mod-psv-eindhoven-da-en-ung-zlatan-ibrahimovic-t-rnede-ud-for-ajax\">Det gik heftigt for sig i omkl\u00e6dningsrummet efter en kamp mod PSV Eindhoven, da en ung Zlatan Ibrahimovic t\u00f8rnede ud for Ajax<\/h2>\n\n\n\n<p>Normalt er det Zlatan Ibrahimovic, der skaber frygt blandt holdkammeraterne i omkl\u00e6dningsrummet, men tilbage i Ajax-tiden var det lidt noget andet.<\/p>\n\n\n\n<p>I 2003 var det svenske ikon at finde i Amsterdam-klubben, hvor han dannede angrebspar med egyptiske Mido, og det var en mand med temperament.<\/p>\n\n\n\n<p>Mido var i en kamp mod PSV Eindhoven blevet placeret p\u00e5 b\u00e6nken, og det var han s\u00e5 rasende over, at han n\u00e6gtede at aflevere til Zlatan efter sin indskiftning.<\/p>\n\n\n\n<p>Kampen endte med et nederlag, og tilbage i omkl\u00e6dningsrummet lod egypteren sin vrede g\u00e5 ud over hele holdet. Det ville Zlatan Ibrahimovic dog ikke h\u00f8re p\u00e5, og herfra udviklede situationen sig drastisk.<\/p>\n\n\n\n<figure class=\"wp-block-embed is-type-wp-embed is-provider-ace-football-danmark wp-block-embed-ace-football-danmark\"><div class=\"wp-block-embed__wrapper\">\n<blockquote class=\"wp-embedded-content\" data-secret=\"KSu7yHFcXJ\"><a href=\"https:\/\/acefootball.com\/da\/fodboldnyheder\/ophedet-zlatan-lukaku-duel-er-lavet-til-fantastisk-vaegmaleri\/\">Ophedet Zlatan-Lukaku-duel er lavet til fantastisk v\u00e6gmaleri<\/a><\/blockquote><iframe class=\"wp-embedded-content\" sandbox=\"allow-scripts\" security=\"restricted\" style=\"position: absolute; clip: rect(1px, 1px, 1px, 1px);\" title=\"&#8220;Ophedet Zlatan-Lukaku-duel er lavet til fantastisk v\u00e6gmaleri&#8221; &#8212; Ace Football Danmark\" src=\"https:\/\/acefootball.com\/da\/fodboldnyheder\/ophedet-zlatan-lukaku-duel-er-lavet-til-fantastisk-vaegmaleri\/embed\/#?secret=KSu7yHFcXJ\" data-secret=\"KSu7yHFcXJ\" width=\"600\" height=\"338\" frameborder=\"0\" marginwidth=\"0\" marginheight=\"0\" scrolling=\"no\"><\/iframe>\n<\/div><\/figure>\n\n\n\n<p>&#8220;Jeg svarede ved at sige, at hvis nogen var en idiot, var det ham. Mido samlede en saks op og kastede den efter mig. Det var helt sindssygt. Saksen fl\u00f8j lige forbi hovedet p\u00e5 mig og lavede en revne i v\u00e6ggen bag mig,&#8221; skriver Zlatan i sin selvbiografi.<\/p>\n\n\n\n<p>Mido endte med at forlade Ajax samme \u00e5r, hvor han skiftede til Marseille.<\/p>\n\n\n\n<p>En anden temperamentsfuld herre i fodboldens verden er Luis Suarez. Kan du huske denne episode med uruguayaneren?<\/p>\n\n\n\n<figure class=\"wp-block-embed is-type-wp-embed is-provider-ace-football-danmark wp-block-embed-ace-football-danmark\"><div class=\"wp-block-embed__wrapper\">\n<blockquote class=\"wp-embedded-content\" data-secret=\"2VNXQungkX\"><a href=\"https:\/\/acefootball.com\/da\/fodboldnyheder\/video-suarez-brokker-sig-over-haand-paa-bolden-af-maalmanden\/\">Video: Suarez brokker sig over h\u00e5nd p\u00e5 bolden&#8230; af m\u00e5lmanden!<\/a><\/blockquote><iframe class=\"wp-embedded-content\" sandbox=\"allow-scripts\" security=\"restricted\" style=\"position: absolute; clip: rect(1px, 1px, 1px, 1px);\" title=\"&#8220;Video: Suarez brokker sig over h\u00e5nd p\u00e5 bolden&#8230; af m\u00e5lmanden!&#8221; &#8212; Ace Football Danmark\" src=\"https:\/\/acefootball.com\/da\/fodboldnyheder\/video-suarez-brokker-sig-over-haand-paa-bolden-af-maalmanden\/embed\/#?secret=2VNXQungkX\" data-secret=\"2VNXQungkX\" width=\"600\" height=\"338\" frameborder=\"0\" marginwidth=\"0\" marginheight=\"0\" scrolling=\"no\"><\/iframe>\n<\/div><\/figure>\n","protected":false},"excerpt":{"rendered":"<p>Det gik heftigt for sig i omkl\u00e6dningsrummet efter en kamp mod PSV Eindhoven, da en ung Zlatan Ibrahimovic t\u00f8rnede ud for Ajax<\/p>\n","protected":false},"author":705,"featured_media":235420,"comment_status":"open","ping_status":"closed","sticky":false,"template":"","format":"standard","meta":{"om_disable_all_campaigns":false,"push_articles_ronaldo":{"active":false,"canonical":0,"publish":false},"force_updates":null},"categories":[2470],"tags":[66,558,873,3010,131,1015,283],"enet_tags":{"team":["8564","8593","8520"],"league":["57","55"],"player":["35724"],"sport_events":[]},"yoast_head":"<!-- This site is optimized with the Yoast SEO plugin v18.3 - https:\/\/yoast.com\/wordpress\/plugins\/seo\/ -->\n<title>Vild historie: Holdkammerat var t\u00e6t p\u00e5 at dr\u00e6be Zlatan med en saks<\/title>\n<meta name=\"description\" content=\"Det gik heftigt for sig i omkl\u00e6dningsrummet efter en kamp mod PSV Eindhoven, da en ung Zlatan Ibrahimovic t\u00f8rnede ud for Ajax\" \/>\n<meta name=\"robots\" content=\"index, follow, max-snippet:-1, max-image-preview:large, max-video-preview:-1\" \/>\n<link rel=\"canonical\" href=\"https:\/\/acefootball.com\/da\/fodboldnyheder\/vild-historie-holdkammerat-var-taet-paa-at-draebe-zlatan-med-en-saks\/\" \/>\n<meta property=\"og:locale\" content=\"en_US\" \/>\n<meta property=\"og:type\" content=\"article\" \/>\n<meta property=\"og:title\" content=\"Vild historie: Holdkammerat var t\u00e6t p\u00e5 at dr\u00e6be Zlatan med en saks\" \/>\n<meta property=\"og:description\" content=\"Det gik heftigt for sig i omkl\u00e6dningsrummet efter en kamp mod PSV Eindhoven, da en ung Zlatan Ibrahimovic t\u00f8rnede ud for Ajax\" \/>\n<meta property=\"og:url\" content=\"https:\/\/acefootball.com\/da\/fodboldnyheder\/vild-historie-holdkammerat-var-taet-paa-at-draebe-zlatan-med-en-saks\/\" \/>\n<meta property=\"og:site_name\" content=\"Ace Football Danmark\" \/>\n<meta property=\"article:publisher\" content=\"https:\/\/www.facebook.com\/acefootballdk\" \/>\n<meta property=\"article:published_time\" content=\"2021-03-01T14:55:38+00:00\" \/>\n<meta property=\"article:modified_time\" content=\"2021-03-01T14:58:17+00:00\" \/>\n<meta property=\"og:image\" content=\"https:\/\/acefootball.com\/da\/wp-content\/uploads\/sites\/2\/2021\/03\/Laes-mere-generel.jpg\" \/>\n\t<meta property=\"og:image:width\" content=\"1920\" \/>\n\t<meta property=\"og:image:height\" content=\"1008\" \/>\n\t<meta property=\"og:image:type\" content=\"image\/jpeg\" \/>\n<meta name=\"twitter:card\" content=\"summary_large_image\" \/>\n<meta name=\"twitter:label1\" content=\"Written by\" \/>\n\t<meta name=\"twitter:data1\" content=\"Mads Dreyer\" \/>\n\t<meta name=\"twitter:label2\" content=\"Est. reading time\" \/>\n\t<meta name=\"twitter:data2\" content=\"1 minute\" \/>\n<script type=\"application\/ld+json\" class=\"yoast-schema-graph\">{\"@context\":\"https:\/\/schema.org\",\"@graph\":[{\"@type\":\"Organization\",\"@id\":\"https:\/\/acefootball.com\/da\/#organization\",\"name\":\"Ace Football\",\"url\":\"https:\/\/acefootball.com\/da\/\",\"sameAs\":[\"https:\/\/www.facebook.com\/acefootballdk\"],\"logo\":{\"@type\":\"ImageObject\",\"@id\":\"https:\/\/acefootball.com\/da\/#logo\",\"inLanguage\":\"en-US\",\"url\":\"https:\/\/acefootball.com\/da\/wp-content\/uploads\/sites\/2\/2020\/07\/Ace-Football-30-07-2020-2.png\",\"contentUrl\":\"https:\/\/acefootball.com\/da\/wp-content\/uploads\/sites\/2\/2020\/07\/Ace-Football-30-07-2020-2.png\",\"width\":1200,\"height\":600,\"caption\":\"Ace Football\"},\"image\":{\"@id\":\"https:\/\/acefootball.com\/da\/#logo\"}},{\"@type\":\"WebSite\",\"@id\":\"https:\/\/acefootball.com\/da\/#website\",\"url\":\"https:\/\/acefootball.com\/da\/\",\"name\":\"Ace Football Danmark\",\"description\":\"Nyheder, Spiltips &amp; Livescore\",\"publisher\":{\"@id\":\"https:\/\/acefootball.com\/da\/#organization\"},\"potentialAction\":[{\"@type\":\"SearchAction\",\"target\":{\"@type\":\"EntryPoint\",\"urlTemplate\":\"https:\/\/acefootball.com\/da\/?s={search_term_string}\"},\"query-input\":\"required name=search_term_string\"}],\"inLanguage\":\"en-US\"},{\"@type\":\"ImageObject\",\"@id\":\"https:\/\/acefootball.com\/da\/fodboldnyheder\/vild-historie-holdkammerat-var-taet-paa-at-draebe-zlatan-med-en-saks\/#primaryimage\",\"inLanguage\":\"en-US\",\"url\":\"https:\/\/acefootball.com\/da\/wp-content\/uploads\/sites\/2\/2021\/03\/Laes-mere-generel.jpg\",\"contentUrl\":\"https:\/\/acefootball.com\/da\/wp-content\/uploads\/sites\/2\/2021\/03\/Laes-mere-generel.jpg\",\"width\":1920,\"height\":1008},{\"@type\":\"WebPage\",\"@id\":\"https:\/\/acefootball.com\/da\/fodboldnyheder\/vild-historie-holdkammerat-var-taet-paa-at-draebe-zlatan-med-en-saks\/#webpage\",\"url\":\"https:\/\/acefootball.com\/da\/fodboldnyheder\/vild-historie-holdkammerat-var-taet-paa-at-draebe-zlatan-med-en-saks\/\",\"name\":\"Vild historie: Holdkammerat var t\u00e6t p\u00e5 at dr\u00e6be Zlatan med en saks\",\"isPartOf\":{\"@id\":\"https:\/\/acefootball.com\/da\/#website\"},\"primaryImageOfPage\":{\"@id\":\"https:\/\/acefootball.com\/da\/fodboldnyheder\/vild-historie-holdkammerat-var-taet-paa-at-draebe-zlatan-med-en-saks\/#primaryimage\"},\"datePublished\":\"2021-03-01T14:55:38+00:00\",\"dateModified\":\"2021-03-01T14:58:17+00:00\",\"description\":\"Det gik heftigt for sig i omkl\u00e6dningsrummet efter en kamp mod PSV Eindhoven, da en ung Zlatan Ibrahimovic t\u00f8rnede ud for Ajax\",\"breadcrumb\":{\"@id\":\"https:\/\/acefootball.com\/da\/fodboldnyheder\/vild-historie-holdkammerat-var-taet-paa-at-draebe-zlatan-med-en-saks\/#breadcrumb\"},\"inLanguage\":\"en-US\",\"potentialAction\":[{\"@type\":\"ReadAction\",\"target\":[\"https:\/\/acefootball.com\/da\/fodboldnyheder\/vild-historie-holdkammerat-var-taet-paa-at-draebe-zlatan-med-en-saks\/\"]}]},{\"@type\":\"BreadcrumbList\",\"@id\":\"https:\/\/acefootball.com\/da\/fodboldnyheder\/vild-historie-holdkammerat-var-taet-paa-at-draebe-zlatan-med-en-saks\/#breadcrumb\",\"itemListElement\":[{\"@type\":\"ListItem\",\"position\":1,\"name\":\"Home\",\"item\":\"https:\/\/acefootball.com\/da\/\"},{\"@type\":\"ListItem\",\"position\":2,\"name\":\"Vild historie: Holdkammerat var t\u00e6t p\u00e5 at dr\u00e6be Zlatan med en saks\"}]},{\"@type\":\"Article\",\"@id\":\"https:\/\/acefootball.com\/da\/fodboldnyheder\/vild-historie-holdkammerat-var-taet-paa-at-draebe-zlatan-med-en-saks\/#article\",\"isPartOf\":{\"@id\":\"https:\/\/acefootball.com\/da\/fodboldnyheder\/vild-historie-holdkammerat-var-taet-paa-at-draebe-zlatan-med-en-saks\/#webpage\"},\"author\":{\"@id\":\"https:\/\/acefootball.com\/da\/#\/schema\/person\/ee67e9cf04a276f144100ffa722f10cd\"},\"headline\":\"Vild historie: Holdkammerat var t\u00e6t p\u00e5 at dr\u00e6be Zlatan med en saks\",\"datePublished\":\"2021-03-01T14:55:38+00:00\",\"dateModified\":\"2021-03-01T14:58:17+00:00\",\"mainEntityOfPage\":{\"@id\":\"https:\/\/acefootball.com\/da\/fodboldnyheder\/vild-historie-holdkammerat-var-taet-paa-at-draebe-zlatan-med-en-saks\/#webpage\"},\"wordCount\":240,\"commentCount\":0,\"publisher\":{\"@id\":\"https:\/\/acefootball.com\/da\/#organization\"},\"image\":{\"@id\":\"https:\/\/acefootball.com\/da\/fodboldnyheder\/vild-historie-holdkammerat-var-taet-paa-at-draebe-zlatan-med-en-saks\/#primaryimage\"},\"thumbnailUrl\":\"https:\/\/acefootball.com\/da\/wp-content\/uploads\/sites\/2\/2020\/08\/GettyImages-1263343855-1.jpg\",\"keywords\":[\"AC Milan\",\"Ajax Amsterdam\",\"\u00c6resdivisionen\",\"Mido\",\"Serie A\",\"Sverige\",\"Zlatan Ibrahimovic\"],\"articleSection\":[\"Offsite\"],\"inLanguage\":\"en-US\",\"potentialAction\":[{\"@type\":\"CommentAction\",\"name\":\"Comment\",\"target\":[\"https:\/\/acefootball.com\/da\/fodboldnyheder\/vild-historie-holdkammerat-var-taet-paa-at-draebe-zlatan-med-en-saks\/#respond\"]}]},{\"@type\":\"Person\",\"@id\":\"https:\/\/acefootball.com\/da\/#\/schema\/person\/ee67e9cf04a276f144100ffa722f10cd\",\"name\":\"Mads Dreyer\",\"image\":{\"@type\":\"ImageObject\",\"@id\":\"https:\/\/acefootball.com\/da\/#personlogo\",\"inLanguage\":\"en-US\",\"url\":\"https:\/\/secure.gravatar.com\/avatar\/7c7abf72cfde9902b6a60efe60c88d4c?s=96&d=mm&r=g\",\"contentUrl\":\"https:\/\/secure.gravatar.com\/avatar\/7c7abf72cfde9902b6a60efe60c88d4c?s=96&d=mm&r=g\",\"caption\":\"Mads Dreyer\"},\"description\":\"Skribent og fodboldn\u00f8rd, der lige nu fort\u00e6ller om alt og intet i fodboldverdenen p\u00e5 acefootball.com. Uddannet i kommunikation fra Aalborg Universitet.\",\"sameAs\":[\"https:\/\/www.linkedin.com\/in\/mads-dreyer-b9b08266\/\"],\"url\":\"https:\/\/acefootball.com\/da\/fodboldnyheder\/author\/mdnronaldo\/\"}]}<\/script>\n<!-- \/ Yoast SEO plugin. -->","yoast_head_json":{"title":"Vild historie: Holdkammerat var t\u00e6t p\u00e5 at dr\u00e6be Zlatan med en saks","description":"Det gik heftigt for sig i omkl\u00e6dningsrummet efter en kamp mod PSV Eindhoven, da en ung Zlatan Ibrahimovic t\u00f8rnede ud for Ajax","robots":{"index":"index","follow":"follow","max-snippet":"max-snippet:-1","max-image-preview":"max-image-preview:large","max-video-preview":"max-video-preview:-1"},"canonical":"https:\/\/acefootball.com\/da\/fodboldnyheder\/vild-historie-holdkammerat-var-taet-paa-at-draebe-zlatan-med-en-saks\/","og_locale":"en_US","og_type":"article","og_title":"Vild historie: Holdkammerat var t\u00e6t p\u00e5 at dr\u00e6be Zlatan med en saks","og_description":"Det gik heftigt for sig i omkl\u00e6dningsrummet efter en kamp mod PSV Eindhoven, da en ung Zlatan Ibrahimovic t\u00f8rnede ud for Ajax","og_url":"https:\/\/acefootball.com\/da\/fodboldnyheder\/vild-historie-holdkammerat-var-taet-paa-at-draebe-zlatan-med-en-saks\/","og_site_name":"Ace Football Danmark","article_publisher":"https:\/\/www.facebook.com\/acefootballdk","article_published_time":"2021-03-01T14:55:38+00:00","article_modified_time":"2021-03-01T14:58:17+00:00","og_image":[{"width":1920,"height":1008,"url":"https:\/\/acefootball.com\/da\/wp-content\/uploads\/sites\/2\/2021\/03\/Laes-mere-generel.jpg","type":"image\/jpeg"}],"twitter_card":"summary_large_image","twitter_misc":{"Written by":"Mads Dreyer","Est. reading time":"1 minute"},"schema":{"@context":"https:\/\/schema.org","@graph":[{"@type":"Organization","@id":"https:\/\/acefootball.com\/da\/#organization","name":"Ace Football","url":"https:\/\/acefootball.com\/da\/","sameAs":["https:\/\/www.facebook.com\/acefootballdk"],"logo":{"@type":"ImageObject","@id":"https:\/\/acefootball.com\/da\/#logo","inLanguage":"en-US","url":"https:\/\/acefootball.com\/da\/wp-content\/uploads\/sites\/2\/2020\/07\/Ace-Football-30-07-2020-2.png","contentUrl":"https:\/\/acefootball.com\/da\/wp-content\/uploads\/sites\/2\/2020\/07\/Ace-Football-30-07-2020-2.png","width":1200,"height":600,"caption":"Ace Football"},"image":{"@id":"https:\/\/acefootball.com\/da\/#logo"}},{"@type":"WebSite","@id":"https:\/\/acefootball.com\/da\/#website","url":"https:\/\/acefootball.com\/da\/","name":"Ace Football Danmark","description":"Nyheder, Spiltips &amp; Livescore","publisher":{"@id":"https:\/\/acefootball.com\/da\/#organization"},"potentialAction":[{"@type":"SearchAction","target":{"@type":"EntryPoint","urlTemplate":"https:\/\/acefootball.com\/da\/?s={search_term_string}"},"query-input":"required name=search_term_string"}],"inLanguage":"en-US"},{"@type":"ImageObject","@id":"https:\/\/acefootball.com\/da\/fodboldnyheder\/vild-historie-holdkammerat-var-taet-paa-at-draebe-zlatan-med-en-saks\/#primaryimage","inLanguage":"en-US","url":"https:\/\/acefootball.com\/da\/wp-content\/uploads\/sites\/2\/2021\/03\/Laes-mere-generel.jpg","contentUrl":"https:\/\/acefootball.com\/da\/wp-content\/uploads\/sites\/2\/2021\/03\/Laes-mere-generel.jpg","width":1920,"height":1008},{"@type":"WebPage","@id":"https:\/\/acefootball.com\/da\/fodboldnyheder\/vild-historie-holdkammerat-var-taet-paa-at-draebe-zlatan-med-en-saks\/#webpage","url":"https:\/\/acefootball.com\/da\/fodboldnyheder\/vild-historie-holdkammerat-var-taet-paa-at-draebe-zlatan-med-en-saks\/","name":"Vild historie: Holdkammerat var t\u00e6t p\u00e5 at dr\u00e6be Zlatan med en saks","isPartOf":{"@id":"https:\/\/acefootball.com\/da\/#website"},"primaryImageOfPage":{"@id":"https:\/\/acefootball.com\/da\/fodboldnyheder\/vild-historie-holdkammerat-var-taet-paa-at-draebe-zlatan-med-en-saks\/#primaryimage"},"datePublished":"2021-03-01T14:55:38+00:00","dateModified":"2021-03-01T14:58:17+00:00","description":"Det gik heftigt for sig i omkl\u00e6dningsrummet efter en kamp mod PSV Eindhoven, da en ung Zlatan Ibrahimovic t\u00f8rnede ud for Ajax","breadcrumb":{"@id":"https:\/\/acefootball.com\/da\/fodboldnyheder\/vild-historie-holdkammerat-var-taet-paa-at-draebe-zlatan-med-en-saks\/#breadcrumb"},"inLanguage":"en-US","potentialAction":[{"@type":"ReadAction","target":["https:\/\/acefootball.com\/da\/fodboldnyheder\/vild-historie-holdkammerat-var-taet-paa-at-draebe-zlatan-med-en-saks\/"]}]},{"@type":"BreadcrumbList","@id":"https:\/\/acefootball.com\/da\/fodboldnyheder\/vild-historie-holdkammerat-var-taet-paa-at-draebe-zlatan-med-en-saks\/#breadcrumb","itemListElement":[{"@type":"ListItem","position":1,"name":"Home","item":"https:\/\/acefootball.com\/da\/"},{"@type":"ListItem","position":2,"name":"Vild historie: Holdkammerat var t\u00e6t p\u00e5 at dr\u00e6be Zlatan med en saks"}]},{"@type":"Article","@id":"https:\/\/acefootball.com\/da\/fodboldnyheder\/vild-historie-holdkammerat-var-taet-paa-at-draebe-zlatan-med-en-saks\/#article","isPartOf":{"@id":"https:\/\/acefootball.com\/da\/fodboldnyheder\/vild-historie-holdkammerat-var-taet-paa-at-draebe-zlatan-med-en-saks\/#webpage"},"author":{"@id":"https:\/\/acefootball.com\/da\/#\/schema\/person\/ee67e9cf04a276f144100ffa722f10cd"},"headline":"Vild historie: Holdkammerat var t\u00e6t p\u00e5 at dr\u00e6be Zlatan med en saks","datePublished":"2021-03-01T14:55:38+00:00","dateModified":"2021-03-01T14:58:17+00:00","mainEntityOfPage":{"@id":"https:\/\/acefootball.com\/da\/fodboldnyheder\/vild-historie-holdkammerat-var-taet-paa-at-draebe-zlatan-med-en-saks\/#webpage"},"wordCount":240,"commentCount":0,"publisher":{"@id":"https:\/\/acefootball.com\/da\/#organization"},"image":{"@id":"https:\/\/acefootball.com\/da\/fodboldnyheder\/vild-historie-holdkammerat-var-taet-paa-at-draebe-zlatan-med-en-saks\/#primaryimage"},"thumbnailUrl":"https:\/\/acefootball.com\/da\/wp-content\/uploads\/sites\/2\/2020\/08\/GettyImages-1263343855-1.jpg","keywords":["AC Milan","Ajax Amsterdam","\u00c6resdivisionen","Mido","Serie A","Sverige","Zlatan Ibrahimovic"],"articleSection":["Offsite"],"inLanguage":"en-US","potentialAction":[{"@type":"CommentAction","name":"Comment","target":["https:\/\/acefootball.com\/da\/fodboldnyheder\/vild-historie-holdkammerat-var-taet-paa-at-draebe-zlatan-med-en-saks\/#respond"]}]},{"@type":"Person","@id":"https:\/\/acefootball.com\/da\/#\/schema\/person\/ee67e9cf04a276f144100ffa722f10cd","name":"Mads Dreyer","image":{"@type":"ImageObject","@id":"https:\/\/acefootball.com\/da\/#personlogo","inLanguage":"en-US","url":"https:\/\/secure.gravatar.com\/avatar\/7c7abf72cfde9902b6a60efe60c88d4c?s=96&d=mm&r=g","contentUrl":"https:\/\/secure.gravatar.com\/avatar\/7c7abf72cfde9902b6a60efe60c88d4c?s=96&d=mm&r=g","caption":"Mads Dreyer"},"description":"Skribent og fodboldn\u00f8rd, der lige nu fort\u00e6ller om alt og intet i fodboldverdenen p\u00e5 acefootball.com. Uddannet i kommunikation fra Aalborg Universitet.","sameAs":["https:\/\/www.linkedin.com\/in\/mads-dreyer-b9b08266\/"],"url":"https:\/\/acefootball.com\/da\/fodboldnyheder\/author\/mdnronaldo\/"}]}},"fimg_url":"https:\/\/acefootball.com\/da\/wp-content\/uploads\/sites\/2\/2020\/08\/GettyImages-1263343855-1.jpg","_links":{"self":[{"href":"https:\/\/acefootball.com\/da\/wp-json\/wp\/v2\/posts\/253150"}],"collection":[{"href":"https:\/\/acefootball.com\/da\/wp-json\/wp\/v2\/posts"}],"about":[{"href":"https:\/\/acefootball.com\/da\/wp-json\/wp\/v2\/types\/post"}],"author":[{"embeddable":true,"href":"https:\/\/acefootball.com\/da\/wp-json\/wp\/v2\/users\/705"}],"replies":[{"embeddable":true,"href":"https:\/\/acefootball.com\/da\/wp-json\/wp\/v2\/comments?post=253150"}],"version-history":[{"count":0,"href":"https:\/\/acefootball.com\/da\/wp-json\/wp\/v2\/posts\/253150\/revisions"}],"wp:featuredmedia":[{"embeddable":true,"href":"https:\/\/acefootball.com\/da\/wp-json\/wp\/v2\/media\/235420"}],"wp:attachment":[{"href":"https:\/\/acefootball.com\/da\/wp-json\/wp\/v2\/media?parent=253150"}],"wp:term":[{"taxonomy":"category","embeddable":true,"href":"https:\/\/acefootball.com\/da\/wp-json\/wp\/v2\/categories?post=253150"},{"taxonomy":"post_tag","embeddable":true,"href":"https:\/\/acefootball.com\/da\/wp-json\/wp\/v2\/tags?post=253150"}],"curies":[{"name":"wp","href":"https:\/\/api.w.org\/{rel}","templated":true}]}}